{"id":408925,"date":"2026-03-13T11:55:00","date_gmt":"2026-03-13T14:55:00","guid":{"rendered":"https:\/\/portaltela.pt\/noticias\/2026\/03\/13\/bruxelas-analisa-propostas-da-x-sobre-cumprimento-da-legislacao-europeia\/"},"modified":"2026-03-13T11:55:00","modified_gmt":"2026-03-13T14:55:00","slug":"bruxelas-analisa-propostas-da-x-sobre-cumprimento-da-legislacao-europeia","status":"publish","type":"post","link":"https:\/\/portaltela.pt\/tecnologia\/2026\/03\/13\/bruxelas-analisa-propostas-da-x-sobre-cumprimento-da-legislacao-europeia\/","title":{"rendered":"Bruxelas analisa propostas da X sobre cumprimento da legisla\u00e7\u00e3o europeia"},"content":{"rendered":"<p>A Comiss\u00e3o Europeia est\u00e1 a analisar as medidas corretivas apresentadas pela plataforma X em resposta ao selo de verifica\u00e7\u00e3o azul, considerado enganoso e j\u00e1 punido pela Lei dos Servi\u00e7os Digitais (DSA). A an\u00e1lise insere-se no contexto de cumprimento das obriga\u00e7\u00f5es de transpar\u00eancia e de acesso a dados para investigadores.<\/p>\n<p>Segundo um porta-voz da CE, a institui\u00e7\u00e3o est\u00e1 a avaliar as propostas e, a partir da\u00ed, decidir\u00e1 os pr\u00f3ximos passos. O representante destacou que houve um interc\u00e2mbio construtivo com a empresa e que X levou a s\u00e9rio as suas obriga\u00e7\u00f5es, apresentando solu\u00e7\u00f5es para o problema.<\/p>\n<p>A UE recorda que, caso n\u00e3o haja progresso suficiente, as san\u00e7\u00f5es podem ser mantidas ou agravadas. O objetivo \u00e9 evitar atrasos e incentivar medidas eficazes a curto prazo, disse a Comiss\u00e3o. Ningu\u00e9m ganha com multas adicionais, acrescentou o mesmo respons\u00e1vel.<\/p>\n<h3>Detalhes da multa e prazos<\/h3>\n<p>A Comiss\u00e3o Europeia j\u00e1 multou a X em dezembro de 2025 em 120 milh\u00f5es de euros, por incumprimentos de transpar\u00eancia. A puni\u00e7\u00e3o aborda tr\u00eas \u00e1reas: o design do selo azul, o reposit\u00f3rio de an\u00fancios e o acesso aos dados pelos investigadores.<\/p>\n<p>A multa prevista pela pr\u00e1tica associada ao selo de verifica\u00e7\u00e3o azul soma 45 milh\u00f5es de euros, enquanto 35 milh\u00f5es dizem respeito ao reposit\u00f3rio de an\u00fancios e 40 milh\u00f5es ao acesso a dados p\u00fablicos. A empresa tem at\u00e9 16 de abril para efectuar o pagamento.<\/p>\n<p>Al\u00e9m disso, X tem at\u00e9 28 de abril para apresentar \u00e0 CE as solu\u00e7\u00f5es relativas ao reposit\u00f3rio de an\u00fancios e ao acesso aos dados p\u00fablicos, como parte do processo de cumprimento.<\/p>\n","protected":false},"excerpt":{"rendered":"<ul>\n<li>A Comiss\u00e3o Europeia est\u00e1 a analisar as medidas corretivas apresentadas pela X sobre o selo de verifica\u00e7\u00e3o azul, no \u00e2mbito da Lei dos Servi\u00e7os Digitais.<\/li>\n<li>Bruxelas multou a X em 120 milh\u00f5es de euros em dezembro de 2025 por incumprimento de transpar\u00eancia, incluindo o design enganador do selo, o reposit\u00f3rio de an\u00fancios e o acesso aos dados por investigadores.<\/li>\n<li>O porta-voz Thomas Regnier afirmou que a CE avalia as medidas propostas e decidir\u00e1 como proceder, destacando o interc\u00e2mbio construtivo com a empresa.<\/li>\n<li>A X tem at\u00e9 16 de abril para pagar a multa.<\/li>\n<li>A empresa tem ainda at\u00e9 28 de abril para apresentar \u00e0 Comiss\u00e3o solu\u00e7\u00f5es sobre o reposit\u00f3rio de an\u00fancios e o acesso aos dados p\u00fablicos.<\/li>\n<\/ul>\n","protected":false},"author":2,"featured_media":408932,"comment_status":"closed","ping_status":"closed","sticky":false,"template":"","format":"standard","meta":{"footnotes":""},"categories":[6716],"tags":[1638,5563,6371,5473,332,2055],"class_list":["post-408925","post","type-post","status-publish","format-standard","has-post-thumbnail","hentry","category-tecnologia","tag-comissao-europeia","tag-informacao-publica","tag-sancoes","tag-servicos-digitais","tag-transparencia","tag-uniao-europeia"],"yoast_head":"<!-- This site is optimized with the Yoast SEO plugin v27.2 - https:\/\/yoast.com\/product\/yoast-seo-wordpress\/ -->\n<title>Bruxelas analisa propostas da X sobre cumprimento da legisla\u00e7\u00e3o europeia - Portal Tela Portugal<\/title>\n<meta name=\"robots\" content=\"index, follow, max-snippet:-1, max-image-preview:large, max-video-preview:-1\" \/>\n<meta property=\"og:locale\" content=\"pt_PT\" \/>\n<meta property=\"og:type\" content=\"article\" \/>\n<meta property=\"og:title\" content=\"Bruxelas analisa propostas da X sobre cumprimento da legisla\u00e7\u00e3o europeia - Portal Tela Portugal\" \/>\n<meta property=\"og:description\" content=\"A Comiss\u00e3o Europeia est\u00e1 a analisar as medidas corretivas apresentadas pela X sobre o selo de verifica\u00e7\u00e3o azul, no \u00e2mbito da Lei dos Servi\u00e7os Digitais. Bruxelas multou a X em 120 milh\u00f5es de euros em dezembro de 2025 por incumprimento de transpar\u00eancia, incluindo o design enganador do selo, o reposit\u00f3rio de an\u00fancios e o acesso aos dados por investigadores. O porta-voz Thomas Regnier afirmou que a CE avalia as medidas propostas e decidir\u00e1 como proceder, destacando o interc\u00e2mbio construtivo com a empresa. A X tem at\u00e9 16 de abril para pagar a multa. A empresa tem ainda at\u00e9 28 de abril para apresentar \u00e0 Comiss\u00e3o solu\u00e7\u00f5es sobre o reposit\u00f3rio de an\u00fancios e o acesso aos dados p\u00fablicos.\" \/>\n<meta property=\"og:url\" content=\"https:\/\/portaltela.pt\/noticias\/2026\/03\/13\/bruxelas-analisa-propostas-da-x-sobre-cumprimento-da-legislacao-europeia\/\" \/>\n<meta property=\"og:site_name\" content=\"Portal Tela Portugal\" \/>\n<meta property=\"article:published_time\" content=\"2026-03-13T14:55:00+00:00\" \/>\n<meta name=\"author\" content=\"Telinha\" \/>\n<meta name=\"twitter:card\" content=\"summary_large_image\" \/>\n<meta name=\"twitter:label1\" content=\"Escrito por\" \/>\n\t<meta name=\"twitter:data1\" content=\"Telinha\" \/>\n\t<meta name=\"twitter:label2\" content=\"Tempo estimado de leitura\" \/>\n\t<meta name=\"twitter:data2\" content=\"1 minuto\" \/>\n<script type=\"application\/ld+json\" class=\"yoast-schema-graph\">{\"@context\":\"https:\/\/schema.org\",\"@graph\":[{\"@type\":\"Article\",\"@id\":\"https:\/\/portaltela.pt\/noticias\/2026\/03\/13\/bruxelas-analisa-propostas-da-x-sobre-cumprimento-da-legislacao-europeia\/#article\",\"isPartOf\":{\"@id\":\"https:\/\/portaltela.pt\/noticias\/2026\/03\/13\/bruxelas-analisa-propostas-da-x-sobre-cumprimento-da-legislacao-europeia\/\"},\"author\":{\"name\":\"Telinha\",\"@id\":\"https:\/\/portaltela.pt\/#\/schema\/person\/c4278d4a6028830caff9ee44b42d32ed\"},\"headline\":\"Bruxelas analisa propostas da X sobre cumprimento da legisla\u00e7\u00e3o europeia\",\"datePublished\":\"2026-03-13T14:55:00+00:00\",\"mainEntityOfPage\":{\"@id\":\"https:\/\/portaltela.pt\/noticias\/2026\/03\/13\/bruxelas-analisa-propostas-da-x-sobre-cumprimento-da-legislacao-europeia\/\"},\"wordCount\":294,\"image\":{\"@id\":\"https:\/\/portaltela.pt\/noticias\/2026\/03\/13\/bruxelas-analisa-propostas-da-x-sobre-cumprimento-da-legislacao-europeia\/#primaryimage\"},\"thumbnailUrl\":\"https:\/\/portaltela.pt\/s.01k8rhncp4jt1\/2026\/03\/img_1500x1000uu2026-02-05-15-07-53-2264970.jpg\",\"keywords\":[\"Comiss\u00e3o Europeia\",\"informa\u00e7\u00e3o p\u00fablica\",\"san\u00e7\u00f5es\",\"servi\u00e7os digitais\",\"transpar\u00eancia\",\"Uni\u00e3o Europeia\"],\"articleSection\":[\"Tecnologia\"],\"inLanguage\":\"pt-PT\"},{\"@type\":\"WebPage\",\"@id\":\"https:\/\/portaltela.pt\/noticias\/2026\/03\/13\/bruxelas-analisa-propostas-da-x-sobre-cumprimento-da-legislacao-europeia\/\",\"url\":\"https:\/\/portaltela.pt\/noticias\/2026\/03\/13\/bruxelas-analisa-propostas-da-x-sobre-cumprimento-da-legislacao-europeia\/\",\"name\":\"Bruxelas analisa propostas da X sobre cumprimento da legisla\u00e7\u00e3o europeia - Portal Tela Portugal\",\"isPartOf\":{\"@id\":\"https:\/\/portaltela.pt\/#website\"},\"primaryImageOfPage\":{\"@id\":\"https:\/\/portaltela.pt\/noticias\/2026\/03\/13\/bruxelas-analisa-propostas-da-x-sobre-cumprimento-da-legislacao-europeia\/#primaryimage\"},\"image\":{\"@id\":\"https:\/\/portaltela.pt\/noticias\/2026\/03\/13\/bruxelas-analisa-propostas-da-x-sobre-cumprimento-da-legislacao-europeia\/#primaryimage\"},\"thumbnailUrl\":\"https:\/\/portaltela.pt\/s.01k8rhncp4jt1\/2026\/03\/img_1500x1000uu2026-02-05-15-07-53-2264970.jpg\",\"datePublished\":\"2026-03-13T14:55:00+00:00\",\"author\":{\"@id\":\"https:\/\/portaltela.pt\/#\/schema\/person\/c4278d4a6028830caff9ee44b42d32ed\"},\"breadcrumb\":{\"@id\":\"https:\/\/portaltela.pt\/noticias\/2026\/03\/13\/bruxelas-analisa-propostas-da-x-sobre-cumprimento-da-legislacao-europeia\/#breadcrumb\"},\"inLanguage\":\"pt-PT\",\"potentialAction\":[{\"@type\":\"ReadAction\",\"target\":[\"https:\/\/portaltela.pt\/noticias\/2026\/03\/13\/bruxelas-analisa-propostas-da-x-sobre-cumprimento-da-legislacao-europeia\/\"]}]},{\"@type\":\"ImageObject\",\"inLanguage\":\"pt-PT\",\"@id\":\"https:\/\/portaltela.pt\/noticias\/2026\/03\/13\/bruxelas-analisa-propostas-da-x-sobre-cumprimento-da-legislacao-europeia\/#primaryimage\",\"url\":\"https:\/\/portaltela.pt\/s.01k8rhncp4jt1\/2026\/03\/img_1500x1000uu2026-02-05-15-07-53-2264970.jpg\",\"contentUrl\":\"https:\/\/portaltela.pt\/s.01k8rhncp4jt1\/2026\/03\/img_1500x1000uu2026-02-05-15-07-53-2264970.jpg\",\"width\":796,\"height\":448,\"caption\":\"Rede social X\"},{\"@type\":\"BreadcrumbList\",\"@id\":\"https:\/\/portaltela.pt\/noticias\/2026\/03\/13\/bruxelas-analisa-propostas-da-x-sobre-cumprimento-da-legislacao-europeia\/#breadcrumb\",\"itemListElement\":[{\"@type\":\"ListItem\",\"position\":1,\"name\":\"In\u00edcio\",\"item\":\"https:\/\/portaltela.pt\/\"},{\"@type\":\"ListItem\",\"position\":2,\"name\":\"Bruxelas analisa propostas da X sobre cumprimento da legisla\u00e7\u00e3o europeia\"}]},{\"@type\":\"WebSite\",\"@id\":\"https:\/\/portaltela.pt\/#website\",\"url\":\"https:\/\/portaltela.pt\/\",\"name\":\"Portal Tela Portugal\",\"description\":\"\",\"potentialAction\":[{\"@type\":\"SearchAction\",\"target\":{\"@type\":\"EntryPoint\",\"urlTemplate\":\"https:\/\/portaltela.pt\/?s={search_term_string}\"},\"query-input\":{\"@type\":\"PropertyValueSpecification\",\"valueRequired\":true,\"valueName\":\"search_term_string\"}}],\"inLanguage\":\"pt-PT\"},{\"@type\":\"Person\",\"@id\":\"https:\/\/portaltela.pt\/#\/schema\/person\/c4278d4a6028830caff9ee44b42d32ed\",\"name\":\"Telinha\",\"image\":{\"@type\":\"ImageObject\",\"inLanguage\":\"pt-PT\",\"@id\":\"https:\/\/portaltela.pt\/s.01k8rhncp4jt1\/2025\/11\/talking-bot-125x125.png\",\"url\":\"https:\/\/portaltela.pt\/s.01k8rhncp4jt1\/2025\/11\/talking-bot-125x125.png\",\"contentUrl\":\"https:\/\/portaltela.pt\/s.01k8rhncp4jt1\/2025\/11\/talking-bot-125x125.png\",\"caption\":\"Telinha\"},\"sameAs\":[\"https:\/\/portaltela.pt\/\"],\"url\":\"https:\/\/portaltela.pt\/por\/367410592786\/\"}]}<\/script>\n<!-- \/ Yoast SEO plugin. -->","yoast_head_json":{"title":"Bruxelas analisa propostas da X sobre cumprimento da legisla\u00e7\u00e3o europeia - Portal Tela Portugal","robots":{"index":"index","follow":"follow","max-snippet":"max-snippet:-1","max-image-preview":"max-image-preview:large","max-video-preview":"max-video-preview:-1"},"og_locale":"pt_PT","og_type":"article","og_title":"Bruxelas analisa propostas da X sobre cumprimento da legisla\u00e7\u00e3o europeia - Portal Tela Portugal","og_description":"A Comiss\u00e3o Europeia est\u00e1 a analisar as medidas corretivas apresentadas pela X sobre o selo de verifica\u00e7\u00e3o azul, no \u00e2mbito da Lei dos Servi\u00e7os Digitais. Bruxelas multou a X em 120 milh\u00f5es de euros em dezembro de 2025 por incumprimento de transpar\u00eancia, incluindo o design enganador do selo, o reposit\u00f3rio de an\u00fancios e o acesso aos dados por investigadores. O porta-voz Thomas Regnier afirmou que a CE avalia as medidas propostas e decidir\u00e1 como proceder, destacando o interc\u00e2mbio construtivo com a empresa. A X tem at\u00e9 16 de abril para pagar a multa. A empresa tem ainda at\u00e9 28 de abril para apresentar \u00e0 Comiss\u00e3o solu\u00e7\u00f5es sobre o reposit\u00f3rio de an\u00fancios e o acesso aos dados p\u00fablicos.","og_url":"https:\/\/portaltela.pt\/noticias\/2026\/03\/13\/bruxelas-analisa-propostas-da-x-sobre-cumprimento-da-legislacao-europeia\/","og_site_name":"Portal Tela Portugal","article_published_time":"2026-03-13T14:55:00+00:00","author":"Telinha","twitter_card":"summary_large_image","twitter_misc":{"Escrito por":"Telinha","Tempo estimado de leitura":"1 minuto"},"schema":{"@context":"https:\/\/schema.org","@graph":[{"@type":"Article","@id":"https:\/\/portaltela.pt\/noticias\/2026\/03\/13\/bruxelas-analisa-propostas-da-x-sobre-cumprimento-da-legislacao-europeia\/#article","isPartOf":{"@id":"https:\/\/portaltela.pt\/noticias\/2026\/03\/13\/bruxelas-analisa-propostas-da-x-sobre-cumprimento-da-legislacao-europeia\/"},"author":{"name":"Telinha","@id":"https:\/\/portaltela.pt\/#\/schema\/person\/c4278d4a6028830caff9ee44b42d32ed"},"headline":"Bruxelas analisa propostas da X sobre cumprimento da legisla\u00e7\u00e3o europeia","datePublished":"2026-03-13T14:55:00+00:00","mainEntityOfPage":{"@id":"https:\/\/portaltela.pt\/noticias\/2026\/03\/13\/bruxelas-analisa-propostas-da-x-sobre-cumprimento-da-legislacao-europeia\/"},"wordCount":294,"image":{"@id":"https:\/\/portaltela.pt\/noticias\/2026\/03\/13\/bruxelas-analisa-propostas-da-x-sobre-cumprimento-da-legislacao-europeia\/#primaryimage"},"thumbnailUrl":"https:\/\/portaltela.pt\/s.01k8rhncp4jt1\/2026\/03\/img_1500x1000uu2026-02-05-15-07-53-2264970.jpg","keywords":["Comiss\u00e3o Europeia","informa\u00e7\u00e3o p\u00fablica","san\u00e7\u00f5es","servi\u00e7os digitais","transpar\u00eancia","Uni\u00e3o Europeia"],"articleSection":["Tecnologia"],"inLanguage":"pt-PT"},{"@type":"WebPage","@id":"https:\/\/portaltela.pt\/noticias\/2026\/03\/13\/bruxelas-analisa-propostas-da-x-sobre-cumprimento-da-legislacao-europeia\/","url":"https:\/\/portaltela.pt\/noticias\/2026\/03\/13\/bruxelas-analisa-propostas-da-x-sobre-cumprimento-da-legislacao-europeia\/","name":"Bruxelas analisa propostas da X sobre cumprimento da legisla\u00e7\u00e3o europeia - Portal Tela Portugal","isPartOf":{"@id":"https:\/\/portaltela.pt\/#website"},"primaryImageOfPage":{"@id":"https:\/\/portaltela.pt\/noticias\/2026\/03\/13\/bruxelas-analisa-propostas-da-x-sobre-cumprimento-da-legislacao-europeia\/#primaryimage"},"image":{"@id":"https:\/\/portaltela.pt\/noticias\/2026\/03\/13\/bruxelas-analisa-propostas-da-x-sobre-cumprimento-da-legislacao-europeia\/#primaryimage"},"thumbnailUrl":"https:\/\/portaltela.pt\/s.01k8rhncp4jt1\/2026\/03\/img_1500x1000uu2026-02-05-15-07-53-2264970.jpg","datePublished":"2026-03-13T14:55:00+00:00","author":{"@id":"https:\/\/portaltela.pt\/#\/schema\/person\/c4278d4a6028830caff9ee44b42d32ed"},"breadcrumb":{"@id":"https:\/\/portaltela.pt\/noticias\/2026\/03\/13\/bruxelas-analisa-propostas-da-x-sobre-cumprimento-da-legislacao-europeia\/#breadcrumb"},"inLanguage":"pt-PT","potentialAction":[{"@type":"ReadAction","target":["https:\/\/portaltela.pt\/noticias\/2026\/03\/13\/bruxelas-analisa-propostas-da-x-sobre-cumprimento-da-legislacao-europeia\/"]}]},{"@type":"ImageObject","inLanguage":"pt-PT","@id":"https:\/\/portaltela.pt\/noticias\/2026\/03\/13\/bruxelas-analisa-propostas-da-x-sobre-cumprimento-da-legislacao-europeia\/#primaryimage","url":"https:\/\/portaltela.pt\/s.01k8rhncp4jt1\/2026\/03\/img_1500x1000uu2026-02-05-15-07-53-2264970.jpg","contentUrl":"https:\/\/portaltela.pt\/s.01k8rhncp4jt1\/2026\/03\/img_1500x1000uu2026-02-05-15-07-53-2264970.jpg","width":796,"height":448,"caption":"Rede social X"},{"@type":"BreadcrumbList","@id":"https:\/\/portaltela.pt\/noticias\/2026\/03\/13\/bruxelas-analisa-propostas-da-x-sobre-cumprimento-da-legislacao-europeia\/#breadcrumb","itemListElement":[{"@type":"ListItem","position":1,"name":"In\u00edcio","item":"https:\/\/portaltela.pt\/"},{"@type":"ListItem","position":2,"name":"Bruxelas analisa propostas da X sobre cumprimento da legisla\u00e7\u00e3o europeia"}]},{"@type":"WebSite","@id":"https:\/\/portaltela.pt\/#website","url":"https:\/\/portaltela.pt\/","name":"Portal Tela Portugal","description":"","potentialAction":[{"@type":"SearchAction","target":{"@type":"EntryPoint","urlTemplate":"https:\/\/portaltela.pt\/?s={search_term_string}"},"query-input":{"@type":"PropertyValueSpecification","valueRequired":true,"valueName":"search_term_string"}}],"inLanguage":"pt-PT"},{"@type":"Person","@id":"https:\/\/portaltela.pt\/#\/schema\/person\/c4278d4a6028830caff9ee44b42d32ed","name":"Telinha","image":{"@type":"ImageObject","inLanguage":"pt-PT","@id":"https:\/\/portaltela.pt\/s.01k8rhncp4jt1\/2025\/11\/talking-bot-125x125.png","url":"https:\/\/portaltela.pt\/s.01k8rhncp4jt1\/2025\/11\/talking-bot-125x125.png","contentUrl":"https:\/\/portaltela.pt\/s.01k8rhncp4jt1\/2025\/11\/talking-bot-125x125.png","caption":"Telinha"},"sameAs":["https:\/\/portaltela.pt\/"],"url":"https:\/\/portaltela.pt\/por\/367410592786\/"}]}},"_links":{"self":[{"href":"https:\/\/portaltela.pt\/api\/wp\/v2\/posts\/408925","targetHints":{"allow":["GET"]}}],"collection":[{"href":"https:\/\/portaltela.pt\/api\/wp\/v2\/posts"}],"about":[{"href":"https:\/\/portaltela.pt\/api\/wp\/v2\/types\/post"}],"author":[{"embeddable":true,"href":"https:\/\/portaltela.pt\/api\/wp\/v2\/users\/2"}],"replies":[{"embeddable":true,"href":"https:\/\/portaltela.pt\/api\/wp\/v2\/comments?post=408925"}],"version-history":[{"count":0,"href":"https:\/\/portaltela.pt\/api\/wp\/v2\/posts\/408925\/revisions"}],"wp:featuredmedia":[{"embeddable":true,"href":"https:\/\/portaltela.pt\/api\/wp\/v2\/media\/408932"}],"wp:attachment":[{"href":"https:\/\/portaltela.pt\/api\/wp\/v2\/media?parent=408925"}],"wp:term":[{"taxonomy":"category","embeddable":true,"href":"https:\/\/portaltela.pt\/api\/wp\/v2\/categories?post=408925"},{"taxonomy":"post_tag","embeddable":true,"href":"https:\/\/portaltela.pt\/api\/wp\/v2\/tags?post=408925"}],"curies":[{"name":"wp","href":"https:\/\/api.w.org\/{rel}","templated":true}]}}