{"id":408920,"date":"2026-03-13T11:40:00","date_gmt":"2026-03-13T14:40:00","guid":{"rendered":"https:\/\/portaltela.pt\/noticias\/2026\/03\/13\/oscars-em-foco-e-o-estrangeiro-de-camus-chega-aos-cinemas-como-olha-lo\/"},"modified":"2026-03-13T11:40:00","modified_gmt":"2026-03-13T14:40:00","slug":"oscars-em-foco-e-o-estrangeiro-de-camus-chega-aos-cinemas-como-olha-lo","status":"publish","type":"post","link":"https:\/\/portaltela.pt\/noticias\/2026\/03\/13\/oscars-em-foco-e-o-estrangeiro-de-camus-chega-aos-cinemas-como-olha-lo\/","title":{"rendered":"Oscars em foco e o Estrangeiro de Camus chega aos cinemas: como olh\u00e1-lo"},"content":{"rendered":"<p>No Escuro aborda os \u00d3scares e a adapta\u00e7\u00e3o de O Estrangeiro, de Camus, por Fran\u00e7ois Ozon, como espelhos da nossa \u00e9poca. O podcast analisa o que os pr\u00e9mios dizem de quem os atribui e de quem os recebe, num tom s\u00f3brio e factual.<\/p>\n<p>A nova leitura de O Estrangeiro, situada em 1942, \u00e9 examinada atrav\u00e9s da lente do cinema franc\u00eas, da literatura e da m\u00fasica, incluindo refer\u00eancias a The Cure. Ozon partiu da obra para explorar temas de aliena\u00e7\u00e3o e da identidade em contexto de colonialismo na Arg\u00e9lia.<\/p>\n<p>Os produtores do No Escuro destacam a vontade de libertar o cinema e compreender o mundo atrav\u00e9s do cinema, sem afirma\u00e7\u00f5es conclusivas. O projeto vinca a leitura cr\u00edtica como forma de di\u00e1logo entre p\u00fablico e arte.<\/p>\n<h3>O Estrangeiro de Camus e a leitura de Ozon<\/h3>\n<p>O epis\u00f3dio analisa a ambival\u00eancia do romance de 1942 e as leituras que dele podem emergir hoje. Ozon utiliza recursos de cinema, literatura e m\u00fasica para aproximar Meursault do p\u00fablico contempor\u00e2neo.<\/p>\n<p>A obra permanece marcada pela quest\u00e3o de por que Meursault n\u00e3o chora no funeral da m\u00e3e, o que alimenta a pol\u00e9mica sobre o julgamento do personagem. A adapta\u00e7\u00e3o \u00e9 apresentada como uma leitura do nosso tempo.<\/p>\n<h3>Onde ouvir No Escuro<\/h3>\n<p>O podcast \u00e9 da autoria de Alexandra Prado Coelho e Vasco C\u00e2mara. Novos epis\u00f3dios s\u00e3o lan\u00e7ados semanalmente \u00e0s sextas-feiras no site do P\u00fablico e em plataformas de streaming.<\/p>\n<p>A trilha sonora de abertura \u00e9 um excerto de The Hidden Desert, partilhado pelo Rodrigo Amado Quartet. O p\u00fablico pode seguir o No Escuro no Spotify, Apple Podcasts e em outras apps de podcasts.<\/p>\n","protected":false},"excerpt":{"rendered":"<ul>\n<li>O epis\u00f3dio de No Escuro aborda o cinema como forma de nos compreendermos a partir dos \u00d3scares e da leitura de O Estrangeiro, de Albert Camus, pela lente de Fran\u00e7ois Ozon.<\/li>\n<li>Ozon l\u00ea o romance de 1942 a partir de 2025, explorando a hist\u00f3ria do cinema franc\u00eas, a literatura e a m\u00fasica para aproximar-se de Meursault e do que a obra diz ao tempo atual.<\/li>\n<li>O texto discute ainda a rela\u00e7\u00e3o entre os pr\u00e9mios de Hollywood e o nosso tempo, sugerindo que refletem mais quem os escolhe do que quem \u00e9 premiado, com refer\u00eancia \u00e0 pol\u00e9mica em torno de Timoth\u00e9e Chalamet.<\/li>\n<li>No Escuro \u00e9 um podcast com os jornalistas Alexandra Prado Coelho e Vasco C\u00e2mara, lan\u00e7ado \u00e0s sextas-feiras no site do P\u00fablico e em plataformas de podcasts, com m\u00fasica de The Hidden Desert.<\/li>\n<\/ul>\n","protected":false},"author":2,"featured_media":408926,"comment_status":"closed","ping_status":"closed","sticky":false,"template":"","format":"standard","meta":{"footnotes":""},"categories":[1],"tags":[2254,112,1856,106,122,3430],"class_list":["post-408920","post","type-post","status-publish","format-standard","has-post-thumbnail","hentry","category-noticias","tag-argelia","tag-cinema","tag-franca","tag-literatura","tag-musica","tag-oscares"],"yoast_head":"<!-- This site is optimized with the Yoast SEO plugin v27.2 - https:\/\/yoast.com\/product\/yoast-seo-wordpress\/ -->\n<title>Oscars em foco e o Estrangeiro de Camus chega aos cinemas: como olh\u00e1-lo - Portal Tela Portugal<\/title>\n<meta name=\"robots\" content=\"index, follow, max-snippet:-1, max-image-preview:large, max-video-preview:-1\" \/>\n<meta property=\"og:locale\" content=\"pt_PT\" \/>\n<meta property=\"og:type\" content=\"article\" \/>\n<meta property=\"og:title\" content=\"Oscars em foco e o Estrangeiro de Camus chega aos cinemas: como olh\u00e1-lo - Portal Tela Portugal\" \/>\n<meta property=\"og:description\" content=\"O epis\u00f3dio de No Escuro aborda o cinema como forma de nos compreendermos a partir dos \u00d3scares e da leitura de O Estrangeiro, de Albert Camus, pela lente de Fran\u00e7ois Ozon. Ozon l\u00ea o romance de 1942 a partir de 2025, explorando a hist\u00f3ria do cinema franc\u00eas, a literatura e a m\u00fasica para aproximar-se de Meursault e do que a obra diz ao tempo atual. O texto discute ainda a rela\u00e7\u00e3o entre os pr\u00e9mios de Hollywood e o nosso tempo, sugerindo que refletem mais quem os escolhe do que quem \u00e9 premiado, com refer\u00eancia \u00e0 pol\u00e9mica em torno de Timoth\u00e9e Chalamet. No Escuro \u00e9 um podcast com os jornalistas Alexandra Prado Coelho e Vasco C\u00e2mara, lan\u00e7ado \u00e0s sextas-feiras no site do P\u00fablico e em plataformas de podcasts, com m\u00fasica de The Hidden Desert.\" \/>\n<meta property=\"og:url\" content=\"https:\/\/portaltela.pt\/noticias\/2026\/03\/13\/oscars-em-foco-e-o-estrangeiro-de-camus-chega-aos-cinemas-como-olha-lo\/\" \/>\n<meta property=\"og:site_name\" content=\"Portal Tela Portugal\" \/>\n<meta property=\"article:published_time\" content=\"2026-03-13T14:40:00+00:00\" \/>\n<meta name=\"author\" content=\"Telinha\" \/>\n<meta name=\"twitter:card\" content=\"summary_large_image\" \/>\n<meta name=\"twitter:label1\" content=\"Escrito por\" \/>\n\t<meta name=\"twitter:data1\" content=\"Telinha\" \/>\n\t<meta name=\"twitter:label2\" content=\"Tempo estimado de leitura\" \/>\n\t<meta name=\"twitter:data2\" content=\"1 minuto\" \/>\n<script type=\"application\/ld+json\" class=\"yoast-schema-graph\">{\"@context\":\"https:\/\/schema.org\",\"@graph\":[{\"@type\":\"Article\",\"@id\":\"https:\/\/portaltela.pt\/noticias\/2026\/03\/13\/oscars-em-foco-e-o-estrangeiro-de-camus-chega-aos-cinemas-como-olha-lo\/#article\",\"isPartOf\":{\"@id\":\"https:\/\/portaltela.pt\/noticias\/2026\/03\/13\/oscars-em-foco-e-o-estrangeiro-de-camus-chega-aos-cinemas-como-olha-lo\/\"},\"author\":{\"name\":\"Telinha\",\"@id\":\"https:\/\/portaltela.pt\/#\/schema\/person\/c4278d4a6028830caff9ee44b42d32ed\"},\"headline\":\"Oscars em foco e o Estrangeiro de Camus chega aos cinemas: como olh\u00e1-lo\",\"datePublished\":\"2026-03-13T14:40:00+00:00\",\"mainEntityOfPage\":{\"@id\":\"https:\/\/portaltela.pt\/noticias\/2026\/03\/13\/oscars-em-foco-e-o-estrangeiro-de-camus-chega-aos-cinemas-como-olha-lo\/\"},\"wordCount\":305,\"image\":{\"@id\":\"https:\/\/portaltela.pt\/noticias\/2026\/03\/13\/oscars-em-foco-e-o-estrangeiro-de-camus-chega-aos-cinemas-como-olha-lo\/#primaryimage\"},\"thumbnailUrl\":\"https:\/\/portaltela.pt\/s.01k8rhncp4jt1\/2026\/03\/2073655.jpg\",\"keywords\":[\"Arg\u00e9lia\",\"cinema\",\"Fran\u00e7a\",\"literatura\",\"m\u00fasica\",\"\u00d3scares\"],\"articleSection\":[\"Not\u00edcias\"],\"inLanguage\":\"pt-PT\"},{\"@type\":\"WebPage\",\"@id\":\"https:\/\/portaltela.pt\/noticias\/2026\/03\/13\/oscars-em-foco-e-o-estrangeiro-de-camus-chega-aos-cinemas-como-olha-lo\/\",\"url\":\"https:\/\/portaltela.pt\/noticias\/2026\/03\/13\/oscars-em-foco-e-o-estrangeiro-de-camus-chega-aos-cinemas-como-olha-lo\/\",\"name\":\"Oscars em foco e o Estrangeiro de Camus chega aos cinemas: como olh\u00e1-lo - Portal Tela Portugal\",\"isPartOf\":{\"@id\":\"https:\/\/portaltela.pt\/#website\"},\"primaryImageOfPage\":{\"@id\":\"https:\/\/portaltela.pt\/noticias\/2026\/03\/13\/oscars-em-foco-e-o-estrangeiro-de-camus-chega-aos-cinemas-como-olha-lo\/#primaryimage\"},\"image\":{\"@id\":\"https:\/\/portaltela.pt\/noticias\/2026\/03\/13\/oscars-em-foco-e-o-estrangeiro-de-camus-chega-aos-cinemas-como-olha-lo\/#primaryimage\"},\"thumbnailUrl\":\"https:\/\/portaltela.pt\/s.01k8rhncp4jt1\/2026\/03\/2073655.jpg\",\"datePublished\":\"2026-03-13T14:40:00+00:00\",\"author\":{\"@id\":\"https:\/\/portaltela.pt\/#\/schema\/person\/c4278d4a6028830caff9ee44b42d32ed\"},\"breadcrumb\":{\"@id\":\"https:\/\/portaltela.pt\/noticias\/2026\/03\/13\/oscars-em-foco-e-o-estrangeiro-de-camus-chega-aos-cinemas-como-olha-lo\/#breadcrumb\"},\"inLanguage\":\"pt-PT\",\"potentialAction\":[{\"@type\":\"ReadAction\",\"target\":[\"https:\/\/portaltela.pt\/noticias\/2026\/03\/13\/oscars-em-foco-e-o-estrangeiro-de-camus-chega-aos-cinemas-como-olha-lo\/\"]}]},{\"@type\":\"ImageObject\",\"inLanguage\":\"pt-PT\",\"@id\":\"https:\/\/portaltela.pt\/noticias\/2026\/03\/13\/oscars-em-foco-e-o-estrangeiro-de-camus-chega-aos-cinemas-como-olha-lo\/#primaryimage\",\"url\":\"https:\/\/portaltela.pt\/s.01k8rhncp4jt1\/2026\/03\/2073655.jpg\",\"contentUrl\":\"https:\/\/portaltela.pt\/s.01k8rhncp4jt1\/2026\/03\/2073655.jpg\",\"width\":796,\"height\":448,\"caption\":\"Photo\"},{\"@type\":\"BreadcrumbList\",\"@id\":\"https:\/\/portaltela.pt\/noticias\/2026\/03\/13\/oscars-em-foco-e-o-estrangeiro-de-camus-chega-aos-cinemas-como-olha-lo\/#breadcrumb\",\"itemListElement\":[{\"@type\":\"ListItem\",\"position\":1,\"name\":\"In\u00edcio\",\"item\":\"https:\/\/portaltela.pt\/\"},{\"@type\":\"ListItem\",\"position\":2,\"name\":\"Oscars em foco e o Estrangeiro de Camus chega aos cinemas: como olh\u00e1-lo\"}]},{\"@type\":\"WebSite\",\"@id\":\"https:\/\/portaltela.pt\/#website\",\"url\":\"https:\/\/portaltela.pt\/\",\"name\":\"Portal Tela Portugal\",\"description\":\"\",\"potentialAction\":[{\"@type\":\"SearchAction\",\"target\":{\"@type\":\"EntryPoint\",\"urlTemplate\":\"https:\/\/portaltela.pt\/?s={search_term_string}\"},\"query-input\":{\"@type\":\"PropertyValueSpecification\",\"valueRequired\":true,\"valueName\":\"search_term_string\"}}],\"inLanguage\":\"pt-PT\"},{\"@type\":\"Person\",\"@id\":\"https:\/\/portaltela.pt\/#\/schema\/person\/c4278d4a6028830caff9ee44b42d32ed\",\"name\":\"Telinha\",\"image\":{\"@type\":\"ImageObject\",\"inLanguage\":\"pt-PT\",\"@id\":\"https:\/\/portaltela.pt\/s.01k8rhncp4jt1\/2025\/11\/talking-bot-125x125.png\",\"url\":\"https:\/\/portaltela.pt\/s.01k8rhncp4jt1\/2025\/11\/talking-bot-125x125.png\",\"contentUrl\":\"https:\/\/portaltela.pt\/s.01k8rhncp4jt1\/2025\/11\/talking-bot-125x125.png\",\"caption\":\"Telinha\"},\"sameAs\":[\"https:\/\/portaltela.pt\/\"],\"url\":\"https:\/\/portaltela.pt\/por\/367410592786\/\"}]}<\/script>\n<!-- \/ Yoast SEO plugin. -->","yoast_head_json":{"title":"Oscars em foco e o Estrangeiro de Camus chega aos cinemas: como olh\u00e1-lo - Portal Tela Portugal","robots":{"index":"index","follow":"follow","max-snippet":"max-snippet:-1","max-image-preview":"max-image-preview:large","max-video-preview":"max-video-preview:-1"},"og_locale":"pt_PT","og_type":"article","og_title":"Oscars em foco e o Estrangeiro de Camus chega aos cinemas: como olh\u00e1-lo - Portal Tela Portugal","og_description":"O epis\u00f3dio de No Escuro aborda o cinema como forma de nos compreendermos a partir dos \u00d3scares e da leitura de O Estrangeiro, de Albert Camus, pela lente de Fran\u00e7ois Ozon. Ozon l\u00ea o romance de 1942 a partir de 2025, explorando a hist\u00f3ria do cinema franc\u00eas, a literatura e a m\u00fasica para aproximar-se de Meursault e do que a obra diz ao tempo atual. O texto discute ainda a rela\u00e7\u00e3o entre os pr\u00e9mios de Hollywood e o nosso tempo, sugerindo que refletem mais quem os escolhe do que quem \u00e9 premiado, com refer\u00eancia \u00e0 pol\u00e9mica em torno de Timoth\u00e9e Chalamet. No Escuro \u00e9 um podcast com os jornalistas Alexandra Prado Coelho e Vasco C\u00e2mara, lan\u00e7ado \u00e0s sextas-feiras no site do P\u00fablico e em plataformas de podcasts, com m\u00fasica de The Hidden Desert.","og_url":"https:\/\/portaltela.pt\/noticias\/2026\/03\/13\/oscars-em-foco-e-o-estrangeiro-de-camus-chega-aos-cinemas-como-olha-lo\/","og_site_name":"Portal Tela Portugal","article_published_time":"2026-03-13T14:40:00+00:00","author":"Telinha","twitter_card":"summary_large_image","twitter_misc":{"Escrito por":"Telinha","Tempo estimado de leitura":"1 minuto"},"schema":{"@context":"https:\/\/schema.org","@graph":[{"@type":"Article","@id":"https:\/\/portaltela.pt\/noticias\/2026\/03\/13\/oscars-em-foco-e-o-estrangeiro-de-camus-chega-aos-cinemas-como-olha-lo\/#article","isPartOf":{"@id":"https:\/\/portaltela.pt\/noticias\/2026\/03\/13\/oscars-em-foco-e-o-estrangeiro-de-camus-chega-aos-cinemas-como-olha-lo\/"},"author":{"name":"Telinha","@id":"https:\/\/portaltela.pt\/#\/schema\/person\/c4278d4a6028830caff9ee44b42d32ed"},"headline":"Oscars em foco e o Estrangeiro de Camus chega aos cinemas: como olh\u00e1-lo","datePublished":"2026-03-13T14:40:00+00:00","mainEntityOfPage":{"@id":"https:\/\/portaltela.pt\/noticias\/2026\/03\/13\/oscars-em-foco-e-o-estrangeiro-de-camus-chega-aos-cinemas-como-olha-lo\/"},"wordCount":305,"image":{"@id":"https:\/\/portaltela.pt\/noticias\/2026\/03\/13\/oscars-em-foco-e-o-estrangeiro-de-camus-chega-aos-cinemas-como-olha-lo\/#primaryimage"},"thumbnailUrl":"https:\/\/portaltela.pt\/s.01k8rhncp4jt1\/2026\/03\/2073655.jpg","keywords":["Arg\u00e9lia","cinema","Fran\u00e7a","literatura","m\u00fasica","\u00d3scares"],"articleSection":["Not\u00edcias"],"inLanguage":"pt-PT"},{"@type":"WebPage","@id":"https:\/\/portaltela.pt\/noticias\/2026\/03\/13\/oscars-em-foco-e-o-estrangeiro-de-camus-chega-aos-cinemas-como-olha-lo\/","url":"https:\/\/portaltela.pt\/noticias\/2026\/03\/13\/oscars-em-foco-e-o-estrangeiro-de-camus-chega-aos-cinemas-como-olha-lo\/","name":"Oscars em foco e o Estrangeiro de Camus chega aos cinemas: como olh\u00e1-lo - Portal Tela Portugal","isPartOf":{"@id":"https:\/\/portaltela.pt\/#website"},"primaryImageOfPage":{"@id":"https:\/\/portaltela.pt\/noticias\/2026\/03\/13\/oscars-em-foco-e-o-estrangeiro-de-camus-chega-aos-cinemas-como-olha-lo\/#primaryimage"},"image":{"@id":"https:\/\/portaltela.pt\/noticias\/2026\/03\/13\/oscars-em-foco-e-o-estrangeiro-de-camus-chega-aos-cinemas-como-olha-lo\/#primaryimage"},"thumbnailUrl":"https:\/\/portaltela.pt\/s.01k8rhncp4jt1\/2026\/03\/2073655.jpg","datePublished":"2026-03-13T14:40:00+00:00","author":{"@id":"https:\/\/portaltela.pt\/#\/schema\/person\/c4278d4a6028830caff9ee44b42d32ed"},"breadcrumb":{"@id":"https:\/\/portaltela.pt\/noticias\/2026\/03\/13\/oscars-em-foco-e-o-estrangeiro-de-camus-chega-aos-cinemas-como-olha-lo\/#breadcrumb"},"inLanguage":"pt-PT","potentialAction":[{"@type":"ReadAction","target":["https:\/\/portaltela.pt\/noticias\/2026\/03\/13\/oscars-em-foco-e-o-estrangeiro-de-camus-chega-aos-cinemas-como-olha-lo\/"]}]},{"@type":"ImageObject","inLanguage":"pt-PT","@id":"https:\/\/portaltela.pt\/noticias\/2026\/03\/13\/oscars-em-foco-e-o-estrangeiro-de-camus-chega-aos-cinemas-como-olha-lo\/#primaryimage","url":"https:\/\/portaltela.pt\/s.01k8rhncp4jt1\/2026\/03\/2073655.jpg","contentUrl":"https:\/\/portaltela.pt\/s.01k8rhncp4jt1\/2026\/03\/2073655.jpg","width":796,"height":448,"caption":"Photo"},{"@type":"BreadcrumbList","@id":"https:\/\/portaltela.pt\/noticias\/2026\/03\/13\/oscars-em-foco-e-o-estrangeiro-de-camus-chega-aos-cinemas-como-olha-lo\/#breadcrumb","itemListElement":[{"@type":"ListItem","position":1,"name":"In\u00edcio","item":"https:\/\/portaltela.pt\/"},{"@type":"ListItem","position":2,"name":"Oscars em foco e o Estrangeiro de Camus chega aos cinemas: como olh\u00e1-lo"}]},{"@type":"WebSite","@id":"https:\/\/portaltela.pt\/#website","url":"https:\/\/portaltela.pt\/","name":"Portal Tela Portugal","description":"","potentialAction":[{"@type":"SearchAction","target":{"@type":"EntryPoint","urlTemplate":"https:\/\/portaltela.pt\/?s={search_term_string}"},"query-input":{"@type":"PropertyValueSpecification","valueRequired":true,"valueName":"search_term_string"}}],"inLanguage":"pt-PT"},{"@type":"Person","@id":"https:\/\/portaltela.pt\/#\/schema\/person\/c4278d4a6028830caff9ee44b42d32ed","name":"Telinha","image":{"@type":"ImageObject","inLanguage":"pt-PT","@id":"https:\/\/portaltela.pt\/s.01k8rhncp4jt1\/2025\/11\/talking-bot-125x125.png","url":"https:\/\/portaltela.pt\/s.01k8rhncp4jt1\/2025\/11\/talking-bot-125x125.png","contentUrl":"https:\/\/portaltela.pt\/s.01k8rhncp4jt1\/2025\/11\/talking-bot-125x125.png","caption":"Telinha"},"sameAs":["https:\/\/portaltela.pt\/"],"url":"https:\/\/portaltela.pt\/por\/367410592786\/"}]}},"_links":{"self":[{"href":"https:\/\/portaltela.pt\/api\/wp\/v2\/posts\/408920","targetHints":{"allow":["GET"]}}],"collection":[{"href":"https:\/\/portaltela.pt\/api\/wp\/v2\/posts"}],"about":[{"href":"https:\/\/portaltela.pt\/api\/wp\/v2\/types\/post"}],"author":[{"embeddable":true,"href":"https:\/\/portaltela.pt\/api\/wp\/v2\/users\/2"}],"replies":[{"embeddable":true,"href":"https:\/\/portaltela.pt\/api\/wp\/v2\/comments?post=408920"}],"version-history":[{"count":0,"href":"https:\/\/portaltela.pt\/api\/wp\/v2\/posts\/408920\/revisions"}],"wp:featuredmedia":[{"embeddable":true,"href":"https:\/\/portaltela.pt\/api\/wp\/v2\/media\/408926"}],"wp:attachment":[{"href":"https:\/\/portaltela.pt\/api\/wp\/v2\/media?parent=408920"}],"wp:term":[{"taxonomy":"category","embeddable":true,"href":"https:\/\/portaltela.pt\/api\/wp\/v2\/categories?post=408920"},{"taxonomy":"post_tag","embeddable":true,"href":"https:\/\/portaltela.pt\/api\/wp\/v2\/tags?post=408920"}],"curies":[{"name":"wp","href":"https:\/\/api.w.org\/{rel}","templated":true}]}}