{"id":408916,"date":"2026-03-13T11:49:00","date_gmt":"2026-03-13T14:49:00","guid":{"rendered":"https:\/\/portaltela.pt\/noticias\/2026\/03\/13\/touro-solto-provoca-panico-em-benavente\/"},"modified":"2026-03-13T11:49:00","modified_gmt":"2026-03-13T14:49:00","slug":"touro-solto-provoca-panico-em-benavente","status":"publish","type":"post","link":"https:\/\/portaltela.pt\/acidentes\/2026\/03\/13\/touro-solto-provoca-panico-em-benavente\/","title":{"rendered":"Touro solto provoca p\u00e2nico em Benavente"},"content":{"rendered":"<p>Um touro ficou \u00e0 solta durante v\u00e1rios minutos na Estrada Nacional 118, em Benavente, na manh\u00e3 de sexta-feira. O epis\u00f3dio come\u00e7ou de forma s\u00fabita e mobilizou meios de emerg\u00eancia, com o animal a danificar duas viaturas.<\/p>\n<p>O touro escapou de uma \u00e1rea rural e percorreu a via sem v\u00edtimas durante parte da sequ\u00eancia, at\u00e9 ser detido pelas autoridades. N\u00e3o foi confirmado qualquer ferimento entre pessoas.<\/p>\n<p>A GNR tomou conta da ocorr\u00eancia e assegurou a seguran\u00e7a no local at\u00e9 \u00e0 captura do animal, efetuada pelas autoridades competentes.<\/p>\n<h3>Interven\u00e7\u00e3o das autoridades<\/h3>\n<p>Segundo informa\u00e7\u00f5es recolhidas pela nossa equipa, o touro foi prontamente contido ap\u00f3s manobras de aproxima\u00e7\u00e3o e conten\u00e7\u00e3o. As viaturas afetadas registaram apenas danos materiais e j\u00e1 est\u00e3o a ser avaliadas.<\/p>\n","protected":false},"excerpt":{"rendered":"<ul>\n<li>Um touro ficou \u00e0 solta durante v\u00e1rios minutos na Estrada Nacional 118, em Benavente, na manh\u00e3 de sexta-feira.<\/li>\n<li>O animal danificou duas viaturas durante o incidente.<\/li>\n<li>O touro foi apanhado pelas autoridades.<\/li>\n<li>A Guarda Nacional Republicana (GNR) esteve no local e assumiu a ocorr\u00eancia.<\/li>\n<\/ul>\n","protected":false},"author":2,"featured_media":408922,"comment_status":"closed","ping_status":"closed","sticky":false,"template":"","format":"standard","meta":{"footnotes":""},"categories":[6849],"tags":[4169,3091,1446,5277,1380,4579],"class_list":["post-408916","post","type-post","status-publish","format-standard","has-post-thumbnail","hentry","category-acidentes","tag-acidente-rodoviario","tag-animais","tag-benavente","tag-danos","tag-gnr","tag-touros"],"yoast_head":"<!-- This site is optimized with the Yoast SEO plugin v27.2 - https:\/\/yoast.com\/product\/yoast-seo-wordpress\/ -->\n<title>Touro solto provoca p\u00e2nico em Benavente - Portal Tela Portugal<\/title>\n<meta name=\"robots\" content=\"index, follow, max-snippet:-1, max-image-preview:large, max-video-preview:-1\" \/>\n<meta property=\"og:locale\" content=\"pt_PT\" \/>\n<meta property=\"og:type\" content=\"article\" \/>\n<meta property=\"og:title\" content=\"Touro solto provoca p\u00e2nico em Benavente - Portal Tela Portugal\" \/>\n<meta property=\"og:description\" content=\"Um touro ficou \u00e0 solta durante v\u00e1rios minutos na Estrada Nacional 118, em Benavente, na manh\u00e3 de sexta-feira. O animal danificou duas viaturas durante o incidente. O touro foi apanhado pelas autoridades. A Guarda Nacional Republicana (GNR) esteve no local e assumiu a ocorr\u00eancia.\" \/>\n<meta property=\"og:url\" content=\"https:\/\/portaltela.pt\/noticias\/2026\/03\/13\/touro-solto-provoca-panico-em-benavente\/\" \/>\n<meta property=\"og:site_name\" content=\"Portal Tela Portugal\" \/>\n<meta property=\"article:published_time\" content=\"2026-03-13T14:49:00+00:00\" \/>\n<meta name=\"author\" content=\"Telinha\" \/>\n<meta name=\"twitter:card\" content=\"summary_large_image\" \/>\n<meta name=\"twitter:label1\" content=\"Escrito por\" \/>\n\t<meta name=\"twitter:data1\" content=\"Telinha\" \/>\n\t<meta name=\"twitter:label2\" content=\"Tempo estimado de leitura\" \/>\n\t<meta name=\"twitter:data2\" content=\"1 minuto\" \/>\n<script type=\"application\/ld+json\" class=\"yoast-schema-graph\">{\"@context\":\"https:\/\/schema.org\",\"@graph\":[{\"@type\":\"Article\",\"@id\":\"https:\/\/portaltela.pt\/noticias\/2026\/03\/13\/touro-solto-provoca-panico-em-benavente\/#article\",\"isPartOf\":{\"@id\":\"https:\/\/portaltela.pt\/noticias\/2026\/03\/13\/touro-solto-provoca-panico-em-benavente\/\"},\"author\":{\"name\":\"Telinha\",\"@id\":\"https:\/\/portaltela.pt\/#\/schema\/person\/c4278d4a6028830caff9ee44b42d32ed\"},\"headline\":\"Touro solto provoca p\u00e2nico em Benavente\",\"datePublished\":\"2026-03-13T14:49:00+00:00\",\"mainEntityOfPage\":{\"@id\":\"https:\/\/portaltela.pt\/noticias\/2026\/03\/13\/touro-solto-provoca-panico-em-benavente\/\"},\"wordCount\":139,\"image\":{\"@id\":\"https:\/\/portaltela.pt\/noticias\/2026\/03\/13\/touro-solto-provoca-panico-em-benavente\/#primaryimage\"},\"thumbnailUrl\":\"https:\/\/portaltela.pt\/s.01k8rhncp4jt1\/2026\/03\/img_1280x721uu2026-03-13-14-50-32-2272153.jpg\",\"keywords\":[\"acidente rodovi\u00e1rio\",\"animais\",\"Benavente\",\"danos\",\"GNR\",\"Touros\"],\"articleSection\":[\"Acidentes\"],\"inLanguage\":\"pt-PT\"},{\"@type\":\"WebPage\",\"@id\":\"https:\/\/portaltela.pt\/noticias\/2026\/03\/13\/touro-solto-provoca-panico-em-benavente\/\",\"url\":\"https:\/\/portaltela.pt\/noticias\/2026\/03\/13\/touro-solto-provoca-panico-em-benavente\/\",\"name\":\"Touro solto provoca p\u00e2nico em Benavente - Portal Tela Portugal\",\"isPartOf\":{\"@id\":\"https:\/\/portaltela.pt\/#website\"},\"primaryImageOfPage\":{\"@id\":\"https:\/\/portaltela.pt\/noticias\/2026\/03\/13\/touro-solto-provoca-panico-em-benavente\/#primaryimage\"},\"image\":{\"@id\":\"https:\/\/portaltela.pt\/noticias\/2026\/03\/13\/touro-solto-provoca-panico-em-benavente\/#primaryimage\"},\"thumbnailUrl\":\"https:\/\/portaltela.pt\/s.01k8rhncp4jt1\/2026\/03\/img_1280x721uu2026-03-13-14-50-32-2272153.jpg\",\"datePublished\":\"2026-03-13T14:49:00+00:00\",\"author\":{\"@id\":\"https:\/\/portaltela.pt\/#\/schema\/person\/c4278d4a6028830caff9ee44b42d32ed\"},\"breadcrumb\":{\"@id\":\"https:\/\/portaltela.pt\/noticias\/2026\/03\/13\/touro-solto-provoca-panico-em-benavente\/#breadcrumb\"},\"inLanguage\":\"pt-PT\",\"potentialAction\":[{\"@type\":\"ReadAction\",\"target\":[\"https:\/\/portaltela.pt\/noticias\/2026\/03\/13\/touro-solto-provoca-panico-em-benavente\/\"]}]},{\"@type\":\"ImageObject\",\"inLanguage\":\"pt-PT\",\"@id\":\"https:\/\/portaltela.pt\/noticias\/2026\/03\/13\/touro-solto-provoca-panico-em-benavente\/#primaryimage\",\"url\":\"https:\/\/portaltela.pt\/s.01k8rhncp4jt1\/2026\/03\/img_1280x721uu2026-03-13-14-50-32-2272153.jpg\",\"contentUrl\":\"https:\/\/portaltela.pt\/s.01k8rhncp4jt1\/2026\/03\/img_1280x721uu2026-03-13-14-50-32-2272153.jpg\",\"width\":796,\"height\":448,\"caption\":\"Imagens mostram touro \u00e0 solta em Benavente\"},{\"@type\":\"BreadcrumbList\",\"@id\":\"https:\/\/portaltela.pt\/noticias\/2026\/03\/13\/touro-solto-provoca-panico-em-benavente\/#breadcrumb\",\"itemListElement\":[{\"@type\":\"ListItem\",\"position\":1,\"name\":\"In\u00edcio\",\"item\":\"https:\/\/portaltela.pt\/\"},{\"@type\":\"ListItem\",\"position\":2,\"name\":\"Touro solto provoca p\u00e2nico em Benavente\"}]},{\"@type\":\"WebSite\",\"@id\":\"https:\/\/portaltela.pt\/#website\",\"url\":\"https:\/\/portaltela.pt\/\",\"name\":\"Portal Tela Portugal\",\"description\":\"\",\"potentialAction\":[{\"@type\":\"SearchAction\",\"target\":{\"@type\":\"EntryPoint\",\"urlTemplate\":\"https:\/\/portaltela.pt\/?s={search_term_string}\"},\"query-input\":{\"@type\":\"PropertyValueSpecification\",\"valueRequired\":true,\"valueName\":\"search_term_string\"}}],\"inLanguage\":\"pt-PT\"},{\"@type\":\"Person\",\"@id\":\"https:\/\/portaltela.pt\/#\/schema\/person\/c4278d4a6028830caff9ee44b42d32ed\",\"name\":\"Telinha\",\"image\":{\"@type\":\"ImageObject\",\"inLanguage\":\"pt-PT\",\"@id\":\"https:\/\/portaltela.pt\/s.01k8rhncp4jt1\/2025\/11\/talking-bot-125x125.png\",\"url\":\"https:\/\/portaltela.pt\/s.01k8rhncp4jt1\/2025\/11\/talking-bot-125x125.png\",\"contentUrl\":\"https:\/\/portaltela.pt\/s.01k8rhncp4jt1\/2025\/11\/talking-bot-125x125.png\",\"caption\":\"Telinha\"},\"sameAs\":[\"https:\/\/portaltela.pt\/\"],\"url\":\"https:\/\/portaltela.pt\/por\/367410592786\/\"}]}<\/script>\n<!-- \/ Yoast SEO plugin. -->","yoast_head_json":{"title":"Touro solto provoca p\u00e2nico em Benavente - Portal Tela Portugal","robots":{"index":"index","follow":"follow","max-snippet":"max-snippet:-1","max-image-preview":"max-image-preview:large","max-video-preview":"max-video-preview:-1"},"og_locale":"pt_PT","og_type":"article","og_title":"Touro solto provoca p\u00e2nico em Benavente - Portal Tela Portugal","og_description":"Um touro ficou \u00e0 solta durante v\u00e1rios minutos na Estrada Nacional 118, em Benavente, na manh\u00e3 de sexta-feira. O animal danificou duas viaturas durante o incidente. O touro foi apanhado pelas autoridades. A Guarda Nacional Republicana (GNR) esteve no local e assumiu a ocorr\u00eancia.","og_url":"https:\/\/portaltela.pt\/noticias\/2026\/03\/13\/touro-solto-provoca-panico-em-benavente\/","og_site_name":"Portal Tela Portugal","article_published_time":"2026-03-13T14:49:00+00:00","author":"Telinha","twitter_card":"summary_large_image","twitter_misc":{"Escrito por":"Telinha","Tempo estimado de leitura":"1 minuto"},"schema":{"@context":"https:\/\/schema.org","@graph":[{"@type":"Article","@id":"https:\/\/portaltela.pt\/noticias\/2026\/03\/13\/touro-solto-provoca-panico-em-benavente\/#article","isPartOf":{"@id":"https:\/\/portaltela.pt\/noticias\/2026\/03\/13\/touro-solto-provoca-panico-em-benavente\/"},"author":{"name":"Telinha","@id":"https:\/\/portaltela.pt\/#\/schema\/person\/c4278d4a6028830caff9ee44b42d32ed"},"headline":"Touro solto provoca p\u00e2nico em Benavente","datePublished":"2026-03-13T14:49:00+00:00","mainEntityOfPage":{"@id":"https:\/\/portaltela.pt\/noticias\/2026\/03\/13\/touro-solto-provoca-panico-em-benavente\/"},"wordCount":139,"image":{"@id":"https:\/\/portaltela.pt\/noticias\/2026\/03\/13\/touro-solto-provoca-panico-em-benavente\/#primaryimage"},"thumbnailUrl":"https:\/\/portaltela.pt\/s.01k8rhncp4jt1\/2026\/03\/img_1280x721uu2026-03-13-14-50-32-2272153.jpg","keywords":["acidente rodovi\u00e1rio","animais","Benavente","danos","GNR","Touros"],"articleSection":["Acidentes"],"inLanguage":"pt-PT"},{"@type":"WebPage","@id":"https:\/\/portaltela.pt\/noticias\/2026\/03\/13\/touro-solto-provoca-panico-em-benavente\/","url":"https:\/\/portaltela.pt\/noticias\/2026\/03\/13\/touro-solto-provoca-panico-em-benavente\/","name":"Touro solto provoca p\u00e2nico em Benavente - Portal Tela Portugal","isPartOf":{"@id":"https:\/\/portaltela.pt\/#website"},"primaryImageOfPage":{"@id":"https:\/\/portaltela.pt\/noticias\/2026\/03\/13\/touro-solto-provoca-panico-em-benavente\/#primaryimage"},"image":{"@id":"https:\/\/portaltela.pt\/noticias\/2026\/03\/13\/touro-solto-provoca-panico-em-benavente\/#primaryimage"},"thumbnailUrl":"https:\/\/portaltela.pt\/s.01k8rhncp4jt1\/2026\/03\/img_1280x721uu2026-03-13-14-50-32-2272153.jpg","datePublished":"2026-03-13T14:49:00+00:00","author":{"@id":"https:\/\/portaltela.pt\/#\/schema\/person\/c4278d4a6028830caff9ee44b42d32ed"},"breadcrumb":{"@id":"https:\/\/portaltela.pt\/noticias\/2026\/03\/13\/touro-solto-provoca-panico-em-benavente\/#breadcrumb"},"inLanguage":"pt-PT","potentialAction":[{"@type":"ReadAction","target":["https:\/\/portaltela.pt\/noticias\/2026\/03\/13\/touro-solto-provoca-panico-em-benavente\/"]}]},{"@type":"ImageObject","inLanguage":"pt-PT","@id":"https:\/\/portaltela.pt\/noticias\/2026\/03\/13\/touro-solto-provoca-panico-em-benavente\/#primaryimage","url":"https:\/\/portaltela.pt\/s.01k8rhncp4jt1\/2026\/03\/img_1280x721uu2026-03-13-14-50-32-2272153.jpg","contentUrl":"https:\/\/portaltela.pt\/s.01k8rhncp4jt1\/2026\/03\/img_1280x721uu2026-03-13-14-50-32-2272153.jpg","width":796,"height":448,"caption":"Imagens mostram touro \u00e0 solta em Benavente"},{"@type":"BreadcrumbList","@id":"https:\/\/portaltela.pt\/noticias\/2026\/03\/13\/touro-solto-provoca-panico-em-benavente\/#breadcrumb","itemListElement":[{"@type":"ListItem","position":1,"name":"In\u00edcio","item":"https:\/\/portaltela.pt\/"},{"@type":"ListItem","position":2,"name":"Touro solto provoca p\u00e2nico em Benavente"}]},{"@type":"WebSite","@id":"https:\/\/portaltela.pt\/#website","url":"https:\/\/portaltela.pt\/","name":"Portal Tela Portugal","description":"","potentialAction":[{"@type":"SearchAction","target":{"@type":"EntryPoint","urlTemplate":"https:\/\/portaltela.pt\/?s={search_term_string}"},"query-input":{"@type":"PropertyValueSpecification","valueRequired":true,"valueName":"search_term_string"}}],"inLanguage":"pt-PT"},{"@type":"Person","@id":"https:\/\/portaltela.pt\/#\/schema\/person\/c4278d4a6028830caff9ee44b42d32ed","name":"Telinha","image":{"@type":"ImageObject","inLanguage":"pt-PT","@id":"https:\/\/portaltela.pt\/s.01k8rhncp4jt1\/2025\/11\/talking-bot-125x125.png","url":"https:\/\/portaltela.pt\/s.01k8rhncp4jt1\/2025\/11\/talking-bot-125x125.png","contentUrl":"https:\/\/portaltela.pt\/s.01k8rhncp4jt1\/2025\/11\/talking-bot-125x125.png","caption":"Telinha"},"sameAs":["https:\/\/portaltela.pt\/"],"url":"https:\/\/portaltela.pt\/por\/367410592786\/"}]}},"_links":{"self":[{"href":"https:\/\/portaltela.pt\/api\/wp\/v2\/posts\/408916","targetHints":{"allow":["GET"]}}],"collection":[{"href":"https:\/\/portaltela.pt\/api\/wp\/v2\/posts"}],"about":[{"href":"https:\/\/portaltela.pt\/api\/wp\/v2\/types\/post"}],"author":[{"embeddable":true,"href":"https:\/\/portaltela.pt\/api\/wp\/v2\/users\/2"}],"replies":[{"embeddable":true,"href":"https:\/\/portaltela.pt\/api\/wp\/v2\/comments?post=408916"}],"version-history":[{"count":0,"href":"https:\/\/portaltela.pt\/api\/wp\/v2\/posts\/408916\/revisions"}],"wp:featuredmedia":[{"embeddable":true,"href":"https:\/\/portaltela.pt\/api\/wp\/v2\/media\/408922"}],"wp:attachment":[{"href":"https:\/\/portaltela.pt\/api\/wp\/v2\/media?parent=408916"}],"wp:term":[{"taxonomy":"category","embeddable":true,"href":"https:\/\/portaltela.pt\/api\/wp\/v2\/categories?post=408916"},{"taxonomy":"post_tag","embeddable":true,"href":"https:\/\/portaltela.pt\/api\/wp\/v2\/tags?post=408916"}],"curies":[{"name":"wp","href":"https:\/\/api.w.org\/{rel}","templated":true}]}}