{"id":408899,"date":"2026-03-13T11:33:00","date_gmt":"2026-03-13T14:33:00","guid":{"rendered":"https:\/\/portaltela.pt\/noticias\/2026\/03\/13\/voltar-a-fernando-gil-destaca-a-filosofia-como-vocacao\/"},"modified":"2026-03-13T11:33:00","modified_gmt":"2026-03-13T14:33:00","slug":"voltar-a-fernando-gil-destaca-a-filosofia-como-vocacao","status":"publish","type":"post","link":"https:\/\/portaltela.pt\/noticias\/2026\/03\/13\/voltar-a-fernando-gil-destaca-a-filosofia-como-vocacao\/","title":{"rendered":"Voltar a Fernando Gil destaca a filosofia como voca\u00e7\u00e3o"},"content":{"rendered":"<p>Nos dias 18 e 19 de mar\u00e7o, a Funda\u00e7\u00e3o Calouste Gulbenkian, em Lisboa, acolhe um col\u00f3quio internacional dedicado a Fernando Gil. O evento marca vinte anos sobre a morte do fil\u00f3sofo e prev\u00ea a releitura dos seus textos atrav\u00e9s de apresenta\u00e7\u00f5es diversas.<\/p>\n<p>A iniciativa envolve estudiosos internacionais da \u00e1rea, reunidos para debater a obra e a influ\u00eancia de Gil no pensamento filos\u00f3fico portugu\u00eas. Os organizadores preparam ainda a reedi\u00e7\u00e3o de alguns dos seus livros, como parte de um esfor\u00e7o de preserva\u00e7\u00e3o do seu legado.<\/p>\n<p>O objetivo central \u00e9 evocar a figura tutelar de Gil e mapear o impacto do seu ensino e da sua investiga\u00e7\u00e3o na comunidade acad\u00e9mica. O col\u00f3quio pretende mostrar como o seu trabalho moldou o ensino da Filosofia em Portugal desde 1976 e influenciou gera\u00e7\u00f5es de docentes e investigadores.<\/p>\n<p>A iniciativa sucede a uma decis\u00e3o de manter viva a mem\u00f3ria do fil\u00f3sofo, reconhecendo o papel fundamental que desempenhou na configura\u00e7\u00e3o da filosofia nacional. A Gulbenkian descreve o encontro como uma oportunidade de di\u00e1logo entre estudiosos de v\u00e1rias escolas e \u00e9pocas.<\/p>\n","protected":false},"excerpt":{"rendered":"<ul>\n<li>Nos dias 18 e 19 de mar\u00e7o, na Funda\u00e7\u00e3o Calouste Gulbenkian, em Lisboa, realiza-se um col\u00f3quio internacional sobre a obra e a figura de Fernando Gil.<\/li>\n<li>O evento marca vinte anos da morte do fil\u00f3sofo e destaca o impacto dele na comunidade filos\u00f3fica e cient\u00edfica.<\/li>\n<li>Os livros do pensador ser\u00e3o reeditados para reavivar a sua obra.<\/li>\n<li>O col\u00f3quio re\u00fane acad\u00e9micos e aborda a influ\u00eancia de Gil no ensino de Filosofia e na investiga\u00e7\u00e3o portuguesa.<\/li>\n<li>A sua influ\u00eancia \u00e9 reconhecida nas primeiras gera\u00e7\u00f5es de fil\u00f3sofos que frequentaram os seus cursos desde 1976 e nas gera\u00e7\u00f5es seguintes.<\/li>\n<\/ul>\n","protected":false},"author":2,"featured_media":408906,"comment_status":"closed","ping_status":"closed","sticky":false,"template":"","format":"standard","meta":{"footnotes":""},"categories":[1],"tags":[5687,145,2894,81,981,1014],"class_list":["post-408899","post","type-post","status-publish","format-standard","has-post-thumbnail","hentry","category-noticias","tag-academico","tag-cultura","tag-filosofia","tag-internacionais","tag-lisboa","tag-portugal"],"yoast_head":"<!-- This site is optimized with the Yoast SEO plugin v27.2 - https:\/\/yoast.com\/product\/yoast-seo-wordpress\/ -->\n<title>Voltar a Fernando Gil destaca a filosofia como voca\u00e7\u00e3o - Portal Tela Portugal<\/title>\n<meta name=\"robots\" content=\"index, follow, max-snippet:-1, max-image-preview:large, max-video-preview:-1\" \/>\n<meta property=\"og:locale\" content=\"pt_PT\" \/>\n<meta property=\"og:type\" content=\"article\" \/>\n<meta property=\"og:title\" content=\"Voltar a Fernando Gil destaca a filosofia como voca\u00e7\u00e3o - Portal Tela Portugal\" \/>\n<meta property=\"og:description\" content=\"Nos dias 18 e 19 de mar\u00e7o, na Funda\u00e7\u00e3o Calouste Gulbenkian, em Lisboa, realiza-se um col\u00f3quio internacional sobre a obra e a figura de Fernando Gil. O evento marca vinte anos da morte do fil\u00f3sofo e destaca o impacto dele na comunidade filos\u00f3fica e cient\u00edfica. Os livros do pensador ser\u00e3o reeditados para reavivar a sua obra. O col\u00f3quio re\u00fane acad\u00e9micos e aborda a influ\u00eancia de Gil no ensino de Filosofia e na investiga\u00e7\u00e3o portuguesa. A sua influ\u00eancia \u00e9 reconhecida nas primeiras gera\u00e7\u00f5es de fil\u00f3sofos que frequentaram os seus cursos desde 1976 e nas gera\u00e7\u00f5es seguintes.\" \/>\n<meta property=\"og:url\" content=\"https:\/\/portaltela.pt\/noticias\/2026\/03\/13\/voltar-a-fernando-gil-destaca-a-filosofia-como-vocacao\/\" \/>\n<meta property=\"og:site_name\" content=\"Portal Tela Portugal\" \/>\n<meta property=\"article:published_time\" content=\"2026-03-13T14:33:00+00:00\" \/>\n<meta name=\"author\" content=\"Telinha\" \/>\n<meta name=\"twitter:card\" content=\"summary_large_image\" \/>\n<meta name=\"twitter:label1\" content=\"Escrito por\" \/>\n\t<meta name=\"twitter:data1\" content=\"Telinha\" \/>\n\t<meta name=\"twitter:label2\" content=\"Tempo estimado de leitura\" \/>\n\t<meta name=\"twitter:data2\" content=\"1 minuto\" \/>\n<script type=\"application\/ld+json\" class=\"yoast-schema-graph\">{\"@context\":\"https:\/\/schema.org\",\"@graph\":[{\"@type\":\"Article\",\"@id\":\"https:\/\/portaltela.pt\/noticias\/2026\/03\/13\/voltar-a-fernando-gil-destaca-a-filosofia-como-vocacao\/#article\",\"isPartOf\":{\"@id\":\"https:\/\/portaltela.pt\/noticias\/2026\/03\/13\/voltar-a-fernando-gil-destaca-a-filosofia-como-vocacao\/\"},\"author\":{\"name\":\"Telinha\",\"@id\":\"https:\/\/portaltela.pt\/#\/schema\/person\/c4278d4a6028830caff9ee44b42d32ed\"},\"headline\":\"Voltar a Fernando Gil destaca a filosofia como voca\u00e7\u00e3o\",\"datePublished\":\"2026-03-13T14:33:00+00:00\",\"mainEntityOfPage\":{\"@id\":\"https:\/\/portaltela.pt\/noticias\/2026\/03\/13\/voltar-a-fernando-gil-destaca-a-filosofia-como-vocacao\/\"},\"wordCount\":201,\"image\":{\"@id\":\"https:\/\/portaltela.pt\/noticias\/2026\/03\/13\/voltar-a-fernando-gil-destaca-a-filosofia-como-vocacao\/#primaryimage\"},\"thumbnailUrl\":\"https:\/\/portaltela.pt\/s.01k8rhncp4jt1\/2026\/03\/2073138.jpg\",\"keywords\":[\"Acad\u00e9mico\",\"cultura\",\"filosofia\",\"internacionais\",\"Lisboa\",\"Portugal\"],\"articleSection\":[\"Not\u00edcias\"],\"inLanguage\":\"pt-PT\"},{\"@type\":\"WebPage\",\"@id\":\"https:\/\/portaltela.pt\/noticias\/2026\/03\/13\/voltar-a-fernando-gil-destaca-a-filosofia-como-vocacao\/\",\"url\":\"https:\/\/portaltela.pt\/noticias\/2026\/03\/13\/voltar-a-fernando-gil-destaca-a-filosofia-como-vocacao\/\",\"name\":\"Voltar a Fernando Gil destaca a filosofia como voca\u00e7\u00e3o - Portal Tela Portugal\",\"isPartOf\":{\"@id\":\"https:\/\/portaltela.pt\/#website\"},\"primaryImageOfPage\":{\"@id\":\"https:\/\/portaltela.pt\/noticias\/2026\/03\/13\/voltar-a-fernando-gil-destaca-a-filosofia-como-vocacao\/#primaryimage\"},\"image\":{\"@id\":\"https:\/\/portaltela.pt\/noticias\/2026\/03\/13\/voltar-a-fernando-gil-destaca-a-filosofia-como-vocacao\/#primaryimage\"},\"thumbnailUrl\":\"https:\/\/portaltela.pt\/s.01k8rhncp4jt1\/2026\/03\/2073138.jpg\",\"datePublished\":\"2026-03-13T14:33:00+00:00\",\"author\":{\"@id\":\"https:\/\/portaltela.pt\/#\/schema\/person\/c4278d4a6028830caff9ee44b42d32ed\"},\"breadcrumb\":{\"@id\":\"https:\/\/portaltela.pt\/noticias\/2026\/03\/13\/voltar-a-fernando-gil-destaca-a-filosofia-como-vocacao\/#breadcrumb\"},\"inLanguage\":\"pt-PT\",\"potentialAction\":[{\"@type\":\"ReadAction\",\"target\":[\"https:\/\/portaltela.pt\/noticias\/2026\/03\/13\/voltar-a-fernando-gil-destaca-a-filosofia-como-vocacao\/\"]}]},{\"@type\":\"ImageObject\",\"inLanguage\":\"pt-PT\",\"@id\":\"https:\/\/portaltela.pt\/noticias\/2026\/03\/13\/voltar-a-fernando-gil-destaca-a-filosofia-como-vocacao\/#primaryimage\",\"url\":\"https:\/\/portaltela.pt\/s.01k8rhncp4jt1\/2026\/03\/2073138.jpg\",\"contentUrl\":\"https:\/\/portaltela.pt\/s.01k8rhncp4jt1\/2026\/03\/2073138.jpg\",\"width\":796,\"height\":448,\"caption\":\"Fernando Gil fotografado pelo P\u00daBLICO em 2004\"},{\"@type\":\"BreadcrumbList\",\"@id\":\"https:\/\/portaltela.pt\/noticias\/2026\/03\/13\/voltar-a-fernando-gil-destaca-a-filosofia-como-vocacao\/#breadcrumb\",\"itemListElement\":[{\"@type\":\"ListItem\",\"position\":1,\"name\":\"In\u00edcio\",\"item\":\"https:\/\/portaltela.pt\/\"},{\"@type\":\"ListItem\",\"position\":2,\"name\":\"Voltar a Fernando Gil destaca a filosofia como voca\u00e7\u00e3o\"}]},{\"@type\":\"WebSite\",\"@id\":\"https:\/\/portaltela.pt\/#website\",\"url\":\"https:\/\/portaltela.pt\/\",\"name\":\"Portal Tela Portugal\",\"description\":\"\",\"potentialAction\":[{\"@type\":\"SearchAction\",\"target\":{\"@type\":\"EntryPoint\",\"urlTemplate\":\"https:\/\/portaltela.pt\/?s={search_term_string}\"},\"query-input\":{\"@type\":\"PropertyValueSpecification\",\"valueRequired\":true,\"valueName\":\"search_term_string\"}}],\"inLanguage\":\"pt-PT\"},{\"@type\":\"Person\",\"@id\":\"https:\/\/portaltela.pt\/#\/schema\/person\/c4278d4a6028830caff9ee44b42d32ed\",\"name\":\"Telinha\",\"image\":{\"@type\":\"ImageObject\",\"inLanguage\":\"pt-PT\",\"@id\":\"https:\/\/portaltela.pt\/s.01k8rhncp4jt1\/2025\/11\/talking-bot-125x125.png\",\"url\":\"https:\/\/portaltela.pt\/s.01k8rhncp4jt1\/2025\/11\/talking-bot-125x125.png\",\"contentUrl\":\"https:\/\/portaltela.pt\/s.01k8rhncp4jt1\/2025\/11\/talking-bot-125x125.png\",\"caption\":\"Telinha\"},\"sameAs\":[\"https:\/\/portaltela.pt\/\"],\"url\":\"https:\/\/portaltela.pt\/por\/367410592786\/\"}]}<\/script>\n<!-- \/ Yoast SEO plugin. -->","yoast_head_json":{"title":"Voltar a Fernando Gil destaca a filosofia como voca\u00e7\u00e3o - Portal Tela Portugal","robots":{"index":"index","follow":"follow","max-snippet":"max-snippet:-1","max-image-preview":"max-image-preview:large","max-video-preview":"max-video-preview:-1"},"og_locale":"pt_PT","og_type":"article","og_title":"Voltar a Fernando Gil destaca a filosofia como voca\u00e7\u00e3o - Portal Tela Portugal","og_description":"Nos dias 18 e 19 de mar\u00e7o, na Funda\u00e7\u00e3o Calouste Gulbenkian, em Lisboa, realiza-se um col\u00f3quio internacional sobre a obra e a figura de Fernando Gil. O evento marca vinte anos da morte do fil\u00f3sofo e destaca o impacto dele na comunidade filos\u00f3fica e cient\u00edfica. Os livros do pensador ser\u00e3o reeditados para reavivar a sua obra. O col\u00f3quio re\u00fane acad\u00e9micos e aborda a influ\u00eancia de Gil no ensino de Filosofia e na investiga\u00e7\u00e3o portuguesa. A sua influ\u00eancia \u00e9 reconhecida nas primeiras gera\u00e7\u00f5es de fil\u00f3sofos que frequentaram os seus cursos desde 1976 e nas gera\u00e7\u00f5es seguintes.","og_url":"https:\/\/portaltela.pt\/noticias\/2026\/03\/13\/voltar-a-fernando-gil-destaca-a-filosofia-como-vocacao\/","og_site_name":"Portal Tela Portugal","article_published_time":"2026-03-13T14:33:00+00:00","author":"Telinha","twitter_card":"summary_large_image","twitter_misc":{"Escrito por":"Telinha","Tempo estimado de leitura":"1 minuto"},"schema":{"@context":"https:\/\/schema.org","@graph":[{"@type":"Article","@id":"https:\/\/portaltela.pt\/noticias\/2026\/03\/13\/voltar-a-fernando-gil-destaca-a-filosofia-como-vocacao\/#article","isPartOf":{"@id":"https:\/\/portaltela.pt\/noticias\/2026\/03\/13\/voltar-a-fernando-gil-destaca-a-filosofia-como-vocacao\/"},"author":{"name":"Telinha","@id":"https:\/\/portaltela.pt\/#\/schema\/person\/c4278d4a6028830caff9ee44b42d32ed"},"headline":"Voltar a Fernando Gil destaca a filosofia como voca\u00e7\u00e3o","datePublished":"2026-03-13T14:33:00+00:00","mainEntityOfPage":{"@id":"https:\/\/portaltela.pt\/noticias\/2026\/03\/13\/voltar-a-fernando-gil-destaca-a-filosofia-como-vocacao\/"},"wordCount":201,"image":{"@id":"https:\/\/portaltela.pt\/noticias\/2026\/03\/13\/voltar-a-fernando-gil-destaca-a-filosofia-como-vocacao\/#primaryimage"},"thumbnailUrl":"https:\/\/portaltela.pt\/s.01k8rhncp4jt1\/2026\/03\/2073138.jpg","keywords":["Acad\u00e9mico","cultura","filosofia","internacionais","Lisboa","Portugal"],"articleSection":["Not\u00edcias"],"inLanguage":"pt-PT"},{"@type":"WebPage","@id":"https:\/\/portaltela.pt\/noticias\/2026\/03\/13\/voltar-a-fernando-gil-destaca-a-filosofia-como-vocacao\/","url":"https:\/\/portaltela.pt\/noticias\/2026\/03\/13\/voltar-a-fernando-gil-destaca-a-filosofia-como-vocacao\/","name":"Voltar a Fernando Gil destaca a filosofia como voca\u00e7\u00e3o - Portal Tela Portugal","isPartOf":{"@id":"https:\/\/portaltela.pt\/#website"},"primaryImageOfPage":{"@id":"https:\/\/portaltela.pt\/noticias\/2026\/03\/13\/voltar-a-fernando-gil-destaca-a-filosofia-como-vocacao\/#primaryimage"},"image":{"@id":"https:\/\/portaltela.pt\/noticias\/2026\/03\/13\/voltar-a-fernando-gil-destaca-a-filosofia-como-vocacao\/#primaryimage"},"thumbnailUrl":"https:\/\/portaltela.pt\/s.01k8rhncp4jt1\/2026\/03\/2073138.jpg","datePublished":"2026-03-13T14:33:00+00:00","author":{"@id":"https:\/\/portaltela.pt\/#\/schema\/person\/c4278d4a6028830caff9ee44b42d32ed"},"breadcrumb":{"@id":"https:\/\/portaltela.pt\/noticias\/2026\/03\/13\/voltar-a-fernando-gil-destaca-a-filosofia-como-vocacao\/#breadcrumb"},"inLanguage":"pt-PT","potentialAction":[{"@type":"ReadAction","target":["https:\/\/portaltela.pt\/noticias\/2026\/03\/13\/voltar-a-fernando-gil-destaca-a-filosofia-como-vocacao\/"]}]},{"@type":"ImageObject","inLanguage":"pt-PT","@id":"https:\/\/portaltela.pt\/noticias\/2026\/03\/13\/voltar-a-fernando-gil-destaca-a-filosofia-como-vocacao\/#primaryimage","url":"https:\/\/portaltela.pt\/s.01k8rhncp4jt1\/2026\/03\/2073138.jpg","contentUrl":"https:\/\/portaltela.pt\/s.01k8rhncp4jt1\/2026\/03\/2073138.jpg","width":796,"height":448,"caption":"Fernando Gil fotografado pelo P\u00daBLICO em 2004"},{"@type":"BreadcrumbList","@id":"https:\/\/portaltela.pt\/noticias\/2026\/03\/13\/voltar-a-fernando-gil-destaca-a-filosofia-como-vocacao\/#breadcrumb","itemListElement":[{"@type":"ListItem","position":1,"name":"In\u00edcio","item":"https:\/\/portaltela.pt\/"},{"@type":"ListItem","position":2,"name":"Voltar a Fernando Gil destaca a filosofia como voca\u00e7\u00e3o"}]},{"@type":"WebSite","@id":"https:\/\/portaltela.pt\/#website","url":"https:\/\/portaltela.pt\/","name":"Portal Tela Portugal","description":"","potentialAction":[{"@type":"SearchAction","target":{"@type":"EntryPoint","urlTemplate":"https:\/\/portaltela.pt\/?s={search_term_string}"},"query-input":{"@type":"PropertyValueSpecification","valueRequired":true,"valueName":"search_term_string"}}],"inLanguage":"pt-PT"},{"@type":"Person","@id":"https:\/\/portaltela.pt\/#\/schema\/person\/c4278d4a6028830caff9ee44b42d32ed","name":"Telinha","image":{"@type":"ImageObject","inLanguage":"pt-PT","@id":"https:\/\/portaltela.pt\/s.01k8rhncp4jt1\/2025\/11\/talking-bot-125x125.png","url":"https:\/\/portaltela.pt\/s.01k8rhncp4jt1\/2025\/11\/talking-bot-125x125.png","contentUrl":"https:\/\/portaltela.pt\/s.01k8rhncp4jt1\/2025\/11\/talking-bot-125x125.png","caption":"Telinha"},"sameAs":["https:\/\/portaltela.pt\/"],"url":"https:\/\/portaltela.pt\/por\/367410592786\/"}]}},"_links":{"self":[{"href":"https:\/\/portaltela.pt\/api\/wp\/v2\/posts\/408899","targetHints":{"allow":["GET"]}}],"collection":[{"href":"https:\/\/portaltela.pt\/api\/wp\/v2\/posts"}],"about":[{"href":"https:\/\/portaltela.pt\/api\/wp\/v2\/types\/post"}],"author":[{"embeddable":true,"href":"https:\/\/portaltela.pt\/api\/wp\/v2\/users\/2"}],"replies":[{"embeddable":true,"href":"https:\/\/portaltela.pt\/api\/wp\/v2\/comments?post=408899"}],"version-history":[{"count":0,"href":"https:\/\/portaltela.pt\/api\/wp\/v2\/posts\/408899\/revisions"}],"wp:featuredmedia":[{"embeddable":true,"href":"https:\/\/portaltela.pt\/api\/wp\/v2\/media\/408906"}],"wp:attachment":[{"href":"https:\/\/portaltela.pt\/api\/wp\/v2\/media?parent=408899"}],"wp:term":[{"taxonomy":"category","embeddable":true,"href":"https:\/\/portaltela.pt\/api\/wp\/v2\/categories?post=408899"},{"taxonomy":"post_tag","embeddable":true,"href":"https:\/\/portaltela.pt\/api\/wp\/v2\/tags?post=408899"}],"curies":[{"name":"wp","href":"https:\/\/api.w.org\/{rel}","templated":true}]}}