{"id":408898,"date":"2026-03-13T11:33:22","date_gmt":"2026-03-13T14:33:22","guid":{"rendered":"https:\/\/portaltela.pt\/noticias\/2026\/03\/13\/sindicato-acusa-governo-de-ceder-controlo-direto-sobre-vistos-a-multinacional\/"},"modified":"2026-03-13T11:33:22","modified_gmt":"2026-03-13T14:33:22","slug":"sindicato-acusa-governo-de-ceder-controlo-direto-sobre-vistos-a-multinacional","status":"publish","type":"post","link":"https:\/\/portaltela.pt\/noticias\/politica\/2026\/03\/13\/sindicato-acusa-governo-de-ceder-controlo-direto-sobre-vistos-a-multinacional\/","title":{"rendered":"Sindicato acusa Governo de ceder controlo direto sobre vistos a multinacional"},"content":{"rendered":"<p>O Sindicato dos Trabalhadores da Migra\u00e7\u00f5es (STM) acusa o Governo de entregar a gest\u00e3o de vistos de trabalho a uma multinacional, alegando falta de investimento na rede diplom\u00e1tica. A den\u00fancia surgiu numa carta aberta dirigida ao secret\u00e1rio de Estado Adjunto da Presid\u00eancia e da Imigra\u00e7\u00e3o.<\/p>\n<p>O STM solicita a revis\u00e3o urgente da lei org\u00e2nica da Ag\u00eancia para a Integra\u00e7\u00e3o, Migra\u00e7\u00f5es e Asilo (AIMA), para combater a precariedade e refor\u00e7ar a presen\u00e7a diplom\u00e1tica. O objetivo \u00e9 melhorar a resposta aos imigrantes e assegurar procedimentos internos mais est\u00e1veis.<\/p>\n<p>Segundo o sindicato, a aus\u00eancia de investimento na rede consular faz com que grande parte da tramita\u00e7\u00e3o de vistos esteja hoje nas m\u00e3os da operadora externa VFS Global, o que gera preocupa\u00e7\u00f5es sobre o controlo estatal.<\/p>\n<h3>Estrutura org\u00e2nica e vagas em aberto<\/h3>\n<p>A lei org\u00e2nica da AIMA prev\u00ea Oficiais de Liga\u00e7\u00e3o da Imigra\u00e7\u00e3o, fun\u00e7\u00f5es estrat\u00e9gicas para a gest\u00e3o de fluxos migrat\u00f3rios, mas esses lugares est\u00e3o desertos h\u00e1 cerca de dois anos, aponta o STM.<\/p>\n<p>Este cen\u00e1rio coincide com a recusa do Governo a pedidos de flexibilidade na contrata\u00e7\u00e3o de imigrantes para trabalhos de reconstru\u00e7\u00e3o, ap\u00f3s a depress\u00e3o Kristin. O Executivo afirma que os canais regulados s\u00e3o a \u00fanica via de entrada autorizada.<\/p>\n<p>De acordo com n\u00fameros divulgados pela tutela, o canal consular n\u00e3o ultrapassou tr\u00eas mil processos de entrada desde o an\u00fancio do programa, h\u00e1 v\u00e1rios meses, sinalizando limita\u00e7\u00e3o de capacidade.<\/p>\n<h3>Refor\u00e7ar presen\u00e7a institucional no exterior<\/h3>\n<p>O STM defende que, num contexto internacional de conflitos e press\u00e3o migrat\u00f3ria, \u00e9 urgente refor\u00e7ar a presen\u00e7a institucional portuguesa no exterior, com a nomea\u00e7\u00e3o de oficiais de liga\u00e7\u00e3o e a cria\u00e7\u00e3o de novos postos em pa\u00edses centrais nas din\u00e2micas migrat\u00f3rias.<\/p>\n<p>A organiza\u00e7\u00e3o sindical sustenta a valoriza\u00e7\u00e3o das fun\u00e7\u00f5es da \u00e1rea da imigra\u00e7\u00e3o, o investimento em forma\u00e7\u00e3o e a integra\u00e7\u00e3o digna dos profissionais que j\u00e1 asseguram o funcionamento dos servi\u00e7os. O objetivo \u00e9 melhorar a resposta p\u00fablica e reduzir a depend\u00eancia de mediadores em condi\u00e7\u00f5es prec\u00e1rias.<\/p>\n","protected":false},"excerpt":{"rendered":"<ul>\n<li>O Sindicato dos Trabalhadores da Migra\u00e7\u00f5es (STM) acusa o Governo de entregar a gest\u00e3o de vistos de trabalho a uma multinacional (VFS Global) devido \u00e0 falta de investimento na rede diplom\u00e1tica.<\/li>\n<li>O STM solicita a revis\u00e3o urgente da lei org\u00e2nica da Ag\u00eancia para a Integra\u00e7\u00e3o, Migra\u00e7\u00f5es e Asilo (AIMA) para combater a precariedade e refor\u00e7ar a rede diplom\u00e1tica.<\/li>\n<li>O documento aponta que os Oficiais de Liga\u00e7\u00e3o da Imigra\u00e7\u00e3o est\u00e3o desertos h\u00e1 cerca de dois anos, e que grande parte da tramita\u00e7\u00e3o de vistos depende da multinacional.<\/li>\n<li>O Governo j\u00e1 recusou pedidos de flexibiliza\u00e7\u00e3o na contrata\u00e7\u00e3o de imigrantes para obras de reconstru\u00e7\u00e3o e afirma que os canais de migra\u00e7\u00e3o regulada, com vistos pelo sistema consular, s\u00e3o os \u00fanicos v\u00e1lidos; at\u00e9 agora n\u00e3o passaram de cerca de tr\u00eas mil os processos.<\/li>\n<li>O STM defende o refor\u00e7o da presen\u00e7a institucional no exterior, cria\u00e7\u00e3o de novos postos em pa\u00edses centrais nas din\u00e2micas migrat\u00f3rias, valoriza\u00e7\u00e3o dos trabalhadores da imigra\u00e7\u00e3o e melhoria das condi\u00e7\u00f5es de integra\u00e7\u00e3o e forma\u00e7\u00e3o.<\/li>\n<\/ul>\n","protected":false},"author":2,"featured_media":408908,"comment_status":"closed","ping_status":"closed","sticky":false,"template":"","format":"standard","meta":{"footnotes":""},"categories":[5,6871],"tags":[2333,256,3205,712,6612,27],"class_list":["post-408898","post","type-post","status-publish","format-standard","has-post-thumbnail","hentry","category-politica","category-sociedade","tag-consulados","tag-cooperacao-internacional","tag-embaixadas","tag-imigracao","tag-imigracao-internacional","tag-relacoes-internacionais"],"yoast_head":"<!-- This site is optimized with the Yoast SEO plugin v27.2 - https:\/\/yoast.com\/product\/yoast-seo-wordpress\/ -->\n<title>Sindicato acusa Governo de ceder controlo direto sobre vistos a multinacional - Portal Tela Portugal<\/title>\n<meta name=\"robots\" content=\"index, follow, max-snippet:-1, max-image-preview:large, max-video-preview:-1\" \/>\n<meta property=\"og:locale\" content=\"pt_PT\" \/>\n<meta property=\"og:type\" content=\"article\" \/>\n<meta property=\"og:title\" content=\"Sindicato acusa Governo de ceder controlo direto sobre vistos a multinacional - Portal Tela Portugal\" \/>\n<meta property=\"og:description\" content=\"O Sindicato dos Trabalhadores da Migra\u00e7\u00f5es (STM) acusa o Governo de entregar a gest\u00e3o de vistos de trabalho a uma multinacional (VFS Global) devido \u00e0 falta de investimento na rede diplom\u00e1tica. O STM solicita a revis\u00e3o urgente da lei org\u00e2nica da Ag\u00eancia para a Integra\u00e7\u00e3o, Migra\u00e7\u00f5es e Asilo (AIMA) para combater a precariedade e refor\u00e7ar a rede diplom\u00e1tica. O documento aponta que os Oficiais de Liga\u00e7\u00e3o da Imigra\u00e7\u00e3o est\u00e3o desertos h\u00e1 cerca de dois anos, e que grande parte da tramita\u00e7\u00e3o de vistos depende da multinacional. O Governo j\u00e1 recusou pedidos de flexibiliza\u00e7\u00e3o na contrata\u00e7\u00e3o de imigrantes para obras de reconstru\u00e7\u00e3o e afirma que os canais de migra\u00e7\u00e3o regulada, com vistos pelo sistema consular, s\u00e3o os \u00fanicos v\u00e1lidos; at\u00e9 agora n\u00e3o passaram de cerca de tr\u00eas mil os processos. O STM defende o refor\u00e7o da presen\u00e7a institucional no exterior, cria\u00e7\u00e3o de novos postos em pa\u00edses centrais nas din\u00e2micas migrat\u00f3rias, valoriza\u00e7\u00e3o dos trabalhadores da imigra\u00e7\u00e3o e melhoria das condi\u00e7\u00f5es de integra\u00e7\u00e3o e forma\u00e7\u00e3o.\" \/>\n<meta property=\"og:url\" content=\"https:\/\/portaltela.pt\/noticias\/2026\/03\/13\/sindicato-acusa-governo-de-ceder-controlo-direto-sobre-vistos-a-multinacional\/\" \/>\n<meta property=\"og:site_name\" content=\"Portal Tela Portugal\" \/>\n<meta property=\"article:published_time\" content=\"2026-03-13T14:33:22+00:00\" \/>\n<meta name=\"author\" content=\"Telinha\" \/>\n<meta name=\"twitter:card\" content=\"summary_large_image\" \/>\n<meta name=\"twitter:label1\" content=\"Escrito por\" \/>\n\t<meta name=\"twitter:data1\" content=\"Telinha\" \/>\n\t<meta name=\"twitter:label2\" content=\"Tempo estimado de leitura\" \/>\n\t<meta name=\"twitter:data2\" content=\"2 minutos\" \/>\n<script type=\"application\/ld+json\" class=\"yoast-schema-graph\">{\"@context\":\"https:\/\/schema.org\",\"@graph\":[{\"@type\":\"Article\",\"@id\":\"https:\/\/portaltela.pt\/noticias\/2026\/03\/13\/sindicato-acusa-governo-de-ceder-controlo-direto-sobre-vistos-a-multinacional\/#article\",\"isPartOf\":{\"@id\":\"https:\/\/portaltela.pt\/noticias\/2026\/03\/13\/sindicato-acusa-governo-de-ceder-controlo-direto-sobre-vistos-a-multinacional\/\"},\"author\":{\"name\":\"Telinha\",\"@id\":\"https:\/\/portaltela.pt\/#\/schema\/person\/c4278d4a6028830caff9ee44b42d32ed\"},\"headline\":\"Sindicato acusa Governo de ceder controlo direto sobre vistos a multinacional\",\"datePublished\":\"2026-03-13T14:33:22+00:00\",\"mainEntityOfPage\":{\"@id\":\"https:\/\/portaltela.pt\/noticias\/2026\/03\/13\/sindicato-acusa-governo-de-ceder-controlo-direto-sobre-vistos-a-multinacional\/\"},\"wordCount\":389,\"image\":{\"@id\":\"https:\/\/portaltela.pt\/noticias\/2026\/03\/13\/sindicato-acusa-governo-de-ceder-controlo-direto-sobre-vistos-a-multinacional\/#primaryimage\"},\"thumbnailUrl\":\"https:\/\/portaltela.pt\/s.01k8rhncp4jt1\/2026\/03\/img_1500x1000uu2025-06-23-19-53-09-2218181.jpg\",\"keywords\":[\"consulados\",\"coopera\u00e7\u00e3o internacional\",\"embaixadas\",\"imigra\u00e7\u00e3o\",\"imigra\u00e7\u00e3o internacional\",\"rela\u00e7\u00f5es internacionais\"],\"articleSection\":[\"Pol\u00edtica\",\"Sociedade\"],\"inLanguage\":\"pt-PT\"},{\"@type\":\"WebPage\",\"@id\":\"https:\/\/portaltela.pt\/noticias\/2026\/03\/13\/sindicato-acusa-governo-de-ceder-controlo-direto-sobre-vistos-a-multinacional\/\",\"url\":\"https:\/\/portaltela.pt\/noticias\/2026\/03\/13\/sindicato-acusa-governo-de-ceder-controlo-direto-sobre-vistos-a-multinacional\/\",\"name\":\"Sindicato acusa Governo de ceder controlo direto sobre vistos a multinacional - Portal Tela Portugal\",\"isPartOf\":{\"@id\":\"https:\/\/portaltela.pt\/#website\"},\"primaryImageOfPage\":{\"@id\":\"https:\/\/portaltela.pt\/noticias\/2026\/03\/13\/sindicato-acusa-governo-de-ceder-controlo-direto-sobre-vistos-a-multinacional\/#primaryimage\"},\"image\":{\"@id\":\"https:\/\/portaltela.pt\/noticias\/2026\/03\/13\/sindicato-acusa-governo-de-ceder-controlo-direto-sobre-vistos-a-multinacional\/#primaryimage\"},\"thumbnailUrl\":\"https:\/\/portaltela.pt\/s.01k8rhncp4jt1\/2026\/03\/img_1500x1000uu2025-06-23-19-53-09-2218181.jpg\",\"datePublished\":\"2026-03-13T14:33:22+00:00\",\"author\":{\"@id\":\"https:\/\/portaltela.pt\/#\/schema\/person\/c4278d4a6028830caff9ee44b42d32ed\"},\"breadcrumb\":{\"@id\":\"https:\/\/portaltela.pt\/noticias\/2026\/03\/13\/sindicato-acusa-governo-de-ceder-controlo-direto-sobre-vistos-a-multinacional\/#breadcrumb\"},\"inLanguage\":\"pt-PT\",\"potentialAction\":[{\"@type\":\"ReadAction\",\"target\":[\"https:\/\/portaltela.pt\/noticias\/2026\/03\/13\/sindicato-acusa-governo-de-ceder-controlo-direto-sobre-vistos-a-multinacional\/\"]}]},{\"@type\":\"ImageObject\",\"inLanguage\":\"pt-PT\",\"@id\":\"https:\/\/portaltela.pt\/noticias\/2026\/03\/13\/sindicato-acusa-governo-de-ceder-controlo-direto-sobre-vistos-a-multinacional\/#primaryimage\",\"url\":\"https:\/\/portaltela.pt\/s.01k8rhncp4jt1\/2026\/03\/img_1500x1000uu2025-06-23-19-53-09-2218181.jpg\",\"contentUrl\":\"https:\/\/portaltela.pt\/s.01k8rhncp4jt1\/2026\/03\/img_1500x1000uu2025-06-23-19-53-09-2218181.jpg\",\"width\":796,\"height\":448,\"caption\":\"AIMA\"},{\"@type\":\"BreadcrumbList\",\"@id\":\"https:\/\/portaltela.pt\/noticias\/2026\/03\/13\/sindicato-acusa-governo-de-ceder-controlo-direto-sobre-vistos-a-multinacional\/#breadcrumb\",\"itemListElement\":[{\"@type\":\"ListItem\",\"position\":1,\"name\":\"In\u00edcio\",\"item\":\"https:\/\/portaltela.pt\/\"},{\"@type\":\"ListItem\",\"position\":2,\"name\":\"Sindicato acusa Governo de ceder controlo direto sobre vistos a multinacional\"}]},{\"@type\":\"WebSite\",\"@id\":\"https:\/\/portaltela.pt\/#website\",\"url\":\"https:\/\/portaltela.pt\/\",\"name\":\"Portal Tela Portugal\",\"description\":\"\",\"potentialAction\":[{\"@type\":\"SearchAction\",\"target\":{\"@type\":\"EntryPoint\",\"urlTemplate\":\"https:\/\/portaltela.pt\/?s={search_term_string}\"},\"query-input\":{\"@type\":\"PropertyValueSpecification\",\"valueRequired\":true,\"valueName\":\"search_term_string\"}}],\"inLanguage\":\"pt-PT\"},{\"@type\":\"Person\",\"@id\":\"https:\/\/portaltela.pt\/#\/schema\/person\/c4278d4a6028830caff9ee44b42d32ed\",\"name\":\"Telinha\",\"image\":{\"@type\":\"ImageObject\",\"inLanguage\":\"pt-PT\",\"@id\":\"https:\/\/portaltela.pt\/s.01k8rhncp4jt1\/2025\/11\/talking-bot-125x125.png\",\"url\":\"https:\/\/portaltela.pt\/s.01k8rhncp4jt1\/2025\/11\/talking-bot-125x125.png\",\"contentUrl\":\"https:\/\/portaltela.pt\/s.01k8rhncp4jt1\/2025\/11\/talking-bot-125x125.png\",\"caption\":\"Telinha\"},\"sameAs\":[\"https:\/\/portaltela.pt\/\"],\"url\":\"https:\/\/portaltela.pt\/por\/367410592786\/\"}]}<\/script>\n<!-- \/ Yoast SEO plugin. -->","yoast_head_json":{"title":"Sindicato acusa Governo de ceder controlo direto sobre vistos a multinacional - Portal Tela Portugal","robots":{"index":"index","follow":"follow","max-snippet":"max-snippet:-1","max-image-preview":"max-image-preview:large","max-video-preview":"max-video-preview:-1"},"og_locale":"pt_PT","og_type":"article","og_title":"Sindicato acusa Governo de ceder controlo direto sobre vistos a multinacional - Portal Tela Portugal","og_description":"O Sindicato dos Trabalhadores da Migra\u00e7\u00f5es (STM) acusa o Governo de entregar a gest\u00e3o de vistos de trabalho a uma multinacional (VFS Global) devido \u00e0 falta de investimento na rede diplom\u00e1tica. O STM solicita a revis\u00e3o urgente da lei org\u00e2nica da Ag\u00eancia para a Integra\u00e7\u00e3o, Migra\u00e7\u00f5es e Asilo (AIMA) para combater a precariedade e refor\u00e7ar a rede diplom\u00e1tica. O documento aponta que os Oficiais de Liga\u00e7\u00e3o da Imigra\u00e7\u00e3o est\u00e3o desertos h\u00e1 cerca de dois anos, e que grande parte da tramita\u00e7\u00e3o de vistos depende da multinacional. O Governo j\u00e1 recusou pedidos de flexibiliza\u00e7\u00e3o na contrata\u00e7\u00e3o de imigrantes para obras de reconstru\u00e7\u00e3o e afirma que os canais de migra\u00e7\u00e3o regulada, com vistos pelo sistema consular, s\u00e3o os \u00fanicos v\u00e1lidos; at\u00e9 agora n\u00e3o passaram de cerca de tr\u00eas mil os processos. O STM defende o refor\u00e7o da presen\u00e7a institucional no exterior, cria\u00e7\u00e3o de novos postos em pa\u00edses centrais nas din\u00e2micas migrat\u00f3rias, valoriza\u00e7\u00e3o dos trabalhadores da imigra\u00e7\u00e3o e melhoria das condi\u00e7\u00f5es de integra\u00e7\u00e3o e forma\u00e7\u00e3o.","og_url":"https:\/\/portaltela.pt\/noticias\/2026\/03\/13\/sindicato-acusa-governo-de-ceder-controlo-direto-sobre-vistos-a-multinacional\/","og_site_name":"Portal Tela Portugal","article_published_time":"2026-03-13T14:33:22+00:00","author":"Telinha","twitter_card":"summary_large_image","twitter_misc":{"Escrito por":"Telinha","Tempo estimado de leitura":"2 minutos"},"schema":{"@context":"https:\/\/schema.org","@graph":[{"@type":"Article","@id":"https:\/\/portaltela.pt\/noticias\/2026\/03\/13\/sindicato-acusa-governo-de-ceder-controlo-direto-sobre-vistos-a-multinacional\/#article","isPartOf":{"@id":"https:\/\/portaltela.pt\/noticias\/2026\/03\/13\/sindicato-acusa-governo-de-ceder-controlo-direto-sobre-vistos-a-multinacional\/"},"author":{"name":"Telinha","@id":"https:\/\/portaltela.pt\/#\/schema\/person\/c4278d4a6028830caff9ee44b42d32ed"},"headline":"Sindicato acusa Governo de ceder controlo direto sobre vistos a multinacional","datePublished":"2026-03-13T14:33:22+00:00","mainEntityOfPage":{"@id":"https:\/\/portaltela.pt\/noticias\/2026\/03\/13\/sindicato-acusa-governo-de-ceder-controlo-direto-sobre-vistos-a-multinacional\/"},"wordCount":389,"image":{"@id":"https:\/\/portaltela.pt\/noticias\/2026\/03\/13\/sindicato-acusa-governo-de-ceder-controlo-direto-sobre-vistos-a-multinacional\/#primaryimage"},"thumbnailUrl":"https:\/\/portaltela.pt\/s.01k8rhncp4jt1\/2026\/03\/img_1500x1000uu2025-06-23-19-53-09-2218181.jpg","keywords":["consulados","coopera\u00e7\u00e3o internacional","embaixadas","imigra\u00e7\u00e3o","imigra\u00e7\u00e3o internacional","rela\u00e7\u00f5es internacionais"],"articleSection":["Pol\u00edtica","Sociedade"],"inLanguage":"pt-PT"},{"@type":"WebPage","@id":"https:\/\/portaltela.pt\/noticias\/2026\/03\/13\/sindicato-acusa-governo-de-ceder-controlo-direto-sobre-vistos-a-multinacional\/","url":"https:\/\/portaltela.pt\/noticias\/2026\/03\/13\/sindicato-acusa-governo-de-ceder-controlo-direto-sobre-vistos-a-multinacional\/","name":"Sindicato acusa Governo de ceder controlo direto sobre vistos a multinacional - Portal Tela Portugal","isPartOf":{"@id":"https:\/\/portaltela.pt\/#website"},"primaryImageOfPage":{"@id":"https:\/\/portaltela.pt\/noticias\/2026\/03\/13\/sindicato-acusa-governo-de-ceder-controlo-direto-sobre-vistos-a-multinacional\/#primaryimage"},"image":{"@id":"https:\/\/portaltela.pt\/noticias\/2026\/03\/13\/sindicato-acusa-governo-de-ceder-controlo-direto-sobre-vistos-a-multinacional\/#primaryimage"},"thumbnailUrl":"https:\/\/portaltela.pt\/s.01k8rhncp4jt1\/2026\/03\/img_1500x1000uu2025-06-23-19-53-09-2218181.jpg","datePublished":"2026-03-13T14:33:22+00:00","author":{"@id":"https:\/\/portaltela.pt\/#\/schema\/person\/c4278d4a6028830caff9ee44b42d32ed"},"breadcrumb":{"@id":"https:\/\/portaltela.pt\/noticias\/2026\/03\/13\/sindicato-acusa-governo-de-ceder-controlo-direto-sobre-vistos-a-multinacional\/#breadcrumb"},"inLanguage":"pt-PT","potentialAction":[{"@type":"ReadAction","target":["https:\/\/portaltela.pt\/noticias\/2026\/03\/13\/sindicato-acusa-governo-de-ceder-controlo-direto-sobre-vistos-a-multinacional\/"]}]},{"@type":"ImageObject","inLanguage":"pt-PT","@id":"https:\/\/portaltela.pt\/noticias\/2026\/03\/13\/sindicato-acusa-governo-de-ceder-controlo-direto-sobre-vistos-a-multinacional\/#primaryimage","url":"https:\/\/portaltela.pt\/s.01k8rhncp4jt1\/2026\/03\/img_1500x1000uu2025-06-23-19-53-09-2218181.jpg","contentUrl":"https:\/\/portaltela.pt\/s.01k8rhncp4jt1\/2026\/03\/img_1500x1000uu2025-06-23-19-53-09-2218181.jpg","width":796,"height":448,"caption":"AIMA"},{"@type":"BreadcrumbList","@id":"https:\/\/portaltela.pt\/noticias\/2026\/03\/13\/sindicato-acusa-governo-de-ceder-controlo-direto-sobre-vistos-a-multinacional\/#breadcrumb","itemListElement":[{"@type":"ListItem","position":1,"name":"In\u00edcio","item":"https:\/\/portaltela.pt\/"},{"@type":"ListItem","position":2,"name":"Sindicato acusa Governo de ceder controlo direto sobre vistos a multinacional"}]},{"@type":"WebSite","@id":"https:\/\/portaltela.pt\/#website","url":"https:\/\/portaltela.pt\/","name":"Portal Tela Portugal","description":"","potentialAction":[{"@type":"SearchAction","target":{"@type":"EntryPoint","urlTemplate":"https:\/\/portaltela.pt\/?s={search_term_string}"},"query-input":{"@type":"PropertyValueSpecification","valueRequired":true,"valueName":"search_term_string"}}],"inLanguage":"pt-PT"},{"@type":"Person","@id":"https:\/\/portaltela.pt\/#\/schema\/person\/c4278d4a6028830caff9ee44b42d32ed","name":"Telinha","image":{"@type":"ImageObject","inLanguage":"pt-PT","@id":"https:\/\/portaltela.pt\/s.01k8rhncp4jt1\/2025\/11\/talking-bot-125x125.png","url":"https:\/\/portaltela.pt\/s.01k8rhncp4jt1\/2025\/11\/talking-bot-125x125.png","contentUrl":"https:\/\/portaltela.pt\/s.01k8rhncp4jt1\/2025\/11\/talking-bot-125x125.png","caption":"Telinha"},"sameAs":["https:\/\/portaltela.pt\/"],"url":"https:\/\/portaltela.pt\/por\/367410592786\/"}]}},"_links":{"self":[{"href":"https:\/\/portaltela.pt\/api\/wp\/v2\/posts\/408898","targetHints":{"allow":["GET"]}}],"collection":[{"href":"https:\/\/portaltela.pt\/api\/wp\/v2\/posts"}],"about":[{"href":"https:\/\/portaltela.pt\/api\/wp\/v2\/types\/post"}],"author":[{"embeddable":true,"href":"https:\/\/portaltela.pt\/api\/wp\/v2\/users\/2"}],"replies":[{"embeddable":true,"href":"https:\/\/portaltela.pt\/api\/wp\/v2\/comments?post=408898"}],"version-history":[{"count":0,"href":"https:\/\/portaltela.pt\/api\/wp\/v2\/posts\/408898\/revisions"}],"wp:featuredmedia":[{"embeddable":true,"href":"https:\/\/portaltela.pt\/api\/wp\/v2\/media\/408908"}],"wp:attachment":[{"href":"https:\/\/portaltela.pt\/api\/wp\/v2\/media?parent=408898"}],"wp:term":[{"taxonomy":"category","embeddable":true,"href":"https:\/\/portaltela.pt\/api\/wp\/v2\/categories?post=408898"},{"taxonomy":"post_tag","embeddable":true,"href":"https:\/\/portaltela.pt\/api\/wp\/v2\/tags?post=408898"}],"curies":[{"name":"wp","href":"https:\/\/api.w.org\/{rel}","templated":true}]}}