{"id":408890,"date":"2026-03-13T11:44:25","date_gmt":"2026-03-13T14:44:25","guid":{"rendered":"https:\/\/portaltela.pt\/noticias\/2026\/03\/13\/ventura-recorre-ao-constitucional-de-decisao-da-relacao-sobre-cartazes\/"},"modified":"2026-03-13T11:44:25","modified_gmt":"2026-03-13T14:44:25","slug":"ventura-recorre-ao-constitucional-de-decisao-da-relacao-sobre-cartazes","status":"publish","type":"post","link":"https:\/\/portaltela.pt\/noticias\/2026\/03\/13\/ventura-recorre-ao-constitucional-de-decisao-da-relacao-sobre-cartazes\/","title":{"rendered":"Ventura recorre ao Constitucional de decis\u00e3o da Rela\u00e7\u00e3o sobre cartazes"},"content":{"rendered":"<p>O ex-candidato Andr\u00e9 Ventura confirmou que vai recorrer da decis\u00e3o da Rela\u00e7\u00e3o de Lisboa que confirmou a obriga\u00e7\u00e3o de retirar os cartazes dirigidos \u00e0 comunidade cigana. O recurso dever\u00e1 ser apresentado ao Tribunal Constitucional, segundo declarou \u00e0 entrada da Assembleia da Rep\u00fablica.<\/p>\n<p>A Rela\u00e7\u00e3o de Lisboa chumbou o recurso de Ventura e manteve a decis\u00e3o do Tribunal C\u00edvel de Lisboa que ordenou a retirada dos cartazes da candidatura presidencial. O objetivo era remover mensagens associadas a essa comunidade.<\/p>\n<p>Na quinta-feira, o Minist\u00e9rio P\u00fablico concluiu que as mensagens n\u00e3o incitavam nem amea\u00e7avam as minorias visadas, o que contrasta com a posi\u00e7\u00e3o do contested. Ventura afirmou que a decis\u00e3o representa uma censura e uma agress\u00e3o \u00e0 liberdade de express\u00e3o durante a campanha.<\/p>\n<h3>Evolu\u00e7\u00e3o do caso<\/h3>\n<p>O l\u00edder do Chega assegurou que a decis\u00e3o pode ser revista por inst\u00e2ncias superiores para assegurar uniformiza\u00e7\u00e3o da jurisprud\u00eancia em Portugal. Refere ainda que pode chegar ao Tribunal Europeu dos Direitos do Homem se necess\u00e1rio, para defender liberdade de imprensa e democracia.<\/p>\n<p>Ventura argumentou que as decis\u00f5es podem criar jurisprud\u00eancia perigosa para futuras campanhas pol\u00edticas. Refor\u00e7ou que as mensagens visavam exigir cumprimento da lei por parte de todos, sem discriminar qualquer grupo.<\/p>\n","protected":false},"excerpt":{"rendered":"<ul>\n<li>O Tribunal da Rela\u00e7\u00e3o de Lisboa manteve a ordem de retirar os cartazes da candidatura de Andr\u00e9 Ventura que visavam a comunidade cigana.<\/li>\n<li>Ventura indicou que vai recorrer ao Tribunal Constitucional para obter uma uniformiza\u00e7\u00e3o da jurisprud\u00eancia e afirmou que a quest\u00e3o envolve liberdade de express\u00e3o, democracia e pluralismo; pode ainda levar o caso ao Tribunal Europeu dos Direitos do Homem.<\/li>\n<li>O Minist\u00e9rio P\u00fablico, na quinta-feira, concluiu que as mensagens dos cartazes n\u00e3o incitavam nem amea\u00e7avam minorias.<\/li>\n<li>O l\u00edder do Chega classificou a decis\u00e3o como censura velada e destacou a gravidade de decis\u00f5es de tribunais superiores seguirem decis\u00f5es de ju\u00edzes durante uma campanha.<\/li>\n<li>O caso centra-se em liberdade de express\u00e3o no contexto de campanhas pol\u00edticas e pode ter impactos sobre futuras candidaturas, segundo Ventura.<\/li>\n<\/ul>\n","protected":false},"author":2,"featured_media":408900,"comment_status":"closed","ping_status":"closed","sticky":false,"template":"","format":"standard","meta":{"footnotes":""},"categories":[6815,1],"tags":[3035,6337,803,2920,6208,2558],"class_list":["post-408890","post","type-post","status-publish","format-standard","has-post-thumbnail","hentry","category-justica","category-noticias","tag-comunidade","tag-direito","tag-justica","tag-liberdade-de-expressao","tag-tribunais","tag-ventura"],"yoast_head":"<!-- This site is optimized with the Yoast SEO plugin v27.2 - https:\/\/yoast.com\/product\/yoast-seo-wordpress\/ -->\n<title>Ventura recorre ao Constitucional de decis\u00e3o da Rela\u00e7\u00e3o sobre cartazes - Portal Tela Portugal<\/title>\n<meta name=\"robots\" content=\"index, follow, max-snippet:-1, max-image-preview:large, max-video-preview:-1\" \/>\n<meta property=\"og:locale\" content=\"pt_PT\" \/>\n<meta property=\"og:type\" content=\"article\" \/>\n<meta property=\"og:title\" content=\"Ventura recorre ao Constitucional de decis\u00e3o da Rela\u00e7\u00e3o sobre cartazes - Portal Tela Portugal\" \/>\n<meta property=\"og:description\" content=\"O Tribunal da Rela\u00e7\u00e3o de Lisboa manteve a ordem de retirar os cartazes da candidatura de Andr\u00e9 Ventura que visavam a comunidade cigana. Ventura indicou que vai recorrer ao Tribunal Constitucional para obter uma uniformiza\u00e7\u00e3o da jurisprud\u00eancia e afirmou que a quest\u00e3o envolve liberdade de express\u00e3o, democracia e pluralismo; pode ainda levar o caso ao Tribunal Europeu dos Direitos do Homem. O Minist\u00e9rio P\u00fablico, na quinta-feira, concluiu que as mensagens dos cartazes n\u00e3o incitavam nem amea\u00e7avam minorias. O l\u00edder do Chega classificou a decis\u00e3o como censura velada e destacou a gravidade de decis\u00f5es de tribunais superiores seguirem decis\u00f5es de ju\u00edzes durante uma campanha. O caso centra-se em liberdade de express\u00e3o no contexto de campanhas pol\u00edticas e pode ter impactos sobre futuras candidaturas, segundo Ventura.\" \/>\n<meta property=\"og:url\" content=\"https:\/\/portaltela.pt\/noticias\/2026\/03\/13\/ventura-recorre-ao-constitucional-de-decisao-da-relacao-sobre-cartazes\/\" \/>\n<meta property=\"og:site_name\" content=\"Portal Tela Portugal\" \/>\n<meta property=\"article:published_time\" content=\"2026-03-13T14:44:25+00:00\" \/>\n<meta name=\"author\" content=\"Telinha\" \/>\n<meta name=\"twitter:card\" content=\"summary_large_image\" \/>\n<meta name=\"twitter:label1\" content=\"Escrito por\" \/>\n\t<meta name=\"twitter:data1\" content=\"Telinha\" \/>\n\t<meta name=\"twitter:label2\" content=\"Tempo estimado de leitura\" \/>\n\t<meta name=\"twitter:data2\" content=\"1 minuto\" \/>\n<script type=\"application\/ld+json\" class=\"yoast-schema-graph\">{\"@context\":\"https:\/\/schema.org\",\"@graph\":[{\"@type\":\"Article\",\"@id\":\"https:\/\/portaltela.pt\/noticias\/2026\/03\/13\/ventura-recorre-ao-constitucional-de-decisao-da-relacao-sobre-cartazes\/#article\",\"isPartOf\":{\"@id\":\"https:\/\/portaltela.pt\/noticias\/2026\/03\/13\/ventura-recorre-ao-constitucional-de-decisao-da-relacao-sobre-cartazes\/\"},\"author\":{\"name\":\"Telinha\",\"@id\":\"https:\/\/portaltela.pt\/#\/schema\/person\/c4278d4a6028830caff9ee44b42d32ed\"},\"headline\":\"Ventura recorre ao Constitucional de decis\u00e3o da Rela\u00e7\u00e3o sobre cartazes\",\"datePublished\":\"2026-03-13T14:44:25+00:00\",\"mainEntityOfPage\":{\"@id\":\"https:\/\/portaltela.pt\/noticias\/2026\/03\/13\/ventura-recorre-ao-constitucional-de-decisao-da-relacao-sobre-cartazes\/\"},\"wordCount\":230,\"image\":{\"@id\":\"https:\/\/portaltela.pt\/noticias\/2026\/03\/13\/ventura-recorre-ao-constitucional-de-decisao-da-relacao-sobre-cartazes\/#primaryimage\"},\"thumbnailUrl\":\"https:\/\/portaltela.pt\/s.01k8rhncp4jt1\/2026\/03\/img_1500x1000uu2025-10-29-17-03-11-2244340.jpg\",\"keywords\":[\"comunidade\",\"direito\",\"justi\u00e7a\",\"liberdade de express\u00e3o\",\"Tribunais\",\"Ventura\"],\"articleSection\":[\"Justi\u00e7a\",\"Not\u00edcias\"],\"inLanguage\":\"pt-PT\"},{\"@type\":\"WebPage\",\"@id\":\"https:\/\/portaltela.pt\/noticias\/2026\/03\/13\/ventura-recorre-ao-constitucional-de-decisao-da-relacao-sobre-cartazes\/\",\"url\":\"https:\/\/portaltela.pt\/noticias\/2026\/03\/13\/ventura-recorre-ao-constitucional-de-decisao-da-relacao-sobre-cartazes\/\",\"name\":\"Ventura recorre ao Constitucional de decis\u00e3o da Rela\u00e7\u00e3o sobre cartazes - Portal Tela Portugal\",\"isPartOf\":{\"@id\":\"https:\/\/portaltela.pt\/#website\"},\"primaryImageOfPage\":{\"@id\":\"https:\/\/portaltela.pt\/noticias\/2026\/03\/13\/ventura-recorre-ao-constitucional-de-decisao-da-relacao-sobre-cartazes\/#primaryimage\"},\"image\":{\"@id\":\"https:\/\/portaltela.pt\/noticias\/2026\/03\/13\/ventura-recorre-ao-constitucional-de-decisao-da-relacao-sobre-cartazes\/#primaryimage\"},\"thumbnailUrl\":\"https:\/\/portaltela.pt\/s.01k8rhncp4jt1\/2026\/03\/img_1500x1000uu2025-10-29-17-03-11-2244340.jpg\",\"datePublished\":\"2026-03-13T14:44:25+00:00\",\"author\":{\"@id\":\"https:\/\/portaltela.pt\/#\/schema\/person\/c4278d4a6028830caff9ee44b42d32ed\"},\"breadcrumb\":{\"@id\":\"https:\/\/portaltela.pt\/noticias\/2026\/03\/13\/ventura-recorre-ao-constitucional-de-decisao-da-relacao-sobre-cartazes\/#breadcrumb\"},\"inLanguage\":\"pt-PT\",\"potentialAction\":[{\"@type\":\"ReadAction\",\"target\":[\"https:\/\/portaltela.pt\/noticias\/2026\/03\/13\/ventura-recorre-ao-constitucional-de-decisao-da-relacao-sobre-cartazes\/\"]}]},{\"@type\":\"ImageObject\",\"inLanguage\":\"pt-PT\",\"@id\":\"https:\/\/portaltela.pt\/noticias\/2026\/03\/13\/ventura-recorre-ao-constitucional-de-decisao-da-relacao-sobre-cartazes\/#primaryimage\",\"url\":\"https:\/\/portaltela.pt\/s.01k8rhncp4jt1\/2026\/03\/img_1500x1000uu2025-10-29-17-03-11-2244340.jpg\",\"contentUrl\":\"https:\/\/portaltela.pt\/s.01k8rhncp4jt1\/2026\/03\/img_1500x1000uu2025-10-29-17-03-11-2244340.jpg\",\"width\":796,\"height\":448,\"caption\":\"Cartaz de Ventura\"},{\"@type\":\"BreadcrumbList\",\"@id\":\"https:\/\/portaltela.pt\/noticias\/2026\/03\/13\/ventura-recorre-ao-constitucional-de-decisao-da-relacao-sobre-cartazes\/#breadcrumb\",\"itemListElement\":[{\"@type\":\"ListItem\",\"position\":1,\"name\":\"In\u00edcio\",\"item\":\"https:\/\/portaltela.pt\/\"},{\"@type\":\"ListItem\",\"position\":2,\"name\":\"Ventura recorre ao Constitucional de decis\u00e3o da Rela\u00e7\u00e3o sobre cartazes\"}]},{\"@type\":\"WebSite\",\"@id\":\"https:\/\/portaltela.pt\/#website\",\"url\":\"https:\/\/portaltela.pt\/\",\"name\":\"Portal Tela Portugal\",\"description\":\"\",\"potentialAction\":[{\"@type\":\"SearchAction\",\"target\":{\"@type\":\"EntryPoint\",\"urlTemplate\":\"https:\/\/portaltela.pt\/?s={search_term_string}\"},\"query-input\":{\"@type\":\"PropertyValueSpecification\",\"valueRequired\":true,\"valueName\":\"search_term_string\"}}],\"inLanguage\":\"pt-PT\"},{\"@type\":\"Person\",\"@id\":\"https:\/\/portaltela.pt\/#\/schema\/person\/c4278d4a6028830caff9ee44b42d32ed\",\"name\":\"Telinha\",\"image\":{\"@type\":\"ImageObject\",\"inLanguage\":\"pt-PT\",\"@id\":\"https:\/\/portaltela.pt\/s.01k8rhncp4jt1\/2025\/11\/talking-bot-125x125.png\",\"url\":\"https:\/\/portaltela.pt\/s.01k8rhncp4jt1\/2025\/11\/talking-bot-125x125.png\",\"contentUrl\":\"https:\/\/portaltela.pt\/s.01k8rhncp4jt1\/2025\/11\/talking-bot-125x125.png\",\"caption\":\"Telinha\"},\"sameAs\":[\"https:\/\/portaltela.pt\/\"],\"url\":\"https:\/\/portaltela.pt\/por\/367410592786\/\"}]}<\/script>\n<!-- \/ Yoast SEO plugin. -->","yoast_head_json":{"title":"Ventura recorre ao Constitucional de decis\u00e3o da Rela\u00e7\u00e3o sobre cartazes - Portal Tela Portugal","robots":{"index":"index","follow":"follow","max-snippet":"max-snippet:-1","max-image-preview":"max-image-preview:large","max-video-preview":"max-video-preview:-1"},"og_locale":"pt_PT","og_type":"article","og_title":"Ventura recorre ao Constitucional de decis\u00e3o da Rela\u00e7\u00e3o sobre cartazes - Portal Tela Portugal","og_description":"O Tribunal da Rela\u00e7\u00e3o de Lisboa manteve a ordem de retirar os cartazes da candidatura de Andr\u00e9 Ventura que visavam a comunidade cigana. Ventura indicou que vai recorrer ao Tribunal Constitucional para obter uma uniformiza\u00e7\u00e3o da jurisprud\u00eancia e afirmou que a quest\u00e3o envolve liberdade de express\u00e3o, democracia e pluralismo; pode ainda levar o caso ao Tribunal Europeu dos Direitos do Homem. O Minist\u00e9rio P\u00fablico, na quinta-feira, concluiu que as mensagens dos cartazes n\u00e3o incitavam nem amea\u00e7avam minorias. O l\u00edder do Chega classificou a decis\u00e3o como censura velada e destacou a gravidade de decis\u00f5es de tribunais superiores seguirem decis\u00f5es de ju\u00edzes durante uma campanha. O caso centra-se em liberdade de express\u00e3o no contexto de campanhas pol\u00edticas e pode ter impactos sobre futuras candidaturas, segundo Ventura.","og_url":"https:\/\/portaltela.pt\/noticias\/2026\/03\/13\/ventura-recorre-ao-constitucional-de-decisao-da-relacao-sobre-cartazes\/","og_site_name":"Portal Tela Portugal","article_published_time":"2026-03-13T14:44:25+00:00","author":"Telinha","twitter_card":"summary_large_image","twitter_misc":{"Escrito por":"Telinha","Tempo estimado de leitura":"1 minuto"},"schema":{"@context":"https:\/\/schema.org","@graph":[{"@type":"Article","@id":"https:\/\/portaltela.pt\/noticias\/2026\/03\/13\/ventura-recorre-ao-constitucional-de-decisao-da-relacao-sobre-cartazes\/#article","isPartOf":{"@id":"https:\/\/portaltela.pt\/noticias\/2026\/03\/13\/ventura-recorre-ao-constitucional-de-decisao-da-relacao-sobre-cartazes\/"},"author":{"name":"Telinha","@id":"https:\/\/portaltela.pt\/#\/schema\/person\/c4278d4a6028830caff9ee44b42d32ed"},"headline":"Ventura recorre ao Constitucional de decis\u00e3o da Rela\u00e7\u00e3o sobre cartazes","datePublished":"2026-03-13T14:44:25+00:00","mainEntityOfPage":{"@id":"https:\/\/portaltela.pt\/noticias\/2026\/03\/13\/ventura-recorre-ao-constitucional-de-decisao-da-relacao-sobre-cartazes\/"},"wordCount":230,"image":{"@id":"https:\/\/portaltela.pt\/noticias\/2026\/03\/13\/ventura-recorre-ao-constitucional-de-decisao-da-relacao-sobre-cartazes\/#primaryimage"},"thumbnailUrl":"https:\/\/portaltela.pt\/s.01k8rhncp4jt1\/2026\/03\/img_1500x1000uu2025-10-29-17-03-11-2244340.jpg","keywords":["comunidade","direito","justi\u00e7a","liberdade de express\u00e3o","Tribunais","Ventura"],"articleSection":["Justi\u00e7a","Not\u00edcias"],"inLanguage":"pt-PT"},{"@type":"WebPage","@id":"https:\/\/portaltela.pt\/noticias\/2026\/03\/13\/ventura-recorre-ao-constitucional-de-decisao-da-relacao-sobre-cartazes\/","url":"https:\/\/portaltela.pt\/noticias\/2026\/03\/13\/ventura-recorre-ao-constitucional-de-decisao-da-relacao-sobre-cartazes\/","name":"Ventura recorre ao Constitucional de decis\u00e3o da Rela\u00e7\u00e3o sobre cartazes - Portal Tela Portugal","isPartOf":{"@id":"https:\/\/portaltela.pt\/#website"},"primaryImageOfPage":{"@id":"https:\/\/portaltela.pt\/noticias\/2026\/03\/13\/ventura-recorre-ao-constitucional-de-decisao-da-relacao-sobre-cartazes\/#primaryimage"},"image":{"@id":"https:\/\/portaltela.pt\/noticias\/2026\/03\/13\/ventura-recorre-ao-constitucional-de-decisao-da-relacao-sobre-cartazes\/#primaryimage"},"thumbnailUrl":"https:\/\/portaltela.pt\/s.01k8rhncp4jt1\/2026\/03\/img_1500x1000uu2025-10-29-17-03-11-2244340.jpg","datePublished":"2026-03-13T14:44:25+00:00","author":{"@id":"https:\/\/portaltela.pt\/#\/schema\/person\/c4278d4a6028830caff9ee44b42d32ed"},"breadcrumb":{"@id":"https:\/\/portaltela.pt\/noticias\/2026\/03\/13\/ventura-recorre-ao-constitucional-de-decisao-da-relacao-sobre-cartazes\/#breadcrumb"},"inLanguage":"pt-PT","potentialAction":[{"@type":"ReadAction","target":["https:\/\/portaltela.pt\/noticias\/2026\/03\/13\/ventura-recorre-ao-constitucional-de-decisao-da-relacao-sobre-cartazes\/"]}]},{"@type":"ImageObject","inLanguage":"pt-PT","@id":"https:\/\/portaltela.pt\/noticias\/2026\/03\/13\/ventura-recorre-ao-constitucional-de-decisao-da-relacao-sobre-cartazes\/#primaryimage","url":"https:\/\/portaltela.pt\/s.01k8rhncp4jt1\/2026\/03\/img_1500x1000uu2025-10-29-17-03-11-2244340.jpg","contentUrl":"https:\/\/portaltela.pt\/s.01k8rhncp4jt1\/2026\/03\/img_1500x1000uu2025-10-29-17-03-11-2244340.jpg","width":796,"height":448,"caption":"Cartaz de Ventura"},{"@type":"BreadcrumbList","@id":"https:\/\/portaltela.pt\/noticias\/2026\/03\/13\/ventura-recorre-ao-constitucional-de-decisao-da-relacao-sobre-cartazes\/#breadcrumb","itemListElement":[{"@type":"ListItem","position":1,"name":"In\u00edcio","item":"https:\/\/portaltela.pt\/"},{"@type":"ListItem","position":2,"name":"Ventura recorre ao Constitucional de decis\u00e3o da Rela\u00e7\u00e3o sobre cartazes"}]},{"@type":"WebSite","@id":"https:\/\/portaltela.pt\/#website","url":"https:\/\/portaltela.pt\/","name":"Portal Tela Portugal","description":"","potentialAction":[{"@type":"SearchAction","target":{"@type":"EntryPoint","urlTemplate":"https:\/\/portaltela.pt\/?s={search_term_string}"},"query-input":{"@type":"PropertyValueSpecification","valueRequired":true,"valueName":"search_term_string"}}],"inLanguage":"pt-PT"},{"@type":"Person","@id":"https:\/\/portaltela.pt\/#\/schema\/person\/c4278d4a6028830caff9ee44b42d32ed","name":"Telinha","image":{"@type":"ImageObject","inLanguage":"pt-PT","@id":"https:\/\/portaltela.pt\/s.01k8rhncp4jt1\/2025\/11\/talking-bot-125x125.png","url":"https:\/\/portaltela.pt\/s.01k8rhncp4jt1\/2025\/11\/talking-bot-125x125.png","contentUrl":"https:\/\/portaltela.pt\/s.01k8rhncp4jt1\/2025\/11\/talking-bot-125x125.png","caption":"Telinha"},"sameAs":["https:\/\/portaltela.pt\/"],"url":"https:\/\/portaltela.pt\/por\/367410592786\/"}]}},"_links":{"self":[{"href":"https:\/\/portaltela.pt\/api\/wp\/v2\/posts\/408890","targetHints":{"allow":["GET"]}}],"collection":[{"href":"https:\/\/portaltela.pt\/api\/wp\/v2\/posts"}],"about":[{"href":"https:\/\/portaltela.pt\/api\/wp\/v2\/types\/post"}],"author":[{"embeddable":true,"href":"https:\/\/portaltela.pt\/api\/wp\/v2\/users\/2"}],"replies":[{"embeddable":true,"href":"https:\/\/portaltela.pt\/api\/wp\/v2\/comments?post=408890"}],"version-history":[{"count":0,"href":"https:\/\/portaltela.pt\/api\/wp\/v2\/posts\/408890\/revisions"}],"wp:featuredmedia":[{"embeddable":true,"href":"https:\/\/portaltela.pt\/api\/wp\/v2\/media\/408900"}],"wp:attachment":[{"href":"https:\/\/portaltela.pt\/api\/wp\/v2\/media?parent=408890"}],"wp:term":[{"taxonomy":"category","embeddable":true,"href":"https:\/\/portaltela.pt\/api\/wp\/v2\/categories?post=408890"},{"taxonomy":"post_tag","embeddable":true,"href":"https:\/\/portaltela.pt\/api\/wp\/v2\/tags?post=408890"}],"curies":[{"name":"wp","href":"https:\/\/api.w.org\/{rel}","templated":true}]}}