{"id":408887,"date":"2026-03-13T11:25:00","date_gmt":"2026-03-13T14:25:00","guid":{"rendered":"https:\/\/portaltela.pt\/noticias\/2026\/03\/13\/vasco-seabra-quer-ser-protagonista-apesar-do-poderio-do-benfica\/"},"modified":"2026-03-13T11:25:00","modified_gmt":"2026-03-13T14:25:00","slug":"vasco-seabra-quer-ser-protagonista-apesar-do-poderio-do-benfica","status":"publish","type":"post","link":"https:\/\/portaltela.pt\/desporto\/futebol\/2026\/03\/13\/vasco-seabra-quer-ser-protagonista-apesar-do-poderio-do-benfica\/","title":{"rendered":"Vasco Seabra quer ser protagonista, apesar do poderio do Benfica"},"content":{"rendered":"<p>O treinador do Arouca, Vasco Seabra, afirmou hoje que espera um Benfica intenso para a 26.\u00aa jornada da I Liga, sem grandes altera\u00e7\u00f5es no rendimento que tem mostrado, e que pretende manter-se como protagonista no duelo entre as duas equipa.<\/p>\n<p>Seabra refor\u00e7ou que n\u00e3o abdica do objetivo de ser protagonista, mesmo diante do poderio do Benfica. O desafio \u00e9 orientado pela I Liga e ter\u00e1 lugar em Portugal, envolvendo as duas forma\u00e7\u00f5es.<\/p>\n<p>O t\u00e9cnico destacou a necessidade de manter o foco na prepara\u00e7\u00e3o do encontro, sem revelar t\u00e1ticas espec\u00edficas, e sublinhou a import\u00e2ncia de competir de forma assertiva perante o advers\u00e1rio encarnado.<\/p>\n","protected":false},"excerpt":{"rendered":"<ul>\n<li>Vasco Seabra, treinador do Arouca, afirmou hoje que espera um Benfica intenso, sem variar muito o que tem feito.<\/li>\n<li>Refor\u00e7ou o aim de manter-se como protagonista no encontro da 26.\u00aa jornada da I Liga.<\/li>\n<li>O jogo op\u00f5e o Arouca ao Benfica, em duelo da liga portuguesa.<\/li>\n<li>O tom mant\u00e9m-se objetivo e sem previs\u00f5es sobre o desfecho ou resultados.<\/li>\n<\/ul>\n","protected":false},"author":2,"featured_media":408889,"comment_status":"closed","ping_status":"closed","sticky":false,"template":"","format":"standard","meta":{"footnotes":""},"categories":[21,24],"tags":[4143,900,1946,32,1684,5524],"class_list":["post-408887","post","type-post","status-publish","format-standard","has-post-thumbnail","hentry","category-desporto","category-futebol","tag-1-liga","tag-arouca","tag-benfica","tag-futebol","tag-i-liga","tag-vasco-seabra"],"yoast_head":"<!-- This site is optimized with the Yoast SEO plugin v27.2 - https:\/\/yoast.com\/product\/yoast-seo-wordpress\/ -->\n<title>Vasco Seabra quer ser protagonista, apesar do poderio do Benfica - Portal Tela Portugal<\/title>\n<meta name=\"robots\" content=\"index, follow, max-snippet:-1, max-image-preview:large, max-video-preview:-1\" \/>\n<meta property=\"og:locale\" content=\"pt_PT\" \/>\n<meta property=\"og:type\" content=\"article\" \/>\n<meta property=\"og:title\" content=\"Vasco Seabra quer ser protagonista, apesar do poderio do Benfica - Portal Tela Portugal\" \/>\n<meta property=\"og:description\" content=\"Vasco Seabra, treinador do Arouca, afirmou hoje que espera um Benfica intenso, sem variar muito o que tem feito. Refor\u00e7ou o aim de manter-se como protagonista no encontro da 26.\u00aa jornada da I Liga. O jogo op\u00f5e o Arouca ao Benfica, em duelo da liga portuguesa. O tom mant\u00e9m-se objetivo e sem previs\u00f5es sobre o desfecho ou resultados.\" \/>\n<meta property=\"og:url\" content=\"https:\/\/portaltela.pt\/noticias\/2026\/03\/13\/vasco-seabra-quer-ser-protagonista-apesar-do-poderio-do-benfica\/\" \/>\n<meta property=\"og:site_name\" content=\"Portal Tela Portugal\" \/>\n<meta property=\"article:published_time\" content=\"2026-03-13T14:25:00+00:00\" \/>\n<meta name=\"author\" content=\"Telinha\" \/>\n<meta name=\"twitter:card\" content=\"summary_large_image\" \/>\n<meta name=\"twitter:label1\" content=\"Escrito por\" \/>\n\t<meta name=\"twitter:data1\" content=\"Telinha\" \/>\n\t<meta name=\"twitter:label2\" content=\"Tempo estimado de leitura\" \/>\n\t<meta name=\"twitter:data2\" content=\"1 minuto\" \/>\n<script type=\"application\/ld+json\" class=\"yoast-schema-graph\">{\"@context\":\"https:\/\/schema.org\",\"@graph\":[{\"@type\":\"Article\",\"@id\":\"https:\/\/portaltela.pt\/noticias\/2026\/03\/13\/vasco-seabra-quer-ser-protagonista-apesar-do-poderio-do-benfica\/#article\",\"isPartOf\":{\"@id\":\"https:\/\/portaltela.pt\/noticias\/2026\/03\/13\/vasco-seabra-quer-ser-protagonista-apesar-do-poderio-do-benfica\/\"},\"author\":{\"name\":\"Telinha\",\"@id\":\"https:\/\/portaltela.pt\/#\/schema\/person\/c4278d4a6028830caff9ee44b42d32ed\"},\"headline\":\"Vasco Seabra quer ser protagonista, apesar do poderio do Benfica\",\"datePublished\":\"2026-03-13T14:25:00+00:00\",\"mainEntityOfPage\":{\"@id\":\"https:\/\/portaltela.pt\/noticias\/2026\/03\/13\/vasco-seabra-quer-ser-protagonista-apesar-do-poderio-do-benfica\/\"},\"wordCount\":120,\"image\":{\"@id\":\"https:\/\/portaltela.pt\/noticias\/2026\/03\/13\/vasco-seabra-quer-ser-protagonista-apesar-do-poderio-do-benfica\/#primaryimage\"},\"thumbnailUrl\":\"https:\/\/portaltela.pt\/s.01k8rhncp4jt1\/2026\/03\/CACHE_780X1200_ANALOG_WATERMARKED_46464817_1880588_31012026063409.jpg\",\"keywords\":[\"1. Liga\",\"Arouca\",\"Benfica\",\"futebol\",\"I Liga\",\"Vasco Seabra\"],\"articleSection\":[\"Desporto\",\"Futebol\"],\"inLanguage\":\"pt-PT\"},{\"@type\":\"WebPage\",\"@id\":\"https:\/\/portaltela.pt\/noticias\/2026\/03\/13\/vasco-seabra-quer-ser-protagonista-apesar-do-poderio-do-benfica\/\",\"url\":\"https:\/\/portaltela.pt\/noticias\/2026\/03\/13\/vasco-seabra-quer-ser-protagonista-apesar-do-poderio-do-benfica\/\",\"name\":\"Vasco Seabra quer ser protagonista, apesar do poderio do Benfica - Portal Tela Portugal\",\"isPartOf\":{\"@id\":\"https:\/\/portaltela.pt\/#website\"},\"primaryImageOfPage\":{\"@id\":\"https:\/\/portaltela.pt\/noticias\/2026\/03\/13\/vasco-seabra-quer-ser-protagonista-apesar-do-poderio-do-benfica\/#primaryimage\"},\"image\":{\"@id\":\"https:\/\/portaltela.pt\/noticias\/2026\/03\/13\/vasco-seabra-quer-ser-protagonista-apesar-do-poderio-do-benfica\/#primaryimage\"},\"thumbnailUrl\":\"https:\/\/portaltela.pt\/s.01k8rhncp4jt1\/2026\/03\/CACHE_780X1200_ANALOG_WATERMARKED_46464817_1880588_31012026063409.jpg\",\"datePublished\":\"2026-03-13T14:25:00+00:00\",\"author\":{\"@id\":\"https:\/\/portaltela.pt\/#\/schema\/person\/c4278d4a6028830caff9ee44b42d32ed\"},\"breadcrumb\":{\"@id\":\"https:\/\/portaltela.pt\/noticias\/2026\/03\/13\/vasco-seabra-quer-ser-protagonista-apesar-do-poderio-do-benfica\/#breadcrumb\"},\"inLanguage\":\"pt-PT\",\"potentialAction\":[{\"@type\":\"ReadAction\",\"target\":[\"https:\/\/portaltela.pt\/noticias\/2026\/03\/13\/vasco-seabra-quer-ser-protagonista-apesar-do-poderio-do-benfica\/\"]}]},{\"@type\":\"ImageObject\",\"inLanguage\":\"pt-PT\",\"@id\":\"https:\/\/portaltela.pt\/noticias\/2026\/03\/13\/vasco-seabra-quer-ser-protagonista-apesar-do-poderio-do-benfica\/#primaryimage\",\"url\":\"https:\/\/portaltela.pt\/s.01k8rhncp4jt1\/2026\/03\/CACHE_780X1200_ANALOG_WATERMARKED_46464817_1880588_31012026063409.jpg\",\"contentUrl\":\"https:\/\/portaltela.pt\/s.01k8rhncp4jt1\/2026\/03\/CACHE_780X1200_ANALOG_WATERMARKED_46464817_1880588_31012026063409.jpg\",\"width\":796,\"height\":448,\"caption\":\"Vasco Seabra quer ser protagonista apesar do poderio do Benfica\"},{\"@type\":\"BreadcrumbList\",\"@id\":\"https:\/\/portaltela.pt\/noticias\/2026\/03\/13\/vasco-seabra-quer-ser-protagonista-apesar-do-poderio-do-benfica\/#breadcrumb\",\"itemListElement\":[{\"@type\":\"ListItem\",\"position\":1,\"name\":\"In\u00edcio\",\"item\":\"https:\/\/portaltela.pt\/\"},{\"@type\":\"ListItem\",\"position\":2,\"name\":\"Vasco Seabra quer ser protagonista, apesar do poderio do Benfica\"}]},{\"@type\":\"WebSite\",\"@id\":\"https:\/\/portaltela.pt\/#website\",\"url\":\"https:\/\/portaltela.pt\/\",\"name\":\"Portal Tela Portugal\",\"description\":\"\",\"potentialAction\":[{\"@type\":\"SearchAction\",\"target\":{\"@type\":\"EntryPoint\",\"urlTemplate\":\"https:\/\/portaltela.pt\/?s={search_term_string}\"},\"query-input\":{\"@type\":\"PropertyValueSpecification\",\"valueRequired\":true,\"valueName\":\"search_term_string\"}}],\"inLanguage\":\"pt-PT\"},{\"@type\":\"Person\",\"@id\":\"https:\/\/portaltela.pt\/#\/schema\/person\/c4278d4a6028830caff9ee44b42d32ed\",\"name\":\"Telinha\",\"image\":{\"@type\":\"ImageObject\",\"inLanguage\":\"pt-PT\",\"@id\":\"https:\/\/portaltela.pt\/s.01k8rhncp4jt1\/2025\/11\/talking-bot-125x125.png\",\"url\":\"https:\/\/portaltela.pt\/s.01k8rhncp4jt1\/2025\/11\/talking-bot-125x125.png\",\"contentUrl\":\"https:\/\/portaltela.pt\/s.01k8rhncp4jt1\/2025\/11\/talking-bot-125x125.png\",\"caption\":\"Telinha\"},\"sameAs\":[\"https:\/\/portaltela.pt\/\"],\"url\":\"https:\/\/portaltela.pt\/por\/367410592786\/\"}]}<\/script>\n<!-- \/ Yoast SEO plugin. -->","yoast_head_json":{"title":"Vasco Seabra quer ser protagonista, apesar do poderio do Benfica - Portal Tela Portugal","robots":{"index":"index","follow":"follow","max-snippet":"max-snippet:-1","max-image-preview":"max-image-preview:large","max-video-preview":"max-video-preview:-1"},"og_locale":"pt_PT","og_type":"article","og_title":"Vasco Seabra quer ser protagonista, apesar do poderio do Benfica - Portal Tela Portugal","og_description":"Vasco Seabra, treinador do Arouca, afirmou hoje que espera um Benfica intenso, sem variar muito o que tem feito. Refor\u00e7ou o aim de manter-se como protagonista no encontro da 26.\u00aa jornada da I Liga. O jogo op\u00f5e o Arouca ao Benfica, em duelo da liga portuguesa. O tom mant\u00e9m-se objetivo e sem previs\u00f5es sobre o desfecho ou resultados.","og_url":"https:\/\/portaltela.pt\/noticias\/2026\/03\/13\/vasco-seabra-quer-ser-protagonista-apesar-do-poderio-do-benfica\/","og_site_name":"Portal Tela Portugal","article_published_time":"2026-03-13T14:25:00+00:00","author":"Telinha","twitter_card":"summary_large_image","twitter_misc":{"Escrito por":"Telinha","Tempo estimado de leitura":"1 minuto"},"schema":{"@context":"https:\/\/schema.org","@graph":[{"@type":"Article","@id":"https:\/\/portaltela.pt\/noticias\/2026\/03\/13\/vasco-seabra-quer-ser-protagonista-apesar-do-poderio-do-benfica\/#article","isPartOf":{"@id":"https:\/\/portaltela.pt\/noticias\/2026\/03\/13\/vasco-seabra-quer-ser-protagonista-apesar-do-poderio-do-benfica\/"},"author":{"name":"Telinha","@id":"https:\/\/portaltela.pt\/#\/schema\/person\/c4278d4a6028830caff9ee44b42d32ed"},"headline":"Vasco Seabra quer ser protagonista, apesar do poderio do Benfica","datePublished":"2026-03-13T14:25:00+00:00","mainEntityOfPage":{"@id":"https:\/\/portaltela.pt\/noticias\/2026\/03\/13\/vasco-seabra-quer-ser-protagonista-apesar-do-poderio-do-benfica\/"},"wordCount":120,"image":{"@id":"https:\/\/portaltela.pt\/noticias\/2026\/03\/13\/vasco-seabra-quer-ser-protagonista-apesar-do-poderio-do-benfica\/#primaryimage"},"thumbnailUrl":"https:\/\/portaltela.pt\/s.01k8rhncp4jt1\/2026\/03\/CACHE_780X1200_ANALOG_WATERMARKED_46464817_1880588_31012026063409.jpg","keywords":["1. Liga","Arouca","Benfica","futebol","I Liga","Vasco Seabra"],"articleSection":["Desporto","Futebol"],"inLanguage":"pt-PT"},{"@type":"WebPage","@id":"https:\/\/portaltela.pt\/noticias\/2026\/03\/13\/vasco-seabra-quer-ser-protagonista-apesar-do-poderio-do-benfica\/","url":"https:\/\/portaltela.pt\/noticias\/2026\/03\/13\/vasco-seabra-quer-ser-protagonista-apesar-do-poderio-do-benfica\/","name":"Vasco Seabra quer ser protagonista, apesar do poderio do Benfica - Portal Tela Portugal","isPartOf":{"@id":"https:\/\/portaltela.pt\/#website"},"primaryImageOfPage":{"@id":"https:\/\/portaltela.pt\/noticias\/2026\/03\/13\/vasco-seabra-quer-ser-protagonista-apesar-do-poderio-do-benfica\/#primaryimage"},"image":{"@id":"https:\/\/portaltela.pt\/noticias\/2026\/03\/13\/vasco-seabra-quer-ser-protagonista-apesar-do-poderio-do-benfica\/#primaryimage"},"thumbnailUrl":"https:\/\/portaltela.pt\/s.01k8rhncp4jt1\/2026\/03\/CACHE_780X1200_ANALOG_WATERMARKED_46464817_1880588_31012026063409.jpg","datePublished":"2026-03-13T14:25:00+00:00","author":{"@id":"https:\/\/portaltela.pt\/#\/schema\/person\/c4278d4a6028830caff9ee44b42d32ed"},"breadcrumb":{"@id":"https:\/\/portaltela.pt\/noticias\/2026\/03\/13\/vasco-seabra-quer-ser-protagonista-apesar-do-poderio-do-benfica\/#breadcrumb"},"inLanguage":"pt-PT","potentialAction":[{"@type":"ReadAction","target":["https:\/\/portaltela.pt\/noticias\/2026\/03\/13\/vasco-seabra-quer-ser-protagonista-apesar-do-poderio-do-benfica\/"]}]},{"@type":"ImageObject","inLanguage":"pt-PT","@id":"https:\/\/portaltela.pt\/noticias\/2026\/03\/13\/vasco-seabra-quer-ser-protagonista-apesar-do-poderio-do-benfica\/#primaryimage","url":"https:\/\/portaltela.pt\/s.01k8rhncp4jt1\/2026\/03\/CACHE_780X1200_ANALOG_WATERMARKED_46464817_1880588_31012026063409.jpg","contentUrl":"https:\/\/portaltela.pt\/s.01k8rhncp4jt1\/2026\/03\/CACHE_780X1200_ANALOG_WATERMARKED_46464817_1880588_31012026063409.jpg","width":796,"height":448,"caption":"Vasco Seabra quer ser protagonista apesar do poderio do Benfica"},{"@type":"BreadcrumbList","@id":"https:\/\/portaltela.pt\/noticias\/2026\/03\/13\/vasco-seabra-quer-ser-protagonista-apesar-do-poderio-do-benfica\/#breadcrumb","itemListElement":[{"@type":"ListItem","position":1,"name":"In\u00edcio","item":"https:\/\/portaltela.pt\/"},{"@type":"ListItem","position":2,"name":"Vasco Seabra quer ser protagonista, apesar do poderio do Benfica"}]},{"@type":"WebSite","@id":"https:\/\/portaltela.pt\/#website","url":"https:\/\/portaltela.pt\/","name":"Portal Tela Portugal","description":"","potentialAction":[{"@type":"SearchAction","target":{"@type":"EntryPoint","urlTemplate":"https:\/\/portaltela.pt\/?s={search_term_string}"},"query-input":{"@type":"PropertyValueSpecification","valueRequired":true,"valueName":"search_term_string"}}],"inLanguage":"pt-PT"},{"@type":"Person","@id":"https:\/\/portaltela.pt\/#\/schema\/person\/c4278d4a6028830caff9ee44b42d32ed","name":"Telinha","image":{"@type":"ImageObject","inLanguage":"pt-PT","@id":"https:\/\/portaltela.pt\/s.01k8rhncp4jt1\/2025\/11\/talking-bot-125x125.png","url":"https:\/\/portaltela.pt\/s.01k8rhncp4jt1\/2025\/11\/talking-bot-125x125.png","contentUrl":"https:\/\/portaltela.pt\/s.01k8rhncp4jt1\/2025\/11\/talking-bot-125x125.png","caption":"Telinha"},"sameAs":["https:\/\/portaltela.pt\/"],"url":"https:\/\/portaltela.pt\/por\/367410592786\/"}]}},"_links":{"self":[{"href":"https:\/\/portaltela.pt\/api\/wp\/v2\/posts\/408887","targetHints":{"allow":["GET"]}}],"collection":[{"href":"https:\/\/portaltela.pt\/api\/wp\/v2\/posts"}],"about":[{"href":"https:\/\/portaltela.pt\/api\/wp\/v2\/types\/post"}],"author":[{"embeddable":true,"href":"https:\/\/portaltela.pt\/api\/wp\/v2\/users\/2"}],"replies":[{"embeddable":true,"href":"https:\/\/portaltela.pt\/api\/wp\/v2\/comments?post=408887"}],"version-history":[{"count":0,"href":"https:\/\/portaltela.pt\/api\/wp\/v2\/posts\/408887\/revisions"}],"wp:featuredmedia":[{"embeddable":true,"href":"https:\/\/portaltela.pt\/api\/wp\/v2\/media\/408889"}],"wp:attachment":[{"href":"https:\/\/portaltela.pt\/api\/wp\/v2\/media?parent=408887"}],"wp:term":[{"taxonomy":"category","embeddable":true,"href":"https:\/\/portaltela.pt\/api\/wp\/v2\/categories?post=408887"},{"taxonomy":"post_tag","embeddable":true,"href":"https:\/\/portaltela.pt\/api\/wp\/v2\/tags?post=408887"}],"curies":[{"name":"wp","href":"https:\/\/api.w.org\/{rel}","templated":true}]}}