{"id":408861,"date":"2026-03-13T10:45:57","date_gmt":"2026-03-13T13:45:57","guid":{"rendered":"https:\/\/portaltela.pt\/noticias\/2026\/03\/13\/aguas-do-algarve-lanca-licitacao-para-remodelacao-da-etar-de-paderne-e-purgatorio\/"},"modified":"2026-03-13T10:45:57","modified_gmt":"2026-03-13T13:45:57","slug":"aguas-do-algarve-lanca-licitacao-para-remodelacao-da-etar-de-paderne-e-purgatorio","status":"publish","type":"post","link":"https:\/\/portaltela.pt\/noticias\/2026\/03\/13\/aguas-do-algarve-lanca-licitacao-para-remodelacao-da-etar-de-paderne-e-purgatorio\/","title":{"rendered":"\u00c1guas do Algarve lan\u00e7a licita\u00e7\u00e3o para remodela\u00e7\u00e3o da ETAR de Paderne e Purgat\u00f3rio"},"content":{"rendered":"<p>Foi lan\u00e7ado o concurso p\u00fablico para conce\u00e7\u00e3o e constru\u00e7\u00e3o da remodela\u00e7\u00e3o da ETAR de Paderne e do Sistema Elevat\u00f3rio do Purgat\u00f3rio. A escolha \u00e9 feita por procedimento com publica\u00e7\u00e3o no JOUE, conforme o C\u00f3digo dos Contratos P\u00fablicos. O objetivo \u00e9 modernizar a infraestrutura e refor\u00e7ar o tratamento de \u00e1guas residuais.<\/p>\n<p>A empreitada tem pre\u00e7o base de 4.486.000 euros, acrescido de IVA, e um prazo de execu\u00e7\u00e3o de 880 dias. A interven\u00e7\u00e3o ocorre nas instala\u00e7\u00f5es atuais, com horizonte de projeto de 30 anos para responder \u00e0s necessidades presentes e futuras.<\/p>\n<p>A obra visa atender uma popula\u00e7\u00e3o entre 3.750 e 5.000 habitantes equivalentes, com caudais di\u00e1rios entre 728 e 970 m\u00b3\/dia, conforme cen\u00e1rios. A solu\u00e7\u00e3o base envolve lamas ativadas em arejamento prolongado (SBR) com alimenta\u00e7\u00e3o descont\u00ednua.<\/p>\n<p>O conjunto de tratamento l\u00edquido inclui gradagem, desarenamento, desengorduramento, regula\u00e7\u00e3o de caudal, eleva\u00e7\u00e3o quando aplic\u00e1vel, tratamento biol\u00f3gico em reatores SBR, eleva\u00e7\u00e3o final, filtra\u00e7\u00e3o e desinfe\u00e7\u00e3o UV. A capacidade dever\u00e1 manter-se acima de 90% da existente.<\/p>\n<h3>Efici\u00eancia energ\u00e9tica e controlo ambiental<\/h3>\n<p>A infraestrutura privilegiar\u00e1 solu\u00e7\u00f5es energeticamente eficientes, com redu\u00e7\u00e3o de consumo e de emiss\u00f5es. Medidas de controle de odor incluem confinamento de \u00e1reas cr\u00edticas e biofiltra\u00e7\u00e3o de ar nas zonas sens\u00edveis.<\/p>\n<h3>Financiamento e objetivos ambientais<\/h3>\n<p>O projeto conta com apoio do Fundo Europeu de Desenvolvimento Regional (FEDER) via o Programa Algarve 2030, na Opera\u00e7\u00e3o ALGARVE-FEDER-01680100. A medida visa modernizar o saneamento e refor\u00e7ar a efici\u00eancia energ\u00e9tica.<\/p>\n<p>A \u00c1guas do Algarve, S.A. \u00e9 a entidade gestora do sistema de \u00e1gua e saneamento do Algarve. A empresa foca-se na prote\u00e7\u00e3o de recursos naturais e na melhoria da qualidade de vida das popula\u00e7\u00f5es.<\/p>\n<p>Teresa Fernandes, Porta-voz da \u00c1guas do Algarve, residenta na r\u00e1dio e imprensa, est\u00e1 dispon\u00edvel para esclarecer quest\u00f5es t\u00e9cnicas atrav\u00e9s do contacto institucional.<\/p>\n","protected":false},"excerpt":{"rendered":"<ul>\n<li>\u00c1guas do Algarve abriu concurso p\u00fablico para remodela\u00e7\u00e3o da ETAR de Paderne e do Sistema Elevat\u00f3rio do Purgat\u00f3rio, com financiamento FEDER via o Programa Operacional Algarve 2030.<\/li>\n<li>Pre\u00e7o base da empreitada: 4,486 milh\u00f5es de euros, acrescido de IVA, com prazo de execu\u00e7\u00e3o de 880 dias.<\/li>\n<li>a interven\u00e7\u00e3o visa servir entre 3.750 e 5.000 habitantes equivalentes, com caudais di\u00e1rios entre 728 e 970 m\u00b3\/dia, mantendo redu\u00e7\u00e3o m\u00e1xima de 10% da capacidade atual.<\/li>\n<li>A solu\u00e7\u00e3o-base usa lamas ativas em arejamento prolongado com alimenta\u00e7\u00e3o descont\u00ednua (SBR, Sequencing Batch Reactor), incluindo etapas como gradagem, desarenamento, desengorduramento, tratamento biol\u00f3gico em reatores SBR, filtra\u00e7\u00e3o e desinfe\u00e7\u00e3o por UV.<\/li>\n<li>As \u00e1reas de potencial odor ser\u00e3o confinadas e equipadas com tratamento de ar por biofiltra\u00e7\u00e3o; o projeto prioriza efici\u00eancia energ\u00e9tica e menor emiss\u00e3o de gases com efeito de estufa.<\/li>\n<\/ul>\n","protected":false},"author":2,"featured_media":408862,"comment_status":"closed","ping_status":"closed","sticky":false,"template":"","format":"standard","meta":{"footnotes":""},"categories":[6725,1],"tags":[6336,1503,928,45,1123],"class_list":["post-408861","post","type-post","status-publish","format-standard","has-post-thumbnail","hentry","category-meio-ambiente","category-noticias","tag-a-agua","tag-abastecimento-de-agua","tag-algarve","tag-meio-ambiente","tag-saneamento"],"yoast_head":"<!-- This site is optimized with the Yoast SEO plugin v27.2 - https:\/\/yoast.com\/product\/yoast-seo-wordpress\/ -->\n<title>\u00c1guas do Algarve lan\u00e7a licita\u00e7\u00e3o para remodela\u00e7\u00e3o da ETAR de Paderne e Purgat\u00f3rio - Portal Tela Portugal<\/title>\n<meta name=\"robots\" content=\"index, follow, max-snippet:-1, max-image-preview:large, max-video-preview:-1\" \/>\n<meta property=\"og:locale\" content=\"pt_PT\" \/>\n<meta property=\"og:type\" content=\"article\" \/>\n<meta property=\"og:title\" content=\"\u00c1guas do Algarve lan\u00e7a licita\u00e7\u00e3o para remodela\u00e7\u00e3o da ETAR de Paderne e Purgat\u00f3rio - Portal Tela Portugal\" \/>\n<meta property=\"og:description\" content=\"\u00c1guas do Algarve abriu concurso p\u00fablico para remodela\u00e7\u00e3o da ETAR de Paderne e do Sistema Elevat\u00f3rio do Purgat\u00f3rio, com financiamento FEDER via o Programa Operacional Algarve 2030. Pre\u00e7o base da empreitada: 4,486 milh\u00f5es de euros, acrescido de IVA, com prazo de execu\u00e7\u00e3o de 880 dias. a interven\u00e7\u00e3o visa servir entre 3.750 e 5.000 habitantes equivalentes, com caudais di\u00e1rios entre 728 e 970 m\u00b3\/dia, mantendo redu\u00e7\u00e3o m\u00e1xima de 10% da capacidade atual. A solu\u00e7\u00e3o-base usa lamas ativas em arejamento prolongado com alimenta\u00e7\u00e3o descont\u00ednua (SBR, Sequencing Batch Reactor), incluindo etapas como gradagem, desarenamento, desengorduramento, tratamento biol\u00f3gico em reatores SBR, filtra\u00e7\u00e3o e desinfe\u00e7\u00e3o por UV. As \u00e1reas de potencial odor ser\u00e3o confinadas e equipadas com tratamento de ar por biofiltra\u00e7\u00e3o; o projeto prioriza efici\u00eancia energ\u00e9tica e menor emiss\u00e3o de gases com efeito de estufa.\" \/>\n<meta property=\"og:url\" content=\"https:\/\/portaltela.pt\/noticias\/2026\/03\/13\/aguas-do-algarve-lanca-licitacao-para-remodelacao-da-etar-de-paderne-e-purgatorio\/\" \/>\n<meta property=\"og:site_name\" content=\"Portal Tela Portugal\" \/>\n<meta property=\"article:published_time\" content=\"2026-03-13T13:45:57+00:00\" \/>\n<meta name=\"author\" content=\"Telinha\" \/>\n<meta name=\"twitter:card\" content=\"summary_large_image\" \/>\n<meta name=\"twitter:label1\" content=\"Escrito por\" \/>\n\t<meta name=\"twitter:data1\" content=\"Telinha\" \/>\n\t<meta name=\"twitter:label2\" content=\"Tempo estimado de leitura\" \/>\n\t<meta name=\"twitter:data2\" content=\"2 minutos\" \/>\n<script type=\"application\/ld+json\" class=\"yoast-schema-graph\">{\"@context\":\"https:\/\/schema.org\",\"@graph\":[{\"@type\":\"Article\",\"@id\":\"https:\/\/portaltela.pt\/noticias\/2026\/03\/13\/aguas-do-algarve-lanca-licitacao-para-remodelacao-da-etar-de-paderne-e-purgatorio\/#article\",\"isPartOf\":{\"@id\":\"https:\/\/portaltela.pt\/noticias\/2026\/03\/13\/aguas-do-algarve-lanca-licitacao-para-remodelacao-da-etar-de-paderne-e-purgatorio\/\"},\"author\":{\"name\":\"Telinha\",\"@id\":\"https:\/\/portaltela.pt\/#\/schema\/person\/c4278d4a6028830caff9ee44b42d32ed\"},\"headline\":\"\u00c1guas do Algarve lan\u00e7a licita\u00e7\u00e3o para remodela\u00e7\u00e3o da ETAR de Paderne e Purgat\u00f3rio\",\"datePublished\":\"2026-03-13T13:45:57+00:00\",\"mainEntityOfPage\":{\"@id\":\"https:\/\/portaltela.pt\/noticias\/2026\/03\/13\/aguas-do-algarve-lanca-licitacao-para-remodelacao-da-etar-de-paderne-e-purgatorio\/\"},\"wordCount\":340,\"image\":{\"@id\":\"https:\/\/portaltela.pt\/noticias\/2026\/03\/13\/aguas-do-algarve-lanca-licitacao-para-remodelacao-da-etar-de-paderne-e-purgatorio\/#primaryimage\"},\"thumbnailUrl\":\"https:\/\/portaltela.pt\/s.01k8rhncp4jt1\/2026\/03\/img_1500x1000uu2026-03-13-13-45-49-2272144.jpg\",\"keywords\":[\"a \u00e1gua\",\"abastecimento de \u00e1gua\",\"Algarve\",\"meio-ambiente\",\"saneamento\"],\"articleSection\":[\"Meio Ambiente\",\"Not\u00edcias\"],\"inLanguage\":\"pt-PT\"},{\"@type\":\"WebPage\",\"@id\":\"https:\/\/portaltela.pt\/noticias\/2026\/03\/13\/aguas-do-algarve-lanca-licitacao-para-remodelacao-da-etar-de-paderne-e-purgatorio\/\",\"url\":\"https:\/\/portaltela.pt\/noticias\/2026\/03\/13\/aguas-do-algarve-lanca-licitacao-para-remodelacao-da-etar-de-paderne-e-purgatorio\/\",\"name\":\"\u00c1guas do Algarve lan\u00e7a licita\u00e7\u00e3o para remodela\u00e7\u00e3o da ETAR de Paderne e Purgat\u00f3rio - Portal Tela Portugal\",\"isPartOf\":{\"@id\":\"https:\/\/portaltela.pt\/#website\"},\"primaryImageOfPage\":{\"@id\":\"https:\/\/portaltela.pt\/noticias\/2026\/03\/13\/aguas-do-algarve-lanca-licitacao-para-remodelacao-da-etar-de-paderne-e-purgatorio\/#primaryimage\"},\"image\":{\"@id\":\"https:\/\/portaltela.pt\/noticias\/2026\/03\/13\/aguas-do-algarve-lanca-licitacao-para-remodelacao-da-etar-de-paderne-e-purgatorio\/#primaryimage\"},\"thumbnailUrl\":\"https:\/\/portaltela.pt\/s.01k8rhncp4jt1\/2026\/03\/img_1500x1000uu2026-03-13-13-45-49-2272144.jpg\",\"datePublished\":\"2026-03-13T13:45:57+00:00\",\"author\":{\"@id\":\"https:\/\/portaltela.pt\/#\/schema\/person\/c4278d4a6028830caff9ee44b42d32ed\"},\"breadcrumb\":{\"@id\":\"https:\/\/portaltela.pt\/noticias\/2026\/03\/13\/aguas-do-algarve-lanca-licitacao-para-remodelacao-da-etar-de-paderne-e-purgatorio\/#breadcrumb\"},\"inLanguage\":\"pt-PT\",\"potentialAction\":[{\"@type\":\"ReadAction\",\"target\":[\"https:\/\/portaltela.pt\/noticias\/2026\/03\/13\/aguas-do-algarve-lanca-licitacao-para-remodelacao-da-etar-de-paderne-e-purgatorio\/\"]}]},{\"@type\":\"ImageObject\",\"inLanguage\":\"pt-PT\",\"@id\":\"https:\/\/portaltela.pt\/noticias\/2026\/03\/13\/aguas-do-algarve-lanca-licitacao-para-remodelacao-da-etar-de-paderne-e-purgatorio\/#primaryimage\",\"url\":\"https:\/\/portaltela.pt\/s.01k8rhncp4jt1\/2026\/03\/img_1500x1000uu2026-03-13-13-45-49-2272144.jpg\",\"contentUrl\":\"https:\/\/portaltela.pt\/s.01k8rhncp4jt1\/2026\/03\/img_1500x1000uu2026-03-13-13-45-49-2272144.jpg\",\"width\":796,\"height\":448,\"caption\":\"\u00c1guas do Algarve investe na remodela\u00e7\u00e3o da ETAR de Paderne e sistema elevat\u00f3rio\"},{\"@type\":\"BreadcrumbList\",\"@id\":\"https:\/\/portaltela.pt\/noticias\/2026\/03\/13\/aguas-do-algarve-lanca-licitacao-para-remodelacao-da-etar-de-paderne-e-purgatorio\/#breadcrumb\",\"itemListElement\":[{\"@type\":\"ListItem\",\"position\":1,\"name\":\"In\u00edcio\",\"item\":\"https:\/\/portaltela.pt\/\"},{\"@type\":\"ListItem\",\"position\":2,\"name\":\"\u00c1guas do Algarve lan\u00e7a licita\u00e7\u00e3o para remodela\u00e7\u00e3o da ETAR de Paderne e Purgat\u00f3rio\"}]},{\"@type\":\"WebSite\",\"@id\":\"https:\/\/portaltela.pt\/#website\",\"url\":\"https:\/\/portaltela.pt\/\",\"name\":\"Portal Tela Portugal\",\"description\":\"\",\"potentialAction\":[{\"@type\":\"SearchAction\",\"target\":{\"@type\":\"EntryPoint\",\"urlTemplate\":\"https:\/\/portaltela.pt\/?s={search_term_string}\"},\"query-input\":{\"@type\":\"PropertyValueSpecification\",\"valueRequired\":true,\"valueName\":\"search_term_string\"}}],\"inLanguage\":\"pt-PT\"},{\"@type\":\"Person\",\"@id\":\"https:\/\/portaltela.pt\/#\/schema\/person\/c4278d4a6028830caff9ee44b42d32ed\",\"name\":\"Telinha\",\"image\":{\"@type\":\"ImageObject\",\"inLanguage\":\"pt-PT\",\"@id\":\"https:\/\/portaltela.pt\/s.01k8rhncp4jt1\/2025\/11\/talking-bot-125x125.png\",\"url\":\"https:\/\/portaltela.pt\/s.01k8rhncp4jt1\/2025\/11\/talking-bot-125x125.png\",\"contentUrl\":\"https:\/\/portaltela.pt\/s.01k8rhncp4jt1\/2025\/11\/talking-bot-125x125.png\",\"caption\":\"Telinha\"},\"sameAs\":[\"https:\/\/portaltela.pt\/\"],\"url\":\"https:\/\/portaltela.pt\/por\/367410592786\/\"}]}<\/script>\n<!-- \/ Yoast SEO plugin. -->","yoast_head_json":{"title":"\u00c1guas do Algarve lan\u00e7a licita\u00e7\u00e3o para remodela\u00e7\u00e3o da ETAR de Paderne e Purgat\u00f3rio - Portal Tela Portugal","robots":{"index":"index","follow":"follow","max-snippet":"max-snippet:-1","max-image-preview":"max-image-preview:large","max-video-preview":"max-video-preview:-1"},"og_locale":"pt_PT","og_type":"article","og_title":"\u00c1guas do Algarve lan\u00e7a licita\u00e7\u00e3o para remodela\u00e7\u00e3o da ETAR de Paderne e Purgat\u00f3rio - Portal Tela Portugal","og_description":"\u00c1guas do Algarve abriu concurso p\u00fablico para remodela\u00e7\u00e3o da ETAR de Paderne e do Sistema Elevat\u00f3rio do Purgat\u00f3rio, com financiamento FEDER via o Programa Operacional Algarve 2030. Pre\u00e7o base da empreitada: 4,486 milh\u00f5es de euros, acrescido de IVA, com prazo de execu\u00e7\u00e3o de 880 dias. a interven\u00e7\u00e3o visa servir entre 3.750 e 5.000 habitantes equivalentes, com caudais di\u00e1rios entre 728 e 970 m\u00b3\/dia, mantendo redu\u00e7\u00e3o m\u00e1xima de 10% da capacidade atual. A solu\u00e7\u00e3o-base usa lamas ativas em arejamento prolongado com alimenta\u00e7\u00e3o descont\u00ednua (SBR, Sequencing Batch Reactor), incluindo etapas como gradagem, desarenamento, desengorduramento, tratamento biol\u00f3gico em reatores SBR, filtra\u00e7\u00e3o e desinfe\u00e7\u00e3o por UV. As \u00e1reas de potencial odor ser\u00e3o confinadas e equipadas com tratamento de ar por biofiltra\u00e7\u00e3o; o projeto prioriza efici\u00eancia energ\u00e9tica e menor emiss\u00e3o de gases com efeito de estufa.","og_url":"https:\/\/portaltela.pt\/noticias\/2026\/03\/13\/aguas-do-algarve-lanca-licitacao-para-remodelacao-da-etar-de-paderne-e-purgatorio\/","og_site_name":"Portal Tela Portugal","article_published_time":"2026-03-13T13:45:57+00:00","author":"Telinha","twitter_card":"summary_large_image","twitter_misc":{"Escrito por":"Telinha","Tempo estimado de leitura":"2 minutos"},"schema":{"@context":"https:\/\/schema.org","@graph":[{"@type":"Article","@id":"https:\/\/portaltela.pt\/noticias\/2026\/03\/13\/aguas-do-algarve-lanca-licitacao-para-remodelacao-da-etar-de-paderne-e-purgatorio\/#article","isPartOf":{"@id":"https:\/\/portaltela.pt\/noticias\/2026\/03\/13\/aguas-do-algarve-lanca-licitacao-para-remodelacao-da-etar-de-paderne-e-purgatorio\/"},"author":{"name":"Telinha","@id":"https:\/\/portaltela.pt\/#\/schema\/person\/c4278d4a6028830caff9ee44b42d32ed"},"headline":"\u00c1guas do Algarve lan\u00e7a licita\u00e7\u00e3o para remodela\u00e7\u00e3o da ETAR de Paderne e Purgat\u00f3rio","datePublished":"2026-03-13T13:45:57+00:00","mainEntityOfPage":{"@id":"https:\/\/portaltela.pt\/noticias\/2026\/03\/13\/aguas-do-algarve-lanca-licitacao-para-remodelacao-da-etar-de-paderne-e-purgatorio\/"},"wordCount":340,"image":{"@id":"https:\/\/portaltela.pt\/noticias\/2026\/03\/13\/aguas-do-algarve-lanca-licitacao-para-remodelacao-da-etar-de-paderne-e-purgatorio\/#primaryimage"},"thumbnailUrl":"https:\/\/portaltela.pt\/s.01k8rhncp4jt1\/2026\/03\/img_1500x1000uu2026-03-13-13-45-49-2272144.jpg","keywords":["a \u00e1gua","abastecimento de \u00e1gua","Algarve","meio-ambiente","saneamento"],"articleSection":["Meio Ambiente","Not\u00edcias"],"inLanguage":"pt-PT"},{"@type":"WebPage","@id":"https:\/\/portaltela.pt\/noticias\/2026\/03\/13\/aguas-do-algarve-lanca-licitacao-para-remodelacao-da-etar-de-paderne-e-purgatorio\/","url":"https:\/\/portaltela.pt\/noticias\/2026\/03\/13\/aguas-do-algarve-lanca-licitacao-para-remodelacao-da-etar-de-paderne-e-purgatorio\/","name":"\u00c1guas do Algarve lan\u00e7a licita\u00e7\u00e3o para remodela\u00e7\u00e3o da ETAR de Paderne e Purgat\u00f3rio - Portal Tela Portugal","isPartOf":{"@id":"https:\/\/portaltela.pt\/#website"},"primaryImageOfPage":{"@id":"https:\/\/portaltela.pt\/noticias\/2026\/03\/13\/aguas-do-algarve-lanca-licitacao-para-remodelacao-da-etar-de-paderne-e-purgatorio\/#primaryimage"},"image":{"@id":"https:\/\/portaltela.pt\/noticias\/2026\/03\/13\/aguas-do-algarve-lanca-licitacao-para-remodelacao-da-etar-de-paderne-e-purgatorio\/#primaryimage"},"thumbnailUrl":"https:\/\/portaltela.pt\/s.01k8rhncp4jt1\/2026\/03\/img_1500x1000uu2026-03-13-13-45-49-2272144.jpg","datePublished":"2026-03-13T13:45:57+00:00","author":{"@id":"https:\/\/portaltela.pt\/#\/schema\/person\/c4278d4a6028830caff9ee44b42d32ed"},"breadcrumb":{"@id":"https:\/\/portaltela.pt\/noticias\/2026\/03\/13\/aguas-do-algarve-lanca-licitacao-para-remodelacao-da-etar-de-paderne-e-purgatorio\/#breadcrumb"},"inLanguage":"pt-PT","potentialAction":[{"@type":"ReadAction","target":["https:\/\/portaltela.pt\/noticias\/2026\/03\/13\/aguas-do-algarve-lanca-licitacao-para-remodelacao-da-etar-de-paderne-e-purgatorio\/"]}]},{"@type":"ImageObject","inLanguage":"pt-PT","@id":"https:\/\/portaltela.pt\/noticias\/2026\/03\/13\/aguas-do-algarve-lanca-licitacao-para-remodelacao-da-etar-de-paderne-e-purgatorio\/#primaryimage","url":"https:\/\/portaltela.pt\/s.01k8rhncp4jt1\/2026\/03\/img_1500x1000uu2026-03-13-13-45-49-2272144.jpg","contentUrl":"https:\/\/portaltela.pt\/s.01k8rhncp4jt1\/2026\/03\/img_1500x1000uu2026-03-13-13-45-49-2272144.jpg","width":796,"height":448,"caption":"\u00c1guas do Algarve investe na remodela\u00e7\u00e3o da ETAR de Paderne e sistema elevat\u00f3rio"},{"@type":"BreadcrumbList","@id":"https:\/\/portaltela.pt\/noticias\/2026\/03\/13\/aguas-do-algarve-lanca-licitacao-para-remodelacao-da-etar-de-paderne-e-purgatorio\/#breadcrumb","itemListElement":[{"@type":"ListItem","position":1,"name":"In\u00edcio","item":"https:\/\/portaltela.pt\/"},{"@type":"ListItem","position":2,"name":"\u00c1guas do Algarve lan\u00e7a licita\u00e7\u00e3o para remodela\u00e7\u00e3o da ETAR de Paderne e Purgat\u00f3rio"}]},{"@type":"WebSite","@id":"https:\/\/portaltela.pt\/#website","url":"https:\/\/portaltela.pt\/","name":"Portal Tela Portugal","description":"","potentialAction":[{"@type":"SearchAction","target":{"@type":"EntryPoint","urlTemplate":"https:\/\/portaltela.pt\/?s={search_term_string}"},"query-input":{"@type":"PropertyValueSpecification","valueRequired":true,"valueName":"search_term_string"}}],"inLanguage":"pt-PT"},{"@type":"Person","@id":"https:\/\/portaltela.pt\/#\/schema\/person\/c4278d4a6028830caff9ee44b42d32ed","name":"Telinha","image":{"@type":"ImageObject","inLanguage":"pt-PT","@id":"https:\/\/portaltela.pt\/s.01k8rhncp4jt1\/2025\/11\/talking-bot-125x125.png","url":"https:\/\/portaltela.pt\/s.01k8rhncp4jt1\/2025\/11\/talking-bot-125x125.png","contentUrl":"https:\/\/portaltela.pt\/s.01k8rhncp4jt1\/2025\/11\/talking-bot-125x125.png","caption":"Telinha"},"sameAs":["https:\/\/portaltela.pt\/"],"url":"https:\/\/portaltela.pt\/por\/367410592786\/"}]}},"_links":{"self":[{"href":"https:\/\/portaltela.pt\/api\/wp\/v2\/posts\/408861","targetHints":{"allow":["GET"]}}],"collection":[{"href":"https:\/\/portaltela.pt\/api\/wp\/v2\/posts"}],"about":[{"href":"https:\/\/portaltela.pt\/api\/wp\/v2\/types\/post"}],"author":[{"embeddable":true,"href":"https:\/\/portaltela.pt\/api\/wp\/v2\/users\/2"}],"replies":[{"embeddable":true,"href":"https:\/\/portaltela.pt\/api\/wp\/v2\/comments?post=408861"}],"version-history":[{"count":0,"href":"https:\/\/portaltela.pt\/api\/wp\/v2\/posts\/408861\/revisions"}],"wp:featuredmedia":[{"embeddable":true,"href":"https:\/\/portaltela.pt\/api\/wp\/v2\/media\/408862"}],"wp:attachment":[{"href":"https:\/\/portaltela.pt\/api\/wp\/v2\/media?parent=408861"}],"wp:term":[{"taxonomy":"category","embeddable":true,"href":"https:\/\/portaltela.pt\/api\/wp\/v2\/categories?post=408861"},{"taxonomy":"post_tag","embeddable":true,"href":"https:\/\/portaltela.pt\/api\/wp\/v2\/tags?post=408861"}],"curies":[{"name":"wp","href":"https:\/\/api.w.org\/{rel}","templated":true}]}}