{"id":408841,"date":"2026-03-13T10:32:29","date_gmt":"2026-03-13T13:32:29","guid":{"rendered":"https:\/\/portaltela.pt\/noticias\/2026\/03\/13\/ruben-neves-marca-primeiro-aniversario-sem-diogo-jota\/"},"modified":"2026-03-13T10:32:29","modified_gmt":"2026-03-13T13:32:29","slug":"ruben-neves-marca-primeiro-aniversario-sem-diogo-jota","status":"publish","type":"post","link":"https:\/\/portaltela.pt\/celebridades\/2026\/03\/13\/ruben-neves-marca-primeiro-aniversario-sem-diogo-jota\/","title":{"rendered":"R\u00faben Neves marca primeiro anivers\u00e1rio sem Diogo Jota"},"content":{"rendered":"<p>Ruben Neves celebra hoje o seu 29.\u00ba anivers\u00e1rio, numa data marcada pela aus\u00eancia de Diogo Jota, que morreu a 3 de julho num acidente de via\u00e7\u00e3o. O jogo de emo\u00e7\u00f5es mistura alegria e peso emocional.<\/p>\n<p>A amizade entre os dois jogadores era pr\u00f3xima e marcante. O internacional portugu\u00eas criou uma tatuagem na perna em homenagem ao amigo e, quando marca golo, mostra a tatuagem ao p\u00fablico. Na Sele\u00e7\u00e3o, herdou a camisola 21 de Jota para manter a lembran\u00e7a.<\/p>\n<p>Al\u00e9m disso, Neves tem apoiado a fam\u00edlia do falecido jogador, mantendo o contacto pr\u00f3ximo e o respeito pela mem\u00f3ria do parceiro de equipa. O dia \u00e9 visto como uma oportunidade de homenagem sob o signo da saudade.<\/p>\n<p>A fam\u00edlia reage ao anivers\u00e1rio, com a mulher de Neves a partilhar uma mensagem de amor e cumplicidade. O texto recorda quase 12 anos de parceria e a constru\u00e7\u00e3o de uma vida em comum, incluindo a figura paternal que tem sido relevante.<\/p>\n<h3>Homenagem e continuidade<\/h3>\n<p>A cidade e o imprensa acompanham o momento com foco na forma como o atleta encara o luto, procurando manter o equil\u00edbrio entre a vida pessoal e a carreira desportiva.<\/p>\n<p>Diogo Jota perdeu a vida num tr\u00e1gico acidente de via\u00e7\u00e3o em julho passado, contexto que intensifica a import\u00e2ncia do reencontro de Neves com o seu percurso profissional e pessoal.<\/p>\n<p>A imprensa descreve um Rubem Neves centrado na fam\u00edlia, no apoio de amigos pr\u00f3ximos e na continuidade do seu trajeto desportivo, mantendo a privacidade nos momentos mais sens\u00edveis.<\/p>\n","protected":false},"excerpt":{"rendered":"<ul>\n<li>R\u00faben Neves celebra o 29.\u00ba anivers\u00e1rio nesta sexta-feira, 13 de mar\u00e7o, o primeiro desde a morte de Diogo Jota.<\/li>\n<li>O jogador homenageou o amigo com uma tatuagem na perna e costuma mostr\u00e1-la quando marca golos.<\/li>\n<li>Herdou a camisola 21 da Sele\u00e7\u00e3o Nacional, antiga de Jota, para manter a mem\u00f3ria do companheiro presente.<\/li>\n<li>Conta com o apoio da fam\u00edlia e dos amigos; a mulher D\u00e9bora Louren\u00e7o publicou uma mensagem emotiva nas redes sociais.<\/li>\n<li>A mensagem da esposa refor\u00e7a o relacionamento de quase doze anos e o desejo de continuar a construir a vida juntos.<\/li>\n<\/ul>\n","protected":false},"author":2,"featured_media":408849,"comment_status":"closed","ping_status":"closed","sticky":false,"template":"","format":"standard","meta":{"footnotes":""},"categories":[6675],"tags":[5860,152,64,32,242,2057],"class_list":["post-408841","post","type-post","status-publish","format-standard","has-post-thumbnail","hentry","category-celebridades","tag-amigos","tag-desporto","tag-familia","tag-futebol","tag-jogadores","tag-selecao-nacional"],"yoast_head":"<!-- This site is optimized with the Yoast SEO plugin v27.2 - https:\/\/yoast.com\/product\/yoast-seo-wordpress\/ -->\n<title>R\u00faben Neves marca primeiro anivers\u00e1rio sem Diogo Jota - Portal Tela Portugal<\/title>\n<meta name=\"robots\" content=\"index, follow, max-snippet:-1, max-image-preview:large, max-video-preview:-1\" \/>\n<meta property=\"og:locale\" content=\"pt_PT\" \/>\n<meta property=\"og:type\" content=\"article\" \/>\n<meta property=\"og:title\" content=\"R\u00faben Neves marca primeiro anivers\u00e1rio sem Diogo Jota - Portal Tela Portugal\" \/>\n<meta property=\"og:description\" content=\"R\u00faben Neves celebra o 29.\u00ba anivers\u00e1rio nesta sexta-feira, 13 de mar\u00e7o, o primeiro desde a morte de Diogo Jota. O jogador homenageou o amigo com uma tatuagem na perna e costuma mostr\u00e1-la quando marca golos. Herdou a camisola 21 da Sele\u00e7\u00e3o Nacional, antiga de Jota, para manter a mem\u00f3ria do companheiro presente. Conta com o apoio da fam\u00edlia e dos amigos; a mulher D\u00e9bora Louren\u00e7o publicou uma mensagem emotiva nas redes sociais. A mensagem da esposa refor\u00e7a o relacionamento de quase doze anos e o desejo de continuar a construir a vida juntos.\" \/>\n<meta property=\"og:url\" content=\"https:\/\/portaltela.pt\/noticias\/2026\/03\/13\/ruben-neves-marca-primeiro-aniversario-sem-diogo-jota\/\" \/>\n<meta property=\"og:site_name\" content=\"Portal Tela Portugal\" \/>\n<meta property=\"article:published_time\" content=\"2026-03-13T13:32:29+00:00\" \/>\n<meta name=\"author\" content=\"Telinha\" \/>\n<meta name=\"twitter:card\" content=\"summary_large_image\" \/>\n<meta name=\"twitter:label1\" content=\"Escrito por\" \/>\n\t<meta name=\"twitter:data1\" content=\"Telinha\" \/>\n\t<meta name=\"twitter:label2\" content=\"Tempo estimado de leitura\" \/>\n\t<meta name=\"twitter:data2\" content=\"1 minuto\" \/>\n<script type=\"application\/ld+json\" class=\"yoast-schema-graph\">{\"@context\":\"https:\/\/schema.org\",\"@graph\":[{\"@type\":\"Article\",\"@id\":\"https:\/\/portaltela.pt\/noticias\/2026\/03\/13\/ruben-neves-marca-primeiro-aniversario-sem-diogo-jota\/#article\",\"isPartOf\":{\"@id\":\"https:\/\/portaltela.pt\/noticias\/2026\/03\/13\/ruben-neves-marca-primeiro-aniversario-sem-diogo-jota\/\"},\"author\":{\"name\":\"Telinha\",\"@id\":\"https:\/\/portaltela.pt\/#\/schema\/person\/c4278d4a6028830caff9ee44b42d32ed\"},\"headline\":\"R\u00faben Neves marca primeiro anivers\u00e1rio sem Diogo Jota\",\"datePublished\":\"2026-03-13T13:32:29+00:00\",\"mainEntityOfPage\":{\"@id\":\"https:\/\/portaltela.pt\/noticias\/2026\/03\/13\/ruben-neves-marca-primeiro-aniversario-sem-diogo-jota\/\"},\"wordCount\":275,\"image\":{\"@id\":\"https:\/\/portaltela.pt\/noticias\/2026\/03\/13\/ruben-neves-marca-primeiro-aniversario-sem-diogo-jota\/#primaryimage\"},\"thumbnailUrl\":\"https:\/\/portaltela.pt\/s.01k8rhncp4jt1\/2026\/03\/img_1500x1000uu2025-08-16-21-16-12-2229585-im-639089930032303911.jpg\",\"keywords\":[\"amigos\",\"desporto\",\"fam\u00edlia\",\"futebol\",\"jogadores\",\"Sele\u00e7\u00e3o Nacional\"],\"articleSection\":[\"Celebridades\"],\"inLanguage\":\"pt-PT\"},{\"@type\":\"WebPage\",\"@id\":\"https:\/\/portaltela.pt\/noticias\/2026\/03\/13\/ruben-neves-marca-primeiro-aniversario-sem-diogo-jota\/\",\"url\":\"https:\/\/portaltela.pt\/noticias\/2026\/03\/13\/ruben-neves-marca-primeiro-aniversario-sem-diogo-jota\/\",\"name\":\"R\u00faben Neves marca primeiro anivers\u00e1rio sem Diogo Jota - Portal Tela Portugal\",\"isPartOf\":{\"@id\":\"https:\/\/portaltela.pt\/#website\"},\"primaryImageOfPage\":{\"@id\":\"https:\/\/portaltela.pt\/noticias\/2026\/03\/13\/ruben-neves-marca-primeiro-aniversario-sem-diogo-jota\/#primaryimage\"},\"image\":{\"@id\":\"https:\/\/portaltela.pt\/noticias\/2026\/03\/13\/ruben-neves-marca-primeiro-aniversario-sem-diogo-jota\/#primaryimage\"},\"thumbnailUrl\":\"https:\/\/portaltela.pt\/s.01k8rhncp4jt1\/2026\/03\/img_1500x1000uu2025-08-16-21-16-12-2229585-im-639089930032303911.jpg\",\"datePublished\":\"2026-03-13T13:32:29+00:00\",\"author\":{\"@id\":\"https:\/\/portaltela.pt\/#\/schema\/person\/c4278d4a6028830caff9ee44b42d32ed\"},\"breadcrumb\":{\"@id\":\"https:\/\/portaltela.pt\/noticias\/2026\/03\/13\/ruben-neves-marca-primeiro-aniversario-sem-diogo-jota\/#breadcrumb\"},\"inLanguage\":\"pt-PT\",\"potentialAction\":[{\"@type\":\"ReadAction\",\"target\":[\"https:\/\/portaltela.pt\/noticias\/2026\/03\/13\/ruben-neves-marca-primeiro-aniversario-sem-diogo-jota\/\"]}]},{\"@type\":\"ImageObject\",\"inLanguage\":\"pt-PT\",\"@id\":\"https:\/\/portaltela.pt\/noticias\/2026\/03\/13\/ruben-neves-marca-primeiro-aniversario-sem-diogo-jota\/#primaryimage\",\"url\":\"https:\/\/portaltela.pt\/s.01k8rhncp4jt1\/2026\/03\/img_1500x1000uu2025-08-16-21-16-12-2229585-im-639089930032303911.jpg\",\"contentUrl\":\"https:\/\/portaltela.pt\/s.01k8rhncp4jt1\/2026\/03\/img_1500x1000uu2025-08-16-21-16-12-2229585-im-639089930032303911.jpg\",\"width\":796,\"height\":448,\"caption\":\"R\u00faben Neves\"},{\"@type\":\"BreadcrumbList\",\"@id\":\"https:\/\/portaltela.pt\/noticias\/2026\/03\/13\/ruben-neves-marca-primeiro-aniversario-sem-diogo-jota\/#breadcrumb\",\"itemListElement\":[{\"@type\":\"ListItem\",\"position\":1,\"name\":\"In\u00edcio\",\"item\":\"https:\/\/portaltela.pt\/\"},{\"@type\":\"ListItem\",\"position\":2,\"name\":\"R\u00faben Neves marca primeiro anivers\u00e1rio sem Diogo Jota\"}]},{\"@type\":\"WebSite\",\"@id\":\"https:\/\/portaltela.pt\/#website\",\"url\":\"https:\/\/portaltela.pt\/\",\"name\":\"Portal Tela Portugal\",\"description\":\"\",\"potentialAction\":[{\"@type\":\"SearchAction\",\"target\":{\"@type\":\"EntryPoint\",\"urlTemplate\":\"https:\/\/portaltela.pt\/?s={search_term_string}\"},\"query-input\":{\"@type\":\"PropertyValueSpecification\",\"valueRequired\":true,\"valueName\":\"search_term_string\"}}],\"inLanguage\":\"pt-PT\"},{\"@type\":\"Person\",\"@id\":\"https:\/\/portaltela.pt\/#\/schema\/person\/c4278d4a6028830caff9ee44b42d32ed\",\"name\":\"Telinha\",\"image\":{\"@type\":\"ImageObject\",\"inLanguage\":\"pt-PT\",\"@id\":\"https:\/\/portaltela.pt\/s.01k8rhncp4jt1\/2025\/11\/talking-bot-125x125.png\",\"url\":\"https:\/\/portaltela.pt\/s.01k8rhncp4jt1\/2025\/11\/talking-bot-125x125.png\",\"contentUrl\":\"https:\/\/portaltela.pt\/s.01k8rhncp4jt1\/2025\/11\/talking-bot-125x125.png\",\"caption\":\"Telinha\"},\"sameAs\":[\"https:\/\/portaltela.pt\/\"],\"url\":\"https:\/\/portaltela.pt\/por\/367410592786\/\"}]}<\/script>\n<!-- \/ Yoast SEO plugin. -->","yoast_head_json":{"title":"R\u00faben Neves marca primeiro anivers\u00e1rio sem Diogo Jota - Portal Tela Portugal","robots":{"index":"index","follow":"follow","max-snippet":"max-snippet:-1","max-image-preview":"max-image-preview:large","max-video-preview":"max-video-preview:-1"},"og_locale":"pt_PT","og_type":"article","og_title":"R\u00faben Neves marca primeiro anivers\u00e1rio sem Diogo Jota - Portal Tela Portugal","og_description":"R\u00faben Neves celebra o 29.\u00ba anivers\u00e1rio nesta sexta-feira, 13 de mar\u00e7o, o primeiro desde a morte de Diogo Jota. O jogador homenageou o amigo com uma tatuagem na perna e costuma mostr\u00e1-la quando marca golos. Herdou a camisola 21 da Sele\u00e7\u00e3o Nacional, antiga de Jota, para manter a mem\u00f3ria do companheiro presente. Conta com o apoio da fam\u00edlia e dos amigos; a mulher D\u00e9bora Louren\u00e7o publicou uma mensagem emotiva nas redes sociais. A mensagem da esposa refor\u00e7a o relacionamento de quase doze anos e o desejo de continuar a construir a vida juntos.","og_url":"https:\/\/portaltela.pt\/noticias\/2026\/03\/13\/ruben-neves-marca-primeiro-aniversario-sem-diogo-jota\/","og_site_name":"Portal Tela Portugal","article_published_time":"2026-03-13T13:32:29+00:00","author":"Telinha","twitter_card":"summary_large_image","twitter_misc":{"Escrito por":"Telinha","Tempo estimado de leitura":"1 minuto"},"schema":{"@context":"https:\/\/schema.org","@graph":[{"@type":"Article","@id":"https:\/\/portaltela.pt\/noticias\/2026\/03\/13\/ruben-neves-marca-primeiro-aniversario-sem-diogo-jota\/#article","isPartOf":{"@id":"https:\/\/portaltela.pt\/noticias\/2026\/03\/13\/ruben-neves-marca-primeiro-aniversario-sem-diogo-jota\/"},"author":{"name":"Telinha","@id":"https:\/\/portaltela.pt\/#\/schema\/person\/c4278d4a6028830caff9ee44b42d32ed"},"headline":"R\u00faben Neves marca primeiro anivers\u00e1rio sem Diogo Jota","datePublished":"2026-03-13T13:32:29+00:00","mainEntityOfPage":{"@id":"https:\/\/portaltela.pt\/noticias\/2026\/03\/13\/ruben-neves-marca-primeiro-aniversario-sem-diogo-jota\/"},"wordCount":275,"image":{"@id":"https:\/\/portaltela.pt\/noticias\/2026\/03\/13\/ruben-neves-marca-primeiro-aniversario-sem-diogo-jota\/#primaryimage"},"thumbnailUrl":"https:\/\/portaltela.pt\/s.01k8rhncp4jt1\/2026\/03\/img_1500x1000uu2025-08-16-21-16-12-2229585-im-639089930032303911.jpg","keywords":["amigos","desporto","fam\u00edlia","futebol","jogadores","Sele\u00e7\u00e3o Nacional"],"articleSection":["Celebridades"],"inLanguage":"pt-PT"},{"@type":"WebPage","@id":"https:\/\/portaltela.pt\/noticias\/2026\/03\/13\/ruben-neves-marca-primeiro-aniversario-sem-diogo-jota\/","url":"https:\/\/portaltela.pt\/noticias\/2026\/03\/13\/ruben-neves-marca-primeiro-aniversario-sem-diogo-jota\/","name":"R\u00faben Neves marca primeiro anivers\u00e1rio sem Diogo Jota - Portal Tela Portugal","isPartOf":{"@id":"https:\/\/portaltela.pt\/#website"},"primaryImageOfPage":{"@id":"https:\/\/portaltela.pt\/noticias\/2026\/03\/13\/ruben-neves-marca-primeiro-aniversario-sem-diogo-jota\/#primaryimage"},"image":{"@id":"https:\/\/portaltela.pt\/noticias\/2026\/03\/13\/ruben-neves-marca-primeiro-aniversario-sem-diogo-jota\/#primaryimage"},"thumbnailUrl":"https:\/\/portaltela.pt\/s.01k8rhncp4jt1\/2026\/03\/img_1500x1000uu2025-08-16-21-16-12-2229585-im-639089930032303911.jpg","datePublished":"2026-03-13T13:32:29+00:00","author":{"@id":"https:\/\/portaltela.pt\/#\/schema\/person\/c4278d4a6028830caff9ee44b42d32ed"},"breadcrumb":{"@id":"https:\/\/portaltela.pt\/noticias\/2026\/03\/13\/ruben-neves-marca-primeiro-aniversario-sem-diogo-jota\/#breadcrumb"},"inLanguage":"pt-PT","potentialAction":[{"@type":"ReadAction","target":["https:\/\/portaltela.pt\/noticias\/2026\/03\/13\/ruben-neves-marca-primeiro-aniversario-sem-diogo-jota\/"]}]},{"@type":"ImageObject","inLanguage":"pt-PT","@id":"https:\/\/portaltela.pt\/noticias\/2026\/03\/13\/ruben-neves-marca-primeiro-aniversario-sem-diogo-jota\/#primaryimage","url":"https:\/\/portaltela.pt\/s.01k8rhncp4jt1\/2026\/03\/img_1500x1000uu2025-08-16-21-16-12-2229585-im-639089930032303911.jpg","contentUrl":"https:\/\/portaltela.pt\/s.01k8rhncp4jt1\/2026\/03\/img_1500x1000uu2025-08-16-21-16-12-2229585-im-639089930032303911.jpg","width":796,"height":448,"caption":"R\u00faben Neves"},{"@type":"BreadcrumbList","@id":"https:\/\/portaltela.pt\/noticias\/2026\/03\/13\/ruben-neves-marca-primeiro-aniversario-sem-diogo-jota\/#breadcrumb","itemListElement":[{"@type":"ListItem","position":1,"name":"In\u00edcio","item":"https:\/\/portaltela.pt\/"},{"@type":"ListItem","position":2,"name":"R\u00faben Neves marca primeiro anivers\u00e1rio sem Diogo Jota"}]},{"@type":"WebSite","@id":"https:\/\/portaltela.pt\/#website","url":"https:\/\/portaltela.pt\/","name":"Portal Tela Portugal","description":"","potentialAction":[{"@type":"SearchAction","target":{"@type":"EntryPoint","urlTemplate":"https:\/\/portaltela.pt\/?s={search_term_string}"},"query-input":{"@type":"PropertyValueSpecification","valueRequired":true,"valueName":"search_term_string"}}],"inLanguage":"pt-PT"},{"@type":"Person","@id":"https:\/\/portaltela.pt\/#\/schema\/person\/c4278d4a6028830caff9ee44b42d32ed","name":"Telinha","image":{"@type":"ImageObject","inLanguage":"pt-PT","@id":"https:\/\/portaltela.pt\/s.01k8rhncp4jt1\/2025\/11\/talking-bot-125x125.png","url":"https:\/\/portaltela.pt\/s.01k8rhncp4jt1\/2025\/11\/talking-bot-125x125.png","contentUrl":"https:\/\/portaltela.pt\/s.01k8rhncp4jt1\/2025\/11\/talking-bot-125x125.png","caption":"Telinha"},"sameAs":["https:\/\/portaltela.pt\/"],"url":"https:\/\/portaltela.pt\/por\/367410592786\/"}]}},"_links":{"self":[{"href":"https:\/\/portaltela.pt\/api\/wp\/v2\/posts\/408841","targetHints":{"allow":["GET"]}}],"collection":[{"href":"https:\/\/portaltela.pt\/api\/wp\/v2\/posts"}],"about":[{"href":"https:\/\/portaltela.pt\/api\/wp\/v2\/types\/post"}],"author":[{"embeddable":true,"href":"https:\/\/portaltela.pt\/api\/wp\/v2\/users\/2"}],"replies":[{"embeddable":true,"href":"https:\/\/portaltela.pt\/api\/wp\/v2\/comments?post=408841"}],"version-history":[{"count":0,"href":"https:\/\/portaltela.pt\/api\/wp\/v2\/posts\/408841\/revisions"}],"wp:featuredmedia":[{"embeddable":true,"href":"https:\/\/portaltela.pt\/api\/wp\/v2\/media\/408849"}],"wp:attachment":[{"href":"https:\/\/portaltela.pt\/api\/wp\/v2\/media?parent=408841"}],"wp:term":[{"taxonomy":"category","embeddable":true,"href":"https:\/\/portaltela.pt\/api\/wp\/v2\/categories?post=408841"},{"taxonomy":"post_tag","embeddable":true,"href":"https:\/\/portaltela.pt\/api\/wp\/v2\/tags?post=408841"}],"curies":[{"name":"wp","href":"https:\/\/api.w.org\/{rel}","templated":true}]}}