{"id":408839,"date":"2026-03-13T10:06:00","date_gmt":"2026-03-13T13:06:00","guid":{"rendered":"https:\/\/portaltela.pt\/noticias\/2026\/03\/13\/exposicao-com-101-gravuras-de-paula-rego-no-forum-da-maia\/"},"modified":"2026-03-13T10:06:00","modified_gmt":"2026-03-13T13:06:00","slug":"exposicao-com-101-gravuras-de-paula-rego-no-forum-da-maia","status":"publish","type":"post","link":"https:\/\/portaltela.pt\/noticias\/2026\/03\/13\/exposicao-com-101-gravuras-de-paula-rego-no-forum-da-maia\/","title":{"rendered":"Exposi\u00e7\u00e3o com 101 gravuras de Paula Rego no F\u00f3rum da Maia"},"content":{"rendered":"<p>O F\u00f3rum da Maia inaugura a exposi\u00e7\u00e3o Paula Rego: Hist\u00f3rias Gravadas. Da Imagina\u00e7\u00e3o para a Chapa, com 101 gravuras da pintora. A abertura ocorreu no s\u00e1bado e a mostra ficar\u00e1 patente at\u00e9 3 de maio.<\/p>\n<p>Entre as pe\u00e7as, destaca-se a s\u00e9rie O Vinho, ainda pouco conhecida do p\u00fablico. A exposi\u00e7\u00e3o re\u00fane trabalhos de v\u00e1rias fases da artista, organizados pela institui\u00e7\u00e3o anfitri\u00e3.<\/p>\n<p>A mostra tem como objetivo apresentar a gravura como eixo criativo de Paula Rego, oferecendo ao p\u00fablico acesso a uma parcela menos exposta da sua produ\u00e7\u00e3o.<\/p>\n","protected":false},"excerpt":{"rendered":"<ul>\n<li>A exposi\u00e7\u00e3o Paula Rego: Hist\u00f3rias Gravadas. Da Imagina\u00e7\u00e3o para a Chapa re\u00fane 101 gravuras da pintora Paula Rego.<\/li>\n<li>Inclui pe\u00e7as menos conhecidas, como a s\u00e9rie O Vinho.<\/li>\n<li>Foi inaugurada no s\u00e1bado no F\u00f3rum da Maia.<\/li>\n<li>A mostra fica patente at\u00e9 03 de maio.<\/li>\n<li>Toca ao p\u00fablico apreciar obras que mostram a imagina\u00e7\u00e3o de Paula Rego em suporte de gravuras.<\/li>\n<\/ul>\n","protected":false},"author":2,"featured_media":408847,"comment_status":"closed","ping_status":"closed","sticky":false,"template":"","format":"standard","meta":{"footnotes":""},"categories":[1],"tags":[70,4653,145,1397,2923,1743],"class_list":["post-408839","post","type-post","status-publish","format-standard","has-post-thumbnail","hentry","category-noticias","tag-arte","tag-artes-plasticas","tag-cultura","tag-exposicoes","tag-galerias-arquivos","tag-maia"],"yoast_head":"<!-- This site is optimized with the Yoast SEO plugin v27.2 - https:\/\/yoast.com\/product\/yoast-seo-wordpress\/ -->\n<title>Exposi\u00e7\u00e3o com 101 gravuras de Paula Rego no F\u00f3rum da Maia - Portal Tela Portugal<\/title>\n<meta name=\"robots\" content=\"index, follow, max-snippet:-1, max-image-preview:large, max-video-preview:-1\" \/>\n<meta property=\"og:locale\" content=\"pt_PT\" \/>\n<meta property=\"og:type\" content=\"article\" \/>\n<meta property=\"og:title\" content=\"Exposi\u00e7\u00e3o com 101 gravuras de Paula Rego no F\u00f3rum da Maia - Portal Tela Portugal\" \/>\n<meta property=\"og:description\" content=\"A exposi\u00e7\u00e3o Paula Rego: Hist\u00f3rias Gravadas. Da Imagina\u00e7\u00e3o para a Chapa re\u00fane 101 gravuras da pintora Paula Rego. Inclui pe\u00e7as menos conhecidas, como a s\u00e9rie O Vinho. Foi inaugurada no s\u00e1bado no F\u00f3rum da Maia. A mostra fica patente at\u00e9 03 de maio. Toca ao p\u00fablico apreciar obras que mostram a imagina\u00e7\u00e3o de Paula Rego em suporte de gravuras.\" \/>\n<meta property=\"og:url\" content=\"https:\/\/portaltela.pt\/noticias\/2026\/03\/13\/exposicao-com-101-gravuras-de-paula-rego-no-forum-da-maia\/\" \/>\n<meta property=\"og:site_name\" content=\"Portal Tela Portugal\" \/>\n<meta property=\"article:published_time\" content=\"2026-03-13T13:06:00+00:00\" \/>\n<meta name=\"author\" content=\"Telinha\" \/>\n<meta name=\"twitter:card\" content=\"summary_large_image\" \/>\n<meta name=\"twitter:label1\" content=\"Escrito por\" \/>\n\t<meta name=\"twitter:data1\" content=\"Telinha\" \/>\n<script type=\"application\/ld+json\" class=\"yoast-schema-graph\">{\"@context\":\"https:\/\/schema.org\",\"@graph\":[{\"@type\":\"Article\",\"@id\":\"https:\/\/portaltela.pt\/noticias\/2026\/03\/13\/exposicao-com-101-gravuras-de-paula-rego-no-forum-da-maia\/#article\",\"isPartOf\":{\"@id\":\"https:\/\/portaltela.pt\/noticias\/2026\/03\/13\/exposicao-com-101-gravuras-de-paula-rego-no-forum-da-maia\/\"},\"author\":{\"name\":\"Telinha\",\"@id\":\"https:\/\/portaltela.pt\/#\/schema\/person\/c4278d4a6028830caff9ee44b42d32ed\"},\"headline\":\"Exposi\u00e7\u00e3o com 101 gravuras de Paula Rego no F\u00f3rum da Maia\",\"datePublished\":\"2026-03-13T13:06:00+00:00\",\"mainEntityOfPage\":{\"@id\":\"https:\/\/portaltela.pt\/noticias\/2026\/03\/13\/exposicao-com-101-gravuras-de-paula-rego-no-forum-da-maia\/\"},\"wordCount\":111,\"image\":{\"@id\":\"https:\/\/portaltela.pt\/noticias\/2026\/03\/13\/exposicao-com-101-gravuras-de-paula-rego-no-forum-da-maia\/#primaryimage\"},\"thumbnailUrl\":\"https:\/\/portaltela.pt\/s.01k8rhncp4jt1\/2026\/03\/CACHE_780X1200_ANALOG_WATERMARKED_21523097_2150395_14092019092922.jpg\",\"keywords\":[\"arte\",\"Artes Pl\u00e1sticas\",\"cultura\",\"exposi\u00e7\u00f5es\",\"galerias\/arquivos\",\"Maia\"],\"articleSection\":[\"Not\u00edcias\"],\"inLanguage\":\"pt-PT\"},{\"@type\":\"WebPage\",\"@id\":\"https:\/\/portaltela.pt\/noticias\/2026\/03\/13\/exposicao-com-101-gravuras-de-paula-rego-no-forum-da-maia\/\",\"url\":\"https:\/\/portaltela.pt\/noticias\/2026\/03\/13\/exposicao-com-101-gravuras-de-paula-rego-no-forum-da-maia\/\",\"name\":\"Exposi\u00e7\u00e3o com 101 gravuras de Paula Rego no F\u00f3rum da Maia - Portal Tela Portugal\",\"isPartOf\":{\"@id\":\"https:\/\/portaltela.pt\/#website\"},\"primaryImageOfPage\":{\"@id\":\"https:\/\/portaltela.pt\/noticias\/2026\/03\/13\/exposicao-com-101-gravuras-de-paula-rego-no-forum-da-maia\/#primaryimage\"},\"image\":{\"@id\":\"https:\/\/portaltela.pt\/noticias\/2026\/03\/13\/exposicao-com-101-gravuras-de-paula-rego-no-forum-da-maia\/#primaryimage\"},\"thumbnailUrl\":\"https:\/\/portaltela.pt\/s.01k8rhncp4jt1\/2026\/03\/CACHE_780X1200_ANALOG_WATERMARKED_21523097_2150395_14092019092922.jpg\",\"datePublished\":\"2026-03-13T13:06:00+00:00\",\"author\":{\"@id\":\"https:\/\/portaltela.pt\/#\/schema\/person\/c4278d4a6028830caff9ee44b42d32ed\"},\"breadcrumb\":{\"@id\":\"https:\/\/portaltela.pt\/noticias\/2026\/03\/13\/exposicao-com-101-gravuras-de-paula-rego-no-forum-da-maia\/#breadcrumb\"},\"inLanguage\":\"pt-PT\",\"potentialAction\":[{\"@type\":\"ReadAction\",\"target\":[\"https:\/\/portaltela.pt\/noticias\/2026\/03\/13\/exposicao-com-101-gravuras-de-paula-rego-no-forum-da-maia\/\"]}]},{\"@type\":\"ImageObject\",\"inLanguage\":\"pt-PT\",\"@id\":\"https:\/\/portaltela.pt\/noticias\/2026\/03\/13\/exposicao-com-101-gravuras-de-paula-rego-no-forum-da-maia\/#primaryimage\",\"url\":\"https:\/\/portaltela.pt\/s.01k8rhncp4jt1\/2026\/03\/CACHE_780X1200_ANALOG_WATERMARKED_21523097_2150395_14092019092922.jpg\",\"contentUrl\":\"https:\/\/portaltela.pt\/s.01k8rhncp4jt1\/2026\/03\/CACHE_780X1200_ANALOG_WATERMARKED_21523097_2150395_14092019092922.jpg\",\"width\":796,\"height\":448,\"caption\":\"Exposi\u00e7\u00e3o re\u00fane 101 gravuras da pintora Paula Rego no F\u00f3rum da Maia\"},{\"@type\":\"BreadcrumbList\",\"@id\":\"https:\/\/portaltela.pt\/noticias\/2026\/03\/13\/exposicao-com-101-gravuras-de-paula-rego-no-forum-da-maia\/#breadcrumb\",\"itemListElement\":[{\"@type\":\"ListItem\",\"position\":1,\"name\":\"In\u00edcio\",\"item\":\"https:\/\/portaltela.pt\/\"},{\"@type\":\"ListItem\",\"position\":2,\"name\":\"Exposi\u00e7\u00e3o com 101 gravuras de Paula Rego no F\u00f3rum da Maia\"}]},{\"@type\":\"WebSite\",\"@id\":\"https:\/\/portaltela.pt\/#website\",\"url\":\"https:\/\/portaltela.pt\/\",\"name\":\"Portal Tela Portugal\",\"description\":\"\",\"potentialAction\":[{\"@type\":\"SearchAction\",\"target\":{\"@type\":\"EntryPoint\",\"urlTemplate\":\"https:\/\/portaltela.pt\/?s={search_term_string}\"},\"query-input\":{\"@type\":\"PropertyValueSpecification\",\"valueRequired\":true,\"valueName\":\"search_term_string\"}}],\"inLanguage\":\"pt-PT\"},{\"@type\":\"Person\",\"@id\":\"https:\/\/portaltela.pt\/#\/schema\/person\/c4278d4a6028830caff9ee44b42d32ed\",\"name\":\"Telinha\",\"image\":{\"@type\":\"ImageObject\",\"inLanguage\":\"pt-PT\",\"@id\":\"https:\/\/portaltela.pt\/s.01k8rhncp4jt1\/2025\/11\/talking-bot-125x125.png\",\"url\":\"https:\/\/portaltela.pt\/s.01k8rhncp4jt1\/2025\/11\/talking-bot-125x125.png\",\"contentUrl\":\"https:\/\/portaltela.pt\/s.01k8rhncp4jt1\/2025\/11\/talking-bot-125x125.png\",\"caption\":\"Telinha\"},\"sameAs\":[\"https:\/\/portaltela.pt\/\"],\"url\":\"https:\/\/portaltela.pt\/por\/367410592786\/\"}]}<\/script>\n<!-- \/ Yoast SEO plugin. -->","yoast_head_json":{"title":"Exposi\u00e7\u00e3o com 101 gravuras de Paula Rego no F\u00f3rum da Maia - Portal Tela Portugal","robots":{"index":"index","follow":"follow","max-snippet":"max-snippet:-1","max-image-preview":"max-image-preview:large","max-video-preview":"max-video-preview:-1"},"og_locale":"pt_PT","og_type":"article","og_title":"Exposi\u00e7\u00e3o com 101 gravuras de Paula Rego no F\u00f3rum da Maia - Portal Tela Portugal","og_description":"A exposi\u00e7\u00e3o Paula Rego: Hist\u00f3rias Gravadas. Da Imagina\u00e7\u00e3o para a Chapa re\u00fane 101 gravuras da pintora Paula Rego. Inclui pe\u00e7as menos conhecidas, como a s\u00e9rie O Vinho. Foi inaugurada no s\u00e1bado no F\u00f3rum da Maia. A mostra fica patente at\u00e9 03 de maio. Toca ao p\u00fablico apreciar obras que mostram a imagina\u00e7\u00e3o de Paula Rego em suporte de gravuras.","og_url":"https:\/\/portaltela.pt\/noticias\/2026\/03\/13\/exposicao-com-101-gravuras-de-paula-rego-no-forum-da-maia\/","og_site_name":"Portal Tela Portugal","article_published_time":"2026-03-13T13:06:00+00:00","author":"Telinha","twitter_card":"summary_large_image","twitter_misc":{"Escrito por":"Telinha"},"schema":{"@context":"https:\/\/schema.org","@graph":[{"@type":"Article","@id":"https:\/\/portaltela.pt\/noticias\/2026\/03\/13\/exposicao-com-101-gravuras-de-paula-rego-no-forum-da-maia\/#article","isPartOf":{"@id":"https:\/\/portaltela.pt\/noticias\/2026\/03\/13\/exposicao-com-101-gravuras-de-paula-rego-no-forum-da-maia\/"},"author":{"name":"Telinha","@id":"https:\/\/portaltela.pt\/#\/schema\/person\/c4278d4a6028830caff9ee44b42d32ed"},"headline":"Exposi\u00e7\u00e3o com 101 gravuras de Paula Rego no F\u00f3rum da Maia","datePublished":"2026-03-13T13:06:00+00:00","mainEntityOfPage":{"@id":"https:\/\/portaltela.pt\/noticias\/2026\/03\/13\/exposicao-com-101-gravuras-de-paula-rego-no-forum-da-maia\/"},"wordCount":111,"image":{"@id":"https:\/\/portaltela.pt\/noticias\/2026\/03\/13\/exposicao-com-101-gravuras-de-paula-rego-no-forum-da-maia\/#primaryimage"},"thumbnailUrl":"https:\/\/portaltela.pt\/s.01k8rhncp4jt1\/2026\/03\/CACHE_780X1200_ANALOG_WATERMARKED_21523097_2150395_14092019092922.jpg","keywords":["arte","Artes Pl\u00e1sticas","cultura","exposi\u00e7\u00f5es","galerias\/arquivos","Maia"],"articleSection":["Not\u00edcias"],"inLanguage":"pt-PT"},{"@type":"WebPage","@id":"https:\/\/portaltela.pt\/noticias\/2026\/03\/13\/exposicao-com-101-gravuras-de-paula-rego-no-forum-da-maia\/","url":"https:\/\/portaltela.pt\/noticias\/2026\/03\/13\/exposicao-com-101-gravuras-de-paula-rego-no-forum-da-maia\/","name":"Exposi\u00e7\u00e3o com 101 gravuras de Paula Rego no F\u00f3rum da Maia - Portal Tela Portugal","isPartOf":{"@id":"https:\/\/portaltela.pt\/#website"},"primaryImageOfPage":{"@id":"https:\/\/portaltela.pt\/noticias\/2026\/03\/13\/exposicao-com-101-gravuras-de-paula-rego-no-forum-da-maia\/#primaryimage"},"image":{"@id":"https:\/\/portaltela.pt\/noticias\/2026\/03\/13\/exposicao-com-101-gravuras-de-paula-rego-no-forum-da-maia\/#primaryimage"},"thumbnailUrl":"https:\/\/portaltela.pt\/s.01k8rhncp4jt1\/2026\/03\/CACHE_780X1200_ANALOG_WATERMARKED_21523097_2150395_14092019092922.jpg","datePublished":"2026-03-13T13:06:00+00:00","author":{"@id":"https:\/\/portaltela.pt\/#\/schema\/person\/c4278d4a6028830caff9ee44b42d32ed"},"breadcrumb":{"@id":"https:\/\/portaltela.pt\/noticias\/2026\/03\/13\/exposicao-com-101-gravuras-de-paula-rego-no-forum-da-maia\/#breadcrumb"},"inLanguage":"pt-PT","potentialAction":[{"@type":"ReadAction","target":["https:\/\/portaltela.pt\/noticias\/2026\/03\/13\/exposicao-com-101-gravuras-de-paula-rego-no-forum-da-maia\/"]}]},{"@type":"ImageObject","inLanguage":"pt-PT","@id":"https:\/\/portaltela.pt\/noticias\/2026\/03\/13\/exposicao-com-101-gravuras-de-paula-rego-no-forum-da-maia\/#primaryimage","url":"https:\/\/portaltela.pt\/s.01k8rhncp4jt1\/2026\/03\/CACHE_780X1200_ANALOG_WATERMARKED_21523097_2150395_14092019092922.jpg","contentUrl":"https:\/\/portaltela.pt\/s.01k8rhncp4jt1\/2026\/03\/CACHE_780X1200_ANALOG_WATERMARKED_21523097_2150395_14092019092922.jpg","width":796,"height":448,"caption":"Exposi\u00e7\u00e3o re\u00fane 101 gravuras da pintora Paula Rego no F\u00f3rum da Maia"},{"@type":"BreadcrumbList","@id":"https:\/\/portaltela.pt\/noticias\/2026\/03\/13\/exposicao-com-101-gravuras-de-paula-rego-no-forum-da-maia\/#breadcrumb","itemListElement":[{"@type":"ListItem","position":1,"name":"In\u00edcio","item":"https:\/\/portaltela.pt\/"},{"@type":"ListItem","position":2,"name":"Exposi\u00e7\u00e3o com 101 gravuras de Paula Rego no F\u00f3rum da Maia"}]},{"@type":"WebSite","@id":"https:\/\/portaltela.pt\/#website","url":"https:\/\/portaltela.pt\/","name":"Portal Tela Portugal","description":"","potentialAction":[{"@type":"SearchAction","target":{"@type":"EntryPoint","urlTemplate":"https:\/\/portaltela.pt\/?s={search_term_string}"},"query-input":{"@type":"PropertyValueSpecification","valueRequired":true,"valueName":"search_term_string"}}],"inLanguage":"pt-PT"},{"@type":"Person","@id":"https:\/\/portaltela.pt\/#\/schema\/person\/c4278d4a6028830caff9ee44b42d32ed","name":"Telinha","image":{"@type":"ImageObject","inLanguage":"pt-PT","@id":"https:\/\/portaltela.pt\/s.01k8rhncp4jt1\/2025\/11\/talking-bot-125x125.png","url":"https:\/\/portaltela.pt\/s.01k8rhncp4jt1\/2025\/11\/talking-bot-125x125.png","contentUrl":"https:\/\/portaltela.pt\/s.01k8rhncp4jt1\/2025\/11\/talking-bot-125x125.png","caption":"Telinha"},"sameAs":["https:\/\/portaltela.pt\/"],"url":"https:\/\/portaltela.pt\/por\/367410592786\/"}]}},"_links":{"self":[{"href":"https:\/\/portaltela.pt\/api\/wp\/v2\/posts\/408839","targetHints":{"allow":["GET"]}}],"collection":[{"href":"https:\/\/portaltela.pt\/api\/wp\/v2\/posts"}],"about":[{"href":"https:\/\/portaltela.pt\/api\/wp\/v2\/types\/post"}],"author":[{"embeddable":true,"href":"https:\/\/portaltela.pt\/api\/wp\/v2\/users\/2"}],"replies":[{"embeddable":true,"href":"https:\/\/portaltela.pt\/api\/wp\/v2\/comments?post=408839"}],"version-history":[{"count":0,"href":"https:\/\/portaltela.pt\/api\/wp\/v2\/posts\/408839\/revisions"}],"wp:featuredmedia":[{"embeddable":true,"href":"https:\/\/portaltela.pt\/api\/wp\/v2\/media\/408847"}],"wp:attachment":[{"href":"https:\/\/portaltela.pt\/api\/wp\/v2\/media?parent=408839"}],"wp:term":[{"taxonomy":"category","embeddable":true,"href":"https:\/\/portaltela.pt\/api\/wp\/v2\/categories?post=408839"},{"taxonomy":"post_tag","embeddable":true,"href":"https:\/\/portaltela.pt\/api\/wp\/v2\/tags?post=408839"}],"curies":[{"name":"wp","href":"https:\/\/api.w.org\/{rel}","templated":true}]}}