{"id":408822,"date":"2026-03-13T09:11:00","date_gmt":"2026-03-13T12:11:00","guid":{"rendered":"https:\/\/portaltela.pt\/noticias\/2026\/03\/13\/excedente-agroalimentar-da-ue-cai-para-499-mil-me-em-2025\/"},"modified":"2026-03-13T09:11:00","modified_gmt":"2026-03-13T12:11:00","slug":"excedente-agroalimentar-da-ue-cai-para-499-mil-me-em-2025","status":"publish","type":"post","link":"https:\/\/portaltela.pt\/noticias\/economia\/2026\/03\/13\/excedente-agroalimentar-da-ue-cai-para-499-mil-me-em-2025\/","title":{"rendered":"Excedente agroalimentar da UE cai para 49,9 mil ME em 2025"},"content":{"rendered":"<p>O excedente comercial agroalimentar da Uni\u00e3o Europeia abrandou em 2025, caindo 13,3 mil milh\u00f5es de euros para 49,9 mil milh\u00f5es, face a 2024, segundo dados divulgados pela Comiss\u00e3o Europeia.<\/p>\n<p>A autoridade comunit\u00e1ria indica que a queda reflete altera\u00e7\u00f5es no saldo entre exporta\u00e7\u00f5es e importa\u00e7\u00f5es de produtos agroalimentares na regi\u00e3o, com impactos na balan\u00e7a externa do setor.<\/p>\n<p>O relat\u00f3rio completo est\u00e1 dispon\u00edvel apenas para subscritores. A Comiss\u00e3o Europeia n\u00e3o detalha neste comunicado adicional sobre a composi\u00e7\u00e3o por segmentos ou mercados espec\u00edficos.<\/p>\n","protected":false},"excerpt":{"rendered":"<ul>\n<li>O excedente comercial agroalimentar da Uni\u00e3o Europeia recuou para 49,9 mil milh\u00f5es de euros em 2025, face a 2024.<\/li>\n<li>A redu\u00e7\u00e3o foi de 13,3 mil milh\u00f5es de euros.<\/li>\n<li>A divulga\u00e7\u00e3o \u00e9 da Comiss\u00e3o Europeia.<\/li>\n<li>O conte\u00fado completo da not\u00edcia est\u00e1 dispon\u00edvel apenas para subscritores.<\/li>\n<\/ul>\n","protected":false},"author":2,"featured_media":408829,"comment_status":"closed","ping_status":"closed","sticky":false,"template":"","format":"standard","meta":{"footnotes":""},"categories":[2,1],"tags":[760,28,158,2541,1957,2055],"class_list":["post-408822","post","type-post","status-publish","format-standard","has-post-thumbnail","hentry","category-economia","category-noticias","tag-agroalimentar","tag-economia","tag-excedente","tag-exportacoes","tag-importacoes","tag-uniao-europeia"],"yoast_head":"<!-- This site is optimized with the Yoast SEO plugin v27.2 - https:\/\/yoast.com\/product\/yoast-seo-wordpress\/ -->\n<title>Excedente agroalimentar da UE cai para 49,9 mil ME em 2025 - Portal Tela Portugal<\/title>\n<meta name=\"robots\" content=\"index, follow, max-snippet:-1, max-image-preview:large, max-video-preview:-1\" \/>\n<meta property=\"og:locale\" content=\"pt_PT\" \/>\n<meta property=\"og:type\" content=\"article\" \/>\n<meta property=\"og:title\" content=\"Excedente agroalimentar da UE cai para 49,9 mil ME em 2025 - Portal Tela Portugal\" \/>\n<meta property=\"og:description\" content=\"O excedente comercial agroalimentar da Uni\u00e3o Europeia recuou para 49,9 mil milh\u00f5es de euros em 2025, face a 2024. A redu\u00e7\u00e3o foi de 13,3 mil milh\u00f5es de euros. A divulga\u00e7\u00e3o \u00e9 da Comiss\u00e3o Europeia. O conte\u00fado completo da not\u00edcia est\u00e1 dispon\u00edvel apenas para subscritores.\" \/>\n<meta property=\"og:url\" content=\"https:\/\/portaltela.pt\/noticias\/2026\/03\/13\/excedente-agroalimentar-da-ue-cai-para-499-mil-me-em-2025\/\" \/>\n<meta property=\"og:site_name\" content=\"Portal Tela Portugal\" \/>\n<meta property=\"article:published_time\" content=\"2026-03-13T12:11:00+00:00\" \/>\n<meta name=\"author\" content=\"Telinha\" \/>\n<meta name=\"twitter:card\" content=\"summary_large_image\" \/>\n<meta name=\"twitter:label1\" content=\"Escrito por\" \/>\n\t<meta name=\"twitter:data1\" content=\"Telinha\" \/>\n<script type=\"application\/ld+json\" class=\"yoast-schema-graph\">{\"@context\":\"https:\/\/schema.org\",\"@graph\":[{\"@type\":\"Article\",\"@id\":\"https:\/\/portaltela.pt\/noticias\/2026\/03\/13\/excedente-agroalimentar-da-ue-cai-para-499-mil-me-em-2025\/#article\",\"isPartOf\":{\"@id\":\"https:\/\/portaltela.pt\/noticias\/2026\/03\/13\/excedente-agroalimentar-da-ue-cai-para-499-mil-me-em-2025\/\"},\"author\":{\"name\":\"Telinha\",\"@id\":\"https:\/\/portaltela.pt\/#\/schema\/person\/c4278d4a6028830caff9ee44b42d32ed\"},\"headline\":\"Excedente agroalimentar da UE cai para 49,9 mil ME em 2025\",\"datePublished\":\"2026-03-13T12:11:00+00:00\",\"mainEntityOfPage\":{\"@id\":\"https:\/\/portaltela.pt\/noticias\/2026\/03\/13\/excedente-agroalimentar-da-ue-cai-para-499-mil-me-em-2025\/\"},\"wordCount\":101,\"image\":{\"@id\":\"https:\/\/portaltela.pt\/noticias\/2026\/03\/13\/excedente-agroalimentar-da-ue-cai-para-499-mil-me-em-2025\/#primaryimage\"},\"thumbnailUrl\":\"https:\/\/portaltela.pt\/s.01k8rhncp4jt1\/2026\/03\/CACHE_780X1200_ANALOG_WATERMARKED_28590088_333984716285181.jpg\",\"keywords\":[\"agroalimentar\",\"economia\",\"excedente\",\"exporta\u00e7\u00f5es\",\"importa\u00e7\u00f5es\",\"Uni\u00e3o Europeia\"],\"articleSection\":[\"Economia\",\"Not\u00edcias\"],\"inLanguage\":\"pt-PT\"},{\"@type\":\"WebPage\",\"@id\":\"https:\/\/portaltela.pt\/noticias\/2026\/03\/13\/excedente-agroalimentar-da-ue-cai-para-499-mil-me-em-2025\/\",\"url\":\"https:\/\/portaltela.pt\/noticias\/2026\/03\/13\/excedente-agroalimentar-da-ue-cai-para-499-mil-me-em-2025\/\",\"name\":\"Excedente agroalimentar da UE cai para 49,9 mil ME em 2025 - Portal Tela Portugal\",\"isPartOf\":{\"@id\":\"https:\/\/portaltela.pt\/#website\"},\"primaryImageOfPage\":{\"@id\":\"https:\/\/portaltela.pt\/noticias\/2026\/03\/13\/excedente-agroalimentar-da-ue-cai-para-499-mil-me-em-2025\/#primaryimage\"},\"image\":{\"@id\":\"https:\/\/portaltela.pt\/noticias\/2026\/03\/13\/excedente-agroalimentar-da-ue-cai-para-499-mil-me-em-2025\/#primaryimage\"},\"thumbnailUrl\":\"https:\/\/portaltela.pt\/s.01k8rhncp4jt1\/2026\/03\/CACHE_780X1200_ANALOG_WATERMARKED_28590088_333984716285181.jpg\",\"datePublished\":\"2026-03-13T12:11:00+00:00\",\"author\":{\"@id\":\"https:\/\/portaltela.pt\/#\/schema\/person\/c4278d4a6028830caff9ee44b42d32ed\"},\"breadcrumb\":{\"@id\":\"https:\/\/portaltela.pt\/noticias\/2026\/03\/13\/excedente-agroalimentar-da-ue-cai-para-499-mil-me-em-2025\/#breadcrumb\"},\"inLanguage\":\"pt-PT\",\"potentialAction\":[{\"@type\":\"ReadAction\",\"target\":[\"https:\/\/portaltela.pt\/noticias\/2026\/03\/13\/excedente-agroalimentar-da-ue-cai-para-499-mil-me-em-2025\/\"]}]},{\"@type\":\"ImageObject\",\"inLanguage\":\"pt-PT\",\"@id\":\"https:\/\/portaltela.pt\/noticias\/2026\/03\/13\/excedente-agroalimentar-da-ue-cai-para-499-mil-me-em-2025\/#primaryimage\",\"url\":\"https:\/\/portaltela.pt\/s.01k8rhncp4jt1\/2026\/03\/CACHE_780X1200_ANALOG_WATERMARKED_28590088_333984716285181.jpg\",\"contentUrl\":\"https:\/\/portaltela.pt\/s.01k8rhncp4jt1\/2026\/03\/CACHE_780X1200_ANALOG_WATERMARKED_28590088_333984716285181.jpg\",\"width\":768,\"height\":507,\"caption\":\"Excedente comercial agroalimentar da UE recua para 49,9 mil ME em 2025\"},{\"@type\":\"BreadcrumbList\",\"@id\":\"https:\/\/portaltela.pt\/noticias\/2026\/03\/13\/excedente-agroalimentar-da-ue-cai-para-499-mil-me-em-2025\/#breadcrumb\",\"itemListElement\":[{\"@type\":\"ListItem\",\"position\":1,\"name\":\"In\u00edcio\",\"item\":\"https:\/\/portaltela.pt\/\"},{\"@type\":\"ListItem\",\"position\":2,\"name\":\"Excedente agroalimentar da UE cai para 49,9 mil ME em 2025\"}]},{\"@type\":\"WebSite\",\"@id\":\"https:\/\/portaltela.pt\/#website\",\"url\":\"https:\/\/portaltela.pt\/\",\"name\":\"Portal Tela Portugal\",\"description\":\"\",\"potentialAction\":[{\"@type\":\"SearchAction\",\"target\":{\"@type\":\"EntryPoint\",\"urlTemplate\":\"https:\/\/portaltela.pt\/?s={search_term_string}\"},\"query-input\":{\"@type\":\"PropertyValueSpecification\",\"valueRequired\":true,\"valueName\":\"search_term_string\"}}],\"inLanguage\":\"pt-PT\"},{\"@type\":\"Person\",\"@id\":\"https:\/\/portaltela.pt\/#\/schema\/person\/c4278d4a6028830caff9ee44b42d32ed\",\"name\":\"Telinha\",\"image\":{\"@type\":\"ImageObject\",\"inLanguage\":\"pt-PT\",\"@id\":\"https:\/\/portaltela.pt\/s.01k8rhncp4jt1\/2025\/11\/talking-bot-125x125.png\",\"url\":\"https:\/\/portaltela.pt\/s.01k8rhncp4jt1\/2025\/11\/talking-bot-125x125.png\",\"contentUrl\":\"https:\/\/portaltela.pt\/s.01k8rhncp4jt1\/2025\/11\/talking-bot-125x125.png\",\"caption\":\"Telinha\"},\"sameAs\":[\"https:\/\/portaltela.pt\/\"],\"url\":\"https:\/\/portaltela.pt\/por\/367410592786\/\"}]}<\/script>\n<!-- \/ Yoast SEO plugin. -->","yoast_head_json":{"title":"Excedente agroalimentar da UE cai para 49,9 mil ME em 2025 - Portal Tela Portugal","robots":{"index":"index","follow":"follow","max-snippet":"max-snippet:-1","max-image-preview":"max-image-preview:large","max-video-preview":"max-video-preview:-1"},"og_locale":"pt_PT","og_type":"article","og_title":"Excedente agroalimentar da UE cai para 49,9 mil ME em 2025 - Portal Tela Portugal","og_description":"O excedente comercial agroalimentar da Uni\u00e3o Europeia recuou para 49,9 mil milh\u00f5es de euros em 2025, face a 2024. A redu\u00e7\u00e3o foi de 13,3 mil milh\u00f5es de euros. A divulga\u00e7\u00e3o \u00e9 da Comiss\u00e3o Europeia. O conte\u00fado completo da not\u00edcia est\u00e1 dispon\u00edvel apenas para subscritores.","og_url":"https:\/\/portaltela.pt\/noticias\/2026\/03\/13\/excedente-agroalimentar-da-ue-cai-para-499-mil-me-em-2025\/","og_site_name":"Portal Tela Portugal","article_published_time":"2026-03-13T12:11:00+00:00","author":"Telinha","twitter_card":"summary_large_image","twitter_misc":{"Escrito por":"Telinha"},"schema":{"@context":"https:\/\/schema.org","@graph":[{"@type":"Article","@id":"https:\/\/portaltela.pt\/noticias\/2026\/03\/13\/excedente-agroalimentar-da-ue-cai-para-499-mil-me-em-2025\/#article","isPartOf":{"@id":"https:\/\/portaltela.pt\/noticias\/2026\/03\/13\/excedente-agroalimentar-da-ue-cai-para-499-mil-me-em-2025\/"},"author":{"name":"Telinha","@id":"https:\/\/portaltela.pt\/#\/schema\/person\/c4278d4a6028830caff9ee44b42d32ed"},"headline":"Excedente agroalimentar da UE cai para 49,9 mil ME em 2025","datePublished":"2026-03-13T12:11:00+00:00","mainEntityOfPage":{"@id":"https:\/\/portaltela.pt\/noticias\/2026\/03\/13\/excedente-agroalimentar-da-ue-cai-para-499-mil-me-em-2025\/"},"wordCount":101,"image":{"@id":"https:\/\/portaltela.pt\/noticias\/2026\/03\/13\/excedente-agroalimentar-da-ue-cai-para-499-mil-me-em-2025\/#primaryimage"},"thumbnailUrl":"https:\/\/portaltela.pt\/s.01k8rhncp4jt1\/2026\/03\/CACHE_780X1200_ANALOG_WATERMARKED_28590088_333984716285181.jpg","keywords":["agroalimentar","economia","excedente","exporta\u00e7\u00f5es","importa\u00e7\u00f5es","Uni\u00e3o Europeia"],"articleSection":["Economia","Not\u00edcias"],"inLanguage":"pt-PT"},{"@type":"WebPage","@id":"https:\/\/portaltela.pt\/noticias\/2026\/03\/13\/excedente-agroalimentar-da-ue-cai-para-499-mil-me-em-2025\/","url":"https:\/\/portaltela.pt\/noticias\/2026\/03\/13\/excedente-agroalimentar-da-ue-cai-para-499-mil-me-em-2025\/","name":"Excedente agroalimentar da UE cai para 49,9 mil ME em 2025 - Portal Tela Portugal","isPartOf":{"@id":"https:\/\/portaltela.pt\/#website"},"primaryImageOfPage":{"@id":"https:\/\/portaltela.pt\/noticias\/2026\/03\/13\/excedente-agroalimentar-da-ue-cai-para-499-mil-me-em-2025\/#primaryimage"},"image":{"@id":"https:\/\/portaltela.pt\/noticias\/2026\/03\/13\/excedente-agroalimentar-da-ue-cai-para-499-mil-me-em-2025\/#primaryimage"},"thumbnailUrl":"https:\/\/portaltela.pt\/s.01k8rhncp4jt1\/2026\/03\/CACHE_780X1200_ANALOG_WATERMARKED_28590088_333984716285181.jpg","datePublished":"2026-03-13T12:11:00+00:00","author":{"@id":"https:\/\/portaltela.pt\/#\/schema\/person\/c4278d4a6028830caff9ee44b42d32ed"},"breadcrumb":{"@id":"https:\/\/portaltela.pt\/noticias\/2026\/03\/13\/excedente-agroalimentar-da-ue-cai-para-499-mil-me-em-2025\/#breadcrumb"},"inLanguage":"pt-PT","potentialAction":[{"@type":"ReadAction","target":["https:\/\/portaltela.pt\/noticias\/2026\/03\/13\/excedente-agroalimentar-da-ue-cai-para-499-mil-me-em-2025\/"]}]},{"@type":"ImageObject","inLanguage":"pt-PT","@id":"https:\/\/portaltela.pt\/noticias\/2026\/03\/13\/excedente-agroalimentar-da-ue-cai-para-499-mil-me-em-2025\/#primaryimage","url":"https:\/\/portaltela.pt\/s.01k8rhncp4jt1\/2026\/03\/CACHE_780X1200_ANALOG_WATERMARKED_28590088_333984716285181.jpg","contentUrl":"https:\/\/portaltela.pt\/s.01k8rhncp4jt1\/2026\/03\/CACHE_780X1200_ANALOG_WATERMARKED_28590088_333984716285181.jpg","width":768,"height":507,"caption":"Excedente comercial agroalimentar da UE recua para 49,9 mil ME em 2025"},{"@type":"BreadcrumbList","@id":"https:\/\/portaltela.pt\/noticias\/2026\/03\/13\/excedente-agroalimentar-da-ue-cai-para-499-mil-me-em-2025\/#breadcrumb","itemListElement":[{"@type":"ListItem","position":1,"name":"In\u00edcio","item":"https:\/\/portaltela.pt\/"},{"@type":"ListItem","position":2,"name":"Excedente agroalimentar da UE cai para 49,9 mil ME em 2025"}]},{"@type":"WebSite","@id":"https:\/\/portaltela.pt\/#website","url":"https:\/\/portaltela.pt\/","name":"Portal Tela Portugal","description":"","potentialAction":[{"@type":"SearchAction","target":{"@type":"EntryPoint","urlTemplate":"https:\/\/portaltela.pt\/?s={search_term_string}"},"query-input":{"@type":"PropertyValueSpecification","valueRequired":true,"valueName":"search_term_string"}}],"inLanguage":"pt-PT"},{"@type":"Person","@id":"https:\/\/portaltela.pt\/#\/schema\/person\/c4278d4a6028830caff9ee44b42d32ed","name":"Telinha","image":{"@type":"ImageObject","inLanguage":"pt-PT","@id":"https:\/\/portaltela.pt\/s.01k8rhncp4jt1\/2025\/11\/talking-bot-125x125.png","url":"https:\/\/portaltela.pt\/s.01k8rhncp4jt1\/2025\/11\/talking-bot-125x125.png","contentUrl":"https:\/\/portaltela.pt\/s.01k8rhncp4jt1\/2025\/11\/talking-bot-125x125.png","caption":"Telinha"},"sameAs":["https:\/\/portaltela.pt\/"],"url":"https:\/\/portaltela.pt\/por\/367410592786\/"}]}},"_links":{"self":[{"href":"https:\/\/portaltela.pt\/api\/wp\/v2\/posts\/408822","targetHints":{"allow":["GET"]}}],"collection":[{"href":"https:\/\/portaltela.pt\/api\/wp\/v2\/posts"}],"about":[{"href":"https:\/\/portaltela.pt\/api\/wp\/v2\/types\/post"}],"author":[{"embeddable":true,"href":"https:\/\/portaltela.pt\/api\/wp\/v2\/users\/2"}],"replies":[{"embeddable":true,"href":"https:\/\/portaltela.pt\/api\/wp\/v2\/comments?post=408822"}],"version-history":[{"count":0,"href":"https:\/\/portaltela.pt\/api\/wp\/v2\/posts\/408822\/revisions"}],"wp:featuredmedia":[{"embeddable":true,"href":"https:\/\/portaltela.pt\/api\/wp\/v2\/media\/408829"}],"wp:attachment":[{"href":"https:\/\/portaltela.pt\/api\/wp\/v2\/media?parent=408822"}],"wp:term":[{"taxonomy":"category","embeddable":true,"href":"https:\/\/portaltela.pt\/api\/wp\/v2\/categories?post=408822"},{"taxonomy":"post_tag","embeddable":true,"href":"https:\/\/portaltela.pt\/api\/wp\/v2\/tags?post=408822"}],"curies":[{"name":"wp","href":"https:\/\/api.w.org\/{rel}","templated":true}]}}