{"id":408811,"date":"2026-03-13T10:44:00","date_gmt":"2026-03-13T13:44:00","guid":{"rendered":"https:\/\/portaltela.pt\/noticias\/2026\/03\/13\/governo-assegura-mecanismos-da-ue-para-proteger-consumidores-caso-o-gas-suba-70\/"},"modified":"2026-03-13T10:44:00","modified_gmt":"2026-03-13T13:44:00","slug":"governo-assegura-mecanismos-da-ue-para-proteger-consumidores-caso-o-gas-suba-70","status":"publish","type":"post","link":"https:\/\/portaltela.pt\/energia\/2026\/03\/13\/governo-assegura-mecanismos-da-ue-para-proteger-consumidores-caso-o-gas-suba-70\/","title":{"rendered":"Governo assegura mecanismos da UE para proteger consumidores caso o g\u00e1s suba 70%"},"content":{"rendered":"<p>A ministra do Ambiente e Energia anunciou hoje, em Marinha Grande, que existem mecanismos europeus prontos a serem acionados caso o pre\u00e7o do g\u00e1s aumente cerca de 70%. A medida visa proteger tanto os consumidores como as empresas.<\/p>\n<p>Segundo o Governo, essas ferramentas devem atuar para mitigar impactos econ\u00f3micos e assegurar a estabilidade da energia durante os aumentos de pre\u00e7o. O objetivo \u00e9 evitar repercuss\u00f5es significativas na fatura\u00e7\u00e3o familiar e na atividade econ\u00f3mica.<\/p>\n<p>A interven\u00e7\u00e3o ocorreu durante uma declara\u00e7\u00e3o p\u00fablica na Marinha Grande, sem indicar prazos espec\u00edficos para a ativa\u00e7\u00e3o dos mecanismos. Foram mencionadas op\u00e7\u00f5es de apoio e de regula\u00e7\u00e3o no \u00e2mbito da resposta europeia ao consumo de g\u00e1s.<\/p>\n<p>N\u00e3o foram fornecidos detalhes operacionais ou crit\u00e9rios de elegibilidade. O foco permanece na prote\u00e7\u00e3o de fam\u00edlias e empresas face a varia\u00e7\u00f5es bruscas do custo energ\u00e9tico.<\/p>\n","protected":false},"excerpt":{"rendered":"<ul>\n<li>O Governo garante mecanismos europeus para proteger consumidores se o g\u00e1s subir cerca de 70%.<\/li>\n<li>A afirma\u00e7\u00e3o foi feita pela ministra do Ambiente e Energia, na Marinha Grande.<\/li>\n<li>Os mecanismos poder\u00e3o ser acionados para ajudar tanto consumidores como empresas.<\/li>\n<li>N\u00e3o s\u00e3o apresentados detalhes espec\u00edficos sobre quais instrumentos seriam utilizados.<\/li>\n<\/ul>\n","protected":false},"author":2,"featured_media":408815,"comment_status":"closed","ping_status":"closed","sticky":false,"template":"","format":"standard","meta":{"footnotes":""},"categories":[6806],"tags":[4729,7147,174,2487,4643,2055],"class_list":["post-408811","post","type-post","status-publish","format-standard","has-post-thumbnail","hentry","category-energia","tag-abastecimento-de-energia","tag-consumidores","tag-energia","tag-europa","tag-marinha-grande","tag-uniao-europeia"],"yoast_head":"<!-- This site is optimized with the Yoast SEO plugin v27.2 - https:\/\/yoast.com\/product\/yoast-seo-wordpress\/ -->\n<title>Governo assegura mecanismos da UE para proteger consumidores caso o g\u00e1s suba 70% - Portal Tela Portugal<\/title>\n<meta name=\"robots\" content=\"index, follow, max-snippet:-1, max-image-preview:large, max-video-preview:-1\" \/>\n<meta property=\"og:locale\" content=\"pt_PT\" \/>\n<meta property=\"og:type\" content=\"article\" \/>\n<meta property=\"og:title\" content=\"Governo assegura mecanismos da UE para proteger consumidores caso o g\u00e1s suba 70% - Portal Tela Portugal\" \/>\n<meta property=\"og:description\" content=\"O Governo garante mecanismos europeus para proteger consumidores se o g\u00e1s subir cerca de 70%. A afirma\u00e7\u00e3o foi feita pela ministra do Ambiente e Energia, na Marinha Grande. Os mecanismos poder\u00e3o ser acionados para ajudar tanto consumidores como empresas. N\u00e3o s\u00e3o apresentados detalhes espec\u00edficos sobre quais instrumentos seriam utilizados.\" \/>\n<meta property=\"og:url\" content=\"https:\/\/portaltela.pt\/noticias\/2026\/03\/13\/governo-assegura-mecanismos-da-ue-para-proteger-consumidores-caso-o-gas-suba-70\/\" \/>\n<meta property=\"og:site_name\" content=\"Portal Tela Portugal\" \/>\n<meta property=\"article:published_time\" content=\"2026-03-13T13:44:00+00:00\" \/>\n<meta name=\"author\" content=\"Telinha\" \/>\n<meta name=\"twitter:card\" content=\"summary_large_image\" \/>\n<meta name=\"twitter:label1\" content=\"Escrito por\" \/>\n\t<meta name=\"twitter:data1\" content=\"Telinha\" \/>\n\t<meta name=\"twitter:label2\" content=\"Tempo estimado de leitura\" \/>\n\t<meta name=\"twitter:data2\" content=\"1 minuto\" \/>\n<script type=\"application\/ld+json\" class=\"yoast-schema-graph\">{\"@context\":\"https:\/\/schema.org\",\"@graph\":[{\"@type\":\"Article\",\"@id\":\"https:\/\/portaltela.pt\/noticias\/2026\/03\/13\/governo-assegura-mecanismos-da-ue-para-proteger-consumidores-caso-o-gas-suba-70\/#article\",\"isPartOf\":{\"@id\":\"https:\/\/portaltela.pt\/noticias\/2026\/03\/13\/governo-assegura-mecanismos-da-ue-para-proteger-consumidores-caso-o-gas-suba-70\/\"},\"author\":{\"name\":\"Telinha\",\"@id\":\"https:\/\/portaltela.pt\/#\/schema\/person\/c4278d4a6028830caff9ee44b42d32ed\"},\"headline\":\"Governo assegura mecanismos da UE para proteger consumidores caso o g\u00e1s suba 70%\",\"datePublished\":\"2026-03-13T13:44:00+00:00\",\"mainEntityOfPage\":{\"@id\":\"https:\/\/portaltela.pt\/noticias\/2026\/03\/13\/governo-assegura-mecanismos-da-ue-para-proteger-consumidores-caso-o-gas-suba-70\/\"},\"wordCount\":166,\"image\":{\"@id\":\"https:\/\/portaltela.pt\/noticias\/2026\/03\/13\/governo-assegura-mecanismos-da-ue-para-proteger-consumidores-caso-o-gas-suba-70\/#primaryimage\"},\"thumbnailUrl\":\"https:\/\/portaltela.pt\/s.01k8rhncp4jt1\/2026\/03\/CACHE_780X1200_ANALOG_WATERMARKED_46745325_2729688_13032026123153.jpg\",\"keywords\":[\"abastecimento de energia\",\"consumidores\",\"energia\",\"Europa\",\"Marinha Grande\",\"Uni\u00e3o Europeia\"],\"articleSection\":[\"Energia\"],\"inLanguage\":\"pt-PT\"},{\"@type\":\"WebPage\",\"@id\":\"https:\/\/portaltela.pt\/noticias\/2026\/03\/13\/governo-assegura-mecanismos-da-ue-para-proteger-consumidores-caso-o-gas-suba-70\/\",\"url\":\"https:\/\/portaltela.pt\/noticias\/2026\/03\/13\/governo-assegura-mecanismos-da-ue-para-proteger-consumidores-caso-o-gas-suba-70\/\",\"name\":\"Governo assegura mecanismos da UE para proteger consumidores caso o g\u00e1s suba 70% - Portal Tela Portugal\",\"isPartOf\":{\"@id\":\"https:\/\/portaltela.pt\/#website\"},\"primaryImageOfPage\":{\"@id\":\"https:\/\/portaltela.pt\/noticias\/2026\/03\/13\/governo-assegura-mecanismos-da-ue-para-proteger-consumidores-caso-o-gas-suba-70\/#primaryimage\"},\"image\":{\"@id\":\"https:\/\/portaltela.pt\/noticias\/2026\/03\/13\/governo-assegura-mecanismos-da-ue-para-proteger-consumidores-caso-o-gas-suba-70\/#primaryimage\"},\"thumbnailUrl\":\"https:\/\/portaltela.pt\/s.01k8rhncp4jt1\/2026\/03\/CACHE_780X1200_ANALOG_WATERMARKED_46745325_2729688_13032026123153.jpg\",\"datePublished\":\"2026-03-13T13:44:00+00:00\",\"author\":{\"@id\":\"https:\/\/portaltela.pt\/#\/schema\/person\/c4278d4a6028830caff9ee44b42d32ed\"},\"breadcrumb\":{\"@id\":\"https:\/\/portaltela.pt\/noticias\/2026\/03\/13\/governo-assegura-mecanismos-da-ue-para-proteger-consumidores-caso-o-gas-suba-70\/#breadcrumb\"},\"inLanguage\":\"pt-PT\",\"potentialAction\":[{\"@type\":\"ReadAction\",\"target\":[\"https:\/\/portaltela.pt\/noticias\/2026\/03\/13\/governo-assegura-mecanismos-da-ue-para-proteger-consumidores-caso-o-gas-suba-70\/\"]}]},{\"@type\":\"ImageObject\",\"inLanguage\":\"pt-PT\",\"@id\":\"https:\/\/portaltela.pt\/noticias\/2026\/03\/13\/governo-assegura-mecanismos-da-ue-para-proteger-consumidores-caso-o-gas-suba-70\/#primaryimage\",\"url\":\"https:\/\/portaltela.pt\/s.01k8rhncp4jt1\/2026\/03\/CACHE_780X1200_ANALOG_WATERMARKED_46745325_2729688_13032026123153.jpg\",\"contentUrl\":\"https:\/\/portaltela.pt\/s.01k8rhncp4jt1\/2026\/03\/CACHE_780X1200_ANALOG_WATERMARKED_46745325_2729688_13032026123153.jpg\",\"width\":768,\"height\":512,\"caption\":\"Governo garante mecanismos europeus para proteger consumidores se g\u00e1s subir 70%\"},{\"@type\":\"BreadcrumbList\",\"@id\":\"https:\/\/portaltela.pt\/noticias\/2026\/03\/13\/governo-assegura-mecanismos-da-ue-para-proteger-consumidores-caso-o-gas-suba-70\/#breadcrumb\",\"itemListElement\":[{\"@type\":\"ListItem\",\"position\":1,\"name\":\"In\u00edcio\",\"item\":\"https:\/\/portaltela.pt\/\"},{\"@type\":\"ListItem\",\"position\":2,\"name\":\"Governo assegura mecanismos da UE para proteger consumidores caso o g\u00e1s suba 70%\"}]},{\"@type\":\"WebSite\",\"@id\":\"https:\/\/portaltela.pt\/#website\",\"url\":\"https:\/\/portaltela.pt\/\",\"name\":\"Portal Tela Portugal\",\"description\":\"\",\"potentialAction\":[{\"@type\":\"SearchAction\",\"target\":{\"@type\":\"EntryPoint\",\"urlTemplate\":\"https:\/\/portaltela.pt\/?s={search_term_string}\"},\"query-input\":{\"@type\":\"PropertyValueSpecification\",\"valueRequired\":true,\"valueName\":\"search_term_string\"}}],\"inLanguage\":\"pt-PT\"},{\"@type\":\"Person\",\"@id\":\"https:\/\/portaltela.pt\/#\/schema\/person\/c4278d4a6028830caff9ee44b42d32ed\",\"name\":\"Telinha\",\"image\":{\"@type\":\"ImageObject\",\"inLanguage\":\"pt-PT\",\"@id\":\"https:\/\/portaltela.pt\/s.01k8rhncp4jt1\/2025\/11\/talking-bot-125x125.png\",\"url\":\"https:\/\/portaltela.pt\/s.01k8rhncp4jt1\/2025\/11\/talking-bot-125x125.png\",\"contentUrl\":\"https:\/\/portaltela.pt\/s.01k8rhncp4jt1\/2025\/11\/talking-bot-125x125.png\",\"caption\":\"Telinha\"},\"sameAs\":[\"https:\/\/portaltela.pt\/\"],\"url\":\"https:\/\/portaltela.pt\/por\/367410592786\/\"}]}<\/script>\n<!-- \/ Yoast SEO plugin. -->","yoast_head_json":{"title":"Governo assegura mecanismos da UE para proteger consumidores caso o g\u00e1s suba 70% - Portal Tela Portugal","robots":{"index":"index","follow":"follow","max-snippet":"max-snippet:-1","max-image-preview":"max-image-preview:large","max-video-preview":"max-video-preview:-1"},"og_locale":"pt_PT","og_type":"article","og_title":"Governo assegura mecanismos da UE para proteger consumidores caso o g\u00e1s suba 70% - Portal Tela Portugal","og_description":"O Governo garante mecanismos europeus para proteger consumidores se o g\u00e1s subir cerca de 70%. A afirma\u00e7\u00e3o foi feita pela ministra do Ambiente e Energia, na Marinha Grande. Os mecanismos poder\u00e3o ser acionados para ajudar tanto consumidores como empresas. N\u00e3o s\u00e3o apresentados detalhes espec\u00edficos sobre quais instrumentos seriam utilizados.","og_url":"https:\/\/portaltela.pt\/noticias\/2026\/03\/13\/governo-assegura-mecanismos-da-ue-para-proteger-consumidores-caso-o-gas-suba-70\/","og_site_name":"Portal Tela Portugal","article_published_time":"2026-03-13T13:44:00+00:00","author":"Telinha","twitter_card":"summary_large_image","twitter_misc":{"Escrito por":"Telinha","Tempo estimado de leitura":"1 minuto"},"schema":{"@context":"https:\/\/schema.org","@graph":[{"@type":"Article","@id":"https:\/\/portaltela.pt\/noticias\/2026\/03\/13\/governo-assegura-mecanismos-da-ue-para-proteger-consumidores-caso-o-gas-suba-70\/#article","isPartOf":{"@id":"https:\/\/portaltela.pt\/noticias\/2026\/03\/13\/governo-assegura-mecanismos-da-ue-para-proteger-consumidores-caso-o-gas-suba-70\/"},"author":{"name":"Telinha","@id":"https:\/\/portaltela.pt\/#\/schema\/person\/c4278d4a6028830caff9ee44b42d32ed"},"headline":"Governo assegura mecanismos da UE para proteger consumidores caso o g\u00e1s suba 70%","datePublished":"2026-03-13T13:44:00+00:00","mainEntityOfPage":{"@id":"https:\/\/portaltela.pt\/noticias\/2026\/03\/13\/governo-assegura-mecanismos-da-ue-para-proteger-consumidores-caso-o-gas-suba-70\/"},"wordCount":166,"image":{"@id":"https:\/\/portaltela.pt\/noticias\/2026\/03\/13\/governo-assegura-mecanismos-da-ue-para-proteger-consumidores-caso-o-gas-suba-70\/#primaryimage"},"thumbnailUrl":"https:\/\/portaltela.pt\/s.01k8rhncp4jt1\/2026\/03\/CACHE_780X1200_ANALOG_WATERMARKED_46745325_2729688_13032026123153.jpg","keywords":["abastecimento de energia","consumidores","energia","Europa","Marinha Grande","Uni\u00e3o Europeia"],"articleSection":["Energia"],"inLanguage":"pt-PT"},{"@type":"WebPage","@id":"https:\/\/portaltela.pt\/noticias\/2026\/03\/13\/governo-assegura-mecanismos-da-ue-para-proteger-consumidores-caso-o-gas-suba-70\/","url":"https:\/\/portaltela.pt\/noticias\/2026\/03\/13\/governo-assegura-mecanismos-da-ue-para-proteger-consumidores-caso-o-gas-suba-70\/","name":"Governo assegura mecanismos da UE para proteger consumidores caso o g\u00e1s suba 70% - Portal Tela Portugal","isPartOf":{"@id":"https:\/\/portaltela.pt\/#website"},"primaryImageOfPage":{"@id":"https:\/\/portaltela.pt\/noticias\/2026\/03\/13\/governo-assegura-mecanismos-da-ue-para-proteger-consumidores-caso-o-gas-suba-70\/#primaryimage"},"image":{"@id":"https:\/\/portaltela.pt\/noticias\/2026\/03\/13\/governo-assegura-mecanismos-da-ue-para-proteger-consumidores-caso-o-gas-suba-70\/#primaryimage"},"thumbnailUrl":"https:\/\/portaltela.pt\/s.01k8rhncp4jt1\/2026\/03\/CACHE_780X1200_ANALOG_WATERMARKED_46745325_2729688_13032026123153.jpg","datePublished":"2026-03-13T13:44:00+00:00","author":{"@id":"https:\/\/portaltela.pt\/#\/schema\/person\/c4278d4a6028830caff9ee44b42d32ed"},"breadcrumb":{"@id":"https:\/\/portaltela.pt\/noticias\/2026\/03\/13\/governo-assegura-mecanismos-da-ue-para-proteger-consumidores-caso-o-gas-suba-70\/#breadcrumb"},"inLanguage":"pt-PT","potentialAction":[{"@type":"ReadAction","target":["https:\/\/portaltela.pt\/noticias\/2026\/03\/13\/governo-assegura-mecanismos-da-ue-para-proteger-consumidores-caso-o-gas-suba-70\/"]}]},{"@type":"ImageObject","inLanguage":"pt-PT","@id":"https:\/\/portaltela.pt\/noticias\/2026\/03\/13\/governo-assegura-mecanismos-da-ue-para-proteger-consumidores-caso-o-gas-suba-70\/#primaryimage","url":"https:\/\/portaltela.pt\/s.01k8rhncp4jt1\/2026\/03\/CACHE_780X1200_ANALOG_WATERMARKED_46745325_2729688_13032026123153.jpg","contentUrl":"https:\/\/portaltela.pt\/s.01k8rhncp4jt1\/2026\/03\/CACHE_780X1200_ANALOG_WATERMARKED_46745325_2729688_13032026123153.jpg","width":768,"height":512,"caption":"Governo garante mecanismos europeus para proteger consumidores se g\u00e1s subir 70%"},{"@type":"BreadcrumbList","@id":"https:\/\/portaltela.pt\/noticias\/2026\/03\/13\/governo-assegura-mecanismos-da-ue-para-proteger-consumidores-caso-o-gas-suba-70\/#breadcrumb","itemListElement":[{"@type":"ListItem","position":1,"name":"In\u00edcio","item":"https:\/\/portaltela.pt\/"},{"@type":"ListItem","position":2,"name":"Governo assegura mecanismos da UE para proteger consumidores caso o g\u00e1s suba 70%"}]},{"@type":"WebSite","@id":"https:\/\/portaltela.pt\/#website","url":"https:\/\/portaltela.pt\/","name":"Portal Tela Portugal","description":"","potentialAction":[{"@type":"SearchAction","target":{"@type":"EntryPoint","urlTemplate":"https:\/\/portaltela.pt\/?s={search_term_string}"},"query-input":{"@type":"PropertyValueSpecification","valueRequired":true,"valueName":"search_term_string"}}],"inLanguage":"pt-PT"},{"@type":"Person","@id":"https:\/\/portaltela.pt\/#\/schema\/person\/c4278d4a6028830caff9ee44b42d32ed","name":"Telinha","image":{"@type":"ImageObject","inLanguage":"pt-PT","@id":"https:\/\/portaltela.pt\/s.01k8rhncp4jt1\/2025\/11\/talking-bot-125x125.png","url":"https:\/\/portaltela.pt\/s.01k8rhncp4jt1\/2025\/11\/talking-bot-125x125.png","contentUrl":"https:\/\/portaltela.pt\/s.01k8rhncp4jt1\/2025\/11\/talking-bot-125x125.png","caption":"Telinha"},"sameAs":["https:\/\/portaltela.pt\/"],"url":"https:\/\/portaltela.pt\/por\/367410592786\/"}]}},"_links":{"self":[{"href":"https:\/\/portaltela.pt\/api\/wp\/v2\/posts\/408811","targetHints":{"allow":["GET"]}}],"collection":[{"href":"https:\/\/portaltela.pt\/api\/wp\/v2\/posts"}],"about":[{"href":"https:\/\/portaltela.pt\/api\/wp\/v2\/types\/post"}],"author":[{"embeddable":true,"href":"https:\/\/portaltela.pt\/api\/wp\/v2\/users\/2"}],"replies":[{"embeddable":true,"href":"https:\/\/portaltela.pt\/api\/wp\/v2\/comments?post=408811"}],"version-history":[{"count":0,"href":"https:\/\/portaltela.pt\/api\/wp\/v2\/posts\/408811\/revisions"}],"wp:featuredmedia":[{"embeddable":true,"href":"https:\/\/portaltela.pt\/api\/wp\/v2\/media\/408815"}],"wp:attachment":[{"href":"https:\/\/portaltela.pt\/api\/wp\/v2\/media?parent=408811"}],"wp:term":[{"taxonomy":"category","embeddable":true,"href":"https:\/\/portaltela.pt\/api\/wp\/v2\/categories?post=408811"},{"taxonomy":"post_tag","embeddable":true,"href":"https:\/\/portaltela.pt\/api\/wp\/v2\/tags?post=408811"}],"curies":[{"name":"wp","href":"https:\/\/api.w.org\/{rel}","templated":true}]}}