{"id":408808,"date":"2026-03-13T10:33:00","date_gmt":"2026-03-13T13:33:00","guid":{"rendered":"https:\/\/portaltela.pt\/noticias\/2026\/03\/13\/mocambicanos-disponiveis-para-servico-militar-caem-para-quase-252-mil\/"},"modified":"2026-03-13T10:33:00","modified_gmt":"2026-03-13T13:33:00","slug":"mocambicanos-disponiveis-para-servico-militar-caem-para-quase-252-mil","status":"publish","type":"post","link":"https:\/\/portaltela.pt\/noticias\/2026\/03\/13\/mocambicanos-disponiveis-para-servico-militar-caem-para-quase-252-mil\/","title":{"rendered":"Mo\u00e7ambicanos dispon\u00edveis para servi\u00e7o militar caem para quase 252 mil"},"content":{"rendered":"<p>O n\u00famero de mo\u00e7ambicanos dispon\u00edveis para o servi\u00e7o militar recuou ligeiramente no censo de 2026, situando-se pr\u00f3ximo das 252 mil pessoas. O recenseamento registou uma quebra de 1,7% face a 2025, segundo o an\u00fancio feito hoje.<\/p>\n<p>A informa\u00e7\u00e3o aponta que a maioria dos jovens recenseados est\u00e1 concentrada em Mo\u00e7ambique continental, com Cabo Delgado a destacar-se por ter atingido, e at\u00e9 ultrapassado, as metas previstas, embora o territ\u00f3rio continue vulner\u00e1vel a ataques terroristas.<\/p>\n<h3>Cabo Delgado supera metas do recenseamento<\/h3>\n<p>De acordo com a comunica\u00e7\u00e3o oficial, as autoridades reconhecem que as dificuldades de seguran\u00e7a n\u00e3o impediram o cumprimento das metas na prov\u00edncia norte, onde houve maior participa\u00e7\u00e3o.<\/p>\n<p>A recusa de alguns cidad\u00e3os na inscri\u00e7\u00e3o n\u00e3o alterou o equil\u00edbrio global das estimativas, mantendo o quadro de disponibilidade para o servi\u00e7o militar pr\u00f3ximo dos 252 mil jovens.<\/p>\n<p>N\u00e3o foram divulgados pormenores adicionais sobre a distribui\u00e7\u00e3o por prov\u00edncias ou faixas et\u00e1rias, mantendo-se o foco na tend\u00eancia global de redu\u00e7\u00e3o face ao ano anterior.<\/p>\n","protected":false},"excerpt":{"rendered":"<ul>\n<li>Quase 252 mil mo\u00e7ambicanos foram recenseados na campanha de recenseamento militar de 2026.<\/li>\n<li>O n\u00famero representa uma redu\u00e7\u00e3o de 1,7% face a 2025.<\/li>\n<li>Cabo Delgado, afetada por ataques terroristas, superou as metas previstas.<\/li>\n<li>O an\u00fancio foi feito hoje.<\/li>\n<li>O conte\u00fado completo est\u00e1 dispon\u00edvel apenas para subscritores.<\/li>\n<\/ul>\n","protected":false},"author":2,"featured_media":408812,"comment_status":"closed","ping_status":"closed","sticky":false,"template":"","format":"standard","meta":{"footnotes":""},"categories":[1],"tags":[2049,2844,1911,40,4536],"class_list":["post-408808","post","type-post","status-publish","format-standard","has-post-thumbnail","hentry","category-noticias","tag-cabo-delgado","tag-jovens","tag-mocambique","tag-pessoas","tag-seguranca"],"yoast_head":"<!-- This site is optimized with the Yoast SEO plugin v27.2 - https:\/\/yoast.com\/product\/yoast-seo-wordpress\/ -->\n<title>Mo\u00e7ambicanos dispon\u00edveis para servi\u00e7o militar caem para quase 252 mil - Portal Tela Portugal<\/title>\n<meta name=\"robots\" content=\"index, follow, max-snippet:-1, max-image-preview:large, max-video-preview:-1\" \/>\n<meta property=\"og:locale\" content=\"pt_PT\" \/>\n<meta property=\"og:type\" content=\"article\" \/>\n<meta property=\"og:title\" content=\"Mo\u00e7ambicanos dispon\u00edveis para servi\u00e7o militar caem para quase 252 mil - Portal Tela Portugal\" \/>\n<meta property=\"og:description\" content=\"Quase 252 mil mo\u00e7ambicanos foram recenseados na campanha de recenseamento militar de 2026. O n\u00famero representa uma redu\u00e7\u00e3o de 1,7% face a 2025. Cabo Delgado, afetada por ataques terroristas, superou as metas previstas. O an\u00fancio foi feito hoje. O conte\u00fado completo est\u00e1 dispon\u00edvel apenas para subscritores.\" \/>\n<meta property=\"og:url\" content=\"https:\/\/portaltela.pt\/noticias\/2026\/03\/13\/mocambicanos-disponiveis-para-servico-militar-caem-para-quase-252-mil\/\" \/>\n<meta property=\"og:site_name\" content=\"Portal Tela Portugal\" \/>\n<meta property=\"article:published_time\" content=\"2026-03-13T13:33:00+00:00\" \/>\n<meta name=\"author\" content=\"Telinha\" \/>\n<meta name=\"twitter:card\" content=\"summary_large_image\" \/>\n<meta name=\"twitter:label1\" content=\"Escrito por\" \/>\n\t<meta name=\"twitter:data1\" content=\"Telinha\" \/>\n\t<meta name=\"twitter:label2\" content=\"Tempo estimado de leitura\" \/>\n\t<meta name=\"twitter:data2\" content=\"1 minuto\" \/>\n<script type=\"application\/ld+json\" class=\"yoast-schema-graph\">{\"@context\":\"https:\/\/schema.org\",\"@graph\":[{\"@type\":\"Article\",\"@id\":\"https:\/\/portaltela.pt\/noticias\/2026\/03\/13\/mocambicanos-disponiveis-para-servico-militar-caem-para-quase-252-mil\/#article\",\"isPartOf\":{\"@id\":\"https:\/\/portaltela.pt\/noticias\/2026\/03\/13\/mocambicanos-disponiveis-para-servico-militar-caem-para-quase-252-mil\/\"},\"author\":{\"name\":\"Telinha\",\"@id\":\"https:\/\/portaltela.pt\/#\/schema\/person\/c4278d4a6028830caff9ee44b42d32ed\"},\"headline\":\"Mo\u00e7ambicanos dispon\u00edveis para servi\u00e7o militar caem para quase 252 mil\",\"datePublished\":\"2026-03-13T13:33:00+00:00\",\"mainEntityOfPage\":{\"@id\":\"https:\/\/portaltela.pt\/noticias\/2026\/03\/13\/mocambicanos-disponiveis-para-servico-militar-caem-para-quase-252-mil\/\"},\"wordCount\":192,\"image\":{\"@id\":\"https:\/\/portaltela.pt\/noticias\/2026\/03\/13\/mocambicanos-disponiveis-para-servico-militar-caem-para-quase-252-mil\/#primaryimage\"},\"thumbnailUrl\":\"https:\/\/portaltela.pt\/s.01k8rhncp4jt1\/2026\/03\/CACHE_780X1200_ANALOG_WATERMARKED_16891102_1858947_02042019034612.jpg\",\"keywords\":[\"Cabo Delgado\",\"jovens\",\"Mo\u00e7ambique\",\"pessoas\",\"seguran\u00e7a\"],\"articleSection\":[\"Not\u00edcias\"],\"inLanguage\":\"pt-PT\"},{\"@type\":\"WebPage\",\"@id\":\"https:\/\/portaltela.pt\/noticias\/2026\/03\/13\/mocambicanos-disponiveis-para-servico-militar-caem-para-quase-252-mil\/\",\"url\":\"https:\/\/portaltela.pt\/noticias\/2026\/03\/13\/mocambicanos-disponiveis-para-servico-militar-caem-para-quase-252-mil\/\",\"name\":\"Mo\u00e7ambicanos dispon\u00edveis para servi\u00e7o militar caem para quase 252 mil - Portal Tela Portugal\",\"isPartOf\":{\"@id\":\"https:\/\/portaltela.pt\/#website\"},\"primaryImageOfPage\":{\"@id\":\"https:\/\/portaltela.pt\/noticias\/2026\/03\/13\/mocambicanos-disponiveis-para-servico-militar-caem-para-quase-252-mil\/#primaryimage\"},\"image\":{\"@id\":\"https:\/\/portaltela.pt\/noticias\/2026\/03\/13\/mocambicanos-disponiveis-para-servico-militar-caem-para-quase-252-mil\/#primaryimage\"},\"thumbnailUrl\":\"https:\/\/portaltela.pt\/s.01k8rhncp4jt1\/2026\/03\/CACHE_780X1200_ANALOG_WATERMARKED_16891102_1858947_02042019034612.jpg\",\"datePublished\":\"2026-03-13T13:33:00+00:00\",\"author\":{\"@id\":\"https:\/\/portaltela.pt\/#\/schema\/person\/c4278d4a6028830caff9ee44b42d32ed\"},\"breadcrumb\":{\"@id\":\"https:\/\/portaltela.pt\/noticias\/2026\/03\/13\/mocambicanos-disponiveis-para-servico-militar-caem-para-quase-252-mil\/#breadcrumb\"},\"inLanguage\":\"pt-PT\",\"potentialAction\":[{\"@type\":\"ReadAction\",\"target\":[\"https:\/\/portaltela.pt\/noticias\/2026\/03\/13\/mocambicanos-disponiveis-para-servico-militar-caem-para-quase-252-mil\/\"]}]},{\"@type\":\"ImageObject\",\"inLanguage\":\"pt-PT\",\"@id\":\"https:\/\/portaltela.pt\/noticias\/2026\/03\/13\/mocambicanos-disponiveis-para-servico-militar-caem-para-quase-252-mil\/#primaryimage\",\"url\":\"https:\/\/portaltela.pt\/s.01k8rhncp4jt1\/2026\/03\/CACHE_780X1200_ANALOG_WATERMARKED_16891102_1858947_02042019034612.jpg\",\"contentUrl\":\"https:\/\/portaltela.pt\/s.01k8rhncp4jt1\/2026\/03\/CACHE_780X1200_ANALOG_WATERMARKED_16891102_1858947_02042019034612.jpg\",\"width\":768,\"height\":525,\"caption\":\"N\u00famero de mo\u00e7ambicanos dispon\u00edveis para servi\u00e7o militar reduz-se para quase 252 mil\"},{\"@type\":\"BreadcrumbList\",\"@id\":\"https:\/\/portaltela.pt\/noticias\/2026\/03\/13\/mocambicanos-disponiveis-para-servico-militar-caem-para-quase-252-mil\/#breadcrumb\",\"itemListElement\":[{\"@type\":\"ListItem\",\"position\":1,\"name\":\"In\u00edcio\",\"item\":\"https:\/\/portaltela.pt\/\"},{\"@type\":\"ListItem\",\"position\":2,\"name\":\"Mo\u00e7ambicanos dispon\u00edveis para servi\u00e7o militar caem para quase 252 mil\"}]},{\"@type\":\"WebSite\",\"@id\":\"https:\/\/portaltela.pt\/#website\",\"url\":\"https:\/\/portaltela.pt\/\",\"name\":\"Portal Tela Portugal\",\"description\":\"\",\"potentialAction\":[{\"@type\":\"SearchAction\",\"target\":{\"@type\":\"EntryPoint\",\"urlTemplate\":\"https:\/\/portaltela.pt\/?s={search_term_string}\"},\"query-input\":{\"@type\":\"PropertyValueSpecification\",\"valueRequired\":true,\"valueName\":\"search_term_string\"}}],\"inLanguage\":\"pt-PT\"},{\"@type\":\"Person\",\"@id\":\"https:\/\/portaltela.pt\/#\/schema\/person\/c4278d4a6028830caff9ee44b42d32ed\",\"name\":\"Telinha\",\"image\":{\"@type\":\"ImageObject\",\"inLanguage\":\"pt-PT\",\"@id\":\"https:\/\/portaltela.pt\/s.01k8rhncp4jt1\/2025\/11\/talking-bot-125x125.png\",\"url\":\"https:\/\/portaltela.pt\/s.01k8rhncp4jt1\/2025\/11\/talking-bot-125x125.png\",\"contentUrl\":\"https:\/\/portaltela.pt\/s.01k8rhncp4jt1\/2025\/11\/talking-bot-125x125.png\",\"caption\":\"Telinha\"},\"sameAs\":[\"https:\/\/portaltela.pt\/\"],\"url\":\"https:\/\/portaltela.pt\/por\/367410592786\/\"}]}<\/script>\n<!-- \/ Yoast SEO plugin. -->","yoast_head_json":{"title":"Mo\u00e7ambicanos dispon\u00edveis para servi\u00e7o militar caem para quase 252 mil - Portal Tela Portugal","robots":{"index":"index","follow":"follow","max-snippet":"max-snippet:-1","max-image-preview":"max-image-preview:large","max-video-preview":"max-video-preview:-1"},"og_locale":"pt_PT","og_type":"article","og_title":"Mo\u00e7ambicanos dispon\u00edveis para servi\u00e7o militar caem para quase 252 mil - Portal Tela Portugal","og_description":"Quase 252 mil mo\u00e7ambicanos foram recenseados na campanha de recenseamento militar de 2026. O n\u00famero representa uma redu\u00e7\u00e3o de 1,7% face a 2025. Cabo Delgado, afetada por ataques terroristas, superou as metas previstas. O an\u00fancio foi feito hoje. O conte\u00fado completo est\u00e1 dispon\u00edvel apenas para subscritores.","og_url":"https:\/\/portaltela.pt\/noticias\/2026\/03\/13\/mocambicanos-disponiveis-para-servico-militar-caem-para-quase-252-mil\/","og_site_name":"Portal Tela Portugal","article_published_time":"2026-03-13T13:33:00+00:00","author":"Telinha","twitter_card":"summary_large_image","twitter_misc":{"Escrito por":"Telinha","Tempo estimado de leitura":"1 minuto"},"schema":{"@context":"https:\/\/schema.org","@graph":[{"@type":"Article","@id":"https:\/\/portaltela.pt\/noticias\/2026\/03\/13\/mocambicanos-disponiveis-para-servico-militar-caem-para-quase-252-mil\/#article","isPartOf":{"@id":"https:\/\/portaltela.pt\/noticias\/2026\/03\/13\/mocambicanos-disponiveis-para-servico-militar-caem-para-quase-252-mil\/"},"author":{"name":"Telinha","@id":"https:\/\/portaltela.pt\/#\/schema\/person\/c4278d4a6028830caff9ee44b42d32ed"},"headline":"Mo\u00e7ambicanos dispon\u00edveis para servi\u00e7o militar caem para quase 252 mil","datePublished":"2026-03-13T13:33:00+00:00","mainEntityOfPage":{"@id":"https:\/\/portaltela.pt\/noticias\/2026\/03\/13\/mocambicanos-disponiveis-para-servico-militar-caem-para-quase-252-mil\/"},"wordCount":192,"image":{"@id":"https:\/\/portaltela.pt\/noticias\/2026\/03\/13\/mocambicanos-disponiveis-para-servico-militar-caem-para-quase-252-mil\/#primaryimage"},"thumbnailUrl":"https:\/\/portaltela.pt\/s.01k8rhncp4jt1\/2026\/03\/CACHE_780X1200_ANALOG_WATERMARKED_16891102_1858947_02042019034612.jpg","keywords":["Cabo Delgado","jovens","Mo\u00e7ambique","pessoas","seguran\u00e7a"],"articleSection":["Not\u00edcias"],"inLanguage":"pt-PT"},{"@type":"WebPage","@id":"https:\/\/portaltela.pt\/noticias\/2026\/03\/13\/mocambicanos-disponiveis-para-servico-militar-caem-para-quase-252-mil\/","url":"https:\/\/portaltela.pt\/noticias\/2026\/03\/13\/mocambicanos-disponiveis-para-servico-militar-caem-para-quase-252-mil\/","name":"Mo\u00e7ambicanos dispon\u00edveis para servi\u00e7o militar caem para quase 252 mil - Portal Tela Portugal","isPartOf":{"@id":"https:\/\/portaltela.pt\/#website"},"primaryImageOfPage":{"@id":"https:\/\/portaltela.pt\/noticias\/2026\/03\/13\/mocambicanos-disponiveis-para-servico-militar-caem-para-quase-252-mil\/#primaryimage"},"image":{"@id":"https:\/\/portaltela.pt\/noticias\/2026\/03\/13\/mocambicanos-disponiveis-para-servico-militar-caem-para-quase-252-mil\/#primaryimage"},"thumbnailUrl":"https:\/\/portaltela.pt\/s.01k8rhncp4jt1\/2026\/03\/CACHE_780X1200_ANALOG_WATERMARKED_16891102_1858947_02042019034612.jpg","datePublished":"2026-03-13T13:33:00+00:00","author":{"@id":"https:\/\/portaltela.pt\/#\/schema\/person\/c4278d4a6028830caff9ee44b42d32ed"},"breadcrumb":{"@id":"https:\/\/portaltela.pt\/noticias\/2026\/03\/13\/mocambicanos-disponiveis-para-servico-militar-caem-para-quase-252-mil\/#breadcrumb"},"inLanguage":"pt-PT","potentialAction":[{"@type":"ReadAction","target":["https:\/\/portaltela.pt\/noticias\/2026\/03\/13\/mocambicanos-disponiveis-para-servico-militar-caem-para-quase-252-mil\/"]}]},{"@type":"ImageObject","inLanguage":"pt-PT","@id":"https:\/\/portaltela.pt\/noticias\/2026\/03\/13\/mocambicanos-disponiveis-para-servico-militar-caem-para-quase-252-mil\/#primaryimage","url":"https:\/\/portaltela.pt\/s.01k8rhncp4jt1\/2026\/03\/CACHE_780X1200_ANALOG_WATERMARKED_16891102_1858947_02042019034612.jpg","contentUrl":"https:\/\/portaltela.pt\/s.01k8rhncp4jt1\/2026\/03\/CACHE_780X1200_ANALOG_WATERMARKED_16891102_1858947_02042019034612.jpg","width":768,"height":525,"caption":"N\u00famero de mo\u00e7ambicanos dispon\u00edveis para servi\u00e7o militar reduz-se para quase 252 mil"},{"@type":"BreadcrumbList","@id":"https:\/\/portaltela.pt\/noticias\/2026\/03\/13\/mocambicanos-disponiveis-para-servico-militar-caem-para-quase-252-mil\/#breadcrumb","itemListElement":[{"@type":"ListItem","position":1,"name":"In\u00edcio","item":"https:\/\/portaltela.pt\/"},{"@type":"ListItem","position":2,"name":"Mo\u00e7ambicanos dispon\u00edveis para servi\u00e7o militar caem para quase 252 mil"}]},{"@type":"WebSite","@id":"https:\/\/portaltela.pt\/#website","url":"https:\/\/portaltela.pt\/","name":"Portal Tela Portugal","description":"","potentialAction":[{"@type":"SearchAction","target":{"@type":"EntryPoint","urlTemplate":"https:\/\/portaltela.pt\/?s={search_term_string}"},"query-input":{"@type":"PropertyValueSpecification","valueRequired":true,"valueName":"search_term_string"}}],"inLanguage":"pt-PT"},{"@type":"Person","@id":"https:\/\/portaltela.pt\/#\/schema\/person\/c4278d4a6028830caff9ee44b42d32ed","name":"Telinha","image":{"@type":"ImageObject","inLanguage":"pt-PT","@id":"https:\/\/portaltela.pt\/s.01k8rhncp4jt1\/2025\/11\/talking-bot-125x125.png","url":"https:\/\/portaltela.pt\/s.01k8rhncp4jt1\/2025\/11\/talking-bot-125x125.png","contentUrl":"https:\/\/portaltela.pt\/s.01k8rhncp4jt1\/2025\/11\/talking-bot-125x125.png","caption":"Telinha"},"sameAs":["https:\/\/portaltela.pt\/"],"url":"https:\/\/portaltela.pt\/por\/367410592786\/"}]}},"_links":{"self":[{"href":"https:\/\/portaltela.pt\/api\/wp\/v2\/posts\/408808","targetHints":{"allow":["GET"]}}],"collection":[{"href":"https:\/\/portaltela.pt\/api\/wp\/v2\/posts"}],"about":[{"href":"https:\/\/portaltela.pt\/api\/wp\/v2\/types\/post"}],"author":[{"embeddable":true,"href":"https:\/\/portaltela.pt\/api\/wp\/v2\/users\/2"}],"replies":[{"embeddable":true,"href":"https:\/\/portaltela.pt\/api\/wp\/v2\/comments?post=408808"}],"version-history":[{"count":0,"href":"https:\/\/portaltela.pt\/api\/wp\/v2\/posts\/408808\/revisions"}],"wp:featuredmedia":[{"embeddable":true,"href":"https:\/\/portaltela.pt\/api\/wp\/v2\/media\/408812"}],"wp:attachment":[{"href":"https:\/\/portaltela.pt\/api\/wp\/v2\/media?parent=408808"}],"wp:term":[{"taxonomy":"category","embeddable":true,"href":"https:\/\/portaltela.pt\/api\/wp\/v2\/categories?post=408808"},{"taxonomy":"post_tag","embeddable":true,"href":"https:\/\/portaltela.pt\/api\/wp\/v2\/tags?post=408808"}],"curies":[{"name":"wp","href":"https:\/\/api.w.org\/{rel}","templated":true}]}}