{"id":408797,"date":"2026-03-13T10:29:21","date_gmt":"2026-03-13T13:29:21","guid":{"rendered":"https:\/\/portaltela.pt\/noticias\/2026\/03\/13\/parlamento-portugues-sauda-cavaco-silva-pela-ordem-europeia-do-merito\/"},"modified":"2026-03-13T10:29:21","modified_gmt":"2026-03-13T13:29:21","slug":"parlamento-portugues-sauda-cavaco-silva-pela-ordem-europeia-do-merito","status":"publish","type":"post","link":"https:\/\/portaltela.pt\/noticias\/internacional\/2026\/03\/13\/parlamento-portugues-sauda-cavaco-silva-pela-ordem-europeia-do-merito\/","title":{"rendered":"Parlamento portugu\u00eas sa\u00fada Cavaco Silva pela Ordem Europeia do M\u00e9rito"},"content":{"rendered":"<p>A Assembleia da Rep\u00fablica felicitou o ex-Presidente An\u00edbal Cavaco Silva pela condecora\u00e7\u00e3o com a nova Ordem Europeia do M\u00e9rito, recebida na ter\u00e7a-feira. A decis\u00e3o foi tomada sexta-feira, por voto maiorit\u00e1rio, com votos contra do PCP e BE. A distin\u00e7\u00e3o reconhece a contribui\u00e7\u00e3o de Cavaco Silva para a integra\u00e7\u00e3o de Portugal na UE.<\/p>\n<p>O galard\u00e3o coloca Cavaco Silva no grau de Membro Honor\u00e1rio da Ordem Europeia do M\u00e9rito, o segundo n\u00edvel mais elevado. A condecora\u00e7\u00e3o foi criada em maio de 2025 para assinalar os 75 anos da Declara\u00e7\u00e3o de Schuman e a ades\u00e3o de Portugal \u00e0 CEE. Al\u00e9m de Cavaco Silva, foram distinguidos 19 cidad\u00e3os europeus.<\/p>\n<p>O Presidente da Assembleia da Rep\u00fablica, Jos\u00e9 Pedro Aguiar-Branco, descreveu a atribui\u00e7\u00e3o como reconhecimento do papel do ent\u00e3o Primeiro-Ministro (1985-1995) na ades\u00e3o de Portugal \u00e0 CEE. O voto ressalta que Cavaco Silva conduziu negocia\u00e7\u00f5es com o Presidente da Rep\u00fablica, M\u00e1rio Soares, e promoveu reformas pol\u00edticas e econ\u00f3micas.<\/p>\n<h3>Ordem Europeia do M\u00e9rito<\/h3>\n<p>Criada pelo Parlamento Europeu, a Ordem celebra quem contribuiu para a integra\u00e7\u00e3o europeia ou para os valores dos tratados. Cada ano s\u00e3o condecorados at\u00e9 20 cidad\u00e3os, com nomea\u00e7\u00f5es apresentadas por figuras como o Presidente do Conselho Europeu, a Comiss\u00e3o Europeia, o Parlamento Europeu e chefes de Estado.<\/p>\n<p>O comit\u00e9 de sele\u00e7\u00e3o incluiu este ano Jos\u00e9 Manuel Dur\u00e3o Barroso, antigo presidente da Comiss\u00e3o Europeia. Entre os distinguidos aparecem Maia Sandu, presidente da Moldova, Javier Solana, ex-chefe da diplomacia da UE, Jean-Claude Trichet, ex-presidente do BCE, e Pietro Parolin, cardeal e secret\u00e1rio de Estado do Vaticano.<\/p>\n<p>Outros detalhes referem-se ao objetivo da Ordem: distinguir quem contribuiu significativamente para a integra\u00e7\u00e3o europeia ou para a promo\u00e7\u00e3o dos valores europeus, em linha com a vis\u00e3o de Schuman. A decis\u00e3o de premiar Cavaco Silva foi comunicada pela imprensa com o enquadramento hist\u00f3rico do momento.<\/p>\n","protected":false},"excerpt":{"rendered":"<ul>\n<li>A Assembleia da Rep\u00fablica felicitou An\u00edbal Cavaco Silva pela condecora\u00e7\u00e3o com a Ordem Europeia do M\u00e9rito, a primeira atribui\u00e7\u00e3o desta ordem, no grau de Membro Honor\u00e1rio.<\/li>\n<li>Cavaco Silva foi condecorado na ter\u00e7a-feira, juntamente com outros 19 cidad\u00e3os europeus, incluindo Volodymyr Zelensky, Angela Merkel e Lech Walesa.<\/li>\n<li>O voto na Assembleia foi aprovado por maioria, com os votos contra do PCP e BE.<\/li>\n<li>A Ordem Europeia do M\u00e9rito foi criada em maio de 2025 para homenagear quem contribuiu significativamente para a integra\u00e7\u00e3o europeia; s\u00e3o condecoradas at\u00e9 20 pessoas por ano.<\/li>\n<li>O documento pac\u00edfica o papel de Cavaco Silva na ades\u00e3o de Portugal \u00e0 ent\u00e3o Comunidade Econ\u00f3mica Europeia e na consolida\u00e7\u00e3o da integra\u00e7\u00e3o europeia, em colabora\u00e7\u00e3o estreita com o presidente M\u00e1rio Soares.<\/li>\n<\/ul>\n","protected":false},"author":2,"featured_media":408804,"comment_status":"closed","ping_status":"closed","sticky":false,"template":"","format":"standard","meta":{"footnotes":""},"categories":[4,7127],"tags":[6901,7152,7150,7153,1014,2055],"class_list":["post-408797","post","type-post","status-publish","format-standard","has-post-thumbnail","hentry","category-internacional","category-politica-internacional","tag-anibal-cavaco-silva","tag-jose-manuel-durao-barroso","tag-ordem-europeia-do-merito","tag-parlamento-europeu","tag-portugal","tag-uniao-europeia"],"yoast_head":"<!-- This site is optimized with the Yoast SEO plugin v27.2 - https:\/\/yoast.com\/product\/yoast-seo-wordpress\/ -->\n<title>Parlamento portugu\u00eas sa\u00fada Cavaco Silva pela Ordem Europeia do M\u00e9rito - Portal Tela Portugal<\/title>\n<meta name=\"robots\" content=\"index, follow, max-snippet:-1, max-image-preview:large, max-video-preview:-1\" \/>\n<meta property=\"og:locale\" content=\"pt_PT\" \/>\n<meta property=\"og:type\" content=\"article\" \/>\n<meta property=\"og:title\" content=\"Parlamento portugu\u00eas sa\u00fada Cavaco Silva pela Ordem Europeia do M\u00e9rito - Portal Tela Portugal\" \/>\n<meta property=\"og:description\" content=\"A Assembleia da Rep\u00fablica felicitou An\u00edbal Cavaco Silva pela condecora\u00e7\u00e3o com a Ordem Europeia do M\u00e9rito, a primeira atribui\u00e7\u00e3o desta ordem, no grau de Membro Honor\u00e1rio. Cavaco Silva foi condecorado na ter\u00e7a-feira, juntamente com outros 19 cidad\u00e3os europeus, incluindo Volodymyr Zelensky, Angela Merkel e Lech Walesa. O voto na Assembleia foi aprovado por maioria, com os votos contra do PCP e BE. A Ordem Europeia do M\u00e9rito foi criada em maio de 2025 para homenagear quem contribuiu significativamente para a integra\u00e7\u00e3o europeia; s\u00e3o condecoradas at\u00e9 20 pessoas por ano. O documento pac\u00edfica o papel de Cavaco Silva na ades\u00e3o de Portugal \u00e0 ent\u00e3o Comunidade Econ\u00f3mica Europeia e na consolida\u00e7\u00e3o da integra\u00e7\u00e3o europeia, em colabora\u00e7\u00e3o estreita com o presidente M\u00e1rio Soares.\" \/>\n<meta property=\"og:url\" content=\"https:\/\/portaltela.pt\/noticias\/2026\/03\/13\/parlamento-portugues-sauda-cavaco-silva-pela-ordem-europeia-do-merito\/\" \/>\n<meta property=\"og:site_name\" content=\"Portal Tela Portugal\" \/>\n<meta property=\"article:published_time\" content=\"2026-03-13T13:29:21+00:00\" \/>\n<meta name=\"author\" content=\"Telinha\" \/>\n<meta name=\"twitter:card\" content=\"summary_large_image\" \/>\n<meta name=\"twitter:label1\" content=\"Escrito por\" \/>\n\t<meta name=\"twitter:data1\" content=\"Telinha\" \/>\n\t<meta name=\"twitter:label2\" content=\"Tempo estimado de leitura\" \/>\n\t<meta name=\"twitter:data2\" content=\"2 minutos\" \/>\n<script type=\"application\/ld+json\" class=\"yoast-schema-graph\">{\"@context\":\"https:\/\/schema.org\",\"@graph\":[{\"@type\":\"Article\",\"@id\":\"https:\/\/portaltela.pt\/noticias\/2026\/03\/13\/parlamento-portugues-sauda-cavaco-silva-pela-ordem-europeia-do-merito\/#article\",\"isPartOf\":{\"@id\":\"https:\/\/portaltela.pt\/noticias\/2026\/03\/13\/parlamento-portugues-sauda-cavaco-silva-pela-ordem-europeia-do-merito\/\"},\"author\":{\"name\":\"Telinha\",\"@id\":\"https:\/\/portaltela.pt\/#\/schema\/person\/c4278d4a6028830caff9ee44b42d32ed\"},\"headline\":\"Parlamento portugu\u00eas sa\u00fada Cavaco Silva pela Ordem Europeia do M\u00e9rito\",\"datePublished\":\"2026-03-13T13:29:21+00:00\",\"mainEntityOfPage\":{\"@id\":\"https:\/\/portaltela.pt\/noticias\/2026\/03\/13\/parlamento-portugues-sauda-cavaco-silva-pela-ordem-europeia-do-merito\/\"},\"wordCount\":345,\"image\":{\"@id\":\"https:\/\/portaltela.pt\/noticias\/2026\/03\/13\/parlamento-portugues-sauda-cavaco-silva-pela-ordem-europeia-do-merito\/#primaryimage\"},\"thumbnailUrl\":\"https:\/\/portaltela.pt\/s.01k8rhncp4jt1\/2026\/03\/img_1500x1000uu2026-01-15-20-09-11-2260438.jpg\",\"keywords\":[\"An\u00edbal Cavaco Silva\",\"Jos\u00e9 Manuel Dur\u00e3o Barroso\",\"Ordem Europeia do M\u00e9rito\",\"Parlamento Europeu\",\"Portugal\",\"Uni\u00e3o Europeia\"],\"articleSection\":[\"Internacional\",\"Pol\u00edtica Internacional\"],\"inLanguage\":\"pt-PT\"},{\"@type\":\"WebPage\",\"@id\":\"https:\/\/portaltela.pt\/noticias\/2026\/03\/13\/parlamento-portugues-sauda-cavaco-silva-pela-ordem-europeia-do-merito\/\",\"url\":\"https:\/\/portaltela.pt\/noticias\/2026\/03\/13\/parlamento-portugues-sauda-cavaco-silva-pela-ordem-europeia-do-merito\/\",\"name\":\"Parlamento portugu\u00eas sa\u00fada Cavaco Silva pela Ordem Europeia do M\u00e9rito - Portal Tela Portugal\",\"isPartOf\":{\"@id\":\"https:\/\/portaltela.pt\/#website\"},\"primaryImageOfPage\":{\"@id\":\"https:\/\/portaltela.pt\/noticias\/2026\/03\/13\/parlamento-portugues-sauda-cavaco-silva-pela-ordem-europeia-do-merito\/#primaryimage\"},\"image\":{\"@id\":\"https:\/\/portaltela.pt\/noticias\/2026\/03\/13\/parlamento-portugues-sauda-cavaco-silva-pela-ordem-europeia-do-merito\/#primaryimage\"},\"thumbnailUrl\":\"https:\/\/portaltela.pt\/s.01k8rhncp4jt1\/2026\/03\/img_1500x1000uu2026-01-15-20-09-11-2260438.jpg\",\"datePublished\":\"2026-03-13T13:29:21+00:00\",\"author\":{\"@id\":\"https:\/\/portaltela.pt\/#\/schema\/person\/c4278d4a6028830caff9ee44b42d32ed\"},\"breadcrumb\":{\"@id\":\"https:\/\/portaltela.pt\/noticias\/2026\/03\/13\/parlamento-portugues-sauda-cavaco-silva-pela-ordem-europeia-do-merito\/#breadcrumb\"},\"inLanguage\":\"pt-PT\",\"potentialAction\":[{\"@type\":\"ReadAction\",\"target\":[\"https:\/\/portaltela.pt\/noticias\/2026\/03\/13\/parlamento-portugues-sauda-cavaco-silva-pela-ordem-europeia-do-merito\/\"]}]},{\"@type\":\"ImageObject\",\"inLanguage\":\"pt-PT\",\"@id\":\"https:\/\/portaltela.pt\/noticias\/2026\/03\/13\/parlamento-portugues-sauda-cavaco-silva-pela-ordem-europeia-do-merito\/#primaryimage\",\"url\":\"https:\/\/portaltela.pt\/s.01k8rhncp4jt1\/2026\/03\/img_1500x1000uu2026-01-15-20-09-11-2260438.jpg\",\"contentUrl\":\"https:\/\/portaltela.pt\/s.01k8rhncp4jt1\/2026\/03\/img_1500x1000uu2026-01-15-20-09-11-2260438.jpg\",\"width\":796,\"height\":448,\"caption\":\"Cavaco Silva\"},{\"@type\":\"BreadcrumbList\",\"@id\":\"https:\/\/portaltela.pt\/noticias\/2026\/03\/13\/parlamento-portugues-sauda-cavaco-silva-pela-ordem-europeia-do-merito\/#breadcrumb\",\"itemListElement\":[{\"@type\":\"ListItem\",\"position\":1,\"name\":\"In\u00edcio\",\"item\":\"https:\/\/portaltela.pt\/\"},{\"@type\":\"ListItem\",\"position\":2,\"name\":\"Parlamento portugu\u00eas sa\u00fada Cavaco Silva pela Ordem Europeia do M\u00e9rito\"}]},{\"@type\":\"WebSite\",\"@id\":\"https:\/\/portaltela.pt\/#website\",\"url\":\"https:\/\/portaltela.pt\/\",\"name\":\"Portal Tela Portugal\",\"description\":\"\",\"potentialAction\":[{\"@type\":\"SearchAction\",\"target\":{\"@type\":\"EntryPoint\",\"urlTemplate\":\"https:\/\/portaltela.pt\/?s={search_term_string}\"},\"query-input\":{\"@type\":\"PropertyValueSpecification\",\"valueRequired\":true,\"valueName\":\"search_term_string\"}}],\"inLanguage\":\"pt-PT\"},{\"@type\":\"Person\",\"@id\":\"https:\/\/portaltela.pt\/#\/schema\/person\/c4278d4a6028830caff9ee44b42d32ed\",\"name\":\"Telinha\",\"image\":{\"@type\":\"ImageObject\",\"inLanguage\":\"pt-PT\",\"@id\":\"https:\/\/portaltela.pt\/s.01k8rhncp4jt1\/2025\/11\/talking-bot-125x125.png\",\"url\":\"https:\/\/portaltela.pt\/s.01k8rhncp4jt1\/2025\/11\/talking-bot-125x125.png\",\"contentUrl\":\"https:\/\/portaltela.pt\/s.01k8rhncp4jt1\/2025\/11\/talking-bot-125x125.png\",\"caption\":\"Telinha\"},\"sameAs\":[\"https:\/\/portaltela.pt\/\"],\"url\":\"https:\/\/portaltela.pt\/por\/367410592786\/\"}]}<\/script>\n<!-- \/ Yoast SEO plugin. -->","yoast_head_json":{"title":"Parlamento portugu\u00eas sa\u00fada Cavaco Silva pela Ordem Europeia do M\u00e9rito - Portal Tela Portugal","robots":{"index":"index","follow":"follow","max-snippet":"max-snippet:-1","max-image-preview":"max-image-preview:large","max-video-preview":"max-video-preview:-1"},"og_locale":"pt_PT","og_type":"article","og_title":"Parlamento portugu\u00eas sa\u00fada Cavaco Silva pela Ordem Europeia do M\u00e9rito - Portal Tela Portugal","og_description":"A Assembleia da Rep\u00fablica felicitou An\u00edbal Cavaco Silva pela condecora\u00e7\u00e3o com a Ordem Europeia do M\u00e9rito, a primeira atribui\u00e7\u00e3o desta ordem, no grau de Membro Honor\u00e1rio. Cavaco Silva foi condecorado na ter\u00e7a-feira, juntamente com outros 19 cidad\u00e3os europeus, incluindo Volodymyr Zelensky, Angela Merkel e Lech Walesa. O voto na Assembleia foi aprovado por maioria, com os votos contra do PCP e BE. A Ordem Europeia do M\u00e9rito foi criada em maio de 2025 para homenagear quem contribuiu significativamente para a integra\u00e7\u00e3o europeia; s\u00e3o condecoradas at\u00e9 20 pessoas por ano. O documento pac\u00edfica o papel de Cavaco Silva na ades\u00e3o de Portugal \u00e0 ent\u00e3o Comunidade Econ\u00f3mica Europeia e na consolida\u00e7\u00e3o da integra\u00e7\u00e3o europeia, em colabora\u00e7\u00e3o estreita com o presidente M\u00e1rio Soares.","og_url":"https:\/\/portaltela.pt\/noticias\/2026\/03\/13\/parlamento-portugues-sauda-cavaco-silva-pela-ordem-europeia-do-merito\/","og_site_name":"Portal Tela Portugal","article_published_time":"2026-03-13T13:29:21+00:00","author":"Telinha","twitter_card":"summary_large_image","twitter_misc":{"Escrito por":"Telinha","Tempo estimado de leitura":"2 minutos"},"schema":{"@context":"https:\/\/schema.org","@graph":[{"@type":"Article","@id":"https:\/\/portaltela.pt\/noticias\/2026\/03\/13\/parlamento-portugues-sauda-cavaco-silva-pela-ordem-europeia-do-merito\/#article","isPartOf":{"@id":"https:\/\/portaltela.pt\/noticias\/2026\/03\/13\/parlamento-portugues-sauda-cavaco-silva-pela-ordem-europeia-do-merito\/"},"author":{"name":"Telinha","@id":"https:\/\/portaltela.pt\/#\/schema\/person\/c4278d4a6028830caff9ee44b42d32ed"},"headline":"Parlamento portugu\u00eas sa\u00fada Cavaco Silva pela Ordem Europeia do M\u00e9rito","datePublished":"2026-03-13T13:29:21+00:00","mainEntityOfPage":{"@id":"https:\/\/portaltela.pt\/noticias\/2026\/03\/13\/parlamento-portugues-sauda-cavaco-silva-pela-ordem-europeia-do-merito\/"},"wordCount":345,"image":{"@id":"https:\/\/portaltela.pt\/noticias\/2026\/03\/13\/parlamento-portugues-sauda-cavaco-silva-pela-ordem-europeia-do-merito\/#primaryimage"},"thumbnailUrl":"https:\/\/portaltela.pt\/s.01k8rhncp4jt1\/2026\/03\/img_1500x1000uu2026-01-15-20-09-11-2260438.jpg","keywords":["An\u00edbal Cavaco Silva","Jos\u00e9 Manuel Dur\u00e3o Barroso","Ordem Europeia do M\u00e9rito","Parlamento Europeu","Portugal","Uni\u00e3o Europeia"],"articleSection":["Internacional","Pol\u00edtica Internacional"],"inLanguage":"pt-PT"},{"@type":"WebPage","@id":"https:\/\/portaltela.pt\/noticias\/2026\/03\/13\/parlamento-portugues-sauda-cavaco-silva-pela-ordem-europeia-do-merito\/","url":"https:\/\/portaltela.pt\/noticias\/2026\/03\/13\/parlamento-portugues-sauda-cavaco-silva-pela-ordem-europeia-do-merito\/","name":"Parlamento portugu\u00eas sa\u00fada Cavaco Silva pela Ordem Europeia do M\u00e9rito - Portal Tela Portugal","isPartOf":{"@id":"https:\/\/portaltela.pt\/#website"},"primaryImageOfPage":{"@id":"https:\/\/portaltela.pt\/noticias\/2026\/03\/13\/parlamento-portugues-sauda-cavaco-silva-pela-ordem-europeia-do-merito\/#primaryimage"},"image":{"@id":"https:\/\/portaltela.pt\/noticias\/2026\/03\/13\/parlamento-portugues-sauda-cavaco-silva-pela-ordem-europeia-do-merito\/#primaryimage"},"thumbnailUrl":"https:\/\/portaltela.pt\/s.01k8rhncp4jt1\/2026\/03\/img_1500x1000uu2026-01-15-20-09-11-2260438.jpg","datePublished":"2026-03-13T13:29:21+00:00","author":{"@id":"https:\/\/portaltela.pt\/#\/schema\/person\/c4278d4a6028830caff9ee44b42d32ed"},"breadcrumb":{"@id":"https:\/\/portaltela.pt\/noticias\/2026\/03\/13\/parlamento-portugues-sauda-cavaco-silva-pela-ordem-europeia-do-merito\/#breadcrumb"},"inLanguage":"pt-PT","potentialAction":[{"@type":"ReadAction","target":["https:\/\/portaltela.pt\/noticias\/2026\/03\/13\/parlamento-portugues-sauda-cavaco-silva-pela-ordem-europeia-do-merito\/"]}]},{"@type":"ImageObject","inLanguage":"pt-PT","@id":"https:\/\/portaltela.pt\/noticias\/2026\/03\/13\/parlamento-portugues-sauda-cavaco-silva-pela-ordem-europeia-do-merito\/#primaryimage","url":"https:\/\/portaltela.pt\/s.01k8rhncp4jt1\/2026\/03\/img_1500x1000uu2026-01-15-20-09-11-2260438.jpg","contentUrl":"https:\/\/portaltela.pt\/s.01k8rhncp4jt1\/2026\/03\/img_1500x1000uu2026-01-15-20-09-11-2260438.jpg","width":796,"height":448,"caption":"Cavaco Silva"},{"@type":"BreadcrumbList","@id":"https:\/\/portaltela.pt\/noticias\/2026\/03\/13\/parlamento-portugues-sauda-cavaco-silva-pela-ordem-europeia-do-merito\/#breadcrumb","itemListElement":[{"@type":"ListItem","position":1,"name":"In\u00edcio","item":"https:\/\/portaltela.pt\/"},{"@type":"ListItem","position":2,"name":"Parlamento portugu\u00eas sa\u00fada Cavaco Silva pela Ordem Europeia do M\u00e9rito"}]},{"@type":"WebSite","@id":"https:\/\/portaltela.pt\/#website","url":"https:\/\/portaltela.pt\/","name":"Portal Tela Portugal","description":"","potentialAction":[{"@type":"SearchAction","target":{"@type":"EntryPoint","urlTemplate":"https:\/\/portaltela.pt\/?s={search_term_string}"},"query-input":{"@type":"PropertyValueSpecification","valueRequired":true,"valueName":"search_term_string"}}],"inLanguage":"pt-PT"},{"@type":"Person","@id":"https:\/\/portaltela.pt\/#\/schema\/person\/c4278d4a6028830caff9ee44b42d32ed","name":"Telinha","image":{"@type":"ImageObject","inLanguage":"pt-PT","@id":"https:\/\/portaltela.pt\/s.01k8rhncp4jt1\/2025\/11\/talking-bot-125x125.png","url":"https:\/\/portaltela.pt\/s.01k8rhncp4jt1\/2025\/11\/talking-bot-125x125.png","contentUrl":"https:\/\/portaltela.pt\/s.01k8rhncp4jt1\/2025\/11\/talking-bot-125x125.png","caption":"Telinha"},"sameAs":["https:\/\/portaltela.pt\/"],"url":"https:\/\/portaltela.pt\/por\/367410592786\/"}]}},"_links":{"self":[{"href":"https:\/\/portaltela.pt\/api\/wp\/v2\/posts\/408797","targetHints":{"allow":["GET"]}}],"collection":[{"href":"https:\/\/portaltela.pt\/api\/wp\/v2\/posts"}],"about":[{"href":"https:\/\/portaltela.pt\/api\/wp\/v2\/types\/post"}],"author":[{"embeddable":true,"href":"https:\/\/portaltela.pt\/api\/wp\/v2\/users\/2"}],"replies":[{"embeddable":true,"href":"https:\/\/portaltela.pt\/api\/wp\/v2\/comments?post=408797"}],"version-history":[{"count":0,"href":"https:\/\/portaltela.pt\/api\/wp\/v2\/posts\/408797\/revisions"}],"wp:featuredmedia":[{"embeddable":true,"href":"https:\/\/portaltela.pt\/api\/wp\/v2\/media\/408804"}],"wp:attachment":[{"href":"https:\/\/portaltela.pt\/api\/wp\/v2\/media?parent=408797"}],"wp:term":[{"taxonomy":"category","embeddable":true,"href":"https:\/\/portaltela.pt\/api\/wp\/v2\/categories?post=408797"},{"taxonomy":"post_tag","embeddable":true,"href":"https:\/\/portaltela.pt\/api\/wp\/v2\/tags?post=408797"}],"curies":[{"name":"wp","href":"https:\/\/api.w.org\/{rel}","templated":true}]}}