{"id":408794,"date":"2026-03-13T10:16:00","date_gmt":"2026-03-13T13:16:00","guid":{"rendered":"https:\/\/portaltela.pt\/noticias\/2026\/03\/13\/escala-em-sines-leva-be-a-questionar-governo-sobre-navio-com-destino-a-israel\/"},"modified":"2026-03-13T10:16:00","modified_gmt":"2026-03-13T13:16:00","slug":"escala-em-sines-leva-be-a-questionar-governo-sobre-navio-com-destino-a-israel","status":"publish","type":"post","link":"https:\/\/portaltela.pt\/noticias\/internacional\/2026\/03\/13\/escala-em-sines-leva-be-a-questionar-governo-sobre-navio-com-destino-a-israel\/","title":{"rendered":"Escala em Sines leva BE a questionar Governo sobre navio com destino a Israel"},"content":{"rendered":"<p>O deputado \u00fanico do BE, Fabian Figueiredo, questionou o Governo sobre o navio MSC Danit, com escala prevista no porto de Sines neste s\u00e1bado, alegando poss\u00edvel transporte de material militar para Israel. A d\u00favida surge na sequ\u00eancia de alertas de organiza\u00e7\u00f5es pr\u00f3-palestinas sobre a passagem de dois navios com liga\u00e7\u00e3o a fabricantes de armamento.<\/p>\n<p>Segundo a pergunta apresentada ao ministro dos Neg\u00f3cios Estrangeiros, o transit\u00e1rios MSC Siena e MSC Danit seriam parte de uma rota que envolve a empresa indiana RL Steels &amp; Energy Ltd e instala\u00e7\u00f5es da Elbit Systems e da IMI Systems em Ramat Hasharon, principais fornecedoras de muni\u00e7\u00f5es para o ex\u00e9rcito de Israel.<\/p>\n<p>Figueiredo sustenta que, com base em carregamentos anteriores, a carga pode incluir a\u00e7o militar especializado e casquilhos para proj\u00e9teis de artilharia de 155 mm, usados no conflito na regi\u00e3o.<\/p>\n<p>Dados do AIS indicam que, ap\u00f3s a den\u00fancia das escalas em portos espanh\u00f3is, o MSC Danit alterou o rumo para Sines, com chegada prevista a 14 de mar\u00e7o de 2026, \u00e0s 23:00. O deputado afirma que Portugal, como signat\u00e1rio do TCA e da Conven\u00e7\u00e3o para a Preven\u00e7\u00e3o de Crimes de Genoc\u00eddio, tem obriga\u00e7\u00e3o de impedir o tr\u00e2nsito de material que possa sustentar crimes de guerra.<\/p>\n<p>Figueiredo recorda o precedente do navio Holger G, que em dezembro de 2025 entregou 175 toneladas de proj\u00e9teis de 155 mm em Haifa sob bandeira portuguesa, e v\u00ea nesse epis\u00f3dio uma mancha na pol\u00edtica externa nacional. O bloquista solicita ao Governo informa\u00e7\u00f5es sobre o conhecimento da escala em Sines e as dilig\u00eancias para verificar o manifesto de carga do navio.<\/p>\n<p>O deputado pergunta ainda se haver\u00e1 medidas para impedir que Portugal preste apoio log\u00edstico a navios que integrem a cadeia de abastecimento militar de Israel. Questiona tamb\u00e9m se o Governo est\u00e1 disposto a recusar entrada em porto ou servi\u00e7os log\u00edsticos a navios que contribuam para o abastecimento militar em viola\u00e7\u00e3o de resolu\u00e7\u00f5es internacionais.<\/p>\n<p>Por fim, Fabian Figueiredo indaga quais a\u00e7\u00f5es v\u00e3o ser tomadas para assegurar que portos portugueses n\u00e3o sejam usados como entrepostos para contornar embargos de armas impostos por Estados vizinhos, mantendo a neutralidade do pa\u00eds em mat\u00e9ria de com\u00e9rcio de armamento.<\/p>\n","protected":false},"excerpt":{"rendered":"<ul>\n<li>O deputado \u00fanico do Bloco de Esquerda, Fabian Figueiredo, questionou o Governo sobre um navio suspeito de transportar material militar com escala prevista no porto de Sines neste s\u00e1bado.<\/li>\n<li>A den\u00fancia envolve dois navios, MSC Siena e MSC Danit, supostamente ligados a uma rota entre RL Steels &amp; Energy Ltd e as instala\u00e7\u00f5es da Elbit Systems\/IMI Systems em Ramat Hasharon, fornecedor de muni\u00e7\u00f5es para Israel.<\/li>\n<li>Segundo o deputado, a carga pode incluir a\u00e7o militar especializado e casquilhos para proj\u00e9teis de artilharia de 155 mil\u00edmetros, com base em carregamentos anteriores da mesma rota.<\/li>\n<li>Dados do AIS indicam que o MSC Danit alterou o rumo para Sines, com chegada prevista para 14 de mar\u00e7o de 2026, \u00e0s 23:00.<\/li>\n<li>Figueiredo invoca obriga\u00e7\u00f5es do Tratado de Com\u00e9rcio de Armas e da Conven\u00e7\u00e3o para a Preven\u00e7\u00e3o do Genoc\u00eddio, menciona o precedente do Holger G e pergunta que dilig\u00eancias ser\u00e3o tomadas para verificar o manifesto de carga e evitar envolvimento de portos portugueses em atividades que violem embargos ou contribuam para crimes de guerra; questiona se o Governo est\u00e1 disposto a negar entrada ou servi\u00e7os log\u00edsticos a navios da cadeia de abastecimento militar de Israel e quais medidas ser\u00e3o adotadas.<\/li>\n<\/ul>\n","protected":false},"author":2,"featured_media":408800,"comment_status":"closed","ping_status":"closed","sticky":false,"template":"","format":"standard","meta":{"footnotes":""},"categories":[4,7127],"tags":[182,2792,4893,3708,4556,1892],"class_list":["post-408794","post","type-post","status-publish","format-standard","has-post-thumbnail","hentry","category-internacional","category-politica-internacional","tag-armas","tag-conflito-internacional","tag-embargos","tag-israel","tag-navios","tag-sines"],"yoast_head":"<!-- This site is optimized with the Yoast SEO plugin v27.2 - https:\/\/yoast.com\/product\/yoast-seo-wordpress\/ -->\n<title>Escala em Sines leva BE a questionar Governo sobre navio com destino a Israel - Portal Tela Portugal<\/title>\n<meta name=\"robots\" content=\"index, follow, max-snippet:-1, max-image-preview:large, max-video-preview:-1\" \/>\n<meta property=\"og:locale\" content=\"pt_PT\" \/>\n<meta property=\"og:type\" content=\"article\" \/>\n<meta property=\"og:title\" content=\"Escala em Sines leva BE a questionar Governo sobre navio com destino a Israel - Portal Tela Portugal\" \/>\n<meta property=\"og:description\" content=\"O deputado \u00fanico do Bloco de Esquerda, Fabian Figueiredo, questionou o Governo sobre um navio suspeito de transportar material militar com escala prevista no porto de Sines neste s\u00e1bado. A den\u00fancia envolve dois navios, MSC Siena e MSC Danit, supostamente ligados a uma rota entre RL Steels &amp; Energy Ltd e as instala\u00e7\u00f5es da Elbit Systems\/IMI Systems em Ramat Hasharon, fornecedor de muni\u00e7\u00f5es para Israel. Segundo o deputado, a carga pode incluir a\u00e7o militar especializado e casquilhos para proj\u00e9teis de artilharia de 155 mil\u00edmetros, com base em carregamentos anteriores da mesma rota. Dados do AIS indicam que o MSC Danit alterou o rumo para Sines, com chegada prevista para 14 de mar\u00e7o de 2026, \u00e0s 23:00. Figueiredo invoca obriga\u00e7\u00f5es do Tratado de Com\u00e9rcio de Armas e da Conven\u00e7\u00e3o para a Preven\u00e7\u00e3o do Genoc\u00eddio, menciona o precedente do Holger G e pergunta que dilig\u00eancias ser\u00e3o tomadas para verificar o manifesto de carga e evitar envolvimento de portos portugueses em atividades que violem embargos ou contribuam para crimes de guerra; questiona se o Governo est\u00e1 disposto a negar entrada ou servi\u00e7os log\u00edsticos a navios da cadeia de abastecimento militar de Israel e quais medidas ser\u00e3o adotadas.\" \/>\n<meta property=\"og:url\" content=\"https:\/\/portaltela.pt\/noticias\/2026\/03\/13\/escala-em-sines-leva-be-a-questionar-governo-sobre-navio-com-destino-a-israel\/\" \/>\n<meta property=\"og:site_name\" content=\"Portal Tela Portugal\" \/>\n<meta property=\"article:published_time\" content=\"2026-03-13T13:16:00+00:00\" \/>\n<meta name=\"author\" content=\"Telinha\" \/>\n<meta name=\"twitter:card\" content=\"summary_large_image\" \/>\n<meta name=\"twitter:label1\" content=\"Escrito por\" \/>\n\t<meta name=\"twitter:data1\" content=\"Telinha\" \/>\n\t<meta name=\"twitter:label2\" content=\"Tempo estimado de leitura\" \/>\n\t<meta name=\"twitter:data2\" content=\"2 minutos\" \/>\n<script type=\"application\/ld+json\" class=\"yoast-schema-graph\">{\"@context\":\"https:\/\/schema.org\",\"@graph\":[{\"@type\":\"Article\",\"@id\":\"https:\/\/portaltela.pt\/noticias\/2026\/03\/13\/escala-em-sines-leva-be-a-questionar-governo-sobre-navio-com-destino-a-israel\/#article\",\"isPartOf\":{\"@id\":\"https:\/\/portaltela.pt\/noticias\/2026\/03\/13\/escala-em-sines-leva-be-a-questionar-governo-sobre-navio-com-destino-a-israel\/\"},\"author\":{\"name\":\"Telinha\",\"@id\":\"https:\/\/portaltela.pt\/#\/schema\/person\/c4278d4a6028830caff9ee44b42d32ed\"},\"headline\":\"Escala em Sines leva BE a questionar Governo sobre navio com destino a Israel\",\"datePublished\":\"2026-03-13T13:16:00+00:00\",\"mainEntityOfPage\":{\"@id\":\"https:\/\/portaltela.pt\/noticias\/2026\/03\/13\/escala-em-sines-leva-be-a-questionar-governo-sobre-navio-com-destino-a-israel\/\"},\"wordCount\":402,\"image\":{\"@id\":\"https:\/\/portaltela.pt\/noticias\/2026\/03\/13\/escala-em-sines-leva-be-a-questionar-governo-sobre-navio-com-destino-a-israel\/#primaryimage\"},\"thumbnailUrl\":\"https:\/\/portaltela.pt\/s.01k8rhncp4jt1\/2026\/03\/image-865.jpg\",\"keywords\":[\"armas\",\"conflito internacional\",\"embargos\",\"Israel\",\"navios\",\"Sines\"],\"articleSection\":[\"Internacional\",\"Pol\u00edtica Internacional\"],\"inLanguage\":\"pt-PT\"},{\"@type\":\"WebPage\",\"@id\":\"https:\/\/portaltela.pt\/noticias\/2026\/03\/13\/escala-em-sines-leva-be-a-questionar-governo-sobre-navio-com-destino-a-israel\/\",\"url\":\"https:\/\/portaltela.pt\/noticias\/2026\/03\/13\/escala-em-sines-leva-be-a-questionar-governo-sobre-navio-com-destino-a-israel\/\",\"name\":\"Escala em Sines leva BE a questionar Governo sobre navio com destino a Israel - Portal Tela Portugal\",\"isPartOf\":{\"@id\":\"https:\/\/portaltela.pt\/#website\"},\"primaryImageOfPage\":{\"@id\":\"https:\/\/portaltela.pt\/noticias\/2026\/03\/13\/escala-em-sines-leva-be-a-questionar-governo-sobre-navio-com-destino-a-israel\/#primaryimage\"},\"image\":{\"@id\":\"https:\/\/portaltela.pt\/noticias\/2026\/03\/13\/escala-em-sines-leva-be-a-questionar-governo-sobre-navio-com-destino-a-israel\/#primaryimage\"},\"thumbnailUrl\":\"https:\/\/portaltela.pt\/s.01k8rhncp4jt1\/2026\/03\/image-865.jpg\",\"datePublished\":\"2026-03-13T13:16:00+00:00\",\"author\":{\"@id\":\"https:\/\/portaltela.pt\/#\/schema\/person\/c4278d4a6028830caff9ee44b42d32ed\"},\"breadcrumb\":{\"@id\":\"https:\/\/portaltela.pt\/noticias\/2026\/03\/13\/escala-em-sines-leva-be-a-questionar-governo-sobre-navio-com-destino-a-israel\/#breadcrumb\"},\"inLanguage\":\"pt-PT\",\"potentialAction\":[{\"@type\":\"ReadAction\",\"target\":[\"https:\/\/portaltela.pt\/noticias\/2026\/03\/13\/escala-em-sines-leva-be-a-questionar-governo-sobre-navio-com-destino-a-israel\/\"]}]},{\"@type\":\"ImageObject\",\"inLanguage\":\"pt-PT\",\"@id\":\"https:\/\/portaltela.pt\/noticias\/2026\/03\/13\/escala-em-sines-leva-be-a-questionar-governo-sobre-navio-com-destino-a-israel\/#primaryimage\",\"url\":\"https:\/\/portaltela.pt\/s.01k8rhncp4jt1\/2026\/03\/image-865.jpg\",\"contentUrl\":\"https:\/\/portaltela.pt\/s.01k8rhncp4jt1\/2026\/03\/image-865.jpg\",\"width\":796,\"height\":448,\"caption\":\"O deputado \u00fanico do BE, Fabian Figueiredo\"},{\"@type\":\"BreadcrumbList\",\"@id\":\"https:\/\/portaltela.pt\/noticias\/2026\/03\/13\/escala-em-sines-leva-be-a-questionar-governo-sobre-navio-com-destino-a-israel\/#breadcrumb\",\"itemListElement\":[{\"@type\":\"ListItem\",\"position\":1,\"name\":\"In\u00edcio\",\"item\":\"https:\/\/portaltela.pt\/\"},{\"@type\":\"ListItem\",\"position\":2,\"name\":\"Escala em Sines leva BE a questionar Governo sobre navio com destino a Israel\"}]},{\"@type\":\"WebSite\",\"@id\":\"https:\/\/portaltela.pt\/#website\",\"url\":\"https:\/\/portaltela.pt\/\",\"name\":\"Portal Tela Portugal\",\"description\":\"\",\"potentialAction\":[{\"@type\":\"SearchAction\",\"target\":{\"@type\":\"EntryPoint\",\"urlTemplate\":\"https:\/\/portaltela.pt\/?s={search_term_string}\"},\"query-input\":{\"@type\":\"PropertyValueSpecification\",\"valueRequired\":true,\"valueName\":\"search_term_string\"}}],\"inLanguage\":\"pt-PT\"},{\"@type\":\"Person\",\"@id\":\"https:\/\/portaltela.pt\/#\/schema\/person\/c4278d4a6028830caff9ee44b42d32ed\",\"name\":\"Telinha\",\"image\":{\"@type\":\"ImageObject\",\"inLanguage\":\"pt-PT\",\"@id\":\"https:\/\/portaltela.pt\/s.01k8rhncp4jt1\/2025\/11\/talking-bot-125x125.png\",\"url\":\"https:\/\/portaltela.pt\/s.01k8rhncp4jt1\/2025\/11\/talking-bot-125x125.png\",\"contentUrl\":\"https:\/\/portaltela.pt\/s.01k8rhncp4jt1\/2025\/11\/talking-bot-125x125.png\",\"caption\":\"Telinha\"},\"sameAs\":[\"https:\/\/portaltela.pt\/\"],\"url\":\"https:\/\/portaltela.pt\/por\/367410592786\/\"}]}<\/script>\n<!-- \/ Yoast SEO plugin. -->","yoast_head_json":{"title":"Escala em Sines leva BE a questionar Governo sobre navio com destino a Israel - Portal Tela Portugal","robots":{"index":"index","follow":"follow","max-snippet":"max-snippet:-1","max-image-preview":"max-image-preview:large","max-video-preview":"max-video-preview:-1"},"og_locale":"pt_PT","og_type":"article","og_title":"Escala em Sines leva BE a questionar Governo sobre navio com destino a Israel - Portal Tela Portugal","og_description":"O deputado \u00fanico do Bloco de Esquerda, Fabian Figueiredo, questionou o Governo sobre um navio suspeito de transportar material militar com escala prevista no porto de Sines neste s\u00e1bado. A den\u00fancia envolve dois navios, MSC Siena e MSC Danit, supostamente ligados a uma rota entre RL Steels &amp; Energy Ltd e as instala\u00e7\u00f5es da Elbit Systems\/IMI Systems em Ramat Hasharon, fornecedor de muni\u00e7\u00f5es para Israel. Segundo o deputado, a carga pode incluir a\u00e7o militar especializado e casquilhos para proj\u00e9teis de artilharia de 155 mil\u00edmetros, com base em carregamentos anteriores da mesma rota. Dados do AIS indicam que o MSC Danit alterou o rumo para Sines, com chegada prevista para 14 de mar\u00e7o de 2026, \u00e0s 23:00. Figueiredo invoca obriga\u00e7\u00f5es do Tratado de Com\u00e9rcio de Armas e da Conven\u00e7\u00e3o para a Preven\u00e7\u00e3o do Genoc\u00eddio, menciona o precedente do Holger G e pergunta que dilig\u00eancias ser\u00e3o tomadas para verificar o manifesto de carga e evitar envolvimento de portos portugueses em atividades que violem embargos ou contribuam para crimes de guerra; questiona se o Governo est\u00e1 disposto a negar entrada ou servi\u00e7os log\u00edsticos a navios da cadeia de abastecimento militar de Israel e quais medidas ser\u00e3o adotadas.","og_url":"https:\/\/portaltela.pt\/noticias\/2026\/03\/13\/escala-em-sines-leva-be-a-questionar-governo-sobre-navio-com-destino-a-israel\/","og_site_name":"Portal Tela Portugal","article_published_time":"2026-03-13T13:16:00+00:00","author":"Telinha","twitter_card":"summary_large_image","twitter_misc":{"Escrito por":"Telinha","Tempo estimado de leitura":"2 minutos"},"schema":{"@context":"https:\/\/schema.org","@graph":[{"@type":"Article","@id":"https:\/\/portaltela.pt\/noticias\/2026\/03\/13\/escala-em-sines-leva-be-a-questionar-governo-sobre-navio-com-destino-a-israel\/#article","isPartOf":{"@id":"https:\/\/portaltela.pt\/noticias\/2026\/03\/13\/escala-em-sines-leva-be-a-questionar-governo-sobre-navio-com-destino-a-israel\/"},"author":{"name":"Telinha","@id":"https:\/\/portaltela.pt\/#\/schema\/person\/c4278d4a6028830caff9ee44b42d32ed"},"headline":"Escala em Sines leva BE a questionar Governo sobre navio com destino a Israel","datePublished":"2026-03-13T13:16:00+00:00","mainEntityOfPage":{"@id":"https:\/\/portaltela.pt\/noticias\/2026\/03\/13\/escala-em-sines-leva-be-a-questionar-governo-sobre-navio-com-destino-a-israel\/"},"wordCount":402,"image":{"@id":"https:\/\/portaltela.pt\/noticias\/2026\/03\/13\/escala-em-sines-leva-be-a-questionar-governo-sobre-navio-com-destino-a-israel\/#primaryimage"},"thumbnailUrl":"https:\/\/portaltela.pt\/s.01k8rhncp4jt1\/2026\/03\/image-865.jpg","keywords":["armas","conflito internacional","embargos","Israel","navios","Sines"],"articleSection":["Internacional","Pol\u00edtica Internacional"],"inLanguage":"pt-PT"},{"@type":"WebPage","@id":"https:\/\/portaltela.pt\/noticias\/2026\/03\/13\/escala-em-sines-leva-be-a-questionar-governo-sobre-navio-com-destino-a-israel\/","url":"https:\/\/portaltela.pt\/noticias\/2026\/03\/13\/escala-em-sines-leva-be-a-questionar-governo-sobre-navio-com-destino-a-israel\/","name":"Escala em Sines leva BE a questionar Governo sobre navio com destino a Israel - Portal Tela Portugal","isPartOf":{"@id":"https:\/\/portaltela.pt\/#website"},"primaryImageOfPage":{"@id":"https:\/\/portaltela.pt\/noticias\/2026\/03\/13\/escala-em-sines-leva-be-a-questionar-governo-sobre-navio-com-destino-a-israel\/#primaryimage"},"image":{"@id":"https:\/\/portaltela.pt\/noticias\/2026\/03\/13\/escala-em-sines-leva-be-a-questionar-governo-sobre-navio-com-destino-a-israel\/#primaryimage"},"thumbnailUrl":"https:\/\/portaltela.pt\/s.01k8rhncp4jt1\/2026\/03\/image-865.jpg","datePublished":"2026-03-13T13:16:00+00:00","author":{"@id":"https:\/\/portaltela.pt\/#\/schema\/person\/c4278d4a6028830caff9ee44b42d32ed"},"breadcrumb":{"@id":"https:\/\/portaltela.pt\/noticias\/2026\/03\/13\/escala-em-sines-leva-be-a-questionar-governo-sobre-navio-com-destino-a-israel\/#breadcrumb"},"inLanguage":"pt-PT","potentialAction":[{"@type":"ReadAction","target":["https:\/\/portaltela.pt\/noticias\/2026\/03\/13\/escala-em-sines-leva-be-a-questionar-governo-sobre-navio-com-destino-a-israel\/"]}]},{"@type":"ImageObject","inLanguage":"pt-PT","@id":"https:\/\/portaltela.pt\/noticias\/2026\/03\/13\/escala-em-sines-leva-be-a-questionar-governo-sobre-navio-com-destino-a-israel\/#primaryimage","url":"https:\/\/portaltela.pt\/s.01k8rhncp4jt1\/2026\/03\/image-865.jpg","contentUrl":"https:\/\/portaltela.pt\/s.01k8rhncp4jt1\/2026\/03\/image-865.jpg","width":796,"height":448,"caption":"O deputado \u00fanico do BE, Fabian Figueiredo"},{"@type":"BreadcrumbList","@id":"https:\/\/portaltela.pt\/noticias\/2026\/03\/13\/escala-em-sines-leva-be-a-questionar-governo-sobre-navio-com-destino-a-israel\/#breadcrumb","itemListElement":[{"@type":"ListItem","position":1,"name":"In\u00edcio","item":"https:\/\/portaltela.pt\/"},{"@type":"ListItem","position":2,"name":"Escala em Sines leva BE a questionar Governo sobre navio com destino a Israel"}]},{"@type":"WebSite","@id":"https:\/\/portaltela.pt\/#website","url":"https:\/\/portaltela.pt\/","name":"Portal Tela Portugal","description":"","potentialAction":[{"@type":"SearchAction","target":{"@type":"EntryPoint","urlTemplate":"https:\/\/portaltela.pt\/?s={search_term_string}"},"query-input":{"@type":"PropertyValueSpecification","valueRequired":true,"valueName":"search_term_string"}}],"inLanguage":"pt-PT"},{"@type":"Person","@id":"https:\/\/portaltela.pt\/#\/schema\/person\/c4278d4a6028830caff9ee44b42d32ed","name":"Telinha","image":{"@type":"ImageObject","inLanguage":"pt-PT","@id":"https:\/\/portaltela.pt\/s.01k8rhncp4jt1\/2025\/11\/talking-bot-125x125.png","url":"https:\/\/portaltela.pt\/s.01k8rhncp4jt1\/2025\/11\/talking-bot-125x125.png","contentUrl":"https:\/\/portaltela.pt\/s.01k8rhncp4jt1\/2025\/11\/talking-bot-125x125.png","caption":"Telinha"},"sameAs":["https:\/\/portaltela.pt\/"],"url":"https:\/\/portaltela.pt\/por\/367410592786\/"}]}},"_links":{"self":[{"href":"https:\/\/portaltela.pt\/api\/wp\/v2\/posts\/408794","targetHints":{"allow":["GET"]}}],"collection":[{"href":"https:\/\/portaltela.pt\/api\/wp\/v2\/posts"}],"about":[{"href":"https:\/\/portaltela.pt\/api\/wp\/v2\/types\/post"}],"author":[{"embeddable":true,"href":"https:\/\/portaltela.pt\/api\/wp\/v2\/users\/2"}],"replies":[{"embeddable":true,"href":"https:\/\/portaltela.pt\/api\/wp\/v2\/comments?post=408794"}],"version-history":[{"count":0,"href":"https:\/\/portaltela.pt\/api\/wp\/v2\/posts\/408794\/revisions"}],"wp:featuredmedia":[{"embeddable":true,"href":"https:\/\/portaltela.pt\/api\/wp\/v2\/media\/408800"}],"wp:attachment":[{"href":"https:\/\/portaltela.pt\/api\/wp\/v2\/media?parent=408794"}],"wp:term":[{"taxonomy":"category","embeddable":true,"href":"https:\/\/portaltela.pt\/api\/wp\/v2\/categories?post=408794"},{"taxonomy":"post_tag","embeddable":true,"href":"https:\/\/portaltela.pt\/api\/wp\/v2\/tags?post=408794"}],"curies":[{"name":"wp","href":"https:\/\/api.w.org\/{rel}","templated":true}]}}