{"id":408781,"date":"2026-03-13T10:01:17","date_gmt":"2026-03-13T13:01:17","guid":{"rendered":"https:\/\/portaltela.pt\/noticias\/2026\/03\/13\/diogo-carmona-fica-em-18-o-na-estreia-portuguesa-nos-paralimpicos-de-inverno\/"},"modified":"2026-03-13T10:01:17","modified_gmt":"2026-03-13T13:01:17","slug":"diogo-carmona-fica-em-18-o-na-estreia-portuguesa-nos-paralimpicos-de-inverno","status":"publish","type":"post","link":"https:\/\/portaltela.pt\/desporto\/copa-do-mundo\/2026\/03\/13\/diogo-carmona-fica-em-18-o-na-estreia-portuguesa-nos-paralimpicos-de-inverno\/","title":{"rendered":"Diogo Carmona fica em 18.\u00ba na estreia portuguesa nos Paral\u00edmpicos de Inverno"},"content":{"rendered":"<p>Diogo Carmona terminou esta sexta-feira na 18.\u00aa posi\u00e7\u00e3o na prova de banked slalom SB-LL2 dos Jogos Paral\u00edmpicos de Inverno Mil\u00e3o-Cortina 2026. O triunfo ficou com Emanuel Perathoner, que levou o ouro na prova de cross.<\/p>\n<p>Carmona registou 1.16,58 na primeira descida e 1.07,52 na segunda, ficando com o melhor tempo da dupla descida. A soma dos tempos definiu a classifica\u00e7\u00e3o final dos 20 atletas em prova.<\/p>\n<h3>Resultados e contexto<\/h3>\n<p>No Cortina Para Snowboard Park, Perathoner completou as duas descidas em 54,28 segundos, seguido por Fabrice von Gruenigen (56,29) e Ben Tudhope (57,33), prata e bronze, respectivamente. Aos 28 anos, Carmona tornou-se no primeiro portugu\u00eas a competir em Jogos Paral\u00edmpicos de Inverno.<\/p>\n<p>A edi\u00e7\u00e3o Mil\u00e3o-Cortina, que se estende at\u00e9 domingo, re\u00fane mais de 650 atletas de 50 pa\u00edses. Pela primeira vez desde 2022, R\u00fassia e Bielorr\u00fassia competem sob os s\u00edmbolos nacionais, ap\u00f3s a invas\u00e3o da Ucr\u00e2nia.<\/p>\n","protected":false},"excerpt":{"rendered":"<ul>\n<li>O snowboarder Diogo Carmona terminou na 18.\u00aa posi\u00e7\u00e3o na prova de banked slalom SB-LL2 nos Jogos Paral\u00edmpicos de Inverno Mil\u00e3o-Cortina 2026.<\/li>\n<li>Carmona registou 1.16,58 minutos na primeira descida e 1.07,52 na segunda, sendo o melhor tempo a definir a sua posi\u00e7\u00e3o final entre 20 atletas.<\/li>\n<li>Emanuel Perathoner (It\u00e1lia) venceu a prova, com 54,28 segundos na segunda descida, suficiente para conquistar o ouro.<\/li>\n<li>Fabrice von Gruenigen (Su\u00ed\u00e7a) e Ben Tudhope (Austr\u00e1lia) ficaram, respetivamente, com a prata e o bronze.<\/li>\n<li>Aos 28 anos, Carmona tornou-se no primeiro portugu\u00eas a competir em Jogos Paral\u00edmpicos de Inverno; os Jogos Mil\u00e3o-Cortina terminam no domingo, com mais de 650 atletas de 50 pa\u00edses.<\/li>\n<\/ul>\n","protected":false},"author":2,"featured_media":408789,"comment_status":"closed","ping_status":"closed","sticky":false,"template":"","format":"standard","meta":{"footnotes":""},"categories":[6695,21],"tags":[252,152,4458,2681,1014],"class_list":["post-408781","post","type-post","status-publish","format-standard","has-post-thumbnail","hentry","category-copa-do-mundo","category-desporto","tag-atletas","tag-desporto","tag-desporto-federado-adaptado","tag-desporto-internacional","tag-portugal"],"yoast_head":"<!-- This site is optimized with the Yoast SEO plugin v27.2 - https:\/\/yoast.com\/product\/yoast-seo-wordpress\/ -->\n<title>Diogo Carmona fica em 18.\u00ba na estreia portuguesa nos Paral\u00edmpicos de Inverno - Portal Tela Portugal<\/title>\n<meta name=\"robots\" content=\"index, follow, max-snippet:-1, max-image-preview:large, max-video-preview:-1\" \/>\n<meta property=\"og:locale\" content=\"pt_PT\" \/>\n<meta property=\"og:type\" content=\"article\" \/>\n<meta property=\"og:title\" content=\"Diogo Carmona fica em 18.\u00ba na estreia portuguesa nos Paral\u00edmpicos de Inverno - Portal Tela Portugal\" \/>\n<meta property=\"og:description\" content=\"O snowboarder Diogo Carmona terminou na 18.\u00aa posi\u00e7\u00e3o na prova de banked slalom SB-LL2 nos Jogos Paral\u00edmpicos de Inverno Mil\u00e3o-Cortina 2026. Carmona registou 1.16,58 minutos na primeira descida e 1.07,52 na segunda, sendo o melhor tempo a definir a sua posi\u00e7\u00e3o final entre 20 atletas. Emanuel Perathoner (It\u00e1lia) venceu a prova, com 54,28 segundos na segunda descida, suficiente para conquistar o ouro. Fabrice von Gruenigen (Su\u00ed\u00e7a) e Ben Tudhope (Austr\u00e1lia) ficaram, respetivamente, com a prata e o bronze. Aos 28 anos, Carmona tornou-se no primeiro portugu\u00eas a competir em Jogos Paral\u00edmpicos de Inverno; os Jogos Mil\u00e3o-Cortina terminam no domingo, com mais de 650 atletas de 50 pa\u00edses.\" \/>\n<meta property=\"og:url\" content=\"https:\/\/portaltela.pt\/noticias\/2026\/03\/13\/diogo-carmona-fica-em-18-o-na-estreia-portuguesa-nos-paralimpicos-de-inverno\/\" \/>\n<meta property=\"og:site_name\" content=\"Portal Tela Portugal\" \/>\n<meta property=\"article:published_time\" content=\"2026-03-13T13:01:17+00:00\" \/>\n<meta name=\"author\" content=\"Telinha\" \/>\n<meta name=\"twitter:card\" content=\"summary_large_image\" \/>\n<meta name=\"twitter:label1\" content=\"Escrito por\" \/>\n\t<meta name=\"twitter:data1\" content=\"Telinha\" \/>\n\t<meta name=\"twitter:label2\" content=\"Tempo estimado de leitura\" \/>\n\t<meta name=\"twitter:data2\" content=\"1 minuto\" \/>\n<script type=\"application\/ld+json\" class=\"yoast-schema-graph\">{\"@context\":\"https:\/\/schema.org\",\"@graph\":[{\"@type\":\"Article\",\"@id\":\"https:\/\/portaltela.pt\/noticias\/2026\/03\/13\/diogo-carmona-fica-em-18-o-na-estreia-portuguesa-nos-paralimpicos-de-inverno\/#article\",\"isPartOf\":{\"@id\":\"https:\/\/portaltela.pt\/noticias\/2026\/03\/13\/diogo-carmona-fica-em-18-o-na-estreia-portuguesa-nos-paralimpicos-de-inverno\/\"},\"author\":{\"name\":\"Telinha\",\"@id\":\"https:\/\/portaltela.pt\/#\/schema\/person\/c4278d4a6028830caff9ee44b42d32ed\"},\"headline\":\"Diogo Carmona fica em 18.\u00ba na estreia portuguesa nos Paral\u00edmpicos de Inverno\",\"datePublished\":\"2026-03-13T13:01:17+00:00\",\"mainEntityOfPage\":{\"@id\":\"https:\/\/portaltela.pt\/noticias\/2026\/03\/13\/diogo-carmona-fica-em-18-o-na-estreia-portuguesa-nos-paralimpicos-de-inverno\/\"},\"wordCount\":161,\"image\":{\"@id\":\"https:\/\/portaltela.pt\/noticias\/2026\/03\/13\/diogo-carmona-fica-em-18-o-na-estreia-portuguesa-nos-paralimpicos-de-inverno\/#primaryimage\"},\"thumbnailUrl\":\"https:\/\/portaltela.pt\/s.01k8rhncp4jt1\/2026\/03\/img_920x518uu2026-03-13-12-59-57-2426661.jpg\",\"keywords\":[\"atletas\",\"desporto\",\"Desporto Federado Adaptado\",\"desporto internacional\",\"Portugal\"],\"articleSection\":[\"Copa do Mundo\",\"Desporto\"],\"inLanguage\":\"pt-PT\"},{\"@type\":\"WebPage\",\"@id\":\"https:\/\/portaltela.pt\/noticias\/2026\/03\/13\/diogo-carmona-fica-em-18-o-na-estreia-portuguesa-nos-paralimpicos-de-inverno\/\",\"url\":\"https:\/\/portaltela.pt\/noticias\/2026\/03\/13\/diogo-carmona-fica-em-18-o-na-estreia-portuguesa-nos-paralimpicos-de-inverno\/\",\"name\":\"Diogo Carmona fica em 18.\u00ba na estreia portuguesa nos Paral\u00edmpicos de Inverno - Portal Tela Portugal\",\"isPartOf\":{\"@id\":\"https:\/\/portaltela.pt\/#website\"},\"primaryImageOfPage\":{\"@id\":\"https:\/\/portaltela.pt\/noticias\/2026\/03\/13\/diogo-carmona-fica-em-18-o-na-estreia-portuguesa-nos-paralimpicos-de-inverno\/#primaryimage\"},\"image\":{\"@id\":\"https:\/\/portaltela.pt\/noticias\/2026\/03\/13\/diogo-carmona-fica-em-18-o-na-estreia-portuguesa-nos-paralimpicos-de-inverno\/#primaryimage\"},\"thumbnailUrl\":\"https:\/\/portaltela.pt\/s.01k8rhncp4jt1\/2026\/03\/img_920x518uu2026-03-13-12-59-57-2426661.jpg\",\"datePublished\":\"2026-03-13T13:01:17+00:00\",\"author\":{\"@id\":\"https:\/\/portaltela.pt\/#\/schema\/person\/c4278d4a6028830caff9ee44b42d32ed\"},\"breadcrumb\":{\"@id\":\"https:\/\/portaltela.pt\/noticias\/2026\/03\/13\/diogo-carmona-fica-em-18-o-na-estreia-portuguesa-nos-paralimpicos-de-inverno\/#breadcrumb\"},\"inLanguage\":\"pt-PT\",\"potentialAction\":[{\"@type\":\"ReadAction\",\"target\":[\"https:\/\/portaltela.pt\/noticias\/2026\/03\/13\/diogo-carmona-fica-em-18-o-na-estreia-portuguesa-nos-paralimpicos-de-inverno\/\"]}]},{\"@type\":\"ImageObject\",\"inLanguage\":\"pt-PT\",\"@id\":\"https:\/\/portaltela.pt\/noticias\/2026\/03\/13\/diogo-carmona-fica-em-18-o-na-estreia-portuguesa-nos-paralimpicos-de-inverno\/#primaryimage\",\"url\":\"https:\/\/portaltela.pt\/s.01k8rhncp4jt1\/2026\/03\/img_920x518uu2026-03-13-12-59-57-2426661.jpg\",\"contentUrl\":\"https:\/\/portaltela.pt\/s.01k8rhncp4jt1\/2026\/03\/img_920x518uu2026-03-13-12-59-57-2426661.jpg\",\"width\":796,\"height\":448,\"caption\":\"Diogo Carmona\"},{\"@type\":\"BreadcrumbList\",\"@id\":\"https:\/\/portaltela.pt\/noticias\/2026\/03\/13\/diogo-carmona-fica-em-18-o-na-estreia-portuguesa-nos-paralimpicos-de-inverno\/#breadcrumb\",\"itemListElement\":[{\"@type\":\"ListItem\",\"position\":1,\"name\":\"In\u00edcio\",\"item\":\"https:\/\/portaltela.pt\/\"},{\"@type\":\"ListItem\",\"position\":2,\"name\":\"Diogo Carmona fica em 18.\u00ba na estreia portuguesa nos Paral\u00edmpicos de Inverno\"}]},{\"@type\":\"WebSite\",\"@id\":\"https:\/\/portaltela.pt\/#website\",\"url\":\"https:\/\/portaltela.pt\/\",\"name\":\"Portal Tela Portugal\",\"description\":\"\",\"potentialAction\":[{\"@type\":\"SearchAction\",\"target\":{\"@type\":\"EntryPoint\",\"urlTemplate\":\"https:\/\/portaltela.pt\/?s={search_term_string}\"},\"query-input\":{\"@type\":\"PropertyValueSpecification\",\"valueRequired\":true,\"valueName\":\"search_term_string\"}}],\"inLanguage\":\"pt-PT\"},{\"@type\":\"Person\",\"@id\":\"https:\/\/portaltela.pt\/#\/schema\/person\/c4278d4a6028830caff9ee44b42d32ed\",\"name\":\"Telinha\",\"image\":{\"@type\":\"ImageObject\",\"inLanguage\":\"pt-PT\",\"@id\":\"https:\/\/portaltela.pt\/s.01k8rhncp4jt1\/2025\/11\/talking-bot-125x125.png\",\"url\":\"https:\/\/portaltela.pt\/s.01k8rhncp4jt1\/2025\/11\/talking-bot-125x125.png\",\"contentUrl\":\"https:\/\/portaltela.pt\/s.01k8rhncp4jt1\/2025\/11\/talking-bot-125x125.png\",\"caption\":\"Telinha\"},\"sameAs\":[\"https:\/\/portaltela.pt\/\"],\"url\":\"https:\/\/portaltela.pt\/por\/367410592786\/\"}]}<\/script>\n<!-- \/ Yoast SEO plugin. -->","yoast_head_json":{"title":"Diogo Carmona fica em 18.\u00ba na estreia portuguesa nos Paral\u00edmpicos de Inverno - Portal Tela Portugal","robots":{"index":"index","follow":"follow","max-snippet":"max-snippet:-1","max-image-preview":"max-image-preview:large","max-video-preview":"max-video-preview:-1"},"og_locale":"pt_PT","og_type":"article","og_title":"Diogo Carmona fica em 18.\u00ba na estreia portuguesa nos Paral\u00edmpicos de Inverno - Portal Tela Portugal","og_description":"O snowboarder Diogo Carmona terminou na 18.\u00aa posi\u00e7\u00e3o na prova de banked slalom SB-LL2 nos Jogos Paral\u00edmpicos de Inverno Mil\u00e3o-Cortina 2026. Carmona registou 1.16,58 minutos na primeira descida e 1.07,52 na segunda, sendo o melhor tempo a definir a sua posi\u00e7\u00e3o final entre 20 atletas. Emanuel Perathoner (It\u00e1lia) venceu a prova, com 54,28 segundos na segunda descida, suficiente para conquistar o ouro. Fabrice von Gruenigen (Su\u00ed\u00e7a) e Ben Tudhope (Austr\u00e1lia) ficaram, respetivamente, com a prata e o bronze. Aos 28 anos, Carmona tornou-se no primeiro portugu\u00eas a competir em Jogos Paral\u00edmpicos de Inverno; os Jogos Mil\u00e3o-Cortina terminam no domingo, com mais de 650 atletas de 50 pa\u00edses.","og_url":"https:\/\/portaltela.pt\/noticias\/2026\/03\/13\/diogo-carmona-fica-em-18-o-na-estreia-portuguesa-nos-paralimpicos-de-inverno\/","og_site_name":"Portal Tela Portugal","article_published_time":"2026-03-13T13:01:17+00:00","author":"Telinha","twitter_card":"summary_large_image","twitter_misc":{"Escrito por":"Telinha","Tempo estimado de leitura":"1 minuto"},"schema":{"@context":"https:\/\/schema.org","@graph":[{"@type":"Article","@id":"https:\/\/portaltela.pt\/noticias\/2026\/03\/13\/diogo-carmona-fica-em-18-o-na-estreia-portuguesa-nos-paralimpicos-de-inverno\/#article","isPartOf":{"@id":"https:\/\/portaltela.pt\/noticias\/2026\/03\/13\/diogo-carmona-fica-em-18-o-na-estreia-portuguesa-nos-paralimpicos-de-inverno\/"},"author":{"name":"Telinha","@id":"https:\/\/portaltela.pt\/#\/schema\/person\/c4278d4a6028830caff9ee44b42d32ed"},"headline":"Diogo Carmona fica em 18.\u00ba na estreia portuguesa nos Paral\u00edmpicos de Inverno","datePublished":"2026-03-13T13:01:17+00:00","mainEntityOfPage":{"@id":"https:\/\/portaltela.pt\/noticias\/2026\/03\/13\/diogo-carmona-fica-em-18-o-na-estreia-portuguesa-nos-paralimpicos-de-inverno\/"},"wordCount":161,"image":{"@id":"https:\/\/portaltela.pt\/noticias\/2026\/03\/13\/diogo-carmona-fica-em-18-o-na-estreia-portuguesa-nos-paralimpicos-de-inverno\/#primaryimage"},"thumbnailUrl":"https:\/\/portaltela.pt\/s.01k8rhncp4jt1\/2026\/03\/img_920x518uu2026-03-13-12-59-57-2426661.jpg","keywords":["atletas","desporto","Desporto Federado Adaptado","desporto internacional","Portugal"],"articleSection":["Copa do Mundo","Desporto"],"inLanguage":"pt-PT"},{"@type":"WebPage","@id":"https:\/\/portaltela.pt\/noticias\/2026\/03\/13\/diogo-carmona-fica-em-18-o-na-estreia-portuguesa-nos-paralimpicos-de-inverno\/","url":"https:\/\/portaltela.pt\/noticias\/2026\/03\/13\/diogo-carmona-fica-em-18-o-na-estreia-portuguesa-nos-paralimpicos-de-inverno\/","name":"Diogo Carmona fica em 18.\u00ba na estreia portuguesa nos Paral\u00edmpicos de Inverno - Portal Tela Portugal","isPartOf":{"@id":"https:\/\/portaltela.pt\/#website"},"primaryImageOfPage":{"@id":"https:\/\/portaltela.pt\/noticias\/2026\/03\/13\/diogo-carmona-fica-em-18-o-na-estreia-portuguesa-nos-paralimpicos-de-inverno\/#primaryimage"},"image":{"@id":"https:\/\/portaltela.pt\/noticias\/2026\/03\/13\/diogo-carmona-fica-em-18-o-na-estreia-portuguesa-nos-paralimpicos-de-inverno\/#primaryimage"},"thumbnailUrl":"https:\/\/portaltela.pt\/s.01k8rhncp4jt1\/2026\/03\/img_920x518uu2026-03-13-12-59-57-2426661.jpg","datePublished":"2026-03-13T13:01:17+00:00","author":{"@id":"https:\/\/portaltela.pt\/#\/schema\/person\/c4278d4a6028830caff9ee44b42d32ed"},"breadcrumb":{"@id":"https:\/\/portaltela.pt\/noticias\/2026\/03\/13\/diogo-carmona-fica-em-18-o-na-estreia-portuguesa-nos-paralimpicos-de-inverno\/#breadcrumb"},"inLanguage":"pt-PT","potentialAction":[{"@type":"ReadAction","target":["https:\/\/portaltela.pt\/noticias\/2026\/03\/13\/diogo-carmona-fica-em-18-o-na-estreia-portuguesa-nos-paralimpicos-de-inverno\/"]}]},{"@type":"ImageObject","inLanguage":"pt-PT","@id":"https:\/\/portaltela.pt\/noticias\/2026\/03\/13\/diogo-carmona-fica-em-18-o-na-estreia-portuguesa-nos-paralimpicos-de-inverno\/#primaryimage","url":"https:\/\/portaltela.pt\/s.01k8rhncp4jt1\/2026\/03\/img_920x518uu2026-03-13-12-59-57-2426661.jpg","contentUrl":"https:\/\/portaltela.pt\/s.01k8rhncp4jt1\/2026\/03\/img_920x518uu2026-03-13-12-59-57-2426661.jpg","width":796,"height":448,"caption":"Diogo Carmona"},{"@type":"BreadcrumbList","@id":"https:\/\/portaltela.pt\/noticias\/2026\/03\/13\/diogo-carmona-fica-em-18-o-na-estreia-portuguesa-nos-paralimpicos-de-inverno\/#breadcrumb","itemListElement":[{"@type":"ListItem","position":1,"name":"In\u00edcio","item":"https:\/\/portaltela.pt\/"},{"@type":"ListItem","position":2,"name":"Diogo Carmona fica em 18.\u00ba na estreia portuguesa nos Paral\u00edmpicos de Inverno"}]},{"@type":"WebSite","@id":"https:\/\/portaltela.pt\/#website","url":"https:\/\/portaltela.pt\/","name":"Portal Tela Portugal","description":"","potentialAction":[{"@type":"SearchAction","target":{"@type":"EntryPoint","urlTemplate":"https:\/\/portaltela.pt\/?s={search_term_string}"},"query-input":{"@type":"PropertyValueSpecification","valueRequired":true,"valueName":"search_term_string"}}],"inLanguage":"pt-PT"},{"@type":"Person","@id":"https:\/\/portaltela.pt\/#\/schema\/person\/c4278d4a6028830caff9ee44b42d32ed","name":"Telinha","image":{"@type":"ImageObject","inLanguage":"pt-PT","@id":"https:\/\/portaltela.pt\/s.01k8rhncp4jt1\/2025\/11\/talking-bot-125x125.png","url":"https:\/\/portaltela.pt\/s.01k8rhncp4jt1\/2025\/11\/talking-bot-125x125.png","contentUrl":"https:\/\/portaltela.pt\/s.01k8rhncp4jt1\/2025\/11\/talking-bot-125x125.png","caption":"Telinha"},"sameAs":["https:\/\/portaltela.pt\/"],"url":"https:\/\/portaltela.pt\/por\/367410592786\/"}]}},"_links":{"self":[{"href":"https:\/\/portaltela.pt\/api\/wp\/v2\/posts\/408781","targetHints":{"allow":["GET"]}}],"collection":[{"href":"https:\/\/portaltela.pt\/api\/wp\/v2\/posts"}],"about":[{"href":"https:\/\/portaltela.pt\/api\/wp\/v2\/types\/post"}],"author":[{"embeddable":true,"href":"https:\/\/portaltela.pt\/api\/wp\/v2\/users\/2"}],"replies":[{"embeddable":true,"href":"https:\/\/portaltela.pt\/api\/wp\/v2\/comments?post=408781"}],"version-history":[{"count":0,"href":"https:\/\/portaltela.pt\/api\/wp\/v2\/posts\/408781\/revisions"}],"wp:featuredmedia":[{"embeddable":true,"href":"https:\/\/portaltela.pt\/api\/wp\/v2\/media\/408789"}],"wp:attachment":[{"href":"https:\/\/portaltela.pt\/api\/wp\/v2\/media?parent=408781"}],"wp:term":[{"taxonomy":"category","embeddable":true,"href":"https:\/\/portaltela.pt\/api\/wp\/v2\/categories?post=408781"},{"taxonomy":"post_tag","embeddable":true,"href":"https:\/\/portaltela.pt\/api\/wp\/v2\/tags?post=408781"}],"curies":[{"name":"wp","href":"https:\/\/api.w.org\/{rel}","templated":true}]}}