{"id":408773,"date":"2026-03-13T10:11:26","date_gmt":"2026-03-13T13:11:26","guid":{"rendered":"https:\/\/portaltela.pt\/noticias\/2026\/03\/13\/geny-catamo-vence-melhor-do-mes-de-fevereiro-na-liga-apos-golaco-em-moreira-de-conegos\/"},"modified":"2026-03-13T10:11:26","modified_gmt":"2026-03-13T13:11:26","slug":"geny-catamo-vence-melhor-do-mes-de-fevereiro-na-liga-apos-golaco-em-moreira-de-conegos","status":"publish","type":"post","link":"https:\/\/portaltela.pt\/desporto\/futebol\/2026\/03\/13\/geny-catamo-vence-melhor-do-mes-de-fevereiro-na-liga-apos-golaco-em-moreira-de-conegos\/","title":{"rendered":"Geny Catamo vence Melhor do M\u00eas de fevereiro na Liga ap\u00f3s gola\u00e7o em Moreira de C\u00f3negos"},"content":{"rendered":"<p>Geny Catamo marcou um gola\u00e7o ao Moreirense e viu o seu tento ser eleito o melhor do m\u00eas de fevereiro na Liga Portugal Betclic. O feito ocorreu durante o jogo entre Moreirense e Sporting, da 23.\u00aa jornada, disputado em Moreira de C\u00f3negos, e a vota\u00e7\u00e3o foi realizada pelos adeptos.<\/p>\n<p>O extremo mo\u00e7ambicano inaugurou a contabiliza\u00e7\u00e3o de marcadores do m\u00eas ao minuto 56 do encontro, contribuindo para o triunfo dos le\u00f5es por 3-0. A atua\u00e7\u00e3o destaque sucedeu-se a outros finalistas de peso na corrida \u00e0 distin\u00e7\u00e3o.<\/p>\n<h3>Pr\u00e9mio e finalistas<\/h3>\n<p>O erro de avalia\u00e7\u00e3o ficou para Lu\u00eds Su\u00e1rez, companheiro de equipa de Catamo, bem como Zalazar (Sp. Braga), Diogo Travassos e Rodri Alonso (ambos do Moreirense) e Rafa Silva (Benfica). O pr\u00e9mio do melhor golo de fevereiro foi atribu\u00eddo aos f\u00e3s, que elegeram o tento de Catamo como o mais marcante do m\u00eas.<\/p>\n","protected":false},"excerpt":{"rendered":"<ul>\n<li>Geny Catamo ganhou o pr\u00e9mio de autor do melhor golo do m\u00eas de fevereiro na Liga Portugal Betclic.<\/li>\n<li>O golo premiado foi marcado aos 56 minutos no Moreirense-Sporting da 23.\u00aa jornada.<\/li>\n<li>O tento do extremo mo\u00e7ambicano foi eleito pelos adeptos como o melhor do m\u00eas, \u00e0 frente de Lu\u00eds Su\u00e1rez, Zalazar, Diogo Travassos, Rodri Alonso e Rafa Silva.<\/li>\n<li>Lu\u00eds Su\u00e1rez (Sporting CP) foi o seu colega de equipa entre os candidatos, enquanto Rodri Alonso e Diogo Travassos representaram o Moreirense.<\/li>\n<li>O est\u00e1dio\/ambiente n\u00e3o \u00e9 mencionado; a not\u00edcia foca-se no t\u00edtulo, o golo e a vota\u00e7\u00e3o dos adeptos.<\/li>\n<\/ul>\n","protected":false},"author":2,"featured_media":408783,"comment_status":"closed","ping_status":"closed","sticky":false,"template":"","format":"standard","meta":{"footnotes":""},"categories":[21,24],"tags":[32,3271,1786,6168,5579],"class_list":["post-408773","post","type-post","status-publish","format-standard","has-post-thumbnail","hentry","category-desporto","category-futebol","tag-futebol","tag-geny-catamo","tag-liga","tag-moreira-de-conegos","tag-moreirense"],"yoast_head":"<!-- This site is optimized with the Yoast SEO plugin v27.2 - https:\/\/yoast.com\/product\/yoast-seo-wordpress\/ -->\n<title>Geny Catamo vence Melhor do M\u00eas de fevereiro na Liga ap\u00f3s gola\u00e7o em Moreira de C\u00f3negos - Portal Tela Portugal<\/title>\n<meta name=\"robots\" content=\"index, follow, max-snippet:-1, max-image-preview:large, max-video-preview:-1\" \/>\n<meta property=\"og:locale\" content=\"pt_PT\" \/>\n<meta property=\"og:type\" content=\"article\" \/>\n<meta property=\"og:title\" content=\"Geny Catamo vence Melhor do M\u00eas de fevereiro na Liga ap\u00f3s gola\u00e7o em Moreira de C\u00f3negos - Portal Tela Portugal\" \/>\n<meta property=\"og:description\" content=\"Geny Catamo ganhou o pr\u00e9mio de autor do melhor golo do m\u00eas de fevereiro na Liga Portugal Betclic. O golo premiado foi marcado aos 56 minutos no Moreirense-Sporting da 23.\u00aa jornada. O tento do extremo mo\u00e7ambicano foi eleito pelos adeptos como o melhor do m\u00eas, \u00e0 frente de Lu\u00eds Su\u00e1rez, Zalazar, Diogo Travassos, Rodri Alonso e Rafa Silva. Lu\u00eds Su\u00e1rez (Sporting CP) foi o seu colega de equipa entre os candidatos, enquanto Rodri Alonso e Diogo Travassos representaram o Moreirense. O est\u00e1dio\/ambiente n\u00e3o \u00e9 mencionado; a not\u00edcia foca-se no t\u00edtulo, o golo e a vota\u00e7\u00e3o dos adeptos.\" \/>\n<meta property=\"og:url\" content=\"https:\/\/portaltela.pt\/noticias\/2026\/03\/13\/geny-catamo-vence-melhor-do-mes-de-fevereiro-na-liga-apos-golaco-em-moreira-de-conegos\/\" \/>\n<meta property=\"og:site_name\" content=\"Portal Tela Portugal\" \/>\n<meta property=\"article:published_time\" content=\"2026-03-13T13:11:26+00:00\" \/>\n<meta name=\"author\" content=\"Telinha\" \/>\n<meta name=\"twitter:card\" content=\"summary_large_image\" \/>\n<meta name=\"twitter:label1\" content=\"Escrito por\" \/>\n\t<meta name=\"twitter:data1\" content=\"Telinha\" \/>\n\t<meta name=\"twitter:label2\" content=\"Tempo estimado de leitura\" \/>\n\t<meta name=\"twitter:data2\" content=\"1 minuto\" \/>\n<script type=\"application\/ld+json\" class=\"yoast-schema-graph\">{\"@context\":\"https:\/\/schema.org\",\"@graph\":[{\"@type\":\"Article\",\"@id\":\"https:\/\/portaltela.pt\/noticias\/2026\/03\/13\/geny-catamo-vence-melhor-do-mes-de-fevereiro-na-liga-apos-golaco-em-moreira-de-conegos\/#article\",\"isPartOf\":{\"@id\":\"https:\/\/portaltela.pt\/noticias\/2026\/03\/13\/geny-catamo-vence-melhor-do-mes-de-fevereiro-na-liga-apos-golaco-em-moreira-de-conegos\/\"},\"author\":{\"name\":\"Telinha\",\"@id\":\"https:\/\/portaltela.pt\/#\/schema\/person\/c4278d4a6028830caff9ee44b42d32ed\"},\"headline\":\"Geny Catamo vence Melhor do M\u00eas de fevereiro na Liga ap\u00f3s gola\u00e7o em Moreira de C\u00f3negos\",\"datePublished\":\"2026-03-13T13:11:26+00:00\",\"mainEntityOfPage\":{\"@id\":\"https:\/\/portaltela.pt\/noticias\/2026\/03\/13\/geny-catamo-vence-melhor-do-mes-de-fevereiro-na-liga-apos-golaco-em-moreira-de-conegos\/\"},\"wordCount\":176,\"image\":{\"@id\":\"https:\/\/portaltela.pt\/noticias\/2026\/03\/13\/geny-catamo-vence-melhor-do-mes-de-fevereiro-na-liga-apos-golaco-em-moreira-de-conegos\/#primaryimage\"},\"thumbnailUrl\":\"https:\/\/portaltela.pt\/s.01k8rhncp4jt1\/2026\/03\/img_920x518uu2026-03-13-13-10-08-2426665.jpg\",\"keywords\":[\"futebol\",\"Geny Catamo\",\"Liga\",\"Moreira de C\u00f3negos\",\"Moreirense\"],\"articleSection\":[\"Desporto\",\"Futebol\"],\"inLanguage\":\"pt-PT\"},{\"@type\":\"WebPage\",\"@id\":\"https:\/\/portaltela.pt\/noticias\/2026\/03\/13\/geny-catamo-vence-melhor-do-mes-de-fevereiro-na-liga-apos-golaco-em-moreira-de-conegos\/\",\"url\":\"https:\/\/portaltela.pt\/noticias\/2026\/03\/13\/geny-catamo-vence-melhor-do-mes-de-fevereiro-na-liga-apos-golaco-em-moreira-de-conegos\/\",\"name\":\"Geny Catamo vence Melhor do M\u00eas de fevereiro na Liga ap\u00f3s gola\u00e7o em Moreira de C\u00f3negos - Portal Tela Portugal\",\"isPartOf\":{\"@id\":\"https:\/\/portaltela.pt\/#website\"},\"primaryImageOfPage\":{\"@id\":\"https:\/\/portaltela.pt\/noticias\/2026\/03\/13\/geny-catamo-vence-melhor-do-mes-de-fevereiro-na-liga-apos-golaco-em-moreira-de-conegos\/#primaryimage\"},\"image\":{\"@id\":\"https:\/\/portaltela.pt\/noticias\/2026\/03\/13\/geny-catamo-vence-melhor-do-mes-de-fevereiro-na-liga-apos-golaco-em-moreira-de-conegos\/#primaryimage\"},\"thumbnailUrl\":\"https:\/\/portaltela.pt\/s.01k8rhncp4jt1\/2026\/03\/img_920x518uu2026-03-13-13-10-08-2426665.jpg\",\"datePublished\":\"2026-03-13T13:11:26+00:00\",\"author\":{\"@id\":\"https:\/\/portaltela.pt\/#\/schema\/person\/c4278d4a6028830caff9ee44b42d32ed\"},\"breadcrumb\":{\"@id\":\"https:\/\/portaltela.pt\/noticias\/2026\/03\/13\/geny-catamo-vence-melhor-do-mes-de-fevereiro-na-liga-apos-golaco-em-moreira-de-conegos\/#breadcrumb\"},\"inLanguage\":\"pt-PT\",\"potentialAction\":[{\"@type\":\"ReadAction\",\"target\":[\"https:\/\/portaltela.pt\/noticias\/2026\/03\/13\/geny-catamo-vence-melhor-do-mes-de-fevereiro-na-liga-apos-golaco-em-moreira-de-conegos\/\"]}]},{\"@type\":\"ImageObject\",\"inLanguage\":\"pt-PT\",\"@id\":\"https:\/\/portaltela.pt\/noticias\/2026\/03\/13\/geny-catamo-vence-melhor-do-mes-de-fevereiro-na-liga-apos-golaco-em-moreira-de-conegos\/#primaryimage\",\"url\":\"https:\/\/portaltela.pt\/s.01k8rhncp4jt1\/2026\/03\/img_920x518uu2026-03-13-13-10-08-2426665.jpg\",\"contentUrl\":\"https:\/\/portaltela.pt\/s.01k8rhncp4jt1\/2026\/03\/img_920x518uu2026-03-13-13-10-08-2426665.jpg\",\"width\":796,\"height\":448,\"caption\":\"Geny Catamo celebra ap\u00f3s o grande golo marcado ao Moreirense\"},{\"@type\":\"BreadcrumbList\",\"@id\":\"https:\/\/portaltela.pt\/noticias\/2026\/03\/13\/geny-catamo-vence-melhor-do-mes-de-fevereiro-na-liga-apos-golaco-em-moreira-de-conegos\/#breadcrumb\",\"itemListElement\":[{\"@type\":\"ListItem\",\"position\":1,\"name\":\"In\u00edcio\",\"item\":\"https:\/\/portaltela.pt\/\"},{\"@type\":\"ListItem\",\"position\":2,\"name\":\"Geny Catamo vence Melhor do M\u00eas de fevereiro na Liga ap\u00f3s gola\u00e7o em Moreira de C\u00f3negos\"}]},{\"@type\":\"WebSite\",\"@id\":\"https:\/\/portaltela.pt\/#website\",\"url\":\"https:\/\/portaltela.pt\/\",\"name\":\"Portal Tela Portugal\",\"description\":\"\",\"potentialAction\":[{\"@type\":\"SearchAction\",\"target\":{\"@type\":\"EntryPoint\",\"urlTemplate\":\"https:\/\/portaltela.pt\/?s={search_term_string}\"},\"query-input\":{\"@type\":\"PropertyValueSpecification\",\"valueRequired\":true,\"valueName\":\"search_term_string\"}}],\"inLanguage\":\"pt-PT\"},{\"@type\":\"Person\",\"@id\":\"https:\/\/portaltela.pt\/#\/schema\/person\/c4278d4a6028830caff9ee44b42d32ed\",\"name\":\"Telinha\",\"image\":{\"@type\":\"ImageObject\",\"inLanguage\":\"pt-PT\",\"@id\":\"https:\/\/portaltela.pt\/s.01k8rhncp4jt1\/2025\/11\/talking-bot-125x125.png\",\"url\":\"https:\/\/portaltela.pt\/s.01k8rhncp4jt1\/2025\/11\/talking-bot-125x125.png\",\"contentUrl\":\"https:\/\/portaltela.pt\/s.01k8rhncp4jt1\/2025\/11\/talking-bot-125x125.png\",\"caption\":\"Telinha\"},\"sameAs\":[\"https:\/\/portaltela.pt\/\"],\"url\":\"https:\/\/portaltela.pt\/por\/367410592786\/\"}]}<\/script>\n<!-- \/ Yoast SEO plugin. -->","yoast_head_json":{"title":"Geny Catamo vence Melhor do M\u00eas de fevereiro na Liga ap\u00f3s gola\u00e7o em Moreira de C\u00f3negos - Portal Tela Portugal","robots":{"index":"index","follow":"follow","max-snippet":"max-snippet:-1","max-image-preview":"max-image-preview:large","max-video-preview":"max-video-preview:-1"},"og_locale":"pt_PT","og_type":"article","og_title":"Geny Catamo vence Melhor do M\u00eas de fevereiro na Liga ap\u00f3s gola\u00e7o em Moreira de C\u00f3negos - Portal Tela Portugal","og_description":"Geny Catamo ganhou o pr\u00e9mio de autor do melhor golo do m\u00eas de fevereiro na Liga Portugal Betclic. O golo premiado foi marcado aos 56 minutos no Moreirense-Sporting da 23.\u00aa jornada. O tento do extremo mo\u00e7ambicano foi eleito pelos adeptos como o melhor do m\u00eas, \u00e0 frente de Lu\u00eds Su\u00e1rez, Zalazar, Diogo Travassos, Rodri Alonso e Rafa Silva. Lu\u00eds Su\u00e1rez (Sporting CP) foi o seu colega de equipa entre os candidatos, enquanto Rodri Alonso e Diogo Travassos representaram o Moreirense. O est\u00e1dio\/ambiente n\u00e3o \u00e9 mencionado; a not\u00edcia foca-se no t\u00edtulo, o golo e a vota\u00e7\u00e3o dos adeptos.","og_url":"https:\/\/portaltela.pt\/noticias\/2026\/03\/13\/geny-catamo-vence-melhor-do-mes-de-fevereiro-na-liga-apos-golaco-em-moreira-de-conegos\/","og_site_name":"Portal Tela Portugal","article_published_time":"2026-03-13T13:11:26+00:00","author":"Telinha","twitter_card":"summary_large_image","twitter_misc":{"Escrito por":"Telinha","Tempo estimado de leitura":"1 minuto"},"schema":{"@context":"https:\/\/schema.org","@graph":[{"@type":"Article","@id":"https:\/\/portaltela.pt\/noticias\/2026\/03\/13\/geny-catamo-vence-melhor-do-mes-de-fevereiro-na-liga-apos-golaco-em-moreira-de-conegos\/#article","isPartOf":{"@id":"https:\/\/portaltela.pt\/noticias\/2026\/03\/13\/geny-catamo-vence-melhor-do-mes-de-fevereiro-na-liga-apos-golaco-em-moreira-de-conegos\/"},"author":{"name":"Telinha","@id":"https:\/\/portaltela.pt\/#\/schema\/person\/c4278d4a6028830caff9ee44b42d32ed"},"headline":"Geny Catamo vence Melhor do M\u00eas de fevereiro na Liga ap\u00f3s gola\u00e7o em Moreira de C\u00f3negos","datePublished":"2026-03-13T13:11:26+00:00","mainEntityOfPage":{"@id":"https:\/\/portaltela.pt\/noticias\/2026\/03\/13\/geny-catamo-vence-melhor-do-mes-de-fevereiro-na-liga-apos-golaco-em-moreira-de-conegos\/"},"wordCount":176,"image":{"@id":"https:\/\/portaltela.pt\/noticias\/2026\/03\/13\/geny-catamo-vence-melhor-do-mes-de-fevereiro-na-liga-apos-golaco-em-moreira-de-conegos\/#primaryimage"},"thumbnailUrl":"https:\/\/portaltela.pt\/s.01k8rhncp4jt1\/2026\/03\/img_920x518uu2026-03-13-13-10-08-2426665.jpg","keywords":["futebol","Geny Catamo","Liga","Moreira de C\u00f3negos","Moreirense"],"articleSection":["Desporto","Futebol"],"inLanguage":"pt-PT"},{"@type":"WebPage","@id":"https:\/\/portaltela.pt\/noticias\/2026\/03\/13\/geny-catamo-vence-melhor-do-mes-de-fevereiro-na-liga-apos-golaco-em-moreira-de-conegos\/","url":"https:\/\/portaltela.pt\/noticias\/2026\/03\/13\/geny-catamo-vence-melhor-do-mes-de-fevereiro-na-liga-apos-golaco-em-moreira-de-conegos\/","name":"Geny Catamo vence Melhor do M\u00eas de fevereiro na Liga ap\u00f3s gola\u00e7o em Moreira de C\u00f3negos - Portal Tela Portugal","isPartOf":{"@id":"https:\/\/portaltela.pt\/#website"},"primaryImageOfPage":{"@id":"https:\/\/portaltela.pt\/noticias\/2026\/03\/13\/geny-catamo-vence-melhor-do-mes-de-fevereiro-na-liga-apos-golaco-em-moreira-de-conegos\/#primaryimage"},"image":{"@id":"https:\/\/portaltela.pt\/noticias\/2026\/03\/13\/geny-catamo-vence-melhor-do-mes-de-fevereiro-na-liga-apos-golaco-em-moreira-de-conegos\/#primaryimage"},"thumbnailUrl":"https:\/\/portaltela.pt\/s.01k8rhncp4jt1\/2026\/03\/img_920x518uu2026-03-13-13-10-08-2426665.jpg","datePublished":"2026-03-13T13:11:26+00:00","author":{"@id":"https:\/\/portaltela.pt\/#\/schema\/person\/c4278d4a6028830caff9ee44b42d32ed"},"breadcrumb":{"@id":"https:\/\/portaltela.pt\/noticias\/2026\/03\/13\/geny-catamo-vence-melhor-do-mes-de-fevereiro-na-liga-apos-golaco-em-moreira-de-conegos\/#breadcrumb"},"inLanguage":"pt-PT","potentialAction":[{"@type":"ReadAction","target":["https:\/\/portaltela.pt\/noticias\/2026\/03\/13\/geny-catamo-vence-melhor-do-mes-de-fevereiro-na-liga-apos-golaco-em-moreira-de-conegos\/"]}]},{"@type":"ImageObject","inLanguage":"pt-PT","@id":"https:\/\/portaltela.pt\/noticias\/2026\/03\/13\/geny-catamo-vence-melhor-do-mes-de-fevereiro-na-liga-apos-golaco-em-moreira-de-conegos\/#primaryimage","url":"https:\/\/portaltela.pt\/s.01k8rhncp4jt1\/2026\/03\/img_920x518uu2026-03-13-13-10-08-2426665.jpg","contentUrl":"https:\/\/portaltela.pt\/s.01k8rhncp4jt1\/2026\/03\/img_920x518uu2026-03-13-13-10-08-2426665.jpg","width":796,"height":448,"caption":"Geny Catamo celebra ap\u00f3s o grande golo marcado ao Moreirense"},{"@type":"BreadcrumbList","@id":"https:\/\/portaltela.pt\/noticias\/2026\/03\/13\/geny-catamo-vence-melhor-do-mes-de-fevereiro-na-liga-apos-golaco-em-moreira-de-conegos\/#breadcrumb","itemListElement":[{"@type":"ListItem","position":1,"name":"In\u00edcio","item":"https:\/\/portaltela.pt\/"},{"@type":"ListItem","position":2,"name":"Geny Catamo vence Melhor do M\u00eas de fevereiro na Liga ap\u00f3s gola\u00e7o em Moreira de C\u00f3negos"}]},{"@type":"WebSite","@id":"https:\/\/portaltela.pt\/#website","url":"https:\/\/portaltela.pt\/","name":"Portal Tela Portugal","description":"","potentialAction":[{"@type":"SearchAction","target":{"@type":"EntryPoint","urlTemplate":"https:\/\/portaltela.pt\/?s={search_term_string}"},"query-input":{"@type":"PropertyValueSpecification","valueRequired":true,"valueName":"search_term_string"}}],"inLanguage":"pt-PT"},{"@type":"Person","@id":"https:\/\/portaltela.pt\/#\/schema\/person\/c4278d4a6028830caff9ee44b42d32ed","name":"Telinha","image":{"@type":"ImageObject","inLanguage":"pt-PT","@id":"https:\/\/portaltela.pt\/s.01k8rhncp4jt1\/2025\/11\/talking-bot-125x125.png","url":"https:\/\/portaltela.pt\/s.01k8rhncp4jt1\/2025\/11\/talking-bot-125x125.png","contentUrl":"https:\/\/portaltela.pt\/s.01k8rhncp4jt1\/2025\/11\/talking-bot-125x125.png","caption":"Telinha"},"sameAs":["https:\/\/portaltela.pt\/"],"url":"https:\/\/portaltela.pt\/por\/367410592786\/"}]}},"_links":{"self":[{"href":"https:\/\/portaltela.pt\/api\/wp\/v2\/posts\/408773","targetHints":{"allow":["GET"]}}],"collection":[{"href":"https:\/\/portaltela.pt\/api\/wp\/v2\/posts"}],"about":[{"href":"https:\/\/portaltela.pt\/api\/wp\/v2\/types\/post"}],"author":[{"embeddable":true,"href":"https:\/\/portaltela.pt\/api\/wp\/v2\/users\/2"}],"replies":[{"embeddable":true,"href":"https:\/\/portaltela.pt\/api\/wp\/v2\/comments?post=408773"}],"version-history":[{"count":0,"href":"https:\/\/portaltela.pt\/api\/wp\/v2\/posts\/408773\/revisions"}],"wp:featuredmedia":[{"embeddable":true,"href":"https:\/\/portaltela.pt\/api\/wp\/v2\/media\/408783"}],"wp:attachment":[{"href":"https:\/\/portaltela.pt\/api\/wp\/v2\/media?parent=408773"}],"wp:term":[{"taxonomy":"category","embeddable":true,"href":"https:\/\/portaltela.pt\/api\/wp\/v2\/categories?post=408773"},{"taxonomy":"post_tag","embeddable":true,"href":"https:\/\/portaltela.pt\/api\/wp\/v2\/tags?post=408773"}],"curies":[{"name":"wp","href":"https:\/\/api.w.org\/{rel}","templated":true}]}}