{"id":408772,"date":"2026-03-13T10:11:00","date_gmt":"2026-03-13T13:11:00","guid":{"rendered":"https:\/\/portaltela.pt\/noticias\/2026\/03\/13\/vitor-campelos-ruma-a-eslovenia-para-liderar-o-celje\/"},"modified":"2026-03-13T10:11:00","modified_gmt":"2026-03-13T13:11:00","slug":"vitor-campelos-ruma-a-eslovenia-para-liderar-o-celje","status":"publish","type":"post","link":"https:\/\/portaltela.pt\/desporto\/futebol\/2026\/03\/13\/vitor-campelos-ruma-a-eslovenia-para-liderar-o-celje\/","title":{"rendered":"V\u00edtor Campelos ruma \u00e0 Eslov\u00e9nia para liderar o Celje"},"content":{"rendered":"<p>O Celje anunciou que V\u00edtor Campelos vai assumir o comando da equipa a partir de hoje. O treinador de 50 anos assinou contrato com o clube at\u00e9 31 de maio de 2028.<\/p>\n<p>Natural de Guimar\u00e3es, Campelos tem uma vasta carreira. Foi adjunto de Toni entre 2007\/08 e 2012\/13, em clubes como Al-Ettifaq e Al-Ittihad, na Ar\u00e1bia Saudita, e Al-Sharjah, nos Emirados. Iniciou a vida de treinador principal na B do Videoton.<\/p>\n<p>Regressou a Portugal para orientar o Trofense (II Liga) em 2014\/15, seguiu-se a B do Vit\u00f3ria de Guimar\u00e3es e a I Liga, onde estreou como interino em 2017\/18 frente ao Mar\u00edtimo. Em 2019\/20 conduziu o Moreirense, regressou ao Al-Taawoun e assinou pelo Chaves at\u00e9 2022\/23, com promo\u00e7\u00e3o em 2021\/22. Depois passou por Gil Vicente e AVS.<\/p>\n<p>A equipa de Celje iniciou a \u00e9poca sob o comando do espanhol Albert Riera, com o adjunto Ivan Mayevski a orientar os cinco jogos anteriores. Campelos toma as r\u00e9deas numa altura em que o l\u00edder soma 50 pontos ap\u00f3s 24 jogos.<\/p>\n<p>A estreia est\u00e1 marcada para domingo, \u00e0s 16:30 locais (15:30 em Lisboa), quando o Celje recebe o segundo classificado, o Koper, que soma 45 pontos ap\u00f3s 25 jogos. A mudan\u00e7a detalha-se como aposta no desempenho da equipa na prova.<\/p>\n","protected":false},"excerpt":{"rendered":"<ul>\n<li>O Celje anunciou que V\u00edtor Campelos vai comandar a equipa a partir de hoje, assinando contrato at\u00e9 31 de maio de 2028.<\/li>\n<li>O t\u00e9cnico natural de Guimar\u00e3es tem 50 anos e tem experi\u00eancia em v\u00e1rios clubes portugueses.<\/li>\n<li>Campelos estreia-se no comando do Celje neste domingo, \u00e0s 16:30 locais (15:30 de Lisboa), frente ao Koper.<\/li>\n<li>O Celje \u00e9 l\u00edder da liga eslovena, com 50 pontos ap\u00f3s 24 jogos, enquanto o Koper \u00e9 segundo, com 45 pontos ap\u00f3s 25 partidas.<\/li>\n<\/ul>\n","protected":false},"author":2,"featured_media":408775,"comment_status":"closed","ping_status":"closed","sticky":false,"template":"","format":"standard","meta":{"footnotes":""},"categories":[21,24],"tags":[152,2681,2167,32,3338,2477],"class_list":["post-408772","post","type-post","status-publish","format-standard","has-post-thumbnail","hentry","category-desporto","category-futebol","tag-desporto","tag-desporto-internacional","tag-eslovenia","tag-futebol","tag-futebol-internacional","tag-treinadores"],"yoast_head":"<!-- This site is optimized with the Yoast SEO plugin v27.2 - https:\/\/yoast.com\/product\/yoast-seo-wordpress\/ -->\n<title>V\u00edtor Campelos ruma \u00e0 Eslov\u00e9nia para liderar o Celje - Portal Tela Portugal<\/title>\n<meta name=\"robots\" content=\"index, follow, max-snippet:-1, max-image-preview:large, max-video-preview:-1\" \/>\n<meta property=\"og:locale\" content=\"pt_PT\" \/>\n<meta property=\"og:type\" content=\"article\" \/>\n<meta property=\"og:title\" content=\"V\u00edtor Campelos ruma \u00e0 Eslov\u00e9nia para liderar o Celje - Portal Tela Portugal\" \/>\n<meta property=\"og:description\" content=\"O Celje anunciou que V\u00edtor Campelos vai comandar a equipa a partir de hoje, assinando contrato at\u00e9 31 de maio de 2028. O t\u00e9cnico natural de Guimar\u00e3es tem 50 anos e tem experi\u00eancia em v\u00e1rios clubes portugueses. Campelos estreia-se no comando do Celje neste domingo, \u00e0s 16:30 locais (15:30 de Lisboa), frente ao Koper. O Celje \u00e9 l\u00edder da liga eslovena, com 50 pontos ap\u00f3s 24 jogos, enquanto o Koper \u00e9 segundo, com 45 pontos ap\u00f3s 25 partidas.\" \/>\n<meta property=\"og:url\" content=\"https:\/\/portaltela.pt\/noticias\/2026\/03\/13\/vitor-campelos-ruma-a-eslovenia-para-liderar-o-celje\/\" \/>\n<meta property=\"og:site_name\" content=\"Portal Tela Portugal\" \/>\n<meta property=\"article:published_time\" content=\"2026-03-13T13:11:00+00:00\" \/>\n<meta name=\"author\" content=\"Telinha\" \/>\n<meta name=\"twitter:card\" content=\"summary_large_image\" \/>\n<meta name=\"twitter:label1\" content=\"Escrito por\" \/>\n\t<meta name=\"twitter:data1\" content=\"Telinha\" \/>\n\t<meta name=\"twitter:label2\" content=\"Tempo estimado de leitura\" \/>\n\t<meta name=\"twitter:data2\" content=\"1 minuto\" \/>\n<script type=\"application\/ld+json\" class=\"yoast-schema-graph\">{\"@context\":\"https:\/\/schema.org\",\"@graph\":[{\"@type\":\"Article\",\"@id\":\"https:\/\/portaltela.pt\/noticias\/2026\/03\/13\/vitor-campelos-ruma-a-eslovenia-para-liderar-o-celje\/#article\",\"isPartOf\":{\"@id\":\"https:\/\/portaltela.pt\/noticias\/2026\/03\/13\/vitor-campelos-ruma-a-eslovenia-para-liderar-o-celje\/\"},\"author\":{\"name\":\"Telinha\",\"@id\":\"https:\/\/portaltela.pt\/#\/schema\/person\/c4278d4a6028830caff9ee44b42d32ed\"},\"headline\":\"V\u00edtor Campelos ruma \u00e0 Eslov\u00e9nia para liderar o Celje\",\"datePublished\":\"2026-03-13T13:11:00+00:00\",\"mainEntityOfPage\":{\"@id\":\"https:\/\/portaltela.pt\/noticias\/2026\/03\/13\/vitor-campelos-ruma-a-eslovenia-para-liderar-o-celje\/\"},\"wordCount\":213,\"image\":{\"@id\":\"https:\/\/portaltela.pt\/noticias\/2026\/03\/13\/vitor-campelos-ruma-a-eslovenia-para-liderar-o-celje\/#primaryimage\"},\"thumbnailUrl\":\"https:\/\/portaltela.pt\/s.01k8rhncp4jt1\/2026\/03\/image-864.jpg\",\"keywords\":[\"desporto\",\"desporto internacional\",\"Eslov\u00e9nia\",\"futebol\",\"futebol internacional\",\"treinadores\"],\"articleSection\":[\"Desporto\",\"Futebol\"],\"inLanguage\":\"pt-PT\"},{\"@type\":\"WebPage\",\"@id\":\"https:\/\/portaltela.pt\/noticias\/2026\/03\/13\/vitor-campelos-ruma-a-eslovenia-para-liderar-o-celje\/\",\"url\":\"https:\/\/portaltela.pt\/noticias\/2026\/03\/13\/vitor-campelos-ruma-a-eslovenia-para-liderar-o-celje\/\",\"name\":\"V\u00edtor Campelos ruma \u00e0 Eslov\u00e9nia para liderar o Celje - Portal Tela Portugal\",\"isPartOf\":{\"@id\":\"https:\/\/portaltela.pt\/#website\"},\"primaryImageOfPage\":{\"@id\":\"https:\/\/portaltela.pt\/noticias\/2026\/03\/13\/vitor-campelos-ruma-a-eslovenia-para-liderar-o-celje\/#primaryimage\"},\"image\":{\"@id\":\"https:\/\/portaltela.pt\/noticias\/2026\/03\/13\/vitor-campelos-ruma-a-eslovenia-para-liderar-o-celje\/#primaryimage\"},\"thumbnailUrl\":\"https:\/\/portaltela.pt\/s.01k8rhncp4jt1\/2026\/03\/image-864.jpg\",\"datePublished\":\"2026-03-13T13:11:00+00:00\",\"author\":{\"@id\":\"https:\/\/portaltela.pt\/#\/schema\/person\/c4278d4a6028830caff9ee44b42d32ed\"},\"breadcrumb\":{\"@id\":\"https:\/\/portaltela.pt\/noticias\/2026\/03\/13\/vitor-campelos-ruma-a-eslovenia-para-liderar-o-celje\/#breadcrumb\"},\"inLanguage\":\"pt-PT\",\"potentialAction\":[{\"@type\":\"ReadAction\",\"target\":[\"https:\/\/portaltela.pt\/noticias\/2026\/03\/13\/vitor-campelos-ruma-a-eslovenia-para-liderar-o-celje\/\"]}]},{\"@type\":\"ImageObject\",\"inLanguage\":\"pt-PT\",\"@id\":\"https:\/\/portaltela.pt\/noticias\/2026\/03\/13\/vitor-campelos-ruma-a-eslovenia-para-liderar-o-celje\/#primaryimage\",\"url\":\"https:\/\/portaltela.pt\/s.01k8rhncp4jt1\/2026\/03\/image-864.jpg\",\"contentUrl\":\"https:\/\/portaltela.pt\/s.01k8rhncp4jt1\/2026\/03\/image-864.jpg\",\"width\":796,\"height\":448,\"caption\":\"V\u00edtor Campelos oficializado\"},{\"@type\":\"BreadcrumbList\",\"@id\":\"https:\/\/portaltela.pt\/noticias\/2026\/03\/13\/vitor-campelos-ruma-a-eslovenia-para-liderar-o-celje\/#breadcrumb\",\"itemListElement\":[{\"@type\":\"ListItem\",\"position\":1,\"name\":\"In\u00edcio\",\"item\":\"https:\/\/portaltela.pt\/\"},{\"@type\":\"ListItem\",\"position\":2,\"name\":\"V\u00edtor Campelos ruma \u00e0 Eslov\u00e9nia para liderar o Celje\"}]},{\"@type\":\"WebSite\",\"@id\":\"https:\/\/portaltela.pt\/#website\",\"url\":\"https:\/\/portaltela.pt\/\",\"name\":\"Portal Tela Portugal\",\"description\":\"\",\"potentialAction\":[{\"@type\":\"SearchAction\",\"target\":{\"@type\":\"EntryPoint\",\"urlTemplate\":\"https:\/\/portaltela.pt\/?s={search_term_string}\"},\"query-input\":{\"@type\":\"PropertyValueSpecification\",\"valueRequired\":true,\"valueName\":\"search_term_string\"}}],\"inLanguage\":\"pt-PT\"},{\"@type\":\"Person\",\"@id\":\"https:\/\/portaltela.pt\/#\/schema\/person\/c4278d4a6028830caff9ee44b42d32ed\",\"name\":\"Telinha\",\"image\":{\"@type\":\"ImageObject\",\"inLanguage\":\"pt-PT\",\"@id\":\"https:\/\/portaltela.pt\/s.01k8rhncp4jt1\/2025\/11\/talking-bot-125x125.png\",\"url\":\"https:\/\/portaltela.pt\/s.01k8rhncp4jt1\/2025\/11\/talking-bot-125x125.png\",\"contentUrl\":\"https:\/\/portaltela.pt\/s.01k8rhncp4jt1\/2025\/11\/talking-bot-125x125.png\",\"caption\":\"Telinha\"},\"sameAs\":[\"https:\/\/portaltela.pt\/\"],\"url\":\"https:\/\/portaltela.pt\/por\/367410592786\/\"}]}<\/script>\n<!-- \/ Yoast SEO plugin. -->","yoast_head_json":{"title":"V\u00edtor Campelos ruma \u00e0 Eslov\u00e9nia para liderar o Celje - Portal Tela Portugal","robots":{"index":"index","follow":"follow","max-snippet":"max-snippet:-1","max-image-preview":"max-image-preview:large","max-video-preview":"max-video-preview:-1"},"og_locale":"pt_PT","og_type":"article","og_title":"V\u00edtor Campelos ruma \u00e0 Eslov\u00e9nia para liderar o Celje - Portal Tela Portugal","og_description":"O Celje anunciou que V\u00edtor Campelos vai comandar a equipa a partir de hoje, assinando contrato at\u00e9 31 de maio de 2028. O t\u00e9cnico natural de Guimar\u00e3es tem 50 anos e tem experi\u00eancia em v\u00e1rios clubes portugueses. Campelos estreia-se no comando do Celje neste domingo, \u00e0s 16:30 locais (15:30 de Lisboa), frente ao Koper. O Celje \u00e9 l\u00edder da liga eslovena, com 50 pontos ap\u00f3s 24 jogos, enquanto o Koper \u00e9 segundo, com 45 pontos ap\u00f3s 25 partidas.","og_url":"https:\/\/portaltela.pt\/noticias\/2026\/03\/13\/vitor-campelos-ruma-a-eslovenia-para-liderar-o-celje\/","og_site_name":"Portal Tela Portugal","article_published_time":"2026-03-13T13:11:00+00:00","author":"Telinha","twitter_card":"summary_large_image","twitter_misc":{"Escrito por":"Telinha","Tempo estimado de leitura":"1 minuto"},"schema":{"@context":"https:\/\/schema.org","@graph":[{"@type":"Article","@id":"https:\/\/portaltela.pt\/noticias\/2026\/03\/13\/vitor-campelos-ruma-a-eslovenia-para-liderar-o-celje\/#article","isPartOf":{"@id":"https:\/\/portaltela.pt\/noticias\/2026\/03\/13\/vitor-campelos-ruma-a-eslovenia-para-liderar-o-celje\/"},"author":{"name":"Telinha","@id":"https:\/\/portaltela.pt\/#\/schema\/person\/c4278d4a6028830caff9ee44b42d32ed"},"headline":"V\u00edtor Campelos ruma \u00e0 Eslov\u00e9nia para liderar o Celje","datePublished":"2026-03-13T13:11:00+00:00","mainEntityOfPage":{"@id":"https:\/\/portaltela.pt\/noticias\/2026\/03\/13\/vitor-campelos-ruma-a-eslovenia-para-liderar-o-celje\/"},"wordCount":213,"image":{"@id":"https:\/\/portaltela.pt\/noticias\/2026\/03\/13\/vitor-campelos-ruma-a-eslovenia-para-liderar-o-celje\/#primaryimage"},"thumbnailUrl":"https:\/\/portaltela.pt\/s.01k8rhncp4jt1\/2026\/03\/image-864.jpg","keywords":["desporto","desporto internacional","Eslov\u00e9nia","futebol","futebol internacional","treinadores"],"articleSection":["Desporto","Futebol"],"inLanguage":"pt-PT"},{"@type":"WebPage","@id":"https:\/\/portaltela.pt\/noticias\/2026\/03\/13\/vitor-campelos-ruma-a-eslovenia-para-liderar-o-celje\/","url":"https:\/\/portaltela.pt\/noticias\/2026\/03\/13\/vitor-campelos-ruma-a-eslovenia-para-liderar-o-celje\/","name":"V\u00edtor Campelos ruma \u00e0 Eslov\u00e9nia para liderar o Celje - Portal Tela Portugal","isPartOf":{"@id":"https:\/\/portaltela.pt\/#website"},"primaryImageOfPage":{"@id":"https:\/\/portaltela.pt\/noticias\/2026\/03\/13\/vitor-campelos-ruma-a-eslovenia-para-liderar-o-celje\/#primaryimage"},"image":{"@id":"https:\/\/portaltela.pt\/noticias\/2026\/03\/13\/vitor-campelos-ruma-a-eslovenia-para-liderar-o-celje\/#primaryimage"},"thumbnailUrl":"https:\/\/portaltela.pt\/s.01k8rhncp4jt1\/2026\/03\/image-864.jpg","datePublished":"2026-03-13T13:11:00+00:00","author":{"@id":"https:\/\/portaltela.pt\/#\/schema\/person\/c4278d4a6028830caff9ee44b42d32ed"},"breadcrumb":{"@id":"https:\/\/portaltela.pt\/noticias\/2026\/03\/13\/vitor-campelos-ruma-a-eslovenia-para-liderar-o-celje\/#breadcrumb"},"inLanguage":"pt-PT","potentialAction":[{"@type":"ReadAction","target":["https:\/\/portaltela.pt\/noticias\/2026\/03\/13\/vitor-campelos-ruma-a-eslovenia-para-liderar-o-celje\/"]}]},{"@type":"ImageObject","inLanguage":"pt-PT","@id":"https:\/\/portaltela.pt\/noticias\/2026\/03\/13\/vitor-campelos-ruma-a-eslovenia-para-liderar-o-celje\/#primaryimage","url":"https:\/\/portaltela.pt\/s.01k8rhncp4jt1\/2026\/03\/image-864.jpg","contentUrl":"https:\/\/portaltela.pt\/s.01k8rhncp4jt1\/2026\/03\/image-864.jpg","width":796,"height":448,"caption":"V\u00edtor Campelos oficializado"},{"@type":"BreadcrumbList","@id":"https:\/\/portaltela.pt\/noticias\/2026\/03\/13\/vitor-campelos-ruma-a-eslovenia-para-liderar-o-celje\/#breadcrumb","itemListElement":[{"@type":"ListItem","position":1,"name":"In\u00edcio","item":"https:\/\/portaltela.pt\/"},{"@type":"ListItem","position":2,"name":"V\u00edtor Campelos ruma \u00e0 Eslov\u00e9nia para liderar o Celje"}]},{"@type":"WebSite","@id":"https:\/\/portaltela.pt\/#website","url":"https:\/\/portaltela.pt\/","name":"Portal Tela Portugal","description":"","potentialAction":[{"@type":"SearchAction","target":{"@type":"EntryPoint","urlTemplate":"https:\/\/portaltela.pt\/?s={search_term_string}"},"query-input":{"@type":"PropertyValueSpecification","valueRequired":true,"valueName":"search_term_string"}}],"inLanguage":"pt-PT"},{"@type":"Person","@id":"https:\/\/portaltela.pt\/#\/schema\/person\/c4278d4a6028830caff9ee44b42d32ed","name":"Telinha","image":{"@type":"ImageObject","inLanguage":"pt-PT","@id":"https:\/\/portaltela.pt\/s.01k8rhncp4jt1\/2025\/11\/talking-bot-125x125.png","url":"https:\/\/portaltela.pt\/s.01k8rhncp4jt1\/2025\/11\/talking-bot-125x125.png","contentUrl":"https:\/\/portaltela.pt\/s.01k8rhncp4jt1\/2025\/11\/talking-bot-125x125.png","caption":"Telinha"},"sameAs":["https:\/\/portaltela.pt\/"],"url":"https:\/\/portaltela.pt\/por\/367410592786\/"}]}},"_links":{"self":[{"href":"https:\/\/portaltela.pt\/api\/wp\/v2\/posts\/408772","targetHints":{"allow":["GET"]}}],"collection":[{"href":"https:\/\/portaltela.pt\/api\/wp\/v2\/posts"}],"about":[{"href":"https:\/\/portaltela.pt\/api\/wp\/v2\/types\/post"}],"author":[{"embeddable":true,"href":"https:\/\/portaltela.pt\/api\/wp\/v2\/users\/2"}],"replies":[{"embeddable":true,"href":"https:\/\/portaltela.pt\/api\/wp\/v2\/comments?post=408772"}],"version-history":[{"count":0,"href":"https:\/\/portaltela.pt\/api\/wp\/v2\/posts\/408772\/revisions"}],"wp:featuredmedia":[{"embeddable":true,"href":"https:\/\/portaltela.pt\/api\/wp\/v2\/media\/408775"}],"wp:attachment":[{"href":"https:\/\/portaltela.pt\/api\/wp\/v2\/media?parent=408772"}],"wp:term":[{"taxonomy":"category","embeddable":true,"href":"https:\/\/portaltela.pt\/api\/wp\/v2\/categories?post=408772"},{"taxonomy":"post_tag","embeddable":true,"href":"https:\/\/portaltela.pt\/api\/wp\/v2\/tags?post=408772"}],"curies":[{"name":"wp","href":"https:\/\/api.w.org\/{rel}","templated":true}]}}