{"id":408771,"date":"2026-03-13T10:12:00","date_gmt":"2026-03-13T13:12:00","guid":{"rendered":"https:\/\/portaltela.pt\/noticias\/2026\/03\/13\/comidas-e-bebidas-artesanais-na-casa-calma-de-maria-joao\/"},"modified":"2026-03-13T10:12:00","modified_gmt":"2026-03-13T13:12:00","slug":"comidas-e-bebidas-artesanais-na-casa-calma-de-maria-joao","status":"publish","type":"post","link":"https:\/\/portaltela.pt\/noticias\/2026\/03\/13\/comidas-e-bebidas-artesanais-na-casa-calma-de-maria-joao\/","title":{"rendered":"Comidas e bebidas artesanais na casa calma de Maria Jo\u00e3o"},"content":{"rendered":"<p>Maria Jo\u00e3o Bacelar, 44 anos, regressou a Viana do Castelo, a cidade onde nasceu, ap\u00f3s v\u00e1rios anos a viver no Porto, e abriu um espa\u00e7o de comida e bebida artesanais no centro hist\u00f3rico. O projeto combina hospitalidade com uma oferta localizada e artesanal.<\/p>\n<p>A decis\u00e3o de ter filhos motivou a mudan\u00e7a. A propriet\u00e1ria pretende criar um ambiente sereno, onde os clientes possam desfrutar de produtos locais com validade de gourmet, numa experi\u00eancia que pretende ser ao mesmo tempo calmante e saborosa.<\/p>\n<p>O espa\u00e7o situa-se numa casa no cora\u00e7\u00e3o da cidade, que agrega artigos de produ\u00e7\u00e3o artesanal. A ideia \u00e9 proporcionar qualidade e tranquilidade, valorizando ingredientes regionais e receitas cuidadosamente criadas para quem procura uma pausa diferenciada.<\/p>\n","protected":false},"excerpt":{"rendered":"<ul>\n<li>Maria Jo\u00e3o Bacelar, de 44 anos, regressou a Viana do Castelo, terra natal, ap\u00f3s anos a viver no Porto.<\/li>\n<li>Na cidade, tornou-se dona de um espa\u00e7o dedicado \u00e0 comida e bebida artesanais.<\/li>\n<li>O estabelecimento fica no cora\u00e7\u00e3o de Viana do Castelo e \u00e9 apresentado como tranquilizador e acolhedor.<\/li>\n<li>A ideia surgiu na altura em que decidiu ter o filho, combinando a maternidade com o sonho de abrir o espa\u00e7o.<\/li>\n<li>A proposta visa transmitir serenidade e oferecer op\u00e7\u00f5es artesanais que encantem o paladar dos visitantes.<\/li>\n<\/ul>\n","protected":false},"author":2,"featured_media":408774,"comment_status":"closed","ping_status":"closed","sticky":false,"template":"","format":"standard","meta":{"footnotes":""},"categories":[1],"tags":[86,222,6324,778,219,1530],"class_list":["post-408771","post","type-post","status-publish","format-standard","has-post-thumbnail","hentry","category-noticias","tag-alimentacao","tag-artesanato","tag-centro-historico","tag-comida","tag-gastronomia","tag-viana-do-castelo"],"yoast_head":"<!-- This site is optimized with the Yoast SEO plugin v27.2 - https:\/\/yoast.com\/product\/yoast-seo-wordpress\/ -->\n<title>Comidas e bebidas artesanais na casa calma de Maria Jo\u00e3o - Portal Tela Portugal<\/title>\n<meta name=\"robots\" content=\"index, follow, max-snippet:-1, max-image-preview:large, max-video-preview:-1\" \/>\n<meta property=\"og:locale\" content=\"pt_PT\" \/>\n<meta property=\"og:type\" content=\"article\" \/>\n<meta property=\"og:title\" content=\"Comidas e bebidas artesanais na casa calma de Maria Jo\u00e3o - Portal Tela Portugal\" \/>\n<meta property=\"og:description\" content=\"Maria Jo\u00e3o Bacelar, de 44 anos, regressou a Viana do Castelo, terra natal, ap\u00f3s anos a viver no Porto. Na cidade, tornou-se dona de um espa\u00e7o dedicado \u00e0 comida e bebida artesanais. O estabelecimento fica no cora\u00e7\u00e3o de Viana do Castelo e \u00e9 apresentado como tranquilizador e acolhedor. A ideia surgiu na altura em que decidiu ter o filho, combinando a maternidade com o sonho de abrir o espa\u00e7o. A proposta visa transmitir serenidade e oferecer op\u00e7\u00f5es artesanais que encantem o paladar dos visitantes.\" \/>\n<meta property=\"og:url\" content=\"https:\/\/portaltela.pt\/noticias\/2026\/03\/13\/comidas-e-bebidas-artesanais-na-casa-calma-de-maria-joao\/\" \/>\n<meta property=\"og:site_name\" content=\"Portal Tela Portugal\" \/>\n<meta property=\"article:published_time\" content=\"2026-03-13T13:12:00+00:00\" \/>\n<meta name=\"author\" content=\"Telinha\" \/>\n<meta name=\"twitter:card\" content=\"summary_large_image\" \/>\n<meta name=\"twitter:label1\" content=\"Escrito por\" \/>\n\t<meta name=\"twitter:data1\" content=\"Telinha\" \/>\n\t<meta name=\"twitter:label2\" content=\"Tempo estimado de leitura\" \/>\n\t<meta name=\"twitter:data2\" content=\"1 minuto\" \/>\n<script type=\"application\/ld+json\" class=\"yoast-schema-graph\">{\"@context\":\"https:\/\/schema.org\",\"@graph\":[{\"@type\":\"Article\",\"@id\":\"https:\/\/portaltela.pt\/noticias\/2026\/03\/13\/comidas-e-bebidas-artesanais-na-casa-calma-de-maria-joao\/#article\",\"isPartOf\":{\"@id\":\"https:\/\/portaltela.pt\/noticias\/2026\/03\/13\/comidas-e-bebidas-artesanais-na-casa-calma-de-maria-joao\/\"},\"author\":{\"name\":\"Telinha\",\"@id\":\"https:\/\/portaltela.pt\/#\/schema\/person\/c4278d4a6028830caff9ee44b42d32ed\"},\"headline\":\"Comidas e bebidas artesanais na casa calma de Maria Jo\u00e3o\",\"datePublished\":\"2026-03-13T13:12:00+00:00\",\"mainEntityOfPage\":{\"@id\":\"https:\/\/portaltela.pt\/noticias\/2026\/03\/13\/comidas-e-bebidas-artesanais-na-casa-calma-de-maria-joao\/\"},\"wordCount\":137,\"image\":{\"@id\":\"https:\/\/portaltela.pt\/noticias\/2026\/03\/13\/comidas-e-bebidas-artesanais-na-casa-calma-de-maria-joao\/#primaryimage\"},\"thumbnailUrl\":\"https:\/\/portaltela.pt\/s.01k8rhncp4jt1\/2026\/03\/image-864.jpg\",\"keywords\":[\"alimenta\u00e7\u00e3o\",\"artesanato\",\"Centro Hist\u00f3rico\",\"comida\",\"gastronomia\",\"Viana do Castelo\"],\"articleSection\":[\"Not\u00edcias\"],\"inLanguage\":\"pt-PT\"},{\"@type\":\"WebPage\",\"@id\":\"https:\/\/portaltela.pt\/noticias\/2026\/03\/13\/comidas-e-bebidas-artesanais-na-casa-calma-de-maria-joao\/\",\"url\":\"https:\/\/portaltela.pt\/noticias\/2026\/03\/13\/comidas-e-bebidas-artesanais-na-casa-calma-de-maria-joao\/\",\"name\":\"Comidas e bebidas artesanais na casa calma de Maria Jo\u00e3o - Portal Tela Portugal\",\"isPartOf\":{\"@id\":\"https:\/\/portaltela.pt\/#website\"},\"primaryImageOfPage\":{\"@id\":\"https:\/\/portaltela.pt\/noticias\/2026\/03\/13\/comidas-e-bebidas-artesanais-na-casa-calma-de-maria-joao\/#primaryimage\"},\"image\":{\"@id\":\"https:\/\/portaltela.pt\/noticias\/2026\/03\/13\/comidas-e-bebidas-artesanais-na-casa-calma-de-maria-joao\/#primaryimage\"},\"thumbnailUrl\":\"https:\/\/portaltela.pt\/s.01k8rhncp4jt1\/2026\/03\/image-864.jpg\",\"datePublished\":\"2026-03-13T13:12:00+00:00\",\"author\":{\"@id\":\"https:\/\/portaltela.pt\/#\/schema\/person\/c4278d4a6028830caff9ee44b42d32ed\"},\"breadcrumb\":{\"@id\":\"https:\/\/portaltela.pt\/noticias\/2026\/03\/13\/comidas-e-bebidas-artesanais-na-casa-calma-de-maria-joao\/#breadcrumb\"},\"inLanguage\":\"pt-PT\",\"potentialAction\":[{\"@type\":\"ReadAction\",\"target\":[\"https:\/\/portaltela.pt\/noticias\/2026\/03\/13\/comidas-e-bebidas-artesanais-na-casa-calma-de-maria-joao\/\"]}]},{\"@type\":\"ImageObject\",\"inLanguage\":\"pt-PT\",\"@id\":\"https:\/\/portaltela.pt\/noticias\/2026\/03\/13\/comidas-e-bebidas-artesanais-na-casa-calma-de-maria-joao\/#primaryimage\",\"url\":\"https:\/\/portaltela.pt\/s.01k8rhncp4jt1\/2026\/03\/image-864.jpg\",\"contentUrl\":\"https:\/\/portaltela.pt\/s.01k8rhncp4jt1\/2026\/03\/image-864.jpg\",\"width\":796,\"height\":448,\"caption\":\"Calmaria, em Viana do Castelo\"},{\"@type\":\"BreadcrumbList\",\"@id\":\"https:\/\/portaltela.pt\/noticias\/2026\/03\/13\/comidas-e-bebidas-artesanais-na-casa-calma-de-maria-joao\/#breadcrumb\",\"itemListElement\":[{\"@type\":\"ListItem\",\"position\":1,\"name\":\"In\u00edcio\",\"item\":\"https:\/\/portaltela.pt\/\"},{\"@type\":\"ListItem\",\"position\":2,\"name\":\"Comidas e bebidas artesanais na casa calma de Maria Jo\u00e3o\"}]},{\"@type\":\"WebSite\",\"@id\":\"https:\/\/portaltela.pt\/#website\",\"url\":\"https:\/\/portaltela.pt\/\",\"name\":\"Portal Tela Portugal\",\"description\":\"\",\"potentialAction\":[{\"@type\":\"SearchAction\",\"target\":{\"@type\":\"EntryPoint\",\"urlTemplate\":\"https:\/\/portaltela.pt\/?s={search_term_string}\"},\"query-input\":{\"@type\":\"PropertyValueSpecification\",\"valueRequired\":true,\"valueName\":\"search_term_string\"}}],\"inLanguage\":\"pt-PT\"},{\"@type\":\"Person\",\"@id\":\"https:\/\/portaltela.pt\/#\/schema\/person\/c4278d4a6028830caff9ee44b42d32ed\",\"name\":\"Telinha\",\"image\":{\"@type\":\"ImageObject\",\"inLanguage\":\"pt-PT\",\"@id\":\"https:\/\/portaltela.pt\/s.01k8rhncp4jt1\/2025\/11\/talking-bot-125x125.png\",\"url\":\"https:\/\/portaltela.pt\/s.01k8rhncp4jt1\/2025\/11\/talking-bot-125x125.png\",\"contentUrl\":\"https:\/\/portaltela.pt\/s.01k8rhncp4jt1\/2025\/11\/talking-bot-125x125.png\",\"caption\":\"Telinha\"},\"sameAs\":[\"https:\/\/portaltela.pt\/\"],\"url\":\"https:\/\/portaltela.pt\/por\/367410592786\/\"}]}<\/script>\n<!-- \/ Yoast SEO plugin. -->","yoast_head_json":{"title":"Comidas e bebidas artesanais na casa calma de Maria Jo\u00e3o - Portal Tela Portugal","robots":{"index":"index","follow":"follow","max-snippet":"max-snippet:-1","max-image-preview":"max-image-preview:large","max-video-preview":"max-video-preview:-1"},"og_locale":"pt_PT","og_type":"article","og_title":"Comidas e bebidas artesanais na casa calma de Maria Jo\u00e3o - Portal Tela Portugal","og_description":"Maria Jo\u00e3o Bacelar, de 44 anos, regressou a Viana do Castelo, terra natal, ap\u00f3s anos a viver no Porto. Na cidade, tornou-se dona de um espa\u00e7o dedicado \u00e0 comida e bebida artesanais. O estabelecimento fica no cora\u00e7\u00e3o de Viana do Castelo e \u00e9 apresentado como tranquilizador e acolhedor. A ideia surgiu na altura em que decidiu ter o filho, combinando a maternidade com o sonho de abrir o espa\u00e7o. A proposta visa transmitir serenidade e oferecer op\u00e7\u00f5es artesanais que encantem o paladar dos visitantes.","og_url":"https:\/\/portaltela.pt\/noticias\/2026\/03\/13\/comidas-e-bebidas-artesanais-na-casa-calma-de-maria-joao\/","og_site_name":"Portal Tela Portugal","article_published_time":"2026-03-13T13:12:00+00:00","author":"Telinha","twitter_card":"summary_large_image","twitter_misc":{"Escrito por":"Telinha","Tempo estimado de leitura":"1 minuto"},"schema":{"@context":"https:\/\/schema.org","@graph":[{"@type":"Article","@id":"https:\/\/portaltela.pt\/noticias\/2026\/03\/13\/comidas-e-bebidas-artesanais-na-casa-calma-de-maria-joao\/#article","isPartOf":{"@id":"https:\/\/portaltela.pt\/noticias\/2026\/03\/13\/comidas-e-bebidas-artesanais-na-casa-calma-de-maria-joao\/"},"author":{"name":"Telinha","@id":"https:\/\/portaltela.pt\/#\/schema\/person\/c4278d4a6028830caff9ee44b42d32ed"},"headline":"Comidas e bebidas artesanais na casa calma de Maria Jo\u00e3o","datePublished":"2026-03-13T13:12:00+00:00","mainEntityOfPage":{"@id":"https:\/\/portaltela.pt\/noticias\/2026\/03\/13\/comidas-e-bebidas-artesanais-na-casa-calma-de-maria-joao\/"},"wordCount":137,"image":{"@id":"https:\/\/portaltela.pt\/noticias\/2026\/03\/13\/comidas-e-bebidas-artesanais-na-casa-calma-de-maria-joao\/#primaryimage"},"thumbnailUrl":"https:\/\/portaltela.pt\/s.01k8rhncp4jt1\/2026\/03\/image-864.jpg","keywords":["alimenta\u00e7\u00e3o","artesanato","Centro Hist\u00f3rico","comida","gastronomia","Viana do Castelo"],"articleSection":["Not\u00edcias"],"inLanguage":"pt-PT"},{"@type":"WebPage","@id":"https:\/\/portaltela.pt\/noticias\/2026\/03\/13\/comidas-e-bebidas-artesanais-na-casa-calma-de-maria-joao\/","url":"https:\/\/portaltela.pt\/noticias\/2026\/03\/13\/comidas-e-bebidas-artesanais-na-casa-calma-de-maria-joao\/","name":"Comidas e bebidas artesanais na casa calma de Maria Jo\u00e3o - Portal Tela Portugal","isPartOf":{"@id":"https:\/\/portaltela.pt\/#website"},"primaryImageOfPage":{"@id":"https:\/\/portaltela.pt\/noticias\/2026\/03\/13\/comidas-e-bebidas-artesanais-na-casa-calma-de-maria-joao\/#primaryimage"},"image":{"@id":"https:\/\/portaltela.pt\/noticias\/2026\/03\/13\/comidas-e-bebidas-artesanais-na-casa-calma-de-maria-joao\/#primaryimage"},"thumbnailUrl":"https:\/\/portaltela.pt\/s.01k8rhncp4jt1\/2026\/03\/image-864.jpg","datePublished":"2026-03-13T13:12:00+00:00","author":{"@id":"https:\/\/portaltela.pt\/#\/schema\/person\/c4278d4a6028830caff9ee44b42d32ed"},"breadcrumb":{"@id":"https:\/\/portaltela.pt\/noticias\/2026\/03\/13\/comidas-e-bebidas-artesanais-na-casa-calma-de-maria-joao\/#breadcrumb"},"inLanguage":"pt-PT","potentialAction":[{"@type":"ReadAction","target":["https:\/\/portaltela.pt\/noticias\/2026\/03\/13\/comidas-e-bebidas-artesanais-na-casa-calma-de-maria-joao\/"]}]},{"@type":"ImageObject","inLanguage":"pt-PT","@id":"https:\/\/portaltela.pt\/noticias\/2026\/03\/13\/comidas-e-bebidas-artesanais-na-casa-calma-de-maria-joao\/#primaryimage","url":"https:\/\/portaltela.pt\/s.01k8rhncp4jt1\/2026\/03\/image-864.jpg","contentUrl":"https:\/\/portaltela.pt\/s.01k8rhncp4jt1\/2026\/03\/image-864.jpg","width":796,"height":448,"caption":"Calmaria, em Viana do Castelo"},{"@type":"BreadcrumbList","@id":"https:\/\/portaltela.pt\/noticias\/2026\/03\/13\/comidas-e-bebidas-artesanais-na-casa-calma-de-maria-joao\/#breadcrumb","itemListElement":[{"@type":"ListItem","position":1,"name":"In\u00edcio","item":"https:\/\/portaltela.pt\/"},{"@type":"ListItem","position":2,"name":"Comidas e bebidas artesanais na casa calma de Maria Jo\u00e3o"}]},{"@type":"WebSite","@id":"https:\/\/portaltela.pt\/#website","url":"https:\/\/portaltela.pt\/","name":"Portal Tela Portugal","description":"","potentialAction":[{"@type":"SearchAction","target":{"@type":"EntryPoint","urlTemplate":"https:\/\/portaltela.pt\/?s={search_term_string}"},"query-input":{"@type":"PropertyValueSpecification","valueRequired":true,"valueName":"search_term_string"}}],"inLanguage":"pt-PT"},{"@type":"Person","@id":"https:\/\/portaltela.pt\/#\/schema\/person\/c4278d4a6028830caff9ee44b42d32ed","name":"Telinha","image":{"@type":"ImageObject","inLanguage":"pt-PT","@id":"https:\/\/portaltela.pt\/s.01k8rhncp4jt1\/2025\/11\/talking-bot-125x125.png","url":"https:\/\/portaltela.pt\/s.01k8rhncp4jt1\/2025\/11\/talking-bot-125x125.png","contentUrl":"https:\/\/portaltela.pt\/s.01k8rhncp4jt1\/2025\/11\/talking-bot-125x125.png","caption":"Telinha"},"sameAs":["https:\/\/portaltela.pt\/"],"url":"https:\/\/portaltela.pt\/por\/367410592786\/"}]}},"_links":{"self":[{"href":"https:\/\/portaltela.pt\/api\/wp\/v2\/posts\/408771","targetHints":{"allow":["GET"]}}],"collection":[{"href":"https:\/\/portaltela.pt\/api\/wp\/v2\/posts"}],"about":[{"href":"https:\/\/portaltela.pt\/api\/wp\/v2\/types\/post"}],"author":[{"embeddable":true,"href":"https:\/\/portaltela.pt\/api\/wp\/v2\/users\/2"}],"replies":[{"embeddable":true,"href":"https:\/\/portaltela.pt\/api\/wp\/v2\/comments?post=408771"}],"version-history":[{"count":0,"href":"https:\/\/portaltela.pt\/api\/wp\/v2\/posts\/408771\/revisions"}],"wp:featuredmedia":[{"embeddable":true,"href":"https:\/\/portaltela.pt\/api\/wp\/v2\/media\/408774"}],"wp:attachment":[{"href":"https:\/\/portaltela.pt\/api\/wp\/v2\/media?parent=408771"}],"wp:term":[{"taxonomy":"category","embeddable":true,"href":"https:\/\/portaltela.pt\/api\/wp\/v2\/categories?post=408771"},{"taxonomy":"post_tag","embeddable":true,"href":"https:\/\/portaltela.pt\/api\/wp\/v2\/tags?post=408771"}],"curies":[{"name":"wp","href":"https:\/\/api.w.org\/{rel}","templated":true}]}}