{"id":408768,"date":"2026-03-11T21:00:00","date_gmt":"2026-03-12T00:00:00","guid":{"rendered":"https:\/\/portaltela.pt\/noticias\/2026\/03\/11\/ccdr-centro-nega-atrasos-nos-apoios-a-reconstrucao-apos-tempestades\/"},"modified":"2026-03-11T21:00:00","modified_gmt":"2026-03-12T00:00:00","slug":"ccdr-centro-nega-atrasos-nos-apoios-a-reconstrucao-apos-tempestades","status":"publish","type":"post","link":"https:\/\/portaltela.pt\/noticias\/2026\/03\/11\/ccdr-centro-nega-atrasos-nos-apoios-a-reconstrucao-apos-tempestades\/","title":{"rendered":"CCDR Centro nega atrasos nos apoios \u00e0 reconstru\u00e7\u00e3o ap\u00f3s tempestades"},"content":{"rendered":"<p>O presidente da CCDR Centro, Ribau Esteves, afirmou que o pagamento dos apoios \u00e0s v\u00edtimas das tempestades na regi\u00e3o decorre sem atrasos, assegurando a implementa\u00e7\u00e3o normal do processo. A declara\u00e7\u00e3o foi feita na quinta-feira, 12 de mar\u00e7o.<\/p>\n<p>Apesar de reconhecer dificuldades t\u00e9cnicas no terreno, Esteves anunciou a cria\u00e7\u00e3o de uma plataforma de transpar\u00eancia com atualiza\u00e7\u00f5es semanais para acompanhar o progresso dos pagamentos, visando celeridade e efici\u00eancia.<\/p>\n<p>A tempestade Kristin causou danos consider\u00e1veis no Centro de Portugal, levando a entidades locais e ao Governo a coordenarem o apoio \u00e0 reconstru\u00e7\u00e3o e \u00e0 recupera\u00e7\u00e3o. A CCDR Centro gere a coordena\u00e7\u00e3o das medidas.<\/p>\n<p>O governante refor\u00e7ou que a prioridade \u00e9 chegar aos benefici\u00e1rios mais necessitados e afirmou que o processo \u00e9 transparente e respons\u00e1vel. A plataforma de acompanhamento dever\u00e1 ficar dispon\u00edvel em breve.<\/p>\n<p>A regi\u00e3o continua em processo de recupera\u00e7\u00e3o, com esfor\u00e7os de v\u00e1rias entidades para acelerar a reconstru\u00e7\u00e3o e o apoio \u00e0s v\u00edtimas.<\/p>\n","protected":false},"excerpt":{"rendered":"<ul>\n<li>O presidente da Comiss\u00e3o de Coordena\u00e7\u00e3o e Desenvolvimento Regional (CCDR) do Centro, Ribau Esteves, negou atrasos nos apoios \u00e0s v\u00edtimas das tempestades e garantiu que o pagamento est\u00e1 a decorrer normalmente.<\/li>\n<li>Admitiu dificuldades de t\u00e9cnicos no terreno, mas anunciou uma nova plataforma de transpar\u00eancia com atualiza\u00e7\u00f5es semanais para acompanhar o progresso dos pagamentos.<\/li>\n<li>A tempestade Kristin causou danos significativos na regi\u00e3o Centro de Portugal, justificando o apoio financeiro para reconstru\u00e7\u00e3o.<\/li>\n<li>A CCDR Centro est\u00e1 a coordenar os esfor\u00e7os em parceria com entidades locais e o Governo, priorizando que os apoios cheguem a quem mais precisa.<\/li>\n<li>A nova plataforma de acompanhamento dever\u00e1 ficar dispon\u00edvel em breve, permitindo aos benefici\u00e1rios verificar o estado do pedido e do pagamento.<\/li>\n<\/ul>\n","protected":false},"author":2,"featured_media":408770,"comment_status":"closed","ping_status":"closed","sticky":false,"template":"","format":"standard","meta":{"footnotes":""},"categories":[1],"tags":[4818,5215,5387,320,5031,4650],"class_list":["post-408768","post","type-post","status-publish","format-standard","has-post-thumbnail","hentry","category-noticias","tag-apoio-as-catastrofes-naturais","tag-catastrofes-naturais","tag-ccdr-centro","tag-protecao-civil","tag-reconstrucao-urbana","tag-regiao-centro"],"yoast_head":"<!-- This site is optimized with the Yoast SEO plugin v27.2 - https:\/\/yoast.com\/product\/yoast-seo-wordpress\/ -->\n<title>CCDR Centro nega atrasos nos apoios \u00e0 reconstru\u00e7\u00e3o ap\u00f3s tempestades - Portal Tela Portugal<\/title>\n<meta name=\"robots\" content=\"index, follow, max-snippet:-1, max-image-preview:large, max-video-preview:-1\" \/>\n<meta property=\"og:locale\" content=\"pt_PT\" \/>\n<meta property=\"og:type\" content=\"article\" \/>\n<meta property=\"og:title\" content=\"CCDR Centro nega atrasos nos apoios \u00e0 reconstru\u00e7\u00e3o ap\u00f3s tempestades - Portal Tela Portugal\" \/>\n<meta property=\"og:description\" content=\"O presidente da Comiss\u00e3o de Coordena\u00e7\u00e3o e Desenvolvimento Regional (CCDR) do Centro, Ribau Esteves, negou atrasos nos apoios \u00e0s v\u00edtimas das tempestades e garantiu que o pagamento est\u00e1 a decorrer normalmente. Admitiu dificuldades de t\u00e9cnicos no terreno, mas anunciou uma nova plataforma de transpar\u00eancia com atualiza\u00e7\u00f5es semanais para acompanhar o progresso dos pagamentos. A tempestade Kristin causou danos significativos na regi\u00e3o Centro de Portugal, justificando o apoio financeiro para reconstru\u00e7\u00e3o. A CCDR Centro est\u00e1 a coordenar os esfor\u00e7os em parceria com entidades locais e o Governo, priorizando que os apoios cheguem a quem mais precisa. A nova plataforma de acompanhamento dever\u00e1 ficar dispon\u00edvel em breve, permitindo aos benefici\u00e1rios verificar o estado do pedido e do pagamento.\" \/>\n<meta property=\"og:url\" content=\"https:\/\/portaltela.pt\/noticias\/2026\/03\/11\/ccdr-centro-nega-atrasos-nos-apoios-a-reconstrucao-apos-tempestades\/\" \/>\n<meta property=\"og:site_name\" content=\"Portal Tela Portugal\" \/>\n<meta property=\"article:published_time\" content=\"2026-03-12T00:00:00+00:00\" \/>\n<meta name=\"author\" content=\"Telinha\" \/>\n<meta name=\"twitter:card\" content=\"summary_large_image\" \/>\n<meta name=\"twitter:label1\" content=\"Escrito por\" \/>\n\t<meta name=\"twitter:data1\" content=\"Telinha\" \/>\n\t<meta name=\"twitter:label2\" content=\"Tempo estimado de leitura\" \/>\n\t<meta name=\"twitter:data2\" content=\"1 minuto\" \/>\n<script type=\"application\/ld+json\" class=\"yoast-schema-graph\">{\"@context\":\"https:\/\/schema.org\",\"@graph\":[{\"@type\":\"Article\",\"@id\":\"https:\/\/portaltela.pt\/noticias\/2026\/03\/11\/ccdr-centro-nega-atrasos-nos-apoios-a-reconstrucao-apos-tempestades\/#article\",\"isPartOf\":{\"@id\":\"https:\/\/portaltela.pt\/noticias\/2026\/03\/11\/ccdr-centro-nega-atrasos-nos-apoios-a-reconstrucao-apos-tempestades\/\"},\"author\":{\"name\":\"Telinha\",\"@id\":\"https:\/\/portaltela.pt\/#\/schema\/person\/c4278d4a6028830caff9ee44b42d32ed\"},\"headline\":\"CCDR Centro nega atrasos nos apoios \u00e0 reconstru\u00e7\u00e3o ap\u00f3s tempestades\",\"datePublished\":\"2026-03-12T00:00:00+00:00\",\"mainEntityOfPage\":{\"@id\":\"https:\/\/portaltela.pt\/noticias\/2026\/03\/11\/ccdr-centro-nega-atrasos-nos-apoios-a-reconstrucao-apos-tempestades\/\"},\"wordCount\":181,\"image\":{\"@id\":\"https:\/\/portaltela.pt\/noticias\/2026\/03\/11\/ccdr-centro-nega-atrasos-nos-apoios-a-reconstrucao-apos-tempestades\/#primaryimage\"},\"thumbnailUrl\":\"https:\/\/portaltela.pt\/s.01k8rhncp4jt1\/2026\/03\/dn2F2025-01-092F94hww1fh2FRibau-esteves.jpg\",\"keywords\":[\"Apoio \u00e0s Cat\u00e1strofes Naturais\",\"cat\u00e1strofes naturais\",\"CCDR Centro\",\"prote\u00e7\u00e3o civil\",\"reconstru\u00e7\u00e3o urbana\",\"Regi\u00e3o Centro\"],\"articleSection\":[\"Not\u00edcias\"],\"inLanguage\":\"pt-PT\"},{\"@type\":\"WebPage\",\"@id\":\"https:\/\/portaltela.pt\/noticias\/2026\/03\/11\/ccdr-centro-nega-atrasos-nos-apoios-a-reconstrucao-apos-tempestades\/\",\"url\":\"https:\/\/portaltela.pt\/noticias\/2026\/03\/11\/ccdr-centro-nega-atrasos-nos-apoios-a-reconstrucao-apos-tempestades\/\",\"name\":\"CCDR Centro nega atrasos nos apoios \u00e0 reconstru\u00e7\u00e3o ap\u00f3s tempestades - Portal Tela Portugal\",\"isPartOf\":{\"@id\":\"https:\/\/portaltela.pt\/#website\"},\"primaryImageOfPage\":{\"@id\":\"https:\/\/portaltela.pt\/noticias\/2026\/03\/11\/ccdr-centro-nega-atrasos-nos-apoios-a-reconstrucao-apos-tempestades\/#primaryimage\"},\"image\":{\"@id\":\"https:\/\/portaltela.pt\/noticias\/2026\/03\/11\/ccdr-centro-nega-atrasos-nos-apoios-a-reconstrucao-apos-tempestades\/#primaryimage\"},\"thumbnailUrl\":\"https:\/\/portaltela.pt\/s.01k8rhncp4jt1\/2026\/03\/dn2F2025-01-092F94hww1fh2FRibau-esteves.jpg\",\"datePublished\":\"2026-03-12T00:00:00+00:00\",\"author\":{\"@id\":\"https:\/\/portaltela.pt\/#\/schema\/person\/c4278d4a6028830caff9ee44b42d32ed\"},\"breadcrumb\":{\"@id\":\"https:\/\/portaltela.pt\/noticias\/2026\/03\/11\/ccdr-centro-nega-atrasos-nos-apoios-a-reconstrucao-apos-tempestades\/#breadcrumb\"},\"inLanguage\":\"pt-PT\",\"potentialAction\":[{\"@type\":\"ReadAction\",\"target\":[\"https:\/\/portaltela.pt\/noticias\/2026\/03\/11\/ccdr-centro-nega-atrasos-nos-apoios-a-reconstrucao-apos-tempestades\/\"]}]},{\"@type\":\"ImageObject\",\"inLanguage\":\"pt-PT\",\"@id\":\"https:\/\/portaltela.pt\/noticias\/2026\/03\/11\/ccdr-centro-nega-atrasos-nos-apoios-a-reconstrucao-apos-tempestades\/#primaryimage\",\"url\":\"https:\/\/portaltela.pt\/s.01k8rhncp4jt1\/2026\/03\/dn2F2025-01-092F94hww1fh2FRibau-esteves.jpg\",\"contentUrl\":\"https:\/\/portaltela.pt\/s.01k8rhncp4jt1\/2026\/03\/dn2F2025-01-092F94hww1fh2FRibau-esteves.jpg\",\"width\":1200,\"height\":799,\"caption\":\"Ribau Esteves, presidente da CCDR Centro\"},{\"@type\":\"BreadcrumbList\",\"@id\":\"https:\/\/portaltela.pt\/noticias\/2026\/03\/11\/ccdr-centro-nega-atrasos-nos-apoios-a-reconstrucao-apos-tempestades\/#breadcrumb\",\"itemListElement\":[{\"@type\":\"ListItem\",\"position\":1,\"name\":\"In\u00edcio\",\"item\":\"https:\/\/portaltela.pt\/\"},{\"@type\":\"ListItem\",\"position\":2,\"name\":\"CCDR Centro nega atrasos nos apoios \u00e0 reconstru\u00e7\u00e3o ap\u00f3s tempestades\"}]},{\"@type\":\"WebSite\",\"@id\":\"https:\/\/portaltela.pt\/#website\",\"url\":\"https:\/\/portaltela.pt\/\",\"name\":\"Portal Tela Portugal\",\"description\":\"\",\"potentialAction\":[{\"@type\":\"SearchAction\",\"target\":{\"@type\":\"EntryPoint\",\"urlTemplate\":\"https:\/\/portaltela.pt\/?s={search_term_string}\"},\"query-input\":{\"@type\":\"PropertyValueSpecification\",\"valueRequired\":true,\"valueName\":\"search_term_string\"}}],\"inLanguage\":\"pt-PT\"},{\"@type\":\"Person\",\"@id\":\"https:\/\/portaltela.pt\/#\/schema\/person\/c4278d4a6028830caff9ee44b42d32ed\",\"name\":\"Telinha\",\"image\":{\"@type\":\"ImageObject\",\"inLanguage\":\"pt-PT\",\"@id\":\"https:\/\/portaltela.pt\/s.01k8rhncp4jt1\/2025\/11\/talking-bot-125x125.png\",\"url\":\"https:\/\/portaltela.pt\/s.01k8rhncp4jt1\/2025\/11\/talking-bot-125x125.png\",\"contentUrl\":\"https:\/\/portaltela.pt\/s.01k8rhncp4jt1\/2025\/11\/talking-bot-125x125.png\",\"caption\":\"Telinha\"},\"sameAs\":[\"https:\/\/portaltela.pt\/\"],\"url\":\"https:\/\/portaltela.pt\/por\/367410592786\/\"}]}<\/script>\n<!-- \/ Yoast SEO plugin. -->","yoast_head_json":{"title":"CCDR Centro nega atrasos nos apoios \u00e0 reconstru\u00e7\u00e3o ap\u00f3s tempestades - Portal Tela Portugal","robots":{"index":"index","follow":"follow","max-snippet":"max-snippet:-1","max-image-preview":"max-image-preview:large","max-video-preview":"max-video-preview:-1"},"og_locale":"pt_PT","og_type":"article","og_title":"CCDR Centro nega atrasos nos apoios \u00e0 reconstru\u00e7\u00e3o ap\u00f3s tempestades - Portal Tela Portugal","og_description":"O presidente da Comiss\u00e3o de Coordena\u00e7\u00e3o e Desenvolvimento Regional (CCDR) do Centro, Ribau Esteves, negou atrasos nos apoios \u00e0s v\u00edtimas das tempestades e garantiu que o pagamento est\u00e1 a decorrer normalmente. Admitiu dificuldades de t\u00e9cnicos no terreno, mas anunciou uma nova plataforma de transpar\u00eancia com atualiza\u00e7\u00f5es semanais para acompanhar o progresso dos pagamentos. A tempestade Kristin causou danos significativos na regi\u00e3o Centro de Portugal, justificando o apoio financeiro para reconstru\u00e7\u00e3o. A CCDR Centro est\u00e1 a coordenar os esfor\u00e7os em parceria com entidades locais e o Governo, priorizando que os apoios cheguem a quem mais precisa. A nova plataforma de acompanhamento dever\u00e1 ficar dispon\u00edvel em breve, permitindo aos benefici\u00e1rios verificar o estado do pedido e do pagamento.","og_url":"https:\/\/portaltela.pt\/noticias\/2026\/03\/11\/ccdr-centro-nega-atrasos-nos-apoios-a-reconstrucao-apos-tempestades\/","og_site_name":"Portal Tela Portugal","article_published_time":"2026-03-12T00:00:00+00:00","author":"Telinha","twitter_card":"summary_large_image","twitter_misc":{"Escrito por":"Telinha","Tempo estimado de leitura":"1 minuto"},"schema":{"@context":"https:\/\/schema.org","@graph":[{"@type":"Article","@id":"https:\/\/portaltela.pt\/noticias\/2026\/03\/11\/ccdr-centro-nega-atrasos-nos-apoios-a-reconstrucao-apos-tempestades\/#article","isPartOf":{"@id":"https:\/\/portaltela.pt\/noticias\/2026\/03\/11\/ccdr-centro-nega-atrasos-nos-apoios-a-reconstrucao-apos-tempestades\/"},"author":{"name":"Telinha","@id":"https:\/\/portaltela.pt\/#\/schema\/person\/c4278d4a6028830caff9ee44b42d32ed"},"headline":"CCDR Centro nega atrasos nos apoios \u00e0 reconstru\u00e7\u00e3o ap\u00f3s tempestades","datePublished":"2026-03-12T00:00:00+00:00","mainEntityOfPage":{"@id":"https:\/\/portaltela.pt\/noticias\/2026\/03\/11\/ccdr-centro-nega-atrasos-nos-apoios-a-reconstrucao-apos-tempestades\/"},"wordCount":181,"image":{"@id":"https:\/\/portaltela.pt\/noticias\/2026\/03\/11\/ccdr-centro-nega-atrasos-nos-apoios-a-reconstrucao-apos-tempestades\/#primaryimage"},"thumbnailUrl":"https:\/\/portaltela.pt\/s.01k8rhncp4jt1\/2026\/03\/dn2F2025-01-092F94hww1fh2FRibau-esteves.jpg","keywords":["Apoio \u00e0s Cat\u00e1strofes Naturais","cat\u00e1strofes naturais","CCDR Centro","prote\u00e7\u00e3o civil","reconstru\u00e7\u00e3o urbana","Regi\u00e3o Centro"],"articleSection":["Not\u00edcias"],"inLanguage":"pt-PT"},{"@type":"WebPage","@id":"https:\/\/portaltela.pt\/noticias\/2026\/03\/11\/ccdr-centro-nega-atrasos-nos-apoios-a-reconstrucao-apos-tempestades\/","url":"https:\/\/portaltela.pt\/noticias\/2026\/03\/11\/ccdr-centro-nega-atrasos-nos-apoios-a-reconstrucao-apos-tempestades\/","name":"CCDR Centro nega atrasos nos apoios \u00e0 reconstru\u00e7\u00e3o ap\u00f3s tempestades - Portal Tela Portugal","isPartOf":{"@id":"https:\/\/portaltela.pt\/#website"},"primaryImageOfPage":{"@id":"https:\/\/portaltela.pt\/noticias\/2026\/03\/11\/ccdr-centro-nega-atrasos-nos-apoios-a-reconstrucao-apos-tempestades\/#primaryimage"},"image":{"@id":"https:\/\/portaltela.pt\/noticias\/2026\/03\/11\/ccdr-centro-nega-atrasos-nos-apoios-a-reconstrucao-apos-tempestades\/#primaryimage"},"thumbnailUrl":"https:\/\/portaltela.pt\/s.01k8rhncp4jt1\/2026\/03\/dn2F2025-01-092F94hww1fh2FRibau-esteves.jpg","datePublished":"2026-03-12T00:00:00+00:00","author":{"@id":"https:\/\/portaltela.pt\/#\/schema\/person\/c4278d4a6028830caff9ee44b42d32ed"},"breadcrumb":{"@id":"https:\/\/portaltela.pt\/noticias\/2026\/03\/11\/ccdr-centro-nega-atrasos-nos-apoios-a-reconstrucao-apos-tempestades\/#breadcrumb"},"inLanguage":"pt-PT","potentialAction":[{"@type":"ReadAction","target":["https:\/\/portaltela.pt\/noticias\/2026\/03\/11\/ccdr-centro-nega-atrasos-nos-apoios-a-reconstrucao-apos-tempestades\/"]}]},{"@type":"ImageObject","inLanguage":"pt-PT","@id":"https:\/\/portaltela.pt\/noticias\/2026\/03\/11\/ccdr-centro-nega-atrasos-nos-apoios-a-reconstrucao-apos-tempestades\/#primaryimage","url":"https:\/\/portaltela.pt\/s.01k8rhncp4jt1\/2026\/03\/dn2F2025-01-092F94hww1fh2FRibau-esteves.jpg","contentUrl":"https:\/\/portaltela.pt\/s.01k8rhncp4jt1\/2026\/03\/dn2F2025-01-092F94hww1fh2FRibau-esteves.jpg","width":1200,"height":799,"caption":"Ribau Esteves, presidente da CCDR Centro"},{"@type":"BreadcrumbList","@id":"https:\/\/portaltela.pt\/noticias\/2026\/03\/11\/ccdr-centro-nega-atrasos-nos-apoios-a-reconstrucao-apos-tempestades\/#breadcrumb","itemListElement":[{"@type":"ListItem","position":1,"name":"In\u00edcio","item":"https:\/\/portaltela.pt\/"},{"@type":"ListItem","position":2,"name":"CCDR Centro nega atrasos nos apoios \u00e0 reconstru\u00e7\u00e3o ap\u00f3s tempestades"}]},{"@type":"WebSite","@id":"https:\/\/portaltela.pt\/#website","url":"https:\/\/portaltela.pt\/","name":"Portal Tela Portugal","description":"","potentialAction":[{"@type":"SearchAction","target":{"@type":"EntryPoint","urlTemplate":"https:\/\/portaltela.pt\/?s={search_term_string}"},"query-input":{"@type":"PropertyValueSpecification","valueRequired":true,"valueName":"search_term_string"}}],"inLanguage":"pt-PT"},{"@type":"Person","@id":"https:\/\/portaltela.pt\/#\/schema\/person\/c4278d4a6028830caff9ee44b42d32ed","name":"Telinha","image":{"@type":"ImageObject","inLanguage":"pt-PT","@id":"https:\/\/portaltela.pt\/s.01k8rhncp4jt1\/2025\/11\/talking-bot-125x125.png","url":"https:\/\/portaltela.pt\/s.01k8rhncp4jt1\/2025\/11\/talking-bot-125x125.png","contentUrl":"https:\/\/portaltela.pt\/s.01k8rhncp4jt1\/2025\/11\/talking-bot-125x125.png","caption":"Telinha"},"sameAs":["https:\/\/portaltela.pt\/"],"url":"https:\/\/portaltela.pt\/por\/367410592786\/"}]}},"_links":{"self":[{"href":"https:\/\/portaltela.pt\/api\/wp\/v2\/posts\/408768","targetHints":{"allow":["GET"]}}],"collection":[{"href":"https:\/\/portaltela.pt\/api\/wp\/v2\/posts"}],"about":[{"href":"https:\/\/portaltela.pt\/api\/wp\/v2\/types\/post"}],"author":[{"embeddable":true,"href":"https:\/\/portaltela.pt\/api\/wp\/v2\/users\/2"}],"replies":[{"embeddable":true,"href":"https:\/\/portaltela.pt\/api\/wp\/v2\/comments?post=408768"}],"version-history":[{"count":0,"href":"https:\/\/portaltela.pt\/api\/wp\/v2\/posts\/408768\/revisions"}],"wp:featuredmedia":[{"embeddable":true,"href":"https:\/\/portaltela.pt\/api\/wp\/v2\/media\/408770"}],"wp:attachment":[{"href":"https:\/\/portaltela.pt\/api\/wp\/v2\/media?parent=408768"}],"wp:term":[{"taxonomy":"category","embeddable":true,"href":"https:\/\/portaltela.pt\/api\/wp\/v2\/categories?post=408768"},{"taxonomy":"post_tag","embeddable":true,"href":"https:\/\/portaltela.pt\/api\/wp\/v2\/tags?post=408768"}],"curies":[{"name":"wp","href":"https:\/\/api.w.org\/{rel}","templated":true}]}}