{"id":408756,"date":"2026-03-13T09:54:37","date_gmt":"2026-03-13T12:54:37","guid":{"rendered":"https:\/\/portaltela.pt\/noticias\/2026\/03\/13\/pode-enfrentar-prisao-por-apedrejar-e-morder-dois-policias-em-matosinhos\/"},"modified":"2026-03-13T09:54:37","modified_gmt":"2026-03-13T12:54:37","slug":"pode-enfrentar-prisao-por-apedrejar-e-morder-dois-policias-em-matosinhos","status":"publish","type":"post","link":"https:\/\/portaltela.pt\/noticias\/2026\/03\/13\/pode-enfrentar-prisao-por-apedrejar-e-morder-dois-policias-em-matosinhos\/","title":{"rendered":"Pode enfrentar pris\u00e3o por apedrejar e morder dois pol\u00edcias em Matosinhos"},"content":{"rendered":"<p>Um homem iniciou esta semana o julgamento no tribunal de Matosinhos por crimes contra a integridade f\u00edsica de dois agentes da Pol\u00edcia Municipal. A acusa\u00e7\u00e3o aponta agress\u00f5es durante uma interven\u00e7\u00e3o na rua.<\/p>\n<p>Segundo o processo, os factos ocorreram no final de 2023. Os agentes autuaram a viatura do agressor por estacionamento irregular, quando este chegou ao local e proferiu insultos antes de arrancar com o ve\u00edculo.<\/p>\n<p>Relata-se que, momentos depois, o arguido travou o ve\u00edculo e agrediu os pol\u00edcias. Um foi mordido numa m\u00e3o, o outro recebeu impactos com pedras da cal\u00e7ada, tendo ambos necessitado de atendimento hospitalar.<\/p>\n<p>Entretanto, o presidente do Sindicato Nacional das Pol\u00edcias Municipais, Pedro Oliveira, explicou que o patroc\u00ednio jur\u00eddico das v\u00edtimas decorre de uma rela\u00e7\u00e3o com o sindicato, visto que a C\u00e2mara de Matosinhos n\u00e3o assumiu esse apoio. A defesa aguarda o desfecho do processo.<\/p>\n","protected":false},"excerpt":{"rendered":"<ul>\n<li>Um homem est\u00e1 a ser julgado no tribunal de Matosinhos por ofensas \u00e0 integridade f\u00edsica qualificadas contra dois agentes da Pol\u00edcia Municipal, podendo enfrentar cadeia efetiva.<\/li>\n<li>Os factos remontam ao final de 2023, durante uma autua\u00e7\u00e3o por mau estacionamento.<\/li>\n<li>O arguido arrancou com a viatura ap\u00f3s insultos aos agentes e atacou-os, tendo um sido mordido numa m\u00e3o e o outro atingido com pedras da cal\u00e7ada.<\/li>\n<li>Ambos os agentes receberam tratamento hospitalar.<\/li>\n<li>O patroc\u00ednio jur\u00eddico \u00e0s v\u00edtimas \u00e9 feito pelo Sindicato Nacional das Pol\u00edcias Municipais, sediado por Pedro Oliveira, que afirma que a c\u00e2mara de Matosinhos n\u00e3o os apoiou.<\/li>\n<\/ul>\n","protected":false},"author":2,"featured_media":408760,"comment_status":"closed","ping_status":"closed","sticky":false,"template":"","format":"standard","meta":{"footnotes":""},"categories":[6815,1],"tags":[2754,2079,147,4116,1709],"class_list":["post-408756","post","type-post","status-publish","format-standard","has-post-thumbnail","hentry","category-justica","category-noticias","tag-agressao","tag-agressoes","tag-crime","tag-crime-de-agressao","tag-matosinhos"],"yoast_head":"<!-- This site is optimized with the Yoast SEO plugin v27.2 - https:\/\/yoast.com\/product\/yoast-seo-wordpress\/ -->\n<title>Pode enfrentar pris\u00e3o por apedrejar e morder dois pol\u00edcias em Matosinhos - Portal Tela Portugal<\/title>\n<meta name=\"robots\" content=\"index, follow, max-snippet:-1, max-image-preview:large, max-video-preview:-1\" \/>\n<meta property=\"og:locale\" content=\"pt_PT\" \/>\n<meta property=\"og:type\" content=\"article\" \/>\n<meta property=\"og:title\" content=\"Pode enfrentar pris\u00e3o por apedrejar e morder dois pol\u00edcias em Matosinhos - Portal Tela Portugal\" \/>\n<meta property=\"og:description\" content=\"Um homem est\u00e1 a ser julgado no tribunal de Matosinhos por ofensas \u00e0 integridade f\u00edsica qualificadas contra dois agentes da Pol\u00edcia Municipal, podendo enfrentar cadeia efetiva. Os factos remontam ao final de 2023, durante uma autua\u00e7\u00e3o por mau estacionamento. O arguido arrancou com a viatura ap\u00f3s insultos aos agentes e atacou-os, tendo um sido mordido numa m\u00e3o e o outro atingido com pedras da cal\u00e7ada. Ambos os agentes receberam tratamento hospitalar. O patroc\u00ednio jur\u00eddico \u00e0s v\u00edtimas \u00e9 feito pelo Sindicato Nacional das Pol\u00edcias Municipais, sediado por Pedro Oliveira, que afirma que a c\u00e2mara de Matosinhos n\u00e3o os apoiou.\" \/>\n<meta property=\"og:url\" content=\"https:\/\/portaltela.pt\/noticias\/2026\/03\/13\/pode-enfrentar-prisao-por-apedrejar-e-morder-dois-policias-em-matosinhos\/\" \/>\n<meta property=\"og:site_name\" content=\"Portal Tela Portugal\" \/>\n<meta property=\"article:published_time\" content=\"2026-03-13T12:54:37+00:00\" \/>\n<meta name=\"author\" content=\"Telinha\" \/>\n<meta name=\"twitter:card\" content=\"summary_large_image\" \/>\n<meta name=\"twitter:label1\" content=\"Escrito por\" \/>\n\t<meta name=\"twitter:data1\" content=\"Telinha\" \/>\n\t<meta name=\"twitter:label2\" content=\"Tempo estimado de leitura\" \/>\n\t<meta name=\"twitter:data2\" content=\"1 minuto\" \/>\n<script type=\"application\/ld+json\" class=\"yoast-schema-graph\">{\"@context\":\"https:\/\/schema.org\",\"@graph\":[{\"@type\":\"Article\",\"@id\":\"https:\/\/portaltela.pt\/noticias\/2026\/03\/13\/pode-enfrentar-prisao-por-apedrejar-e-morder-dois-policias-em-matosinhos\/#article\",\"isPartOf\":{\"@id\":\"https:\/\/portaltela.pt\/noticias\/2026\/03\/13\/pode-enfrentar-prisao-por-apedrejar-e-morder-dois-policias-em-matosinhos\/\"},\"author\":{\"name\":\"Telinha\",\"@id\":\"https:\/\/portaltela.pt\/#\/schema\/person\/c4278d4a6028830caff9ee44b42d32ed\"},\"headline\":\"Pode enfrentar pris\u00e3o por apedrejar e morder dois pol\u00edcias em Matosinhos\",\"datePublished\":\"2026-03-13T12:54:37+00:00\",\"mainEntityOfPage\":{\"@id\":\"https:\/\/portaltela.pt\/noticias\/2026\/03\/13\/pode-enfrentar-prisao-por-apedrejar-e-morder-dois-policias-em-matosinhos\/\"},\"wordCount\":169,\"image\":{\"@id\":\"https:\/\/portaltela.pt\/noticias\/2026\/03\/13\/pode-enfrentar-prisao-por-apedrejar-e-morder-dois-policias-em-matosinhos\/#primaryimage\"},\"thumbnailUrl\":\"https:\/\/portaltela.pt\/s.01k8rhncp4jt1\/2026\/03\/img_1280x721uu2026-03-13-12-03-36-2272101.jpg\",\"keywords\":[\"agress\u00e3o\",\"agress\u00f5es\",\"crime\",\"crime de agress\u00e3o\",\"Matosinhos\"],\"articleSection\":[\"Justi\u00e7a\",\"Not\u00edcias\"],\"inLanguage\":\"pt-PT\"},{\"@type\":\"WebPage\",\"@id\":\"https:\/\/portaltela.pt\/noticias\/2026\/03\/13\/pode-enfrentar-prisao-por-apedrejar-e-morder-dois-policias-em-matosinhos\/\",\"url\":\"https:\/\/portaltela.pt\/noticias\/2026\/03\/13\/pode-enfrentar-prisao-por-apedrejar-e-morder-dois-policias-em-matosinhos\/\",\"name\":\"Pode enfrentar pris\u00e3o por apedrejar e morder dois pol\u00edcias em Matosinhos - Portal Tela Portugal\",\"isPartOf\":{\"@id\":\"https:\/\/portaltela.pt\/#website\"},\"primaryImageOfPage\":{\"@id\":\"https:\/\/portaltela.pt\/noticias\/2026\/03\/13\/pode-enfrentar-prisao-por-apedrejar-e-morder-dois-policias-em-matosinhos\/#primaryimage\"},\"image\":{\"@id\":\"https:\/\/portaltela.pt\/noticias\/2026\/03\/13\/pode-enfrentar-prisao-por-apedrejar-e-morder-dois-policias-em-matosinhos\/#primaryimage\"},\"thumbnailUrl\":\"https:\/\/portaltela.pt\/s.01k8rhncp4jt1\/2026\/03\/img_1280x721uu2026-03-13-12-03-36-2272101.jpg\",\"datePublished\":\"2026-03-13T12:54:37+00:00\",\"author\":{\"@id\":\"https:\/\/portaltela.pt\/#\/schema\/person\/c4278d4a6028830caff9ee44b42d32ed\"},\"breadcrumb\":{\"@id\":\"https:\/\/portaltela.pt\/noticias\/2026\/03\/13\/pode-enfrentar-prisao-por-apedrejar-e-morder-dois-policias-em-matosinhos\/#breadcrumb\"},\"inLanguage\":\"pt-PT\",\"potentialAction\":[{\"@type\":\"ReadAction\",\"target\":[\"https:\/\/portaltela.pt\/noticias\/2026\/03\/13\/pode-enfrentar-prisao-por-apedrejar-e-morder-dois-policias-em-matosinhos\/\"]}]},{\"@type\":\"ImageObject\",\"inLanguage\":\"pt-PT\",\"@id\":\"https:\/\/portaltela.pt\/noticias\/2026\/03\/13\/pode-enfrentar-prisao-por-apedrejar-e-morder-dois-policias-em-matosinhos\/#primaryimage\",\"url\":\"https:\/\/portaltela.pt\/s.01k8rhncp4jt1\/2026\/03\/img_1280x721uu2026-03-13-12-03-36-2272101.jpg\",\"contentUrl\":\"https:\/\/portaltela.pt\/s.01k8rhncp4jt1\/2026\/03\/img_1280x721uu2026-03-13-12-03-36-2272101.jpg\",\"width\":796,\"height\":448,\"caption\":\"Estado em que ficou a m\u00e3o do Pol\u00edcia Municipal que foi mordido\"},{\"@type\":\"BreadcrumbList\",\"@id\":\"https:\/\/portaltela.pt\/noticias\/2026\/03\/13\/pode-enfrentar-prisao-por-apedrejar-e-morder-dois-policias-em-matosinhos\/#breadcrumb\",\"itemListElement\":[{\"@type\":\"ListItem\",\"position\":1,\"name\":\"In\u00edcio\",\"item\":\"https:\/\/portaltela.pt\/\"},{\"@type\":\"ListItem\",\"position\":2,\"name\":\"Pode enfrentar pris\u00e3o por apedrejar e morder dois pol\u00edcias em Matosinhos\"}]},{\"@type\":\"WebSite\",\"@id\":\"https:\/\/portaltela.pt\/#website\",\"url\":\"https:\/\/portaltela.pt\/\",\"name\":\"Portal Tela Portugal\",\"description\":\"\",\"potentialAction\":[{\"@type\":\"SearchAction\",\"target\":{\"@type\":\"EntryPoint\",\"urlTemplate\":\"https:\/\/portaltela.pt\/?s={search_term_string}\"},\"query-input\":{\"@type\":\"PropertyValueSpecification\",\"valueRequired\":true,\"valueName\":\"search_term_string\"}}],\"inLanguage\":\"pt-PT\"},{\"@type\":\"Person\",\"@id\":\"https:\/\/portaltela.pt\/#\/schema\/person\/c4278d4a6028830caff9ee44b42d32ed\",\"name\":\"Telinha\",\"image\":{\"@type\":\"ImageObject\",\"inLanguage\":\"pt-PT\",\"@id\":\"https:\/\/portaltela.pt\/s.01k8rhncp4jt1\/2025\/11\/talking-bot-125x125.png\",\"url\":\"https:\/\/portaltela.pt\/s.01k8rhncp4jt1\/2025\/11\/talking-bot-125x125.png\",\"contentUrl\":\"https:\/\/portaltela.pt\/s.01k8rhncp4jt1\/2025\/11\/talking-bot-125x125.png\",\"caption\":\"Telinha\"},\"sameAs\":[\"https:\/\/portaltela.pt\/\"],\"url\":\"https:\/\/portaltela.pt\/por\/367410592786\/\"}]}<\/script>\n<!-- \/ Yoast SEO plugin. -->","yoast_head_json":{"title":"Pode enfrentar pris\u00e3o por apedrejar e morder dois pol\u00edcias em Matosinhos - Portal Tela Portugal","robots":{"index":"index","follow":"follow","max-snippet":"max-snippet:-1","max-image-preview":"max-image-preview:large","max-video-preview":"max-video-preview:-1"},"og_locale":"pt_PT","og_type":"article","og_title":"Pode enfrentar pris\u00e3o por apedrejar e morder dois pol\u00edcias em Matosinhos - Portal Tela Portugal","og_description":"Um homem est\u00e1 a ser julgado no tribunal de Matosinhos por ofensas \u00e0 integridade f\u00edsica qualificadas contra dois agentes da Pol\u00edcia Municipal, podendo enfrentar cadeia efetiva. Os factos remontam ao final de 2023, durante uma autua\u00e7\u00e3o por mau estacionamento. O arguido arrancou com a viatura ap\u00f3s insultos aos agentes e atacou-os, tendo um sido mordido numa m\u00e3o e o outro atingido com pedras da cal\u00e7ada. Ambos os agentes receberam tratamento hospitalar. O patroc\u00ednio jur\u00eddico \u00e0s v\u00edtimas \u00e9 feito pelo Sindicato Nacional das Pol\u00edcias Municipais, sediado por Pedro Oliveira, que afirma que a c\u00e2mara de Matosinhos n\u00e3o os apoiou.","og_url":"https:\/\/portaltela.pt\/noticias\/2026\/03\/13\/pode-enfrentar-prisao-por-apedrejar-e-morder-dois-policias-em-matosinhos\/","og_site_name":"Portal Tela Portugal","article_published_time":"2026-03-13T12:54:37+00:00","author":"Telinha","twitter_card":"summary_large_image","twitter_misc":{"Escrito por":"Telinha","Tempo estimado de leitura":"1 minuto"},"schema":{"@context":"https:\/\/schema.org","@graph":[{"@type":"Article","@id":"https:\/\/portaltela.pt\/noticias\/2026\/03\/13\/pode-enfrentar-prisao-por-apedrejar-e-morder-dois-policias-em-matosinhos\/#article","isPartOf":{"@id":"https:\/\/portaltela.pt\/noticias\/2026\/03\/13\/pode-enfrentar-prisao-por-apedrejar-e-morder-dois-policias-em-matosinhos\/"},"author":{"name":"Telinha","@id":"https:\/\/portaltela.pt\/#\/schema\/person\/c4278d4a6028830caff9ee44b42d32ed"},"headline":"Pode enfrentar pris\u00e3o por apedrejar e morder dois pol\u00edcias em Matosinhos","datePublished":"2026-03-13T12:54:37+00:00","mainEntityOfPage":{"@id":"https:\/\/portaltela.pt\/noticias\/2026\/03\/13\/pode-enfrentar-prisao-por-apedrejar-e-morder-dois-policias-em-matosinhos\/"},"wordCount":169,"image":{"@id":"https:\/\/portaltela.pt\/noticias\/2026\/03\/13\/pode-enfrentar-prisao-por-apedrejar-e-morder-dois-policias-em-matosinhos\/#primaryimage"},"thumbnailUrl":"https:\/\/portaltela.pt\/s.01k8rhncp4jt1\/2026\/03\/img_1280x721uu2026-03-13-12-03-36-2272101.jpg","keywords":["agress\u00e3o","agress\u00f5es","crime","crime de agress\u00e3o","Matosinhos"],"articleSection":["Justi\u00e7a","Not\u00edcias"],"inLanguage":"pt-PT"},{"@type":"WebPage","@id":"https:\/\/portaltela.pt\/noticias\/2026\/03\/13\/pode-enfrentar-prisao-por-apedrejar-e-morder-dois-policias-em-matosinhos\/","url":"https:\/\/portaltela.pt\/noticias\/2026\/03\/13\/pode-enfrentar-prisao-por-apedrejar-e-morder-dois-policias-em-matosinhos\/","name":"Pode enfrentar pris\u00e3o por apedrejar e morder dois pol\u00edcias em Matosinhos - Portal Tela Portugal","isPartOf":{"@id":"https:\/\/portaltela.pt\/#website"},"primaryImageOfPage":{"@id":"https:\/\/portaltela.pt\/noticias\/2026\/03\/13\/pode-enfrentar-prisao-por-apedrejar-e-morder-dois-policias-em-matosinhos\/#primaryimage"},"image":{"@id":"https:\/\/portaltela.pt\/noticias\/2026\/03\/13\/pode-enfrentar-prisao-por-apedrejar-e-morder-dois-policias-em-matosinhos\/#primaryimage"},"thumbnailUrl":"https:\/\/portaltela.pt\/s.01k8rhncp4jt1\/2026\/03\/img_1280x721uu2026-03-13-12-03-36-2272101.jpg","datePublished":"2026-03-13T12:54:37+00:00","author":{"@id":"https:\/\/portaltela.pt\/#\/schema\/person\/c4278d4a6028830caff9ee44b42d32ed"},"breadcrumb":{"@id":"https:\/\/portaltela.pt\/noticias\/2026\/03\/13\/pode-enfrentar-prisao-por-apedrejar-e-morder-dois-policias-em-matosinhos\/#breadcrumb"},"inLanguage":"pt-PT","potentialAction":[{"@type":"ReadAction","target":["https:\/\/portaltela.pt\/noticias\/2026\/03\/13\/pode-enfrentar-prisao-por-apedrejar-e-morder-dois-policias-em-matosinhos\/"]}]},{"@type":"ImageObject","inLanguage":"pt-PT","@id":"https:\/\/portaltela.pt\/noticias\/2026\/03\/13\/pode-enfrentar-prisao-por-apedrejar-e-morder-dois-policias-em-matosinhos\/#primaryimage","url":"https:\/\/portaltela.pt\/s.01k8rhncp4jt1\/2026\/03\/img_1280x721uu2026-03-13-12-03-36-2272101.jpg","contentUrl":"https:\/\/portaltela.pt\/s.01k8rhncp4jt1\/2026\/03\/img_1280x721uu2026-03-13-12-03-36-2272101.jpg","width":796,"height":448,"caption":"Estado em que ficou a m\u00e3o do Pol\u00edcia Municipal que foi mordido"},{"@type":"BreadcrumbList","@id":"https:\/\/portaltela.pt\/noticias\/2026\/03\/13\/pode-enfrentar-prisao-por-apedrejar-e-morder-dois-policias-em-matosinhos\/#breadcrumb","itemListElement":[{"@type":"ListItem","position":1,"name":"In\u00edcio","item":"https:\/\/portaltela.pt\/"},{"@type":"ListItem","position":2,"name":"Pode enfrentar pris\u00e3o por apedrejar e morder dois pol\u00edcias em Matosinhos"}]},{"@type":"WebSite","@id":"https:\/\/portaltela.pt\/#website","url":"https:\/\/portaltela.pt\/","name":"Portal Tela Portugal","description":"","potentialAction":[{"@type":"SearchAction","target":{"@type":"EntryPoint","urlTemplate":"https:\/\/portaltela.pt\/?s={search_term_string}"},"query-input":{"@type":"PropertyValueSpecification","valueRequired":true,"valueName":"search_term_string"}}],"inLanguage":"pt-PT"},{"@type":"Person","@id":"https:\/\/portaltela.pt\/#\/schema\/person\/c4278d4a6028830caff9ee44b42d32ed","name":"Telinha","image":{"@type":"ImageObject","inLanguage":"pt-PT","@id":"https:\/\/portaltela.pt\/s.01k8rhncp4jt1\/2025\/11\/talking-bot-125x125.png","url":"https:\/\/portaltela.pt\/s.01k8rhncp4jt1\/2025\/11\/talking-bot-125x125.png","contentUrl":"https:\/\/portaltela.pt\/s.01k8rhncp4jt1\/2025\/11\/talking-bot-125x125.png","caption":"Telinha"},"sameAs":["https:\/\/portaltela.pt\/"],"url":"https:\/\/portaltela.pt\/por\/367410592786\/"}]}},"_links":{"self":[{"href":"https:\/\/portaltela.pt\/api\/wp\/v2\/posts\/408756","targetHints":{"allow":["GET"]}}],"collection":[{"href":"https:\/\/portaltela.pt\/api\/wp\/v2\/posts"}],"about":[{"href":"https:\/\/portaltela.pt\/api\/wp\/v2\/types\/post"}],"author":[{"embeddable":true,"href":"https:\/\/portaltela.pt\/api\/wp\/v2\/users\/2"}],"replies":[{"embeddable":true,"href":"https:\/\/portaltela.pt\/api\/wp\/v2\/comments?post=408756"}],"version-history":[{"count":0,"href":"https:\/\/portaltela.pt\/api\/wp\/v2\/posts\/408756\/revisions"}],"wp:featuredmedia":[{"embeddable":true,"href":"https:\/\/portaltela.pt\/api\/wp\/v2\/media\/408760"}],"wp:attachment":[{"href":"https:\/\/portaltela.pt\/api\/wp\/v2\/media?parent=408756"}],"wp:term":[{"taxonomy":"category","embeddable":true,"href":"https:\/\/portaltela.pt\/api\/wp\/v2\/categories?post=408756"},{"taxonomy":"post_tag","embeddable":true,"href":"https:\/\/portaltela.pt\/api\/wp\/v2\/tags?post=408756"}],"curies":[{"name":"wp","href":"https:\/\/api.w.org\/{rel}","templated":true}]}}