{"id":408740,"date":"2026-03-13T09:40:04","date_gmt":"2026-03-13T12:40:04","guid":{"rendered":"https:\/\/portaltela.pt\/noticias\/2026\/03\/13\/rapaz-de-16-anos-em-prisao-por-aterrorizar-estudantes-no-barreiro\/"},"modified":"2026-03-13T09:40:04","modified_gmt":"2026-03-13T12:40:04","slug":"rapaz-de-16-anos-em-prisao-por-aterrorizar-estudantes-no-barreiro","status":"publish","type":"post","link":"https:\/\/portaltela.pt\/noticias\/2026\/03\/13\/rapaz-de-16-anos-em-prisao-por-aterrorizar-estudantes-no-barreiro\/","title":{"rendered":"Rapaz de 16 anos em pris\u00e3o por aterrorizar estudantes no Barreiro"},"content":{"rendered":"<p>Um jovem de 16 anos foi detido pela PSP do Barreiro por ind\u00edcios de perten\u00e7a a um grupo que realizou quatro crimes de roubo contra estudantes na Moita, entre 5 de janeiro e 24 de fevereiro.<\/p>\n<p>Segundo a pol\u00edcia, as v\u00edtimas eram maiores de idade? N\u00e3o, eram estudantes, em frente a escolas. As a\u00e7\u00f5es inclu\u00edam amea\u00e7as f\u00edsicas e, em alguns casos, o uso de facas para tirar pertences pessoais, incluindo telem\u00f3veis.<\/p>\n<p>O menor \u00e9 ainda apontado como autor de um roubo a um estabelecimento comercial, com recurso a arma, cometido aos 15 anos, na altura de que agrediu um agente da PSP que o tentou intercetar.<\/p>\n<p>Presente a tribunal, o jovem ficou em pris\u00e3o preventiva.<\/p>\n","protected":false},"excerpt":{"rendered":"<ul>\n<li>Um jovem de dezasseis anos foi detido pela PSP do Barreiro, ligado a um grupo que cometeu quatro crimes de roubo contra estudantes na Moita entre 5 de janeiro e 24 de fevereiro.<\/li>\n<li>As v\u00edtimas eram, na maioria, menores, e os alegados roubos ocorreram junto a escolas, com utiliza\u00e7\u00e3o de amea\u00e7as f\u00edsicas e facas para levar telem\u00f3veis e outros bens.<\/li>\n<li>Tr\u00eas dos roubos est\u00e3o qualificados pelo Minist\u00e9rio P\u00fablico; o gang era identificado pela PSP como respons\u00e1vel pelos crimes contra estudantes.<\/li>\n<li>O mesmo jovem \u00e9 tamb\u00e9m apontado como autor de um roubo com recurso a arma a um estabelecimento comercial, quando tinha quinze anos, durante o qual ter\u00e1 agredido um agente da PSP que o tentou intercetar.<\/li>\n<li>Em tribunal, o jovem ficou em pris\u00e3o preventiva.<\/li>\n<\/ul>\n","protected":false},"author":2,"featured_media":408742,"comment_status":"closed","ping_status":"closed","sticky":false,"template":"","format":"standard","meta":{"footnotes":""},"categories":[6907,1],"tags":[1056,6056,3569,1381,203,6315],"class_list":["post-408740","post","type-post","status-publish","format-standard","has-post-thumbnail","hentry","category-crime","category-noticias","tag-barreiro","tag-menores","tag-moita","tag-psp","tag-roubo","tag-roubos"],"yoast_head":"<!-- This site is optimized with the Yoast SEO plugin v27.2 - https:\/\/yoast.com\/product\/yoast-seo-wordpress\/ -->\n<title>Rapaz de 16 anos em pris\u00e3o por aterrorizar estudantes no Barreiro - Portal Tela Portugal<\/title>\n<meta name=\"robots\" content=\"index, follow, max-snippet:-1, max-image-preview:large, max-video-preview:-1\" \/>\n<meta property=\"og:locale\" content=\"pt_PT\" \/>\n<meta property=\"og:type\" content=\"article\" \/>\n<meta property=\"og:title\" content=\"Rapaz de 16 anos em pris\u00e3o por aterrorizar estudantes no Barreiro - Portal Tela Portugal\" \/>\n<meta property=\"og:description\" content=\"Um jovem de dezasseis anos foi detido pela PSP do Barreiro, ligado a um grupo que cometeu quatro crimes de roubo contra estudantes na Moita entre 5 de janeiro e 24 de fevereiro. As v\u00edtimas eram, na maioria, menores, e os alegados roubos ocorreram junto a escolas, com utiliza\u00e7\u00e3o de amea\u00e7as f\u00edsicas e facas para levar telem\u00f3veis e outros bens. Tr\u00eas dos roubos est\u00e3o qualificados pelo Minist\u00e9rio P\u00fablico; o gang era identificado pela PSP como respons\u00e1vel pelos crimes contra estudantes. O mesmo jovem \u00e9 tamb\u00e9m apontado como autor de um roubo com recurso a arma a um estabelecimento comercial, quando tinha quinze anos, durante o qual ter\u00e1 agredido um agente da PSP que o tentou intercetar. Em tribunal, o jovem ficou em pris\u00e3o preventiva.\" \/>\n<meta property=\"og:url\" content=\"https:\/\/portaltela.pt\/noticias\/2026\/03\/13\/rapaz-de-16-anos-em-prisao-por-aterrorizar-estudantes-no-barreiro\/\" \/>\n<meta property=\"og:site_name\" content=\"Portal Tela Portugal\" \/>\n<meta property=\"article:published_time\" content=\"2026-03-13T12:40:04+00:00\" \/>\n<meta name=\"author\" content=\"Telinha\" \/>\n<meta name=\"twitter:card\" content=\"summary_large_image\" \/>\n<meta name=\"twitter:label1\" content=\"Escrito por\" \/>\n\t<meta name=\"twitter:data1\" content=\"Telinha\" \/>\n\t<meta name=\"twitter:label2\" content=\"Tempo estimado de leitura\" \/>\n\t<meta name=\"twitter:data2\" content=\"1 minuto\" \/>\n<script type=\"application\/ld+json\" class=\"yoast-schema-graph\">{\"@context\":\"https:\/\/schema.org\",\"@graph\":[{\"@type\":\"Article\",\"@id\":\"https:\/\/portaltela.pt\/noticias\/2026\/03\/13\/rapaz-de-16-anos-em-prisao-por-aterrorizar-estudantes-no-barreiro\/#article\",\"isPartOf\":{\"@id\":\"https:\/\/portaltela.pt\/noticias\/2026\/03\/13\/rapaz-de-16-anos-em-prisao-por-aterrorizar-estudantes-no-barreiro\/\"},\"author\":{\"name\":\"Telinha\",\"@id\":\"https:\/\/portaltela.pt\/#\/schema\/person\/c4278d4a6028830caff9ee44b42d32ed\"},\"headline\":\"Rapaz de 16 anos em pris\u00e3o por aterrorizar estudantes no Barreiro\",\"datePublished\":\"2026-03-13T12:40:04+00:00\",\"mainEntityOfPage\":{\"@id\":\"https:\/\/portaltela.pt\/noticias\/2026\/03\/13\/rapaz-de-16-anos-em-prisao-por-aterrorizar-estudantes-no-barreiro\/\"},\"wordCount\":132,\"image\":{\"@id\":\"https:\/\/portaltela.pt\/noticias\/2026\/03\/13\/rapaz-de-16-anos-em-prisao-por-aterrorizar-estudantes-no-barreiro\/#primaryimage\"},\"thumbnailUrl\":\"https:\/\/portaltela.pt\/s.01k8rhncp4jt1\/2026\/03\/img_1500x1000uu2024-06-21-21-43-28-1686313-im-639090014790359250.jpg\",\"keywords\":[\"Barreiro\",\"menores\",\"Moita\",\"PSP\",\"roubo\",\"roubos\"],\"articleSection\":[\"Crime\",\"Not\u00edcias\"],\"inLanguage\":\"pt-PT\"},{\"@type\":\"WebPage\",\"@id\":\"https:\/\/portaltela.pt\/noticias\/2026\/03\/13\/rapaz-de-16-anos-em-prisao-por-aterrorizar-estudantes-no-barreiro\/\",\"url\":\"https:\/\/portaltela.pt\/noticias\/2026\/03\/13\/rapaz-de-16-anos-em-prisao-por-aterrorizar-estudantes-no-barreiro\/\",\"name\":\"Rapaz de 16 anos em pris\u00e3o por aterrorizar estudantes no Barreiro - Portal Tela Portugal\",\"isPartOf\":{\"@id\":\"https:\/\/portaltela.pt\/#website\"},\"primaryImageOfPage\":{\"@id\":\"https:\/\/portaltela.pt\/noticias\/2026\/03\/13\/rapaz-de-16-anos-em-prisao-por-aterrorizar-estudantes-no-barreiro\/#primaryimage\"},\"image\":{\"@id\":\"https:\/\/portaltela.pt\/noticias\/2026\/03\/13\/rapaz-de-16-anos-em-prisao-por-aterrorizar-estudantes-no-barreiro\/#primaryimage\"},\"thumbnailUrl\":\"https:\/\/portaltela.pt\/s.01k8rhncp4jt1\/2026\/03\/img_1500x1000uu2024-06-21-21-43-28-1686313-im-639090014790359250.jpg\",\"datePublished\":\"2026-03-13T12:40:04+00:00\",\"author\":{\"@id\":\"https:\/\/portaltela.pt\/#\/schema\/person\/c4278d4a6028830caff9ee44b42d32ed\"},\"breadcrumb\":{\"@id\":\"https:\/\/portaltela.pt\/noticias\/2026\/03\/13\/rapaz-de-16-anos-em-prisao-por-aterrorizar-estudantes-no-barreiro\/#breadcrumb\"},\"inLanguage\":\"pt-PT\",\"potentialAction\":[{\"@type\":\"ReadAction\",\"target\":[\"https:\/\/portaltela.pt\/noticias\/2026\/03\/13\/rapaz-de-16-anos-em-prisao-por-aterrorizar-estudantes-no-barreiro\/\"]}]},{\"@type\":\"ImageObject\",\"inLanguage\":\"pt-PT\",\"@id\":\"https:\/\/portaltela.pt\/noticias\/2026\/03\/13\/rapaz-de-16-anos-em-prisao-por-aterrorizar-estudantes-no-barreiro\/#primaryimage\",\"url\":\"https:\/\/portaltela.pt\/s.01k8rhncp4jt1\/2026\/03\/img_1500x1000uu2024-06-21-21-43-28-1686313-im-639090014790359250.jpg\",\"contentUrl\":\"https:\/\/portaltela.pt\/s.01k8rhncp4jt1\/2026\/03\/img_1500x1000uu2024-06-21-21-43-28-1686313-im-639090014790359250.jpg\",\"width\":796,\"height\":448,\"caption\":\"Jovem detido atuava em grupo nos assaltos. H\u00e1 registo de uso de faca nos crimes.\"},{\"@type\":\"BreadcrumbList\",\"@id\":\"https:\/\/portaltela.pt\/noticias\/2026\/03\/13\/rapaz-de-16-anos-em-prisao-por-aterrorizar-estudantes-no-barreiro\/#breadcrumb\",\"itemListElement\":[{\"@type\":\"ListItem\",\"position\":1,\"name\":\"In\u00edcio\",\"item\":\"https:\/\/portaltela.pt\/\"},{\"@type\":\"ListItem\",\"position\":2,\"name\":\"Rapaz de 16 anos em pris\u00e3o por aterrorizar estudantes no Barreiro\"}]},{\"@type\":\"WebSite\",\"@id\":\"https:\/\/portaltela.pt\/#website\",\"url\":\"https:\/\/portaltela.pt\/\",\"name\":\"Portal Tela Portugal\",\"description\":\"\",\"potentialAction\":[{\"@type\":\"SearchAction\",\"target\":{\"@type\":\"EntryPoint\",\"urlTemplate\":\"https:\/\/portaltela.pt\/?s={search_term_string}\"},\"query-input\":{\"@type\":\"PropertyValueSpecification\",\"valueRequired\":true,\"valueName\":\"search_term_string\"}}],\"inLanguage\":\"pt-PT\"},{\"@type\":\"Person\",\"@id\":\"https:\/\/portaltela.pt\/#\/schema\/person\/c4278d4a6028830caff9ee44b42d32ed\",\"name\":\"Telinha\",\"image\":{\"@type\":\"ImageObject\",\"inLanguage\":\"pt-PT\",\"@id\":\"https:\/\/portaltela.pt\/s.01k8rhncp4jt1\/2025\/11\/talking-bot-125x125.png\",\"url\":\"https:\/\/portaltela.pt\/s.01k8rhncp4jt1\/2025\/11\/talking-bot-125x125.png\",\"contentUrl\":\"https:\/\/portaltela.pt\/s.01k8rhncp4jt1\/2025\/11\/talking-bot-125x125.png\",\"caption\":\"Telinha\"},\"sameAs\":[\"https:\/\/portaltela.pt\/\"],\"url\":\"https:\/\/portaltela.pt\/por\/367410592786\/\"}]}<\/script>\n<!-- \/ Yoast SEO plugin. -->","yoast_head_json":{"title":"Rapaz de 16 anos em pris\u00e3o por aterrorizar estudantes no Barreiro - Portal Tela Portugal","robots":{"index":"index","follow":"follow","max-snippet":"max-snippet:-1","max-image-preview":"max-image-preview:large","max-video-preview":"max-video-preview:-1"},"og_locale":"pt_PT","og_type":"article","og_title":"Rapaz de 16 anos em pris\u00e3o por aterrorizar estudantes no Barreiro - Portal Tela Portugal","og_description":"Um jovem de dezasseis anos foi detido pela PSP do Barreiro, ligado a um grupo que cometeu quatro crimes de roubo contra estudantes na Moita entre 5 de janeiro e 24 de fevereiro. As v\u00edtimas eram, na maioria, menores, e os alegados roubos ocorreram junto a escolas, com utiliza\u00e7\u00e3o de amea\u00e7as f\u00edsicas e facas para levar telem\u00f3veis e outros bens. Tr\u00eas dos roubos est\u00e3o qualificados pelo Minist\u00e9rio P\u00fablico; o gang era identificado pela PSP como respons\u00e1vel pelos crimes contra estudantes. O mesmo jovem \u00e9 tamb\u00e9m apontado como autor de um roubo com recurso a arma a um estabelecimento comercial, quando tinha quinze anos, durante o qual ter\u00e1 agredido um agente da PSP que o tentou intercetar. Em tribunal, o jovem ficou em pris\u00e3o preventiva.","og_url":"https:\/\/portaltela.pt\/noticias\/2026\/03\/13\/rapaz-de-16-anos-em-prisao-por-aterrorizar-estudantes-no-barreiro\/","og_site_name":"Portal Tela Portugal","article_published_time":"2026-03-13T12:40:04+00:00","author":"Telinha","twitter_card":"summary_large_image","twitter_misc":{"Escrito por":"Telinha","Tempo estimado de leitura":"1 minuto"},"schema":{"@context":"https:\/\/schema.org","@graph":[{"@type":"Article","@id":"https:\/\/portaltela.pt\/noticias\/2026\/03\/13\/rapaz-de-16-anos-em-prisao-por-aterrorizar-estudantes-no-barreiro\/#article","isPartOf":{"@id":"https:\/\/portaltela.pt\/noticias\/2026\/03\/13\/rapaz-de-16-anos-em-prisao-por-aterrorizar-estudantes-no-barreiro\/"},"author":{"name":"Telinha","@id":"https:\/\/portaltela.pt\/#\/schema\/person\/c4278d4a6028830caff9ee44b42d32ed"},"headline":"Rapaz de 16 anos em pris\u00e3o por aterrorizar estudantes no Barreiro","datePublished":"2026-03-13T12:40:04+00:00","mainEntityOfPage":{"@id":"https:\/\/portaltela.pt\/noticias\/2026\/03\/13\/rapaz-de-16-anos-em-prisao-por-aterrorizar-estudantes-no-barreiro\/"},"wordCount":132,"image":{"@id":"https:\/\/portaltela.pt\/noticias\/2026\/03\/13\/rapaz-de-16-anos-em-prisao-por-aterrorizar-estudantes-no-barreiro\/#primaryimage"},"thumbnailUrl":"https:\/\/portaltela.pt\/s.01k8rhncp4jt1\/2026\/03\/img_1500x1000uu2024-06-21-21-43-28-1686313-im-639090014790359250.jpg","keywords":["Barreiro","menores","Moita","PSP","roubo","roubos"],"articleSection":["Crime","Not\u00edcias"],"inLanguage":"pt-PT"},{"@type":"WebPage","@id":"https:\/\/portaltela.pt\/noticias\/2026\/03\/13\/rapaz-de-16-anos-em-prisao-por-aterrorizar-estudantes-no-barreiro\/","url":"https:\/\/portaltela.pt\/noticias\/2026\/03\/13\/rapaz-de-16-anos-em-prisao-por-aterrorizar-estudantes-no-barreiro\/","name":"Rapaz de 16 anos em pris\u00e3o por aterrorizar estudantes no Barreiro - Portal Tela Portugal","isPartOf":{"@id":"https:\/\/portaltela.pt\/#website"},"primaryImageOfPage":{"@id":"https:\/\/portaltela.pt\/noticias\/2026\/03\/13\/rapaz-de-16-anos-em-prisao-por-aterrorizar-estudantes-no-barreiro\/#primaryimage"},"image":{"@id":"https:\/\/portaltela.pt\/noticias\/2026\/03\/13\/rapaz-de-16-anos-em-prisao-por-aterrorizar-estudantes-no-barreiro\/#primaryimage"},"thumbnailUrl":"https:\/\/portaltela.pt\/s.01k8rhncp4jt1\/2026\/03\/img_1500x1000uu2024-06-21-21-43-28-1686313-im-639090014790359250.jpg","datePublished":"2026-03-13T12:40:04+00:00","author":{"@id":"https:\/\/portaltela.pt\/#\/schema\/person\/c4278d4a6028830caff9ee44b42d32ed"},"breadcrumb":{"@id":"https:\/\/portaltela.pt\/noticias\/2026\/03\/13\/rapaz-de-16-anos-em-prisao-por-aterrorizar-estudantes-no-barreiro\/#breadcrumb"},"inLanguage":"pt-PT","potentialAction":[{"@type":"ReadAction","target":["https:\/\/portaltela.pt\/noticias\/2026\/03\/13\/rapaz-de-16-anos-em-prisao-por-aterrorizar-estudantes-no-barreiro\/"]}]},{"@type":"ImageObject","inLanguage":"pt-PT","@id":"https:\/\/portaltela.pt\/noticias\/2026\/03\/13\/rapaz-de-16-anos-em-prisao-por-aterrorizar-estudantes-no-barreiro\/#primaryimage","url":"https:\/\/portaltela.pt\/s.01k8rhncp4jt1\/2026\/03\/img_1500x1000uu2024-06-21-21-43-28-1686313-im-639090014790359250.jpg","contentUrl":"https:\/\/portaltela.pt\/s.01k8rhncp4jt1\/2026\/03\/img_1500x1000uu2024-06-21-21-43-28-1686313-im-639090014790359250.jpg","width":796,"height":448,"caption":"Jovem detido atuava em grupo nos assaltos. H\u00e1 registo de uso de faca nos crimes."},{"@type":"BreadcrumbList","@id":"https:\/\/portaltela.pt\/noticias\/2026\/03\/13\/rapaz-de-16-anos-em-prisao-por-aterrorizar-estudantes-no-barreiro\/#breadcrumb","itemListElement":[{"@type":"ListItem","position":1,"name":"In\u00edcio","item":"https:\/\/portaltela.pt\/"},{"@type":"ListItem","position":2,"name":"Rapaz de 16 anos em pris\u00e3o por aterrorizar estudantes no Barreiro"}]},{"@type":"WebSite","@id":"https:\/\/portaltela.pt\/#website","url":"https:\/\/portaltela.pt\/","name":"Portal Tela Portugal","description":"","potentialAction":[{"@type":"SearchAction","target":{"@type":"EntryPoint","urlTemplate":"https:\/\/portaltela.pt\/?s={search_term_string}"},"query-input":{"@type":"PropertyValueSpecification","valueRequired":true,"valueName":"search_term_string"}}],"inLanguage":"pt-PT"},{"@type":"Person","@id":"https:\/\/portaltela.pt\/#\/schema\/person\/c4278d4a6028830caff9ee44b42d32ed","name":"Telinha","image":{"@type":"ImageObject","inLanguage":"pt-PT","@id":"https:\/\/portaltela.pt\/s.01k8rhncp4jt1\/2025\/11\/talking-bot-125x125.png","url":"https:\/\/portaltela.pt\/s.01k8rhncp4jt1\/2025\/11\/talking-bot-125x125.png","contentUrl":"https:\/\/portaltela.pt\/s.01k8rhncp4jt1\/2025\/11\/talking-bot-125x125.png","caption":"Telinha"},"sameAs":["https:\/\/portaltela.pt\/"],"url":"https:\/\/portaltela.pt\/por\/367410592786\/"}]}},"_links":{"self":[{"href":"https:\/\/portaltela.pt\/api\/wp\/v2\/posts\/408740","targetHints":{"allow":["GET"]}}],"collection":[{"href":"https:\/\/portaltela.pt\/api\/wp\/v2\/posts"}],"about":[{"href":"https:\/\/portaltela.pt\/api\/wp\/v2\/types\/post"}],"author":[{"embeddable":true,"href":"https:\/\/portaltela.pt\/api\/wp\/v2\/users\/2"}],"replies":[{"embeddable":true,"href":"https:\/\/portaltela.pt\/api\/wp\/v2\/comments?post=408740"}],"version-history":[{"count":0,"href":"https:\/\/portaltela.pt\/api\/wp\/v2\/posts\/408740\/revisions"}],"wp:featuredmedia":[{"embeddable":true,"href":"https:\/\/portaltela.pt\/api\/wp\/v2\/media\/408742"}],"wp:attachment":[{"href":"https:\/\/portaltela.pt\/api\/wp\/v2\/media?parent=408740"}],"wp:term":[{"taxonomy":"category","embeddable":true,"href":"https:\/\/portaltela.pt\/api\/wp\/v2\/categories?post=408740"},{"taxonomy":"post_tag","embeddable":true,"href":"https:\/\/portaltela.pt\/api\/wp\/v2\/tags?post=408740"}],"curies":[{"name":"wp","href":"https:\/\/api.w.org\/{rel}","templated":true}]}}