{"id":408739,"date":"2026-03-13T09:41:18","date_gmt":"2026-03-13T12:41:18","guid":{"rendered":"https:\/\/portaltela.pt\/noticias\/2026\/03\/13\/detritos-de-drone-intercetado-provocam-incendio-em-armazem-e-danos-no-dubai\/"},"modified":"2026-03-13T09:41:18","modified_gmt":"2026-03-13T12:41:18","slug":"detritos-de-drone-intercetado-provocam-incendio-em-armazem-e-danos-no-dubai","status":"publish","type":"post","link":"https:\/\/portaltela.pt\/seguranca\/2026\/03\/13\/detritos-de-drone-intercetado-provocam-incendio-em-armazem-e-danos-no-dubai\/","title":{"rendered":"Detritos de drone intercetado provocam inc\u00eandio em armaz\u00e9m e danos no Dubai"},"content":{"rendered":"<p>O Gabinete de Imprensa de Dubai informou, nesta sexta-feira, que detritos de um drone intercetado provocaram danos num edif\u00edcio residencial e causaram um inc\u00eandio num armaz\u00e9m numa zona industrial da cidade.<\/p>\n<p>A nota oficial n\u00e3o detalha feridos nem responsabilidades no momento, limitando-se a confirmar os danos materiais ocorridos no local.<\/p>\n<p>As autoridades ainda n\u00e3o esclareceram as causas exatas do incidente nem eventuais consequ\u00eancias adicionais decorrentes do fogo no armaz\u00e9m.<\/p>\n","protected":false},"excerpt":{"rendered":"<ul>\n<li>Detritos de um drone intercetado causaram danos num edif\u00edcio residencial em Dubai.<\/li>\n<li>O incidente ocorreu numa zona industrial da cidade dos Emirados \u00c1rabes Unidos.<\/li>\n<li>Um inc\u00eandio foi provocado num armaz\u00e9m pelo same conjunto de detritos.<\/li>\n<li>A confirma\u00e7\u00e3o veio do Gabinete de Imprensa de Dubai, numa comunica\u00e7\u00e3o divulgada nesta sexta-feira.<\/li>\n<\/ul>\n","protected":false},"author":2,"featured_media":408743,"comment_status":"closed","ping_status":"closed","sticky":false,"template":"","format":"standard","meta":{"footnotes":""},"categories":[1,6779],"tags":[3765,5277,2370,1438,250,7143],"class_list":["post-408739","post","type-post","status-publish","format-standard","has-post-thumbnail","hentry","category-noticias","category-seguranca","tag-armazens","tag-danos","tag-emirados-arabes-unidos","tag-incendio","tag-seguranca-publica","tag-zona-industrial"],"yoast_head":"<!-- This site is optimized with the Yoast SEO plugin v27.2 - https:\/\/yoast.com\/product\/yoast-seo-wordpress\/ -->\n<title>Detritos de drone intercetado provocam inc\u00eandio em armaz\u00e9m e danos no Dubai - Portal Tela Portugal<\/title>\n<meta name=\"robots\" content=\"index, follow, max-snippet:-1, max-image-preview:large, max-video-preview:-1\" \/>\n<meta property=\"og:locale\" content=\"pt_PT\" \/>\n<meta property=\"og:type\" content=\"article\" \/>\n<meta property=\"og:title\" content=\"Detritos de drone intercetado provocam inc\u00eandio em armaz\u00e9m e danos no Dubai - Portal Tela Portugal\" \/>\n<meta property=\"og:description\" content=\"Detritos de um drone intercetado causaram danos num edif\u00edcio residencial em Dubai. O incidente ocorreu numa zona industrial da cidade dos Emirados \u00c1rabes Unidos. Um inc\u00eandio foi provocado num armaz\u00e9m pelo same conjunto de detritos. A confirma\u00e7\u00e3o veio do Gabinete de Imprensa de Dubai, numa comunica\u00e7\u00e3o divulgada nesta sexta-feira.\" \/>\n<meta property=\"og:url\" content=\"https:\/\/portaltela.pt\/noticias\/2026\/03\/13\/detritos-de-drone-intercetado-provocam-incendio-em-armazem-e-danos-no-dubai\/\" \/>\n<meta property=\"og:site_name\" content=\"Portal Tela Portugal\" \/>\n<meta property=\"article:published_time\" content=\"2026-03-13T12:41:18+00:00\" \/>\n<meta name=\"author\" content=\"Telinha\" \/>\n<meta name=\"twitter:card\" content=\"summary_large_image\" \/>\n<meta name=\"twitter:label1\" content=\"Escrito por\" \/>\n\t<meta name=\"twitter:data1\" content=\"Telinha\" \/>\n<script type=\"application\/ld+json\" class=\"yoast-schema-graph\">{\"@context\":\"https:\/\/schema.org\",\"@graph\":[{\"@type\":\"Article\",\"@id\":\"https:\/\/portaltela.pt\/noticias\/2026\/03\/13\/detritos-de-drone-intercetado-provocam-incendio-em-armazem-e-danos-no-dubai\/#article\",\"isPartOf\":{\"@id\":\"https:\/\/portaltela.pt\/noticias\/2026\/03\/13\/detritos-de-drone-intercetado-provocam-incendio-em-armazem-e-danos-no-dubai\/\"},\"author\":{\"name\":\"Telinha\",\"@id\":\"https:\/\/portaltela.pt\/#\/schema\/person\/c4278d4a6028830caff9ee44b42d32ed\"},\"headline\":\"Detritos de drone intercetado provocam inc\u00eandio em armaz\u00e9m e danos no Dubai\",\"datePublished\":\"2026-03-13T12:41:18+00:00\",\"mainEntityOfPage\":{\"@id\":\"https:\/\/portaltela.pt\/noticias\/2026\/03\/13\/detritos-de-drone-intercetado-provocam-incendio-em-armazem-e-danos-no-dubai\/\"},\"wordCount\":90,\"image\":{\"@id\":\"https:\/\/portaltela.pt\/noticias\/2026\/03\/13\/detritos-de-drone-intercetado-provocam-incendio-em-armazem-e-danos-no-dubai\/#primaryimage\"},\"thumbnailUrl\":\"https:\/\/portaltela.pt\/s.01k8rhncp4jt1\/2026\/03\/img_1200x721uu2026-03-13-12-39-56-2426658.jpg\",\"keywords\":[\"armaz\u00e9ns\",\"danos\",\"Emirados \u00c1rabes Unidos\",\"inc\u00eandio\",\"seguran\u00e7a p\u00fablica\",\"Zona Industrial\"],\"articleSection\":[\"Not\u00edcias\",\"Seguran\u00e7a\"],\"inLanguage\":\"pt-PT\"},{\"@type\":\"WebPage\",\"@id\":\"https:\/\/portaltela.pt\/noticias\/2026\/03\/13\/detritos-de-drone-intercetado-provocam-incendio-em-armazem-e-danos-no-dubai\/\",\"url\":\"https:\/\/portaltela.pt\/noticias\/2026\/03\/13\/detritos-de-drone-intercetado-provocam-incendio-em-armazem-e-danos-no-dubai\/\",\"name\":\"Detritos de drone intercetado provocam inc\u00eandio em armaz\u00e9m e danos no Dubai - Portal Tela Portugal\",\"isPartOf\":{\"@id\":\"https:\/\/portaltela.pt\/#website\"},\"primaryImageOfPage\":{\"@id\":\"https:\/\/portaltela.pt\/noticias\/2026\/03\/13\/detritos-de-drone-intercetado-provocam-incendio-em-armazem-e-danos-no-dubai\/#primaryimage\"},\"image\":{\"@id\":\"https:\/\/portaltela.pt\/noticias\/2026\/03\/13\/detritos-de-drone-intercetado-provocam-incendio-em-armazem-e-danos-no-dubai\/#primaryimage\"},\"thumbnailUrl\":\"https:\/\/portaltela.pt\/s.01k8rhncp4jt1\/2026\/03\/img_1200x721uu2026-03-13-12-39-56-2426658.jpg\",\"datePublished\":\"2026-03-13T12:41:18+00:00\",\"author\":{\"@id\":\"https:\/\/portaltela.pt\/#\/schema\/person\/c4278d4a6028830caff9ee44b42d32ed\"},\"breadcrumb\":{\"@id\":\"https:\/\/portaltela.pt\/noticias\/2026\/03\/13\/detritos-de-drone-intercetado-provocam-incendio-em-armazem-e-danos-no-dubai\/#breadcrumb\"},\"inLanguage\":\"pt-PT\",\"potentialAction\":[{\"@type\":\"ReadAction\",\"target\":[\"https:\/\/portaltela.pt\/noticias\/2026\/03\/13\/detritos-de-drone-intercetado-provocam-incendio-em-armazem-e-danos-no-dubai\/\"]}]},{\"@type\":\"ImageObject\",\"inLanguage\":\"pt-PT\",\"@id\":\"https:\/\/portaltela.pt\/noticias\/2026\/03\/13\/detritos-de-drone-intercetado-provocam-incendio-em-armazem-e-danos-no-dubai\/#primaryimage\",\"url\":\"https:\/\/portaltela.pt\/s.01k8rhncp4jt1\/2026\/03\/img_1200x721uu2026-03-13-12-39-56-2426658.jpg\",\"contentUrl\":\"https:\/\/portaltela.pt\/s.01k8rhncp4jt1\/2026\/03\/img_1200x721uu2026-03-13-12-39-56-2426658.jpg\",\"width\":796,\"height\":448,\"caption\":\"Instala\u00e7\u00f5es na zona industrial da cidade\"},{\"@type\":\"BreadcrumbList\",\"@id\":\"https:\/\/portaltela.pt\/noticias\/2026\/03\/13\/detritos-de-drone-intercetado-provocam-incendio-em-armazem-e-danos-no-dubai\/#breadcrumb\",\"itemListElement\":[{\"@type\":\"ListItem\",\"position\":1,\"name\":\"In\u00edcio\",\"item\":\"https:\/\/portaltela.pt\/\"},{\"@type\":\"ListItem\",\"position\":2,\"name\":\"Detritos de drone intercetado provocam inc\u00eandio em armaz\u00e9m e danos no Dubai\"}]},{\"@type\":\"WebSite\",\"@id\":\"https:\/\/portaltela.pt\/#website\",\"url\":\"https:\/\/portaltela.pt\/\",\"name\":\"Portal Tela Portugal\",\"description\":\"\",\"potentialAction\":[{\"@type\":\"SearchAction\",\"target\":{\"@type\":\"EntryPoint\",\"urlTemplate\":\"https:\/\/portaltela.pt\/?s={search_term_string}\"},\"query-input\":{\"@type\":\"PropertyValueSpecification\",\"valueRequired\":true,\"valueName\":\"search_term_string\"}}],\"inLanguage\":\"pt-PT\"},{\"@type\":\"Person\",\"@id\":\"https:\/\/portaltela.pt\/#\/schema\/person\/c4278d4a6028830caff9ee44b42d32ed\",\"name\":\"Telinha\",\"image\":{\"@type\":\"ImageObject\",\"inLanguage\":\"pt-PT\",\"@id\":\"https:\/\/portaltela.pt\/s.01k8rhncp4jt1\/2025\/11\/talking-bot-125x125.png\",\"url\":\"https:\/\/portaltela.pt\/s.01k8rhncp4jt1\/2025\/11\/talking-bot-125x125.png\",\"contentUrl\":\"https:\/\/portaltela.pt\/s.01k8rhncp4jt1\/2025\/11\/talking-bot-125x125.png\",\"caption\":\"Telinha\"},\"sameAs\":[\"https:\/\/portaltela.pt\/\"],\"url\":\"https:\/\/portaltela.pt\/por\/367410592786\/\"}]}<\/script>\n<!-- \/ Yoast SEO plugin. -->","yoast_head_json":{"title":"Detritos de drone intercetado provocam inc\u00eandio em armaz\u00e9m e danos no Dubai - Portal Tela Portugal","robots":{"index":"index","follow":"follow","max-snippet":"max-snippet:-1","max-image-preview":"max-image-preview:large","max-video-preview":"max-video-preview:-1"},"og_locale":"pt_PT","og_type":"article","og_title":"Detritos de drone intercetado provocam inc\u00eandio em armaz\u00e9m e danos no Dubai - Portal Tela Portugal","og_description":"Detritos de um drone intercetado causaram danos num edif\u00edcio residencial em Dubai. O incidente ocorreu numa zona industrial da cidade dos Emirados \u00c1rabes Unidos. Um inc\u00eandio foi provocado num armaz\u00e9m pelo same conjunto de detritos. A confirma\u00e7\u00e3o veio do Gabinete de Imprensa de Dubai, numa comunica\u00e7\u00e3o divulgada nesta sexta-feira.","og_url":"https:\/\/portaltela.pt\/noticias\/2026\/03\/13\/detritos-de-drone-intercetado-provocam-incendio-em-armazem-e-danos-no-dubai\/","og_site_name":"Portal Tela Portugal","article_published_time":"2026-03-13T12:41:18+00:00","author":"Telinha","twitter_card":"summary_large_image","twitter_misc":{"Escrito por":"Telinha"},"schema":{"@context":"https:\/\/schema.org","@graph":[{"@type":"Article","@id":"https:\/\/portaltela.pt\/noticias\/2026\/03\/13\/detritos-de-drone-intercetado-provocam-incendio-em-armazem-e-danos-no-dubai\/#article","isPartOf":{"@id":"https:\/\/portaltela.pt\/noticias\/2026\/03\/13\/detritos-de-drone-intercetado-provocam-incendio-em-armazem-e-danos-no-dubai\/"},"author":{"name":"Telinha","@id":"https:\/\/portaltela.pt\/#\/schema\/person\/c4278d4a6028830caff9ee44b42d32ed"},"headline":"Detritos de drone intercetado provocam inc\u00eandio em armaz\u00e9m e danos no Dubai","datePublished":"2026-03-13T12:41:18+00:00","mainEntityOfPage":{"@id":"https:\/\/portaltela.pt\/noticias\/2026\/03\/13\/detritos-de-drone-intercetado-provocam-incendio-em-armazem-e-danos-no-dubai\/"},"wordCount":90,"image":{"@id":"https:\/\/portaltela.pt\/noticias\/2026\/03\/13\/detritos-de-drone-intercetado-provocam-incendio-em-armazem-e-danos-no-dubai\/#primaryimage"},"thumbnailUrl":"https:\/\/portaltela.pt\/s.01k8rhncp4jt1\/2026\/03\/img_1200x721uu2026-03-13-12-39-56-2426658.jpg","keywords":["armaz\u00e9ns","danos","Emirados \u00c1rabes Unidos","inc\u00eandio","seguran\u00e7a p\u00fablica","Zona Industrial"],"articleSection":["Not\u00edcias","Seguran\u00e7a"],"inLanguage":"pt-PT"},{"@type":"WebPage","@id":"https:\/\/portaltela.pt\/noticias\/2026\/03\/13\/detritos-de-drone-intercetado-provocam-incendio-em-armazem-e-danos-no-dubai\/","url":"https:\/\/portaltela.pt\/noticias\/2026\/03\/13\/detritos-de-drone-intercetado-provocam-incendio-em-armazem-e-danos-no-dubai\/","name":"Detritos de drone intercetado provocam inc\u00eandio em armaz\u00e9m e danos no Dubai - Portal Tela Portugal","isPartOf":{"@id":"https:\/\/portaltela.pt\/#website"},"primaryImageOfPage":{"@id":"https:\/\/portaltela.pt\/noticias\/2026\/03\/13\/detritos-de-drone-intercetado-provocam-incendio-em-armazem-e-danos-no-dubai\/#primaryimage"},"image":{"@id":"https:\/\/portaltela.pt\/noticias\/2026\/03\/13\/detritos-de-drone-intercetado-provocam-incendio-em-armazem-e-danos-no-dubai\/#primaryimage"},"thumbnailUrl":"https:\/\/portaltela.pt\/s.01k8rhncp4jt1\/2026\/03\/img_1200x721uu2026-03-13-12-39-56-2426658.jpg","datePublished":"2026-03-13T12:41:18+00:00","author":{"@id":"https:\/\/portaltela.pt\/#\/schema\/person\/c4278d4a6028830caff9ee44b42d32ed"},"breadcrumb":{"@id":"https:\/\/portaltela.pt\/noticias\/2026\/03\/13\/detritos-de-drone-intercetado-provocam-incendio-em-armazem-e-danos-no-dubai\/#breadcrumb"},"inLanguage":"pt-PT","potentialAction":[{"@type":"ReadAction","target":["https:\/\/portaltela.pt\/noticias\/2026\/03\/13\/detritos-de-drone-intercetado-provocam-incendio-em-armazem-e-danos-no-dubai\/"]}]},{"@type":"ImageObject","inLanguage":"pt-PT","@id":"https:\/\/portaltela.pt\/noticias\/2026\/03\/13\/detritos-de-drone-intercetado-provocam-incendio-em-armazem-e-danos-no-dubai\/#primaryimage","url":"https:\/\/portaltela.pt\/s.01k8rhncp4jt1\/2026\/03\/img_1200x721uu2026-03-13-12-39-56-2426658.jpg","contentUrl":"https:\/\/portaltela.pt\/s.01k8rhncp4jt1\/2026\/03\/img_1200x721uu2026-03-13-12-39-56-2426658.jpg","width":796,"height":448,"caption":"Instala\u00e7\u00f5es na zona industrial da cidade"},{"@type":"BreadcrumbList","@id":"https:\/\/portaltela.pt\/noticias\/2026\/03\/13\/detritos-de-drone-intercetado-provocam-incendio-em-armazem-e-danos-no-dubai\/#breadcrumb","itemListElement":[{"@type":"ListItem","position":1,"name":"In\u00edcio","item":"https:\/\/portaltela.pt\/"},{"@type":"ListItem","position":2,"name":"Detritos de drone intercetado provocam inc\u00eandio em armaz\u00e9m e danos no Dubai"}]},{"@type":"WebSite","@id":"https:\/\/portaltela.pt\/#website","url":"https:\/\/portaltela.pt\/","name":"Portal Tela Portugal","description":"","potentialAction":[{"@type":"SearchAction","target":{"@type":"EntryPoint","urlTemplate":"https:\/\/portaltela.pt\/?s={search_term_string}"},"query-input":{"@type":"PropertyValueSpecification","valueRequired":true,"valueName":"search_term_string"}}],"inLanguage":"pt-PT"},{"@type":"Person","@id":"https:\/\/portaltela.pt\/#\/schema\/person\/c4278d4a6028830caff9ee44b42d32ed","name":"Telinha","image":{"@type":"ImageObject","inLanguage":"pt-PT","@id":"https:\/\/portaltela.pt\/s.01k8rhncp4jt1\/2025\/11\/talking-bot-125x125.png","url":"https:\/\/portaltela.pt\/s.01k8rhncp4jt1\/2025\/11\/talking-bot-125x125.png","contentUrl":"https:\/\/portaltela.pt\/s.01k8rhncp4jt1\/2025\/11\/talking-bot-125x125.png","caption":"Telinha"},"sameAs":["https:\/\/portaltela.pt\/"],"url":"https:\/\/portaltela.pt\/por\/367410592786\/"}]}},"_links":{"self":[{"href":"https:\/\/portaltela.pt\/api\/wp\/v2\/posts\/408739","targetHints":{"allow":["GET"]}}],"collection":[{"href":"https:\/\/portaltela.pt\/api\/wp\/v2\/posts"}],"about":[{"href":"https:\/\/portaltela.pt\/api\/wp\/v2\/types\/post"}],"author":[{"embeddable":true,"href":"https:\/\/portaltela.pt\/api\/wp\/v2\/users\/2"}],"replies":[{"embeddable":true,"href":"https:\/\/portaltela.pt\/api\/wp\/v2\/comments?post=408739"}],"version-history":[{"count":0,"href":"https:\/\/portaltela.pt\/api\/wp\/v2\/posts\/408739\/revisions"}],"wp:featuredmedia":[{"embeddable":true,"href":"https:\/\/portaltela.pt\/api\/wp\/v2\/media\/408743"}],"wp:attachment":[{"href":"https:\/\/portaltela.pt\/api\/wp\/v2\/media?parent=408739"}],"wp:term":[{"taxonomy":"category","embeddable":true,"href":"https:\/\/portaltela.pt\/api\/wp\/v2\/categories?post=408739"},{"taxonomy":"post_tag","embeddable":true,"href":"https:\/\/portaltela.pt\/api\/wp\/v2\/tags?post=408739"}],"curies":[{"name":"wp","href":"https:\/\/api.w.org\/{rel}","templated":true}]}}