{"id":408712,"date":"2026-03-13T09:11:00","date_gmt":"2026-03-13T12:11:00","guid":{"rendered":"https:\/\/portaltela.pt\/noticias\/2026\/03\/13\/mp-recorre-de-absolvicao-de-ama-ilegal-por-15-maus-tratos-a-criancas\/"},"modified":"2026-03-13T09:11:00","modified_gmt":"2026-03-13T12:11:00","slug":"mp-recorre-de-absolvicao-de-ama-ilegal-por-15-maus-tratos-a-criancas","status":"publish","type":"post","link":"https:\/\/portaltela.pt\/noticias\/2026\/03\/13\/mp-recorre-de-absolvicao-de-ama-ilegal-por-15-maus-tratos-a-criancas\/","title":{"rendered":"MP recorre de absolvi\u00e7\u00e3o de ama ilegal por 15 maus-tratos a crian\u00e7as"},"content":{"rendered":"<p>O Minist\u00e9rio P\u00fablico recorreu da absolvi\u00e7\u00e3o de uma ama ilegal acusada de 15 crimes de maus-tratos a crian\u00e7as, em Santa Maria da Feira. O recurso aponta que o Tribunal da Feira desvalorizou a gravidade da neglig\u00eancia e dos tratamentos degradantes.<\/p>\n<p>A acusada, de 72 anos, foi julgada por 16 crimes e apenas condenada por um, relacionado com agress\u00e3o a uma crian\u00e7a. O marido foi absolvido de todos os crimes.<\/p>\n<p>O recurso, de 27 de janeiro, sustenta que houve um padr\u00e3o de atua\u00e7\u00e3o ao longo de meses, afetando higiene, seguran\u00e7a, sa\u00fade, alimenta\u00e7\u00e3o e bem-estar emocional de v\u00e1rias crian\u00e7as. A procuradora destaca a forma de tratar as necessidades fisiol\u00f3gicas, com bacios sem privacidade.<\/p>\n<p>Entre abril de 2022 e mar\u00e7o de 2023, a ama acolheu diariamente entre 10 e 13 crian\u00e7as, com idades entre 6 meses e 6 anos, num anexo da habita\u00e7\u00e3o. O Tribunal considerou que as condi\u00e7\u00f5es n\u00e3o atingiam gravidade de maus-tratos.<\/p>\n<p>Durante o per\u00edodo, foi registado um epis\u00f3dio de estalo a uma crian\u00e7a de 4 anos e, em pelo menos 10 ocasi\u00f5es, a menor foi colocada junto a um pilar na sala, em frente \u00e0s outras crian\u00e7as. A habita\u00e7\u00e3o apresentava falhas de higiene e seguran\u00e7a.<\/p>\n<p>O casal foi constitu\u00eddo arguido ap\u00f3s uma fiscaliza\u00e7\u00e3o da Seguran\u00e7a Social em mar\u00e7o de 2023. A habita\u00e7\u00e3o foi alvo de uma contraordena\u00e7\u00e3o pela atividade de ama sem autoriza\u00e7\u00e3o, e surgiram sinais de risco a 13 crian\u00e7as.<\/p>\n<p>Na sequ\u00eancia da busca, a GNR apreendeu alimentos fora de validade, medicamentos sem receita, venenos para roedores, uma ratoeira e documentos fiscais. As crian\u00e7as foram entregues aos pais ou sinalizadas \u00e0 CPCJ.<\/p>\n<p>Em 15 de dezembro, o Tribunal da Feira condenou a ama pela pr\u00e1tica de um crime de maus-tratos a uma pena de um ano e meio de pris\u00e3o suspensa por tr\u00eas anos, com a obriga\u00e7\u00e3o de entregar 1 mil euros a uma associa\u00e7\u00e3o solid\u00e1ria.<\/p>\n<p>A v\u00edtima que recaiu na condena\u00e7\u00e3o recebeu ainda 3 mil euros de indemniza\u00e7\u00e3o aos pais. De 15 crimes, a defesa foi absolvida dos restantes, considerados n\u00e3o ligados a agress\u00f5es mas \u00e0s condi\u00e7\u00f5es da casa. O MP defende que tais defici\u00eancias refletem padr\u00f5es de tratamento degradante.<\/p>\n<p>O recurso visa que a Rela\u00e7\u00e3o do Porto considere a condena\u00e7\u00e3o pelos 15 crimes remanescentes, impondo uma pena \u00fanica de at\u00e9 quatro anos, suspensa por igual per\u00edodo, com eventuais deveres de conduta, sem preju\u00edzo de outras medidas.<\/p>\n","protected":false},"excerpt":{"rendered":"<ul>\n<li>O Minist\u00e9rio P\u00fablico recorreu da absolvi\u00e7\u00e3o de uma ama ilegal acusada de 16 crimes de maus-tratos a crian\u00e7as, pedindo a condena\u00e7\u00e3o pelos restantes 15 crimes.<\/li>\n<li>A arguida, de 72 anos, moradora em Santa Maria da Feira, tinha sido condenada por apenas um crime de maus-tratos, e o marido foi totalmente absolvido.<\/li>\n<li>O MP sustenta que houve um padr\u00e3o de atua\u00e7\u00e3o ao longo de meses que afetou higiene, seguran\u00e7a, sa\u00fade, alimenta\u00e7\u00e3o e bem-estar emocional das crian\u00e7as, incluindo o uso de bacios sem privacidade.<\/li>\n<li>Entre abril de 2022 e mar\u00e7o de 2023, a ama acolheu diariamente entre 10 e 13 crian\u00e7as com idades entre 6 meses e 6 anos, em sua habita\u00e7\u00e3o, com v\u00e1rias irregularidades e condutas discut\u00edveis.<\/li>\n<li>Em rela\u00e7\u00e3o ao processo original, em 15 de dezembro o Tribunal da Feira condenou a ama por um crime de maus-tratos a um ano e meio de pris\u00e3o suspensa e ordenou uma indemniza\u00e7\u00e3o de 3 mil euros aos pais; o MP contesta a decis\u00e3o quanto aos demais crimes.<\/li>\n<\/ul>\n","protected":false},"author":2,"featured_media":408717,"comment_status":"closed","ping_status":"closed","sticky":false,"template":"","format":"standard","meta":{"footnotes":""},"categories":[6815,1],"tags":[177,5869,4422,1014,243,6208],"class_list":["post-408712","post","type-post","status-publish","format-standard","has-post-thumbnail","hentry","category-justica","category-noticias","tag-crimes","tag-maus-tratos","tag-maus-tratos-a-menores-dependentes","tag-portugal","tag-seguranca-social","tag-tribunais"],"yoast_head":"<!-- This site is optimized with the Yoast SEO plugin v27.2 - https:\/\/yoast.com\/product\/yoast-seo-wordpress\/ -->\n<title>MP recorre de absolvi\u00e7\u00e3o de ama ilegal por 15 maus-tratos a crian\u00e7as - Portal Tela Portugal<\/title>\n<meta name=\"robots\" content=\"index, follow, max-snippet:-1, max-image-preview:large, max-video-preview:-1\" \/>\n<meta property=\"og:locale\" content=\"pt_PT\" \/>\n<meta property=\"og:type\" content=\"article\" \/>\n<meta property=\"og:title\" content=\"MP recorre de absolvi\u00e7\u00e3o de ama ilegal por 15 maus-tratos a crian\u00e7as - Portal Tela Portugal\" \/>\n<meta property=\"og:description\" content=\"O Minist\u00e9rio P\u00fablico recorreu da absolvi\u00e7\u00e3o de uma ama ilegal acusada de 16 crimes de maus-tratos a crian\u00e7as, pedindo a condena\u00e7\u00e3o pelos restantes 15 crimes. A arguida, de 72 anos, moradora em Santa Maria da Feira, tinha sido condenada por apenas um crime de maus-tratos, e o marido foi totalmente absolvido. O MP sustenta que houve um padr\u00e3o de atua\u00e7\u00e3o ao longo de meses que afetou higiene, seguran\u00e7a, sa\u00fade, alimenta\u00e7\u00e3o e bem-estar emocional das crian\u00e7as, incluindo o uso de bacios sem privacidade. Entre abril de 2022 e mar\u00e7o de 2023, a ama acolheu diariamente entre 10 e 13 crian\u00e7as com idades entre 6 meses e 6 anos, em sua habita\u00e7\u00e3o, com v\u00e1rias irregularidades e condutas discut\u00edveis. Em rela\u00e7\u00e3o ao processo original, em 15 de dezembro o Tribunal da Feira condenou a ama por um crime de maus-tratos a um ano e meio de pris\u00e3o suspensa e ordenou uma indemniza\u00e7\u00e3o de 3 mil euros aos pais; o MP contesta a decis\u00e3o quanto aos demais crimes.\" \/>\n<meta property=\"og:url\" content=\"https:\/\/portaltela.pt\/noticias\/2026\/03\/13\/mp-recorre-de-absolvicao-de-ama-ilegal-por-15-maus-tratos-a-criancas\/\" \/>\n<meta property=\"og:site_name\" content=\"Portal Tela Portugal\" \/>\n<meta property=\"article:published_time\" content=\"2026-03-13T12:11:00+00:00\" \/>\n<meta name=\"author\" content=\"Telinha\" \/>\n<meta name=\"twitter:card\" content=\"summary_large_image\" \/>\n<meta name=\"twitter:label1\" content=\"Escrito por\" \/>\n\t<meta name=\"twitter:data1\" content=\"Telinha\" \/>\n\t<meta name=\"twitter:label2\" content=\"Tempo estimado de leitura\" \/>\n\t<meta name=\"twitter:data2\" content=\"2 minutos\" \/>\n<script type=\"application\/ld+json\" class=\"yoast-schema-graph\">{\"@context\":\"https:\/\/schema.org\",\"@graph\":[{\"@type\":\"Article\",\"@id\":\"https:\/\/portaltela.pt\/noticias\/2026\/03\/13\/mp-recorre-de-absolvicao-de-ama-ilegal-por-15-maus-tratos-a-criancas\/#article\",\"isPartOf\":{\"@id\":\"https:\/\/portaltela.pt\/noticias\/2026\/03\/13\/mp-recorre-de-absolvicao-de-ama-ilegal-por-15-maus-tratos-a-criancas\/\"},\"author\":{\"name\":\"Telinha\",\"@id\":\"https:\/\/portaltela.pt\/#\/schema\/person\/c4278d4a6028830caff9ee44b42d32ed\"},\"headline\":\"MP recorre de absolvi\u00e7\u00e3o de ama ilegal por 15 maus-tratos a crian\u00e7as\",\"datePublished\":\"2026-03-13T12:11:00+00:00\",\"mainEntityOfPage\":{\"@id\":\"https:\/\/portaltela.pt\/noticias\/2026\/03\/13\/mp-recorre-de-absolvicao-de-ama-ilegal-por-15-maus-tratos-a-criancas\/\"},\"wordCount\":438,\"image\":{\"@id\":\"https:\/\/portaltela.pt\/noticias\/2026\/03\/13\/mp-recorre-de-absolvicao-de-ama-ilegal-por-15-maus-tratos-a-criancas\/#primaryimage\"},\"thumbnailUrl\":\"https:\/\/portaltela.pt\/s.01k8rhncp4jt1\/2026\/03\/image-860.jpg\",\"keywords\":[\"crimes\",\"maus-tratos\",\"maus-tratos a menores dependentes\",\"Portugal\",\"seguran\u00e7a social\",\"Tribunais\"],\"articleSection\":[\"Justi\u00e7a\",\"Not\u00edcias\"],\"inLanguage\":\"pt-PT\"},{\"@type\":\"WebPage\",\"@id\":\"https:\/\/portaltela.pt\/noticias\/2026\/03\/13\/mp-recorre-de-absolvicao-de-ama-ilegal-por-15-maus-tratos-a-criancas\/\",\"url\":\"https:\/\/portaltela.pt\/noticias\/2026\/03\/13\/mp-recorre-de-absolvicao-de-ama-ilegal-por-15-maus-tratos-a-criancas\/\",\"name\":\"MP recorre de absolvi\u00e7\u00e3o de ama ilegal por 15 maus-tratos a crian\u00e7as - Portal Tela Portugal\",\"isPartOf\":{\"@id\":\"https:\/\/portaltela.pt\/#website\"},\"primaryImageOfPage\":{\"@id\":\"https:\/\/portaltela.pt\/noticias\/2026\/03\/13\/mp-recorre-de-absolvicao-de-ama-ilegal-por-15-maus-tratos-a-criancas\/#primaryimage\"},\"image\":{\"@id\":\"https:\/\/portaltela.pt\/noticias\/2026\/03\/13\/mp-recorre-de-absolvicao-de-ama-ilegal-por-15-maus-tratos-a-criancas\/#primaryimage\"},\"thumbnailUrl\":\"https:\/\/portaltela.pt\/s.01k8rhncp4jt1\/2026\/03\/image-860.jpg\",\"datePublished\":\"2026-03-13T12:11:00+00:00\",\"author\":{\"@id\":\"https:\/\/portaltela.pt\/#\/schema\/person\/c4278d4a6028830caff9ee44b42d32ed\"},\"breadcrumb\":{\"@id\":\"https:\/\/portaltela.pt\/noticias\/2026\/03\/13\/mp-recorre-de-absolvicao-de-ama-ilegal-por-15-maus-tratos-a-criancas\/#breadcrumb\"},\"inLanguage\":\"pt-PT\",\"potentialAction\":[{\"@type\":\"ReadAction\",\"target\":[\"https:\/\/portaltela.pt\/noticias\/2026\/03\/13\/mp-recorre-de-absolvicao-de-ama-ilegal-por-15-maus-tratos-a-criancas\/\"]}]},{\"@type\":\"ImageObject\",\"inLanguage\":\"pt-PT\",\"@id\":\"https:\/\/portaltela.pt\/noticias\/2026\/03\/13\/mp-recorre-de-absolvicao-de-ama-ilegal-por-15-maus-tratos-a-criancas\/#primaryimage\",\"url\":\"https:\/\/portaltela.pt\/s.01k8rhncp4jt1\/2026\/03\/image-860.jpg\",\"contentUrl\":\"https:\/\/portaltela.pt\/s.01k8rhncp4jt1\/2026\/03\/image-860.jpg\",\"width\":796,\"height\":448,\"caption\":\"Imagem de contexto do artigo MP recorre de absolvi\u00e7\u00e3o de ama ilegal de 15 crimes de maus-tratos a crian\u00e7as\"},{\"@type\":\"BreadcrumbList\",\"@id\":\"https:\/\/portaltela.pt\/noticias\/2026\/03\/13\/mp-recorre-de-absolvicao-de-ama-ilegal-por-15-maus-tratos-a-criancas\/#breadcrumb\",\"itemListElement\":[{\"@type\":\"ListItem\",\"position\":1,\"name\":\"In\u00edcio\",\"item\":\"https:\/\/portaltela.pt\/\"},{\"@type\":\"ListItem\",\"position\":2,\"name\":\"MP recorre de absolvi\u00e7\u00e3o de ama ilegal por 15 maus-tratos a crian\u00e7as\"}]},{\"@type\":\"WebSite\",\"@id\":\"https:\/\/portaltela.pt\/#website\",\"url\":\"https:\/\/portaltela.pt\/\",\"name\":\"Portal Tela Portugal\",\"description\":\"\",\"potentialAction\":[{\"@type\":\"SearchAction\",\"target\":{\"@type\":\"EntryPoint\",\"urlTemplate\":\"https:\/\/portaltela.pt\/?s={search_term_string}\"},\"query-input\":{\"@type\":\"PropertyValueSpecification\",\"valueRequired\":true,\"valueName\":\"search_term_string\"}}],\"inLanguage\":\"pt-PT\"},{\"@type\":\"Person\",\"@id\":\"https:\/\/portaltela.pt\/#\/schema\/person\/c4278d4a6028830caff9ee44b42d32ed\",\"name\":\"Telinha\",\"image\":{\"@type\":\"ImageObject\",\"inLanguage\":\"pt-PT\",\"@id\":\"https:\/\/portaltela.pt\/s.01k8rhncp4jt1\/2025\/11\/talking-bot-125x125.png\",\"url\":\"https:\/\/portaltela.pt\/s.01k8rhncp4jt1\/2025\/11\/talking-bot-125x125.png\",\"contentUrl\":\"https:\/\/portaltela.pt\/s.01k8rhncp4jt1\/2025\/11\/talking-bot-125x125.png\",\"caption\":\"Telinha\"},\"sameAs\":[\"https:\/\/portaltela.pt\/\"],\"url\":\"https:\/\/portaltela.pt\/por\/367410592786\/\"}]}<\/script>\n<!-- \/ Yoast SEO plugin. -->","yoast_head_json":{"title":"MP recorre de absolvi\u00e7\u00e3o de ama ilegal por 15 maus-tratos a crian\u00e7as - Portal Tela Portugal","robots":{"index":"index","follow":"follow","max-snippet":"max-snippet:-1","max-image-preview":"max-image-preview:large","max-video-preview":"max-video-preview:-1"},"og_locale":"pt_PT","og_type":"article","og_title":"MP recorre de absolvi\u00e7\u00e3o de ama ilegal por 15 maus-tratos a crian\u00e7as - Portal Tela Portugal","og_description":"O Minist\u00e9rio P\u00fablico recorreu da absolvi\u00e7\u00e3o de uma ama ilegal acusada de 16 crimes de maus-tratos a crian\u00e7as, pedindo a condena\u00e7\u00e3o pelos restantes 15 crimes. A arguida, de 72 anos, moradora em Santa Maria da Feira, tinha sido condenada por apenas um crime de maus-tratos, e o marido foi totalmente absolvido. O MP sustenta que houve um padr\u00e3o de atua\u00e7\u00e3o ao longo de meses que afetou higiene, seguran\u00e7a, sa\u00fade, alimenta\u00e7\u00e3o e bem-estar emocional das crian\u00e7as, incluindo o uso de bacios sem privacidade. Entre abril de 2022 e mar\u00e7o de 2023, a ama acolheu diariamente entre 10 e 13 crian\u00e7as com idades entre 6 meses e 6 anos, em sua habita\u00e7\u00e3o, com v\u00e1rias irregularidades e condutas discut\u00edveis. Em rela\u00e7\u00e3o ao processo original, em 15 de dezembro o Tribunal da Feira condenou a ama por um crime de maus-tratos a um ano e meio de pris\u00e3o suspensa e ordenou uma indemniza\u00e7\u00e3o de 3 mil euros aos pais; o MP contesta a decis\u00e3o quanto aos demais crimes.","og_url":"https:\/\/portaltela.pt\/noticias\/2026\/03\/13\/mp-recorre-de-absolvicao-de-ama-ilegal-por-15-maus-tratos-a-criancas\/","og_site_name":"Portal Tela Portugal","article_published_time":"2026-03-13T12:11:00+00:00","author":"Telinha","twitter_card":"summary_large_image","twitter_misc":{"Escrito por":"Telinha","Tempo estimado de leitura":"2 minutos"},"schema":{"@context":"https:\/\/schema.org","@graph":[{"@type":"Article","@id":"https:\/\/portaltela.pt\/noticias\/2026\/03\/13\/mp-recorre-de-absolvicao-de-ama-ilegal-por-15-maus-tratos-a-criancas\/#article","isPartOf":{"@id":"https:\/\/portaltela.pt\/noticias\/2026\/03\/13\/mp-recorre-de-absolvicao-de-ama-ilegal-por-15-maus-tratos-a-criancas\/"},"author":{"name":"Telinha","@id":"https:\/\/portaltela.pt\/#\/schema\/person\/c4278d4a6028830caff9ee44b42d32ed"},"headline":"MP recorre de absolvi\u00e7\u00e3o de ama ilegal por 15 maus-tratos a crian\u00e7as","datePublished":"2026-03-13T12:11:00+00:00","mainEntityOfPage":{"@id":"https:\/\/portaltela.pt\/noticias\/2026\/03\/13\/mp-recorre-de-absolvicao-de-ama-ilegal-por-15-maus-tratos-a-criancas\/"},"wordCount":438,"image":{"@id":"https:\/\/portaltela.pt\/noticias\/2026\/03\/13\/mp-recorre-de-absolvicao-de-ama-ilegal-por-15-maus-tratos-a-criancas\/#primaryimage"},"thumbnailUrl":"https:\/\/portaltela.pt\/s.01k8rhncp4jt1\/2026\/03\/image-860.jpg","keywords":["crimes","maus-tratos","maus-tratos a menores dependentes","Portugal","seguran\u00e7a social","Tribunais"],"articleSection":["Justi\u00e7a","Not\u00edcias"],"inLanguage":"pt-PT"},{"@type":"WebPage","@id":"https:\/\/portaltela.pt\/noticias\/2026\/03\/13\/mp-recorre-de-absolvicao-de-ama-ilegal-por-15-maus-tratos-a-criancas\/","url":"https:\/\/portaltela.pt\/noticias\/2026\/03\/13\/mp-recorre-de-absolvicao-de-ama-ilegal-por-15-maus-tratos-a-criancas\/","name":"MP recorre de absolvi\u00e7\u00e3o de ama ilegal por 15 maus-tratos a crian\u00e7as - Portal Tela Portugal","isPartOf":{"@id":"https:\/\/portaltela.pt\/#website"},"primaryImageOfPage":{"@id":"https:\/\/portaltela.pt\/noticias\/2026\/03\/13\/mp-recorre-de-absolvicao-de-ama-ilegal-por-15-maus-tratos-a-criancas\/#primaryimage"},"image":{"@id":"https:\/\/portaltela.pt\/noticias\/2026\/03\/13\/mp-recorre-de-absolvicao-de-ama-ilegal-por-15-maus-tratos-a-criancas\/#primaryimage"},"thumbnailUrl":"https:\/\/portaltela.pt\/s.01k8rhncp4jt1\/2026\/03\/image-860.jpg","datePublished":"2026-03-13T12:11:00+00:00","author":{"@id":"https:\/\/portaltela.pt\/#\/schema\/person\/c4278d4a6028830caff9ee44b42d32ed"},"breadcrumb":{"@id":"https:\/\/portaltela.pt\/noticias\/2026\/03\/13\/mp-recorre-de-absolvicao-de-ama-ilegal-por-15-maus-tratos-a-criancas\/#breadcrumb"},"inLanguage":"pt-PT","potentialAction":[{"@type":"ReadAction","target":["https:\/\/portaltela.pt\/noticias\/2026\/03\/13\/mp-recorre-de-absolvicao-de-ama-ilegal-por-15-maus-tratos-a-criancas\/"]}]},{"@type":"ImageObject","inLanguage":"pt-PT","@id":"https:\/\/portaltela.pt\/noticias\/2026\/03\/13\/mp-recorre-de-absolvicao-de-ama-ilegal-por-15-maus-tratos-a-criancas\/#primaryimage","url":"https:\/\/portaltela.pt\/s.01k8rhncp4jt1\/2026\/03\/image-860.jpg","contentUrl":"https:\/\/portaltela.pt\/s.01k8rhncp4jt1\/2026\/03\/image-860.jpg","width":796,"height":448,"caption":"Imagem de contexto do artigo MP recorre de absolvi\u00e7\u00e3o de ama ilegal de 15 crimes de maus-tratos a crian\u00e7as"},{"@type":"BreadcrumbList","@id":"https:\/\/portaltela.pt\/noticias\/2026\/03\/13\/mp-recorre-de-absolvicao-de-ama-ilegal-por-15-maus-tratos-a-criancas\/#breadcrumb","itemListElement":[{"@type":"ListItem","position":1,"name":"In\u00edcio","item":"https:\/\/portaltela.pt\/"},{"@type":"ListItem","position":2,"name":"MP recorre de absolvi\u00e7\u00e3o de ama ilegal por 15 maus-tratos a crian\u00e7as"}]},{"@type":"WebSite","@id":"https:\/\/portaltela.pt\/#website","url":"https:\/\/portaltela.pt\/","name":"Portal Tela Portugal","description":"","potentialAction":[{"@type":"SearchAction","target":{"@type":"EntryPoint","urlTemplate":"https:\/\/portaltela.pt\/?s={search_term_string}"},"query-input":{"@type":"PropertyValueSpecification","valueRequired":true,"valueName":"search_term_string"}}],"inLanguage":"pt-PT"},{"@type":"Person","@id":"https:\/\/portaltela.pt\/#\/schema\/person\/c4278d4a6028830caff9ee44b42d32ed","name":"Telinha","image":{"@type":"ImageObject","inLanguage":"pt-PT","@id":"https:\/\/portaltela.pt\/s.01k8rhncp4jt1\/2025\/11\/talking-bot-125x125.png","url":"https:\/\/portaltela.pt\/s.01k8rhncp4jt1\/2025\/11\/talking-bot-125x125.png","contentUrl":"https:\/\/portaltela.pt\/s.01k8rhncp4jt1\/2025\/11\/talking-bot-125x125.png","caption":"Telinha"},"sameAs":["https:\/\/portaltela.pt\/"],"url":"https:\/\/portaltela.pt\/por\/367410592786\/"}]}},"_links":{"self":[{"href":"https:\/\/portaltela.pt\/api\/wp\/v2\/posts\/408712","targetHints":{"allow":["GET"]}}],"collection":[{"href":"https:\/\/portaltela.pt\/api\/wp\/v2\/posts"}],"about":[{"href":"https:\/\/portaltela.pt\/api\/wp\/v2\/types\/post"}],"author":[{"embeddable":true,"href":"https:\/\/portaltela.pt\/api\/wp\/v2\/users\/2"}],"replies":[{"embeddable":true,"href":"https:\/\/portaltela.pt\/api\/wp\/v2\/comments?post=408712"}],"version-history":[{"count":0,"href":"https:\/\/portaltela.pt\/api\/wp\/v2\/posts\/408712\/revisions"}],"wp:featuredmedia":[{"embeddable":true,"href":"https:\/\/portaltela.pt\/api\/wp\/v2\/media\/408717"}],"wp:attachment":[{"href":"https:\/\/portaltela.pt\/api\/wp\/v2\/media?parent=408712"}],"wp:term":[{"taxonomy":"category","embeddable":true,"href":"https:\/\/portaltela.pt\/api\/wp\/v2\/categories?post=408712"},{"taxonomy":"post_tag","embeddable":true,"href":"https:\/\/portaltela.pt\/api\/wp\/v2\/tags?post=408712"}],"curies":[{"name":"wp","href":"https:\/\/api.w.org\/{rel}","templated":true}]}}