{"id":408699,"date":"2026-03-13T09:03:00","date_gmt":"2026-03-13T12:03:00","guid":{"rendered":"https:\/\/portaltela.pt\/noticias\/2026\/03\/13\/tribunal-mantem-pena-de-25-anos-para-homicida-do-centro-ismaili\/"},"modified":"2026-03-13T09:03:00","modified_gmt":"2026-03-13T12:03:00","slug":"tribunal-mantem-pena-de-25-anos-para-homicida-do-centro-ismaili","status":"publish","type":"post","link":"https:\/\/portaltela.pt\/noticias\/2026\/03\/13\/tribunal-mantem-pena-de-25-anos-para-homicida-do-centro-ismaili\/","title":{"rendered":"Tribunal mant\u00e9m pena de 25 anos para homicida do Centro Ismaili"},"content":{"rendered":"<p>O Tribunal Central Criminal de Lisboa manteve a pena de 25 anos de pris\u00e3o para Abdul Bashir, o homem que confessou ter morto duas mulheres no Centro Ismaili, em Lisboa, em 2023. O tribunal recusou considerar o arguido inimput\u00e1vel.<\/p>\n<p>A factualidade foi considerada integral pelo coletivo, apesar de Bashir ter sido diagnosticado com esquizofrenia e perturba\u00e7\u00e3o de personalidade mista. N\u00e3o ficou provado que estivesse sob o efeito de doen\u00e7a no momento dos factos.<\/p>\n<p>O ac\u00f3rd\u00e3o sucede a uma sequ\u00eancia de decis\u00f5es: o Supremo Tribunal de Justi\u00e7a anulou, em fevereiro, o ac\u00f3rd\u00e3o anterior por n\u00e3o ter sido comunicado ao arguido que deixara de ser inimput\u00e1vel, ordenando uma repeti\u00e7\u00e3o parcial do julgamento.<\/p>\n<p>Antes da decis\u00e3o, o Minist\u00e9rio P\u00fablico e a defesa defenderam a inimputabilidade com aplica\u00e7\u00e3o de uma medida de seguran\u00e7a. O caso ocorreu em 28 de mar\u00e7o de 2023, envolvendo trabalhadores do Centro Ismaili e outros frequentadores do espa\u00e7o.<\/p>\n<p>Bashir foi acusado de 11 crimes, incluindo dois homic\u00eddios agravados, seis tentativas de homic\u00eddio agravadas e deten\u00e7\u00e3o de arma proibida. O arguido esteve detido, em pris\u00e3o preventiva, desde o dia do ataque.<\/p>\n","protected":false},"excerpt":{"rendered":"<ul>\n<li>O Tribunal Central Criminal de Lisboa manteve a pena de 25 anos de pris\u00e3o ao homem que confessou ter morto duas mulheres no Centro Ismaili, em lisboa, em 2023, recusando a inimputabilidade.<\/li>\n<li>O colegiado considerou que a factualidade permanece e que, apesar de Abdul Bashir ter sido diagnosticado com esquizofrenia e perturba\u00e7\u00e3o de personalidade mista, no momento dos factos n\u00e3o ficou provado que estivesse sob efeito da doen\u00e7a.<\/li>\n<li>O Supremo Tribunal de Justi\u00e7a anulou, em fevereiro, o ac\u00f3rd\u00e3o anterior por n\u00e3o ter sido comunicado ao arguido que deixara de ser inimput\u00e1vel, ordenando a repeti\u00e7\u00e3o parcial do julgamento.<\/li>\n<li>Antes desta decis\u00e3o, as partes defenderam que Abdul Bashir fosse considerado inimput\u00e1vel com aplica\u00e7\u00e3o de uma medida de seguran\u00e7a, enquanto o Minist\u00e9rio P\u00fablico pedia internamento por ato de anomalia ps\u00edquica grave.<\/li>\n<li>O caso remonta a 28 de mar\u00e7o de 2023, quando o cidad\u00e3o afeg\u00e3o matou duas mulheres, de 24 e 49 anos, que trabalhavam no Centro Ismaili, e tentou atacar outros frequentadores; o arguido sustentou leg\u00edtima defesa durante o julgamento, que come\u00e7ou em dezembro de 2024.<\/li>\n<\/ul>\n","protected":false},"author":2,"featured_media":408710,"comment_status":"closed","ping_status":"closed","sticky":false,"template":"","format":"standard","meta":{"footnotes":""},"categories":[6815,1],"tags":[147,1345,5197,981,4343,6208],"class_list":["post-408699","post","type-post","status-publish","format-standard","has-post-thumbnail","hentry","category-justica","category-noticias","tag-crime","tag-homicidio","tag-homicidio-agravado","tag-lisboa","tag-prisoes","tag-tribunais"],"yoast_head":"<!-- This site is optimized with the Yoast SEO plugin v27.2 - https:\/\/yoast.com\/product\/yoast-seo-wordpress\/ -->\n<title>Tribunal mant\u00e9m pena de 25 anos para homicida do Centro Ismaili - Portal Tela Portugal<\/title>\n<meta name=\"robots\" content=\"index, follow, max-snippet:-1, max-image-preview:large, max-video-preview:-1\" \/>\n<meta property=\"og:locale\" content=\"pt_PT\" \/>\n<meta property=\"og:type\" content=\"article\" \/>\n<meta property=\"og:title\" content=\"Tribunal mant\u00e9m pena de 25 anos para homicida do Centro Ismaili - Portal Tela Portugal\" \/>\n<meta property=\"og:description\" content=\"O Tribunal Central Criminal de Lisboa manteve a pena de 25 anos de pris\u00e3o ao homem que confessou ter morto duas mulheres no Centro Ismaili, em lisboa, em 2023, recusando a inimputabilidade. O colegiado considerou que a factualidade permanece e que, apesar de Abdul Bashir ter sido diagnosticado com esquizofrenia e perturba\u00e7\u00e3o de personalidade mista, no momento dos factos n\u00e3o ficou provado que estivesse sob efeito da doen\u00e7a. O Supremo Tribunal de Justi\u00e7a anulou, em fevereiro, o ac\u00f3rd\u00e3o anterior por n\u00e3o ter sido comunicado ao arguido que deixara de ser inimput\u00e1vel, ordenando a repeti\u00e7\u00e3o parcial do julgamento. Antes desta decis\u00e3o, as partes defenderam que Abdul Bashir fosse considerado inimput\u00e1vel com aplica\u00e7\u00e3o de uma medida de seguran\u00e7a, enquanto o Minist\u00e9rio P\u00fablico pedia internamento por ato de anomalia ps\u00edquica grave. O caso remonta a 28 de mar\u00e7o de 2023, quando o cidad\u00e3o afeg\u00e3o matou duas mulheres, de 24 e 49 anos, que trabalhavam no Centro Ismaili, e tentou atacar outros frequentadores; o arguido sustentou leg\u00edtima defesa durante o julgamento, que come\u00e7ou em dezembro de 2024.\" \/>\n<meta property=\"og:url\" content=\"https:\/\/portaltela.pt\/noticias\/2026\/03\/13\/tribunal-mantem-pena-de-25-anos-para-homicida-do-centro-ismaili\/\" \/>\n<meta property=\"og:site_name\" content=\"Portal Tela Portugal\" \/>\n<meta property=\"article:published_time\" content=\"2026-03-13T12:03:00+00:00\" \/>\n<meta name=\"author\" content=\"Telinha\" \/>\n<meta name=\"twitter:card\" content=\"summary_large_image\" \/>\n<meta name=\"twitter:label1\" content=\"Escrito por\" \/>\n\t<meta name=\"twitter:data1\" content=\"Telinha\" \/>\n\t<meta name=\"twitter:label2\" content=\"Tempo estimado de leitura\" \/>\n\t<meta name=\"twitter:data2\" content=\"1 minuto\" \/>\n<script type=\"application\/ld+json\" class=\"yoast-schema-graph\">{\"@context\":\"https:\/\/schema.org\",\"@graph\":[{\"@type\":\"Article\",\"@id\":\"https:\/\/portaltela.pt\/noticias\/2026\/03\/13\/tribunal-mantem-pena-de-25-anos-para-homicida-do-centro-ismaili\/#article\",\"isPartOf\":{\"@id\":\"https:\/\/portaltela.pt\/noticias\/2026\/03\/13\/tribunal-mantem-pena-de-25-anos-para-homicida-do-centro-ismaili\/\"},\"author\":{\"name\":\"Telinha\",\"@id\":\"https:\/\/portaltela.pt\/#\/schema\/person\/c4278d4a6028830caff9ee44b42d32ed\"},\"headline\":\"Tribunal mant\u00e9m pena de 25 anos para homicida do Centro Ismaili\",\"datePublished\":\"2026-03-13T12:03:00+00:00\",\"mainEntityOfPage\":{\"@id\":\"https:\/\/portaltela.pt\/noticias\/2026\/03\/13\/tribunal-mantem-pena-de-25-anos-para-homicida-do-centro-ismaili\/\"},\"wordCount\":212,\"image\":{\"@id\":\"https:\/\/portaltela.pt\/noticias\/2026\/03\/13\/tribunal-mantem-pena-de-25-anos-para-homicida-do-centro-ismaili\/#primaryimage\"},\"thumbnailUrl\":\"https:\/\/portaltela.pt\/s.01k8rhncp4jt1\/2026\/03\/22d6e897-27bd-43e5-a194-dfadd752c465_1200x675.jpg\",\"keywords\":[\"crime\",\"homic\u00eddio\",\"homic\u00eddio agravado\",\"Lisboa\",\"pris\u00f5es\",\"Tribunais\"],\"articleSection\":[\"Justi\u00e7a\",\"Not\u00edcias\"],\"inLanguage\":\"pt-PT\"},{\"@type\":\"WebPage\",\"@id\":\"https:\/\/portaltela.pt\/noticias\/2026\/03\/13\/tribunal-mantem-pena-de-25-anos-para-homicida-do-centro-ismaili\/\",\"url\":\"https:\/\/portaltela.pt\/noticias\/2026\/03\/13\/tribunal-mantem-pena-de-25-anos-para-homicida-do-centro-ismaili\/\",\"name\":\"Tribunal mant\u00e9m pena de 25 anos para homicida do Centro Ismaili - Portal Tela Portugal\",\"isPartOf\":{\"@id\":\"https:\/\/portaltela.pt\/#website\"},\"primaryImageOfPage\":{\"@id\":\"https:\/\/portaltela.pt\/noticias\/2026\/03\/13\/tribunal-mantem-pena-de-25-anos-para-homicida-do-centro-ismaili\/#primaryimage\"},\"image\":{\"@id\":\"https:\/\/portaltela.pt\/noticias\/2026\/03\/13\/tribunal-mantem-pena-de-25-anos-para-homicida-do-centro-ismaili\/#primaryimage\"},\"thumbnailUrl\":\"https:\/\/portaltela.pt\/s.01k8rhncp4jt1\/2026\/03\/22d6e897-27bd-43e5-a194-dfadd752c465_1200x675.jpg\",\"datePublished\":\"2026-03-13T12:03:00+00:00\",\"author\":{\"@id\":\"https:\/\/portaltela.pt\/#\/schema\/person\/c4278d4a6028830caff9ee44b42d32ed\"},\"breadcrumb\":{\"@id\":\"https:\/\/portaltela.pt\/noticias\/2026\/03\/13\/tribunal-mantem-pena-de-25-anos-para-homicida-do-centro-ismaili\/#breadcrumb\"},\"inLanguage\":\"pt-PT\",\"potentialAction\":[{\"@type\":\"ReadAction\",\"target\":[\"https:\/\/portaltela.pt\/noticias\/2026\/03\/13\/tribunal-mantem-pena-de-25-anos-para-homicida-do-centro-ismaili\/\"]}]},{\"@type\":\"ImageObject\",\"inLanguage\":\"pt-PT\",\"@id\":\"https:\/\/portaltela.pt\/noticias\/2026\/03\/13\/tribunal-mantem-pena-de-25-anos-para-homicida-do-centro-ismaili\/#primaryimage\",\"url\":\"https:\/\/portaltela.pt\/s.01k8rhncp4jt1\/2026\/03\/22d6e897-27bd-43e5-a194-dfadd752c465_1200x675.jpg\",\"contentUrl\":\"https:\/\/portaltela.pt\/s.01k8rhncp4jt1\/2026\/03\/22d6e897-27bd-43e5-a194-dfadd752c465_1200x675.jpg\",\"width\":796,\"height\":448,\"caption\":\"As v\u00edtimas mortais trabalhavam no servi\u00e7o de apoio aos refugiados do Centro Ismaili\"},{\"@type\":\"BreadcrumbList\",\"@id\":\"https:\/\/portaltela.pt\/noticias\/2026\/03\/13\/tribunal-mantem-pena-de-25-anos-para-homicida-do-centro-ismaili\/#breadcrumb\",\"itemListElement\":[{\"@type\":\"ListItem\",\"position\":1,\"name\":\"In\u00edcio\",\"item\":\"https:\/\/portaltela.pt\/\"},{\"@type\":\"ListItem\",\"position\":2,\"name\":\"Tribunal mant\u00e9m pena de 25 anos para homicida do Centro Ismaili\"}]},{\"@type\":\"WebSite\",\"@id\":\"https:\/\/portaltela.pt\/#website\",\"url\":\"https:\/\/portaltela.pt\/\",\"name\":\"Portal Tela Portugal\",\"description\":\"\",\"potentialAction\":[{\"@type\":\"SearchAction\",\"target\":{\"@type\":\"EntryPoint\",\"urlTemplate\":\"https:\/\/portaltela.pt\/?s={search_term_string}\"},\"query-input\":{\"@type\":\"PropertyValueSpecification\",\"valueRequired\":true,\"valueName\":\"search_term_string\"}}],\"inLanguage\":\"pt-PT\"},{\"@type\":\"Person\",\"@id\":\"https:\/\/portaltela.pt\/#\/schema\/person\/c4278d4a6028830caff9ee44b42d32ed\",\"name\":\"Telinha\",\"image\":{\"@type\":\"ImageObject\",\"inLanguage\":\"pt-PT\",\"@id\":\"https:\/\/portaltela.pt\/s.01k8rhncp4jt1\/2025\/11\/talking-bot-125x125.png\",\"url\":\"https:\/\/portaltela.pt\/s.01k8rhncp4jt1\/2025\/11\/talking-bot-125x125.png\",\"contentUrl\":\"https:\/\/portaltela.pt\/s.01k8rhncp4jt1\/2025\/11\/talking-bot-125x125.png\",\"caption\":\"Telinha\"},\"sameAs\":[\"https:\/\/portaltela.pt\/\"],\"url\":\"https:\/\/portaltela.pt\/por\/367410592786\/\"}]}<\/script>\n<!-- \/ Yoast SEO plugin. -->","yoast_head_json":{"title":"Tribunal mant\u00e9m pena de 25 anos para homicida do Centro Ismaili - Portal Tela Portugal","robots":{"index":"index","follow":"follow","max-snippet":"max-snippet:-1","max-image-preview":"max-image-preview:large","max-video-preview":"max-video-preview:-1"},"og_locale":"pt_PT","og_type":"article","og_title":"Tribunal mant\u00e9m pena de 25 anos para homicida do Centro Ismaili - Portal Tela Portugal","og_description":"O Tribunal Central Criminal de Lisboa manteve a pena de 25 anos de pris\u00e3o ao homem que confessou ter morto duas mulheres no Centro Ismaili, em lisboa, em 2023, recusando a inimputabilidade. O colegiado considerou que a factualidade permanece e que, apesar de Abdul Bashir ter sido diagnosticado com esquizofrenia e perturba\u00e7\u00e3o de personalidade mista, no momento dos factos n\u00e3o ficou provado que estivesse sob efeito da doen\u00e7a. O Supremo Tribunal de Justi\u00e7a anulou, em fevereiro, o ac\u00f3rd\u00e3o anterior por n\u00e3o ter sido comunicado ao arguido que deixara de ser inimput\u00e1vel, ordenando a repeti\u00e7\u00e3o parcial do julgamento. Antes desta decis\u00e3o, as partes defenderam que Abdul Bashir fosse considerado inimput\u00e1vel com aplica\u00e7\u00e3o de uma medida de seguran\u00e7a, enquanto o Minist\u00e9rio P\u00fablico pedia internamento por ato de anomalia ps\u00edquica grave. O caso remonta a 28 de mar\u00e7o de 2023, quando o cidad\u00e3o afeg\u00e3o matou duas mulheres, de 24 e 49 anos, que trabalhavam no Centro Ismaili, e tentou atacar outros frequentadores; o arguido sustentou leg\u00edtima defesa durante o julgamento, que come\u00e7ou em dezembro de 2024.","og_url":"https:\/\/portaltela.pt\/noticias\/2026\/03\/13\/tribunal-mantem-pena-de-25-anos-para-homicida-do-centro-ismaili\/","og_site_name":"Portal Tela Portugal","article_published_time":"2026-03-13T12:03:00+00:00","author":"Telinha","twitter_card":"summary_large_image","twitter_misc":{"Escrito por":"Telinha","Tempo estimado de leitura":"1 minuto"},"schema":{"@context":"https:\/\/schema.org","@graph":[{"@type":"Article","@id":"https:\/\/portaltela.pt\/noticias\/2026\/03\/13\/tribunal-mantem-pena-de-25-anos-para-homicida-do-centro-ismaili\/#article","isPartOf":{"@id":"https:\/\/portaltela.pt\/noticias\/2026\/03\/13\/tribunal-mantem-pena-de-25-anos-para-homicida-do-centro-ismaili\/"},"author":{"name":"Telinha","@id":"https:\/\/portaltela.pt\/#\/schema\/person\/c4278d4a6028830caff9ee44b42d32ed"},"headline":"Tribunal mant\u00e9m pena de 25 anos para homicida do Centro Ismaili","datePublished":"2026-03-13T12:03:00+00:00","mainEntityOfPage":{"@id":"https:\/\/portaltela.pt\/noticias\/2026\/03\/13\/tribunal-mantem-pena-de-25-anos-para-homicida-do-centro-ismaili\/"},"wordCount":212,"image":{"@id":"https:\/\/portaltela.pt\/noticias\/2026\/03\/13\/tribunal-mantem-pena-de-25-anos-para-homicida-do-centro-ismaili\/#primaryimage"},"thumbnailUrl":"https:\/\/portaltela.pt\/s.01k8rhncp4jt1\/2026\/03\/22d6e897-27bd-43e5-a194-dfadd752c465_1200x675.jpg","keywords":["crime","homic\u00eddio","homic\u00eddio agravado","Lisboa","pris\u00f5es","Tribunais"],"articleSection":["Justi\u00e7a","Not\u00edcias"],"inLanguage":"pt-PT"},{"@type":"WebPage","@id":"https:\/\/portaltela.pt\/noticias\/2026\/03\/13\/tribunal-mantem-pena-de-25-anos-para-homicida-do-centro-ismaili\/","url":"https:\/\/portaltela.pt\/noticias\/2026\/03\/13\/tribunal-mantem-pena-de-25-anos-para-homicida-do-centro-ismaili\/","name":"Tribunal mant\u00e9m pena de 25 anos para homicida do Centro Ismaili - Portal Tela Portugal","isPartOf":{"@id":"https:\/\/portaltela.pt\/#website"},"primaryImageOfPage":{"@id":"https:\/\/portaltela.pt\/noticias\/2026\/03\/13\/tribunal-mantem-pena-de-25-anos-para-homicida-do-centro-ismaili\/#primaryimage"},"image":{"@id":"https:\/\/portaltela.pt\/noticias\/2026\/03\/13\/tribunal-mantem-pena-de-25-anos-para-homicida-do-centro-ismaili\/#primaryimage"},"thumbnailUrl":"https:\/\/portaltela.pt\/s.01k8rhncp4jt1\/2026\/03\/22d6e897-27bd-43e5-a194-dfadd752c465_1200x675.jpg","datePublished":"2026-03-13T12:03:00+00:00","author":{"@id":"https:\/\/portaltela.pt\/#\/schema\/person\/c4278d4a6028830caff9ee44b42d32ed"},"breadcrumb":{"@id":"https:\/\/portaltela.pt\/noticias\/2026\/03\/13\/tribunal-mantem-pena-de-25-anos-para-homicida-do-centro-ismaili\/#breadcrumb"},"inLanguage":"pt-PT","potentialAction":[{"@type":"ReadAction","target":["https:\/\/portaltela.pt\/noticias\/2026\/03\/13\/tribunal-mantem-pena-de-25-anos-para-homicida-do-centro-ismaili\/"]}]},{"@type":"ImageObject","inLanguage":"pt-PT","@id":"https:\/\/portaltela.pt\/noticias\/2026\/03\/13\/tribunal-mantem-pena-de-25-anos-para-homicida-do-centro-ismaili\/#primaryimage","url":"https:\/\/portaltela.pt\/s.01k8rhncp4jt1\/2026\/03\/22d6e897-27bd-43e5-a194-dfadd752c465_1200x675.jpg","contentUrl":"https:\/\/portaltela.pt\/s.01k8rhncp4jt1\/2026\/03\/22d6e897-27bd-43e5-a194-dfadd752c465_1200x675.jpg","width":796,"height":448,"caption":"As v\u00edtimas mortais trabalhavam no servi\u00e7o de apoio aos refugiados do Centro Ismaili"},{"@type":"BreadcrumbList","@id":"https:\/\/portaltela.pt\/noticias\/2026\/03\/13\/tribunal-mantem-pena-de-25-anos-para-homicida-do-centro-ismaili\/#breadcrumb","itemListElement":[{"@type":"ListItem","position":1,"name":"In\u00edcio","item":"https:\/\/portaltela.pt\/"},{"@type":"ListItem","position":2,"name":"Tribunal mant\u00e9m pena de 25 anos para homicida do Centro Ismaili"}]},{"@type":"WebSite","@id":"https:\/\/portaltela.pt\/#website","url":"https:\/\/portaltela.pt\/","name":"Portal Tela Portugal","description":"","potentialAction":[{"@type":"SearchAction","target":{"@type":"EntryPoint","urlTemplate":"https:\/\/portaltela.pt\/?s={search_term_string}"},"query-input":{"@type":"PropertyValueSpecification","valueRequired":true,"valueName":"search_term_string"}}],"inLanguage":"pt-PT"},{"@type":"Person","@id":"https:\/\/portaltela.pt\/#\/schema\/person\/c4278d4a6028830caff9ee44b42d32ed","name":"Telinha","image":{"@type":"ImageObject","inLanguage":"pt-PT","@id":"https:\/\/portaltela.pt\/s.01k8rhncp4jt1\/2025\/11\/talking-bot-125x125.png","url":"https:\/\/portaltela.pt\/s.01k8rhncp4jt1\/2025\/11\/talking-bot-125x125.png","contentUrl":"https:\/\/portaltela.pt\/s.01k8rhncp4jt1\/2025\/11\/talking-bot-125x125.png","caption":"Telinha"},"sameAs":["https:\/\/portaltela.pt\/"],"url":"https:\/\/portaltela.pt\/por\/367410592786\/"}]}},"_links":{"self":[{"href":"https:\/\/portaltela.pt\/api\/wp\/v2\/posts\/408699","targetHints":{"allow":["GET"]}}],"collection":[{"href":"https:\/\/portaltela.pt\/api\/wp\/v2\/posts"}],"about":[{"href":"https:\/\/portaltela.pt\/api\/wp\/v2\/types\/post"}],"author":[{"embeddable":true,"href":"https:\/\/portaltela.pt\/api\/wp\/v2\/users\/2"}],"replies":[{"embeddable":true,"href":"https:\/\/portaltela.pt\/api\/wp\/v2\/comments?post=408699"}],"version-history":[{"count":0,"href":"https:\/\/portaltela.pt\/api\/wp\/v2\/posts\/408699\/revisions"}],"wp:featuredmedia":[{"embeddable":true,"href":"https:\/\/portaltela.pt\/api\/wp\/v2\/media\/408710"}],"wp:attachment":[{"href":"https:\/\/portaltela.pt\/api\/wp\/v2\/media?parent=408699"}],"wp:term":[{"taxonomy":"category","embeddable":true,"href":"https:\/\/portaltela.pt\/api\/wp\/v2\/categories?post=408699"},{"taxonomy":"post_tag","embeddable":true,"href":"https:\/\/portaltela.pt\/api\/wp\/v2\/tags?post=408699"}],"curies":[{"name":"wp","href":"https:\/\/api.w.org\/{rel}","templated":true}]}}