{"id":408695,"date":"2026-03-13T09:17:07","date_gmt":"2026-03-13T12:17:07","guid":{"rendered":"https:\/\/portaltela.pt\/noticias\/2026\/03\/13\/nato-interceta-novo-missil-sobre-o-espaco-aereo-turco\/"},"modified":"2026-03-13T09:17:07","modified_gmt":"2026-03-13T12:17:07","slug":"nato-interceta-novo-missil-sobre-o-espaco-aereo-turco","status":"publish","type":"post","link":"https:\/\/portaltela.pt\/noticias\/2026\/03\/13\/nato-interceta-novo-missil-sobre-o-espaco-aereo-turco\/","title":{"rendered":"NATO interceta novo m\u00edssil sobre o espa\u00e7o a\u00e9reo turco"},"content":{"rendered":"<p>Ap\u00f3s a neutraliza\u00e7\u00e3o de dois m\u00edsseis iranianos que entraram no espa\u00e7o a\u00e9reo turco a 4 e 9 de mar\u00e7o, a NATO interceptou uma terceira muni\u00e7\u00e3o bal\u00edstica, alegadamente dirigida \u00e0 base de Incirlik, durante a noite. O incidente ocorreu em meio a tens\u00f5es na regi\u00e3o.<\/p>\n<p>O Minist\u00e9rio da Defesa da Turquia informou que a muni\u00e7\u00e3o, disparada do Ir\u00e3o, entrou no espa\u00e7o a\u00e9reo turco e foi neutralizada por elementos de defesa a\u00e9rea e antim\u00edsseis da NATO, destacados no Mediterr\u00e2neo Oriental. A declara\u00e7\u00e3o n\u00e3o especificou o tipo exato de alvos nem o local do abatimento.<\/p>\n<p>O governo turco afirmou que as medidas tornam-se decisivas e sem hesita\u00e7\u00e3o contra quaisquer amea\u00e7as ao territ\u00f3rio e ao espa\u00e7o a\u00e9reo. Adicionalmente, as negocia\u00e7\u00f5es com o pa\u00eds em causa seguem em curso para esclarecer o incidente em todas as suas dimens\u00f5es, com monitoriza\u00e7\u00e3o cont\u00ednua dos desenvolvimentos regionais.<\/p>\n<p>Sirenes soaram em Adana durante a noite, com relatos n\u00e3o confirmados de que uma muni\u00e7\u00e3o bal\u00edstica dirigida \u00e0 base de Incirlik tinha sido abatida. A nota oficial n\u00e3o forneceu detalhes sobre o alvo ou o local exato do incidente, mantendo cautela sobre a confirma\u00e7\u00e3o da opera\u00e7\u00e3o na base.<\/p>\n<p>A base de Incirlik \u00e9 uma instala\u00e7\u00e3o estrat\u00e9gica da NATO que alberga tropas norte-americanas, e o incidente elevou a aten\u00e7\u00e3o sobre o equil\u00edbrio militar na regi\u00e3o. As autoridades turcas acompanham os acontecimentos com especial aten\u00e7\u00e3o \u00e0 seguran\u00e7a nacional e \u00e0 estabilidade regional.<\/p>\n<h3>Mojtaba Khamenei adverte contra encerramento de bases americanas na regi\u00e3o<\/h3>\n<p>O novo l\u00edder religioso do Ir\u00e3o, Mojtaba Khamenei, afirmou que inc\u00eandios ou encerramento de bases na regi\u00e3o deveriam ocorrer de imediato, sob pena de ataques. O discurso enfatizou que as pretens\u00f5es dos EUA para garantir seguran\u00e7a e paz n\u00e3o passam de uma mentira, segundo a leitura oficial.<\/p>\n","protected":false},"excerpt":{"rendered":"<ul>\n<li>Dois m\u00edsseis vindos do Ir\u00e3o foram neutralizados pela NATO em mar\u00e7o, e uma terceira muni\u00e7\u00e3o bal\u00edstica alegadamente dirigida \u00e0 base de Incirlik foi abatida pela defesa a\u00e9rea durante a noite, no Mediterr\u00e2neo Oriental.<\/li>\n<li>O Minist\u00e9rio da Defesa da Turquia afirmou que a muni\u00e7\u00e3o foi destru\u00edda por elementos de defesa a\u00e9rea e antim\u00edsseis da NATO destacados na regi\u00e3o.<\/li>\n<li>O governo turco disse que est\u00e1 a tomar medidas decisivas e sem hesita\u00e7\u00e3o contra amea\u00e7as ao territ\u00f3rio e ao espa\u00e7o a\u00e9reo, e que negocia\u00e7\u00f5es est\u00e3o em curso para esclarecer o incidente.<\/li>\n<li>Sirenes tocaram em Adana durante a madrugada, e houve relatos de que um m\u00edssil dirigido \u00e0 base de Incirlik poder\u00e1 ter sido abatido, embora a declara\u00e7\u00e3o oficial n\u00e3o confirme o alvo nem o local exato.<\/li>\n<li>Mojtaba Khamenei advertiu que as bases americanas na regi\u00e3o devem ser encerradas de imediato, sob o risco de ataques, apelando aos pa\u00edses para esclarecerem a posi\u00e7\u00e3o face \u00e0s a\u00e7\u00f5es dos Estados Unidos.<\/li>\n<\/ul>\n","protected":false},"author":2,"featured_media":408706,"comment_status":"closed","ping_status":"closed","sticky":false,"template":"","format":"standard","meta":{"footnotes":""},"categories":[1],"tags":[6574,3787,6703,3153,3908,2126],"class_list":["post-408695","post","type-post","status-publish","format-standard","has-post-thumbnail","hentry","category-noticias","tag-defesa","tag-defesa-antimisseis","tag-diplomacia-internacional","tag-ira","tag-seguranca-nacional","tag-turquia"],"yoast_head":"<!-- This site is optimized with the Yoast SEO plugin v27.2 - https:\/\/yoast.com\/product\/yoast-seo-wordpress\/ -->\n<title>NATO interceta novo m\u00edssil sobre o espa\u00e7o a\u00e9reo turco - Portal Tela Portugal<\/title>\n<meta name=\"robots\" content=\"index, follow, max-snippet:-1, max-image-preview:large, max-video-preview:-1\" \/>\n<meta property=\"og:locale\" content=\"pt_PT\" \/>\n<meta property=\"og:type\" content=\"article\" \/>\n<meta property=\"og:title\" content=\"NATO interceta novo m\u00edssil sobre o espa\u00e7o a\u00e9reo turco - Portal Tela Portugal\" \/>\n<meta property=\"og:description\" content=\"Dois m\u00edsseis vindos do Ir\u00e3o foram neutralizados pela NATO em mar\u00e7o, e uma terceira muni\u00e7\u00e3o bal\u00edstica alegadamente dirigida \u00e0 base de Incirlik foi abatida pela defesa a\u00e9rea durante a noite, no Mediterr\u00e2neo Oriental. O Minist\u00e9rio da Defesa da Turquia afirmou que a muni\u00e7\u00e3o foi destru\u00edda por elementos de defesa a\u00e9rea e antim\u00edsseis da NATO destacados na regi\u00e3o. O governo turco disse que est\u00e1 a tomar medidas decisivas e sem hesita\u00e7\u00e3o contra amea\u00e7as ao territ\u00f3rio e ao espa\u00e7o a\u00e9reo, e que negocia\u00e7\u00f5es est\u00e3o em curso para esclarecer o incidente. Sirenes tocaram em Adana durante a madrugada, e houve relatos de que um m\u00edssil dirigido \u00e0 base de Incirlik poder\u00e1 ter sido abatido, embora a declara\u00e7\u00e3o oficial n\u00e3o confirme o alvo nem o local exato. Mojtaba Khamenei advertiu que as bases americanas na regi\u00e3o devem ser encerradas de imediato, sob o risco de ataques, apelando aos pa\u00edses para esclarecerem a posi\u00e7\u00e3o face \u00e0s a\u00e7\u00f5es dos Estados Unidos.\" \/>\n<meta property=\"og:url\" content=\"https:\/\/portaltela.pt\/noticias\/2026\/03\/13\/nato-interceta-novo-missil-sobre-o-espaco-aereo-turco\/\" \/>\n<meta property=\"og:site_name\" content=\"Portal Tela Portugal\" \/>\n<meta property=\"article:published_time\" content=\"2026-03-13T12:17:07+00:00\" \/>\n<meta name=\"author\" content=\"Telinha\" \/>\n<meta name=\"twitter:card\" content=\"summary_large_image\" \/>\n<meta name=\"twitter:label1\" content=\"Escrito por\" \/>\n\t<meta name=\"twitter:data1\" content=\"Telinha\" \/>\n\t<meta name=\"twitter:label2\" content=\"Tempo estimado de leitura\" \/>\n\t<meta name=\"twitter:data2\" content=\"2 minutos\" \/>\n<script type=\"application\/ld+json\" class=\"yoast-schema-graph\">{\"@context\":\"https:\/\/schema.org\",\"@graph\":[{\"@type\":\"Article\",\"@id\":\"https:\/\/portaltela.pt\/noticias\/2026\/03\/13\/nato-interceta-novo-missil-sobre-o-espaco-aereo-turco\/#article\",\"isPartOf\":{\"@id\":\"https:\/\/portaltela.pt\/noticias\/2026\/03\/13\/nato-interceta-novo-missil-sobre-o-espaco-aereo-turco\/\"},\"author\":{\"name\":\"Telinha\",\"@id\":\"https:\/\/portaltela.pt\/#\/schema\/person\/c4278d4a6028830caff9ee44b42d32ed\"},\"headline\":\"NATO interceta novo m\u00edssil sobre o espa\u00e7o a\u00e9reo turco\",\"datePublished\":\"2026-03-13T12:17:07+00:00\",\"mainEntityOfPage\":{\"@id\":\"https:\/\/portaltela.pt\/noticias\/2026\/03\/13\/nato-interceta-novo-missil-sobre-o-espaco-aereo-turco\/\"},\"wordCount\":342,\"image\":{\"@id\":\"https:\/\/portaltela.pt\/noticias\/2026\/03\/13\/nato-interceta-novo-missil-sobre-o-espaco-aereo-turco\/#primaryimage\"},\"thumbnailUrl\":\"https:\/\/portaltela.pt\/s.01k8rhncp4jt1\/2026\/03\/1536x864_cmsv2_00ca11cf-09f2-52a4-bedd-412c5bba2bf0-9684712.jpg\",\"keywords\":[\"defesa\",\"defesa antim\u00edsseis\",\"diplomacia internacional\",\"Ir\u00e3\",\"Seguran\u00e7a Nacional\",\"Turquia\"],\"articleSection\":[\"Not\u00edcias\"],\"inLanguage\":\"pt-PT\"},{\"@type\":\"WebPage\",\"@id\":\"https:\/\/portaltela.pt\/noticias\/2026\/03\/13\/nato-interceta-novo-missil-sobre-o-espaco-aereo-turco\/\",\"url\":\"https:\/\/portaltela.pt\/noticias\/2026\/03\/13\/nato-interceta-novo-missil-sobre-o-espaco-aereo-turco\/\",\"name\":\"NATO interceta novo m\u00edssil sobre o espa\u00e7o a\u00e9reo turco - Portal Tela Portugal\",\"isPartOf\":{\"@id\":\"https:\/\/portaltela.pt\/#website\"},\"primaryImageOfPage\":{\"@id\":\"https:\/\/portaltela.pt\/noticias\/2026\/03\/13\/nato-interceta-novo-missil-sobre-o-espaco-aereo-turco\/#primaryimage\"},\"image\":{\"@id\":\"https:\/\/portaltela.pt\/noticias\/2026\/03\/13\/nato-interceta-novo-missil-sobre-o-espaco-aereo-turco\/#primaryimage\"},\"thumbnailUrl\":\"https:\/\/portaltela.pt\/s.01k8rhncp4jt1\/2026\/03\/1536x864_cmsv2_00ca11cf-09f2-52a4-bedd-412c5bba2bf0-9684712.jpg\",\"datePublished\":\"2026-03-13T12:17:07+00:00\",\"author\":{\"@id\":\"https:\/\/portaltela.pt\/#\/schema\/person\/c4278d4a6028830caff9ee44b42d32ed\"},\"breadcrumb\":{\"@id\":\"https:\/\/portaltela.pt\/noticias\/2026\/03\/13\/nato-interceta-novo-missil-sobre-o-espaco-aereo-turco\/#breadcrumb\"},\"inLanguage\":\"pt-PT\",\"potentialAction\":[{\"@type\":\"ReadAction\",\"target\":[\"https:\/\/portaltela.pt\/noticias\/2026\/03\/13\/nato-interceta-novo-missil-sobre-o-espaco-aereo-turco\/\"]}]},{\"@type\":\"ImageObject\",\"inLanguage\":\"pt-PT\",\"@id\":\"https:\/\/portaltela.pt\/noticias\/2026\/03\/13\/nato-interceta-novo-missil-sobre-o-espaco-aereo-turco\/#primaryimage\",\"url\":\"https:\/\/portaltela.pt\/s.01k8rhncp4jt1\/2026\/03\/1536x864_cmsv2_00ca11cf-09f2-52a4-bedd-412c5bba2bf0-9684712.jpg\",\"contentUrl\":\"https:\/\/portaltela.pt\/s.01k8rhncp4jt1\/2026\/03\/1536x864_cmsv2_00ca11cf-09f2-52a4-bedd-412c5bba2bf0-9684712.jpg\",\"width\":796,\"height\":448,\"caption\":\"Minist\u00e9rio da Defesa Nacional\"},{\"@type\":\"BreadcrumbList\",\"@id\":\"https:\/\/portaltela.pt\/noticias\/2026\/03\/13\/nato-interceta-novo-missil-sobre-o-espaco-aereo-turco\/#breadcrumb\",\"itemListElement\":[{\"@type\":\"ListItem\",\"position\":1,\"name\":\"In\u00edcio\",\"item\":\"https:\/\/portaltela.pt\/\"},{\"@type\":\"ListItem\",\"position\":2,\"name\":\"NATO interceta novo m\u00edssil sobre o espa\u00e7o a\u00e9reo turco\"}]},{\"@type\":\"WebSite\",\"@id\":\"https:\/\/portaltela.pt\/#website\",\"url\":\"https:\/\/portaltela.pt\/\",\"name\":\"Portal Tela Portugal\",\"description\":\"\",\"potentialAction\":[{\"@type\":\"SearchAction\",\"target\":{\"@type\":\"EntryPoint\",\"urlTemplate\":\"https:\/\/portaltela.pt\/?s={search_term_string}\"},\"query-input\":{\"@type\":\"PropertyValueSpecification\",\"valueRequired\":true,\"valueName\":\"search_term_string\"}}],\"inLanguage\":\"pt-PT\"},{\"@type\":\"Person\",\"@id\":\"https:\/\/portaltela.pt\/#\/schema\/person\/c4278d4a6028830caff9ee44b42d32ed\",\"name\":\"Telinha\",\"image\":{\"@type\":\"ImageObject\",\"inLanguage\":\"pt-PT\",\"@id\":\"https:\/\/portaltela.pt\/s.01k8rhncp4jt1\/2025\/11\/talking-bot-125x125.png\",\"url\":\"https:\/\/portaltela.pt\/s.01k8rhncp4jt1\/2025\/11\/talking-bot-125x125.png\",\"contentUrl\":\"https:\/\/portaltela.pt\/s.01k8rhncp4jt1\/2025\/11\/talking-bot-125x125.png\",\"caption\":\"Telinha\"},\"sameAs\":[\"https:\/\/portaltela.pt\/\"],\"url\":\"https:\/\/portaltela.pt\/por\/367410592786\/\"}]}<\/script>\n<!-- \/ Yoast SEO plugin. -->","yoast_head_json":{"title":"NATO interceta novo m\u00edssil sobre o espa\u00e7o a\u00e9reo turco - Portal Tela Portugal","robots":{"index":"index","follow":"follow","max-snippet":"max-snippet:-1","max-image-preview":"max-image-preview:large","max-video-preview":"max-video-preview:-1"},"og_locale":"pt_PT","og_type":"article","og_title":"NATO interceta novo m\u00edssil sobre o espa\u00e7o a\u00e9reo turco - Portal Tela Portugal","og_description":"Dois m\u00edsseis vindos do Ir\u00e3o foram neutralizados pela NATO em mar\u00e7o, e uma terceira muni\u00e7\u00e3o bal\u00edstica alegadamente dirigida \u00e0 base de Incirlik foi abatida pela defesa a\u00e9rea durante a noite, no Mediterr\u00e2neo Oriental. O Minist\u00e9rio da Defesa da Turquia afirmou que a muni\u00e7\u00e3o foi destru\u00edda por elementos de defesa a\u00e9rea e antim\u00edsseis da NATO destacados na regi\u00e3o. O governo turco disse que est\u00e1 a tomar medidas decisivas e sem hesita\u00e7\u00e3o contra amea\u00e7as ao territ\u00f3rio e ao espa\u00e7o a\u00e9reo, e que negocia\u00e7\u00f5es est\u00e3o em curso para esclarecer o incidente. Sirenes tocaram em Adana durante a madrugada, e houve relatos de que um m\u00edssil dirigido \u00e0 base de Incirlik poder\u00e1 ter sido abatido, embora a declara\u00e7\u00e3o oficial n\u00e3o confirme o alvo nem o local exato. Mojtaba Khamenei advertiu que as bases americanas na regi\u00e3o devem ser encerradas de imediato, sob o risco de ataques, apelando aos pa\u00edses para esclarecerem a posi\u00e7\u00e3o face \u00e0s a\u00e7\u00f5es dos Estados Unidos.","og_url":"https:\/\/portaltela.pt\/noticias\/2026\/03\/13\/nato-interceta-novo-missil-sobre-o-espaco-aereo-turco\/","og_site_name":"Portal Tela Portugal","article_published_time":"2026-03-13T12:17:07+00:00","author":"Telinha","twitter_card":"summary_large_image","twitter_misc":{"Escrito por":"Telinha","Tempo estimado de leitura":"2 minutos"},"schema":{"@context":"https:\/\/schema.org","@graph":[{"@type":"Article","@id":"https:\/\/portaltela.pt\/noticias\/2026\/03\/13\/nato-interceta-novo-missil-sobre-o-espaco-aereo-turco\/#article","isPartOf":{"@id":"https:\/\/portaltela.pt\/noticias\/2026\/03\/13\/nato-interceta-novo-missil-sobre-o-espaco-aereo-turco\/"},"author":{"name":"Telinha","@id":"https:\/\/portaltela.pt\/#\/schema\/person\/c4278d4a6028830caff9ee44b42d32ed"},"headline":"NATO interceta novo m\u00edssil sobre o espa\u00e7o a\u00e9reo turco","datePublished":"2026-03-13T12:17:07+00:00","mainEntityOfPage":{"@id":"https:\/\/portaltela.pt\/noticias\/2026\/03\/13\/nato-interceta-novo-missil-sobre-o-espaco-aereo-turco\/"},"wordCount":342,"image":{"@id":"https:\/\/portaltela.pt\/noticias\/2026\/03\/13\/nato-interceta-novo-missil-sobre-o-espaco-aereo-turco\/#primaryimage"},"thumbnailUrl":"https:\/\/portaltela.pt\/s.01k8rhncp4jt1\/2026\/03\/1536x864_cmsv2_00ca11cf-09f2-52a4-bedd-412c5bba2bf0-9684712.jpg","keywords":["defesa","defesa antim\u00edsseis","diplomacia internacional","Ir\u00e3","Seguran\u00e7a Nacional","Turquia"],"articleSection":["Not\u00edcias"],"inLanguage":"pt-PT"},{"@type":"WebPage","@id":"https:\/\/portaltela.pt\/noticias\/2026\/03\/13\/nato-interceta-novo-missil-sobre-o-espaco-aereo-turco\/","url":"https:\/\/portaltela.pt\/noticias\/2026\/03\/13\/nato-interceta-novo-missil-sobre-o-espaco-aereo-turco\/","name":"NATO interceta novo m\u00edssil sobre o espa\u00e7o a\u00e9reo turco - Portal Tela Portugal","isPartOf":{"@id":"https:\/\/portaltela.pt\/#website"},"primaryImageOfPage":{"@id":"https:\/\/portaltela.pt\/noticias\/2026\/03\/13\/nato-interceta-novo-missil-sobre-o-espaco-aereo-turco\/#primaryimage"},"image":{"@id":"https:\/\/portaltela.pt\/noticias\/2026\/03\/13\/nato-interceta-novo-missil-sobre-o-espaco-aereo-turco\/#primaryimage"},"thumbnailUrl":"https:\/\/portaltela.pt\/s.01k8rhncp4jt1\/2026\/03\/1536x864_cmsv2_00ca11cf-09f2-52a4-bedd-412c5bba2bf0-9684712.jpg","datePublished":"2026-03-13T12:17:07+00:00","author":{"@id":"https:\/\/portaltela.pt\/#\/schema\/person\/c4278d4a6028830caff9ee44b42d32ed"},"breadcrumb":{"@id":"https:\/\/portaltela.pt\/noticias\/2026\/03\/13\/nato-interceta-novo-missil-sobre-o-espaco-aereo-turco\/#breadcrumb"},"inLanguage":"pt-PT","potentialAction":[{"@type":"ReadAction","target":["https:\/\/portaltela.pt\/noticias\/2026\/03\/13\/nato-interceta-novo-missil-sobre-o-espaco-aereo-turco\/"]}]},{"@type":"ImageObject","inLanguage":"pt-PT","@id":"https:\/\/portaltela.pt\/noticias\/2026\/03\/13\/nato-interceta-novo-missil-sobre-o-espaco-aereo-turco\/#primaryimage","url":"https:\/\/portaltela.pt\/s.01k8rhncp4jt1\/2026\/03\/1536x864_cmsv2_00ca11cf-09f2-52a4-bedd-412c5bba2bf0-9684712.jpg","contentUrl":"https:\/\/portaltela.pt\/s.01k8rhncp4jt1\/2026\/03\/1536x864_cmsv2_00ca11cf-09f2-52a4-bedd-412c5bba2bf0-9684712.jpg","width":796,"height":448,"caption":"Minist\u00e9rio da Defesa Nacional"},{"@type":"BreadcrumbList","@id":"https:\/\/portaltela.pt\/noticias\/2026\/03\/13\/nato-interceta-novo-missil-sobre-o-espaco-aereo-turco\/#breadcrumb","itemListElement":[{"@type":"ListItem","position":1,"name":"In\u00edcio","item":"https:\/\/portaltela.pt\/"},{"@type":"ListItem","position":2,"name":"NATO interceta novo m\u00edssil sobre o espa\u00e7o a\u00e9reo turco"}]},{"@type":"WebSite","@id":"https:\/\/portaltela.pt\/#website","url":"https:\/\/portaltela.pt\/","name":"Portal Tela Portugal","description":"","potentialAction":[{"@type":"SearchAction","target":{"@type":"EntryPoint","urlTemplate":"https:\/\/portaltela.pt\/?s={search_term_string}"},"query-input":{"@type":"PropertyValueSpecification","valueRequired":true,"valueName":"search_term_string"}}],"inLanguage":"pt-PT"},{"@type":"Person","@id":"https:\/\/portaltela.pt\/#\/schema\/person\/c4278d4a6028830caff9ee44b42d32ed","name":"Telinha","image":{"@type":"ImageObject","inLanguage":"pt-PT","@id":"https:\/\/portaltela.pt\/s.01k8rhncp4jt1\/2025\/11\/talking-bot-125x125.png","url":"https:\/\/portaltela.pt\/s.01k8rhncp4jt1\/2025\/11\/talking-bot-125x125.png","contentUrl":"https:\/\/portaltela.pt\/s.01k8rhncp4jt1\/2025\/11\/talking-bot-125x125.png","caption":"Telinha"},"sameAs":["https:\/\/portaltela.pt\/"],"url":"https:\/\/portaltela.pt\/por\/367410592786\/"}]}},"_links":{"self":[{"href":"https:\/\/portaltela.pt\/api\/wp\/v2\/posts\/408695","targetHints":{"allow":["GET"]}}],"collection":[{"href":"https:\/\/portaltela.pt\/api\/wp\/v2\/posts"}],"about":[{"href":"https:\/\/portaltela.pt\/api\/wp\/v2\/types\/post"}],"author":[{"embeddable":true,"href":"https:\/\/portaltela.pt\/api\/wp\/v2\/users\/2"}],"replies":[{"embeddable":true,"href":"https:\/\/portaltela.pt\/api\/wp\/v2\/comments?post=408695"}],"version-history":[{"count":0,"href":"https:\/\/portaltela.pt\/api\/wp\/v2\/posts\/408695\/revisions"}],"wp:featuredmedia":[{"embeddable":true,"href":"https:\/\/portaltela.pt\/api\/wp\/v2\/media\/408706"}],"wp:attachment":[{"href":"https:\/\/portaltela.pt\/api\/wp\/v2\/media?parent=408695"}],"wp:term":[{"taxonomy":"category","embeddable":true,"href":"https:\/\/portaltela.pt\/api\/wp\/v2\/categories?post=408695"},{"taxonomy":"post_tag","embeddable":true,"href":"https:\/\/portaltela.pt\/api\/wp\/v2\/tags?post=408695"}],"curies":[{"name":"wp","href":"https:\/\/api.w.org\/{rel}","templated":true}]}}