{"id":408681,"date":"2026-03-13T08:52:00","date_gmt":"2026-03-13T11:52:00","guid":{"rendered":"https:\/\/portaltela.pt\/noticias\/2026\/03\/13\/passageiros-nos-aeroportos-nacionais-sobem-4-em-janeiro-para-44-milhoes\/"},"modified":"2026-03-13T08:52:00","modified_gmt":"2026-03-13T11:52:00","slug":"passageiros-nos-aeroportos-nacionais-sobem-4-em-janeiro-para-44-milhoes","status":"publish","type":"post","link":"https:\/\/portaltela.pt\/noticias\/2026\/03\/13\/passageiros-nos-aeroportos-nacionais-sobem-4-em-janeiro-para-44-milhoes\/","title":{"rendered":"Passageiros nos aeroportos nacionais sobem 4% em janeiro para 4,4 milh\u00f5es"},"content":{"rendered":"<p>Os aeroportos nacionais movimentaram 4,4 milh\u00f5es de passageiros em janeiro, mais 4,0% face a janeiro de 2025, informa o Instituto Nacional de Estat\u00edstica (INE).<\/p>\n<p>Os n\u00fameros foram divulgados hoje pelo INE e refletem uma subida no tr\u00e1fego aeroportu\u00e1rio no primeiro m\u00eas do ano. Ainda n\u00e3o s\u00e3o detalhados os voos por aeroporto nem as parcelas de viagens nacionais versus internacionais.<\/p>\n<p>O relat\u00f3rio n\u00e3o encerra motiva\u00e7\u00f5es espec\u00edficas para o crescimento, mas posiciona o dado como parte de uma tend\u00eancia de recupera\u00e7\u00e3o da avia\u00e7\u00e3o civil no pa\u00eds.<\/p>\n<h3>Contexto do aumento no tr\u00e1fego<\/h3>\n<p>As informa\u00e7\u00f5es dispon\u00edveis n\u00e3o aprofundam a reparti\u00e7\u00e3o regional ou por operador. O INE apenas confirma o total agregado de passageiros em janeiro, mantendo o foco na leitura global do desempenho do setor.<\/p>\n","protected":false},"excerpt":{"rendered":"<ul>\n<li>Os aeroportos nacionais movimentaram 4,4 milh\u00f5es de passageiros em janeiro.<\/li>\n<li>O crescimento foi de 4,0% face a janeiro de 2025.<\/li>\n<li>os dados foram divulgados pelo Instituto Nacional de Estat\u00edstica (INE).<\/li>\n<li>A informa\u00e7\u00e3o reflete a performance do setor de transporte de passageiros no in\u00edcio do ano.<\/li>\n<\/ul>\n","protected":false},"author":2,"featured_media":408683,"comment_status":"closed","ping_status":"closed","sticky":false,"template":"","format":"standard","meta":{"footnotes":""},"categories":[1],"tags":[6115,6107,3302,6789,28,1014],"class_list":["post-408681","post","type-post","status-publish","format-standard","has-post-thumbnail","hentry","category-noticias","tag-_economia","tag-a-aviacao","tag-aeroportos","tag-avioes","tag-economia","tag-portugal"],"yoast_head":"<!-- This site is optimized with the Yoast SEO plugin v27.2 - https:\/\/yoast.com\/product\/yoast-seo-wordpress\/ -->\n<title>Passageiros nos aeroportos nacionais sobem 4% em janeiro para 4,4 milh\u00f5es - Portal Tela Portugal<\/title>\n<meta name=\"robots\" content=\"index, follow, max-snippet:-1, max-image-preview:large, max-video-preview:-1\" \/>\n<meta property=\"og:locale\" content=\"pt_PT\" \/>\n<meta property=\"og:type\" content=\"article\" \/>\n<meta property=\"og:title\" content=\"Passageiros nos aeroportos nacionais sobem 4% em janeiro para 4,4 milh\u00f5es - Portal Tela Portugal\" \/>\n<meta property=\"og:description\" content=\"Os aeroportos nacionais movimentaram 4,4 milh\u00f5es de passageiros em janeiro. O crescimento foi de 4,0% face a janeiro de 2025. os dados foram divulgados pelo Instituto Nacional de Estat\u00edstica (INE). A informa\u00e7\u00e3o reflete a performance do setor de transporte de passageiros no in\u00edcio do ano.\" \/>\n<meta property=\"og:url\" content=\"https:\/\/portaltela.pt\/noticias\/2026\/03\/13\/passageiros-nos-aeroportos-nacionais-sobem-4-em-janeiro-para-44-milhoes\/\" \/>\n<meta property=\"og:site_name\" content=\"Portal Tela Portugal\" \/>\n<meta property=\"article:published_time\" content=\"2026-03-13T11:52:00+00:00\" \/>\n<meta name=\"author\" content=\"Telinha\" \/>\n<meta name=\"twitter:card\" content=\"summary_large_image\" \/>\n<meta name=\"twitter:label1\" content=\"Escrito por\" \/>\n\t<meta name=\"twitter:data1\" content=\"Telinha\" \/>\n\t<meta name=\"twitter:label2\" content=\"Tempo estimado de leitura\" \/>\n\t<meta name=\"twitter:data2\" content=\"1 minuto\" \/>\n<script type=\"application\/ld+json\" class=\"yoast-schema-graph\">{\"@context\":\"https:\/\/schema.org\",\"@graph\":[{\"@type\":\"Article\",\"@id\":\"https:\/\/portaltela.pt\/noticias\/2026\/03\/13\/passageiros-nos-aeroportos-nacionais-sobem-4-em-janeiro-para-44-milhoes\/#article\",\"isPartOf\":{\"@id\":\"https:\/\/portaltela.pt\/noticias\/2026\/03\/13\/passageiros-nos-aeroportos-nacionais-sobem-4-em-janeiro-para-44-milhoes\/\"},\"author\":{\"name\":\"Telinha\",\"@id\":\"https:\/\/portaltela.pt\/#\/schema\/person\/c4278d4a6028830caff9ee44b42d32ed\"},\"headline\":\"Passageiros nos aeroportos nacionais sobem 4% em janeiro para 4,4 milh\u00f5es\",\"datePublished\":\"2026-03-13T11:52:00+00:00\",\"mainEntityOfPage\":{\"@id\":\"https:\/\/portaltela.pt\/noticias\/2026\/03\/13\/passageiros-nos-aeroportos-nacionais-sobem-4-em-janeiro-para-44-milhoes\/\"},\"wordCount\":149,\"image\":{\"@id\":\"https:\/\/portaltela.pt\/noticias\/2026\/03\/13\/passageiros-nos-aeroportos-nacionais-sobem-4-em-janeiro-para-44-milhoes\/#primaryimage\"},\"thumbnailUrl\":\"https:\/\/portaltela.pt\/s.01k8rhncp4jt1\/2026\/03\/CACHE_780X1200_ANALOG_WATERMARKED_46312297_7211973_08012026013138.jpg\",\"keywords\":[\"_economia\",\"a avia\u00e7\u00e3o\",\"aeroportos\",\"avi\u00f5es\",\"economia\",\"Portugal\"],\"articleSection\":[\"Not\u00edcias\"],\"inLanguage\":\"pt-PT\"},{\"@type\":\"WebPage\",\"@id\":\"https:\/\/portaltela.pt\/noticias\/2026\/03\/13\/passageiros-nos-aeroportos-nacionais-sobem-4-em-janeiro-para-44-milhoes\/\",\"url\":\"https:\/\/portaltela.pt\/noticias\/2026\/03\/13\/passageiros-nos-aeroportos-nacionais-sobem-4-em-janeiro-para-44-milhoes\/\",\"name\":\"Passageiros nos aeroportos nacionais sobem 4% em janeiro para 4,4 milh\u00f5es - Portal Tela Portugal\",\"isPartOf\":{\"@id\":\"https:\/\/portaltela.pt\/#website\"},\"primaryImageOfPage\":{\"@id\":\"https:\/\/portaltela.pt\/noticias\/2026\/03\/13\/passageiros-nos-aeroportos-nacionais-sobem-4-em-janeiro-para-44-milhoes\/#primaryimage\"},\"image\":{\"@id\":\"https:\/\/portaltela.pt\/noticias\/2026\/03\/13\/passageiros-nos-aeroportos-nacionais-sobem-4-em-janeiro-para-44-milhoes\/#primaryimage\"},\"thumbnailUrl\":\"https:\/\/portaltela.pt\/s.01k8rhncp4jt1\/2026\/03\/CACHE_780X1200_ANALOG_WATERMARKED_46312297_7211973_08012026013138.jpg\",\"datePublished\":\"2026-03-13T11:52:00+00:00\",\"author\":{\"@id\":\"https:\/\/portaltela.pt\/#\/schema\/person\/c4278d4a6028830caff9ee44b42d32ed\"},\"breadcrumb\":{\"@id\":\"https:\/\/portaltela.pt\/noticias\/2026\/03\/13\/passageiros-nos-aeroportos-nacionais-sobem-4-em-janeiro-para-44-milhoes\/#breadcrumb\"},\"inLanguage\":\"pt-PT\",\"potentialAction\":[{\"@type\":\"ReadAction\",\"target\":[\"https:\/\/portaltela.pt\/noticias\/2026\/03\/13\/passageiros-nos-aeroportos-nacionais-sobem-4-em-janeiro-para-44-milhoes\/\"]}]},{\"@type\":\"ImageObject\",\"inLanguage\":\"pt-PT\",\"@id\":\"https:\/\/portaltela.pt\/noticias\/2026\/03\/13\/passageiros-nos-aeroportos-nacionais-sobem-4-em-janeiro-para-44-milhoes\/#primaryimage\",\"url\":\"https:\/\/portaltela.pt\/s.01k8rhncp4jt1\/2026\/03\/CACHE_780X1200_ANALOG_WATERMARKED_46312297_7211973_08012026013138.jpg\",\"contentUrl\":\"https:\/\/portaltela.pt\/s.01k8rhncp4jt1\/2026\/03\/CACHE_780X1200_ANALOG_WATERMARKED_46312297_7211973_08012026013138.jpg\",\"width\":796,\"height\":448,\"caption\":\"Passageiros nos aeroportos nacionais sobem 4% em janeiro para 4,4 milh\u00f5es - INE\"},{\"@type\":\"BreadcrumbList\",\"@id\":\"https:\/\/portaltela.pt\/noticias\/2026\/03\/13\/passageiros-nos-aeroportos-nacionais-sobem-4-em-janeiro-para-44-milhoes\/#breadcrumb\",\"itemListElement\":[{\"@type\":\"ListItem\",\"position\":1,\"name\":\"In\u00edcio\",\"item\":\"https:\/\/portaltela.pt\/\"},{\"@type\":\"ListItem\",\"position\":2,\"name\":\"Passageiros nos aeroportos nacionais sobem 4% em janeiro para 4,4 milh\u00f5es\"}]},{\"@type\":\"WebSite\",\"@id\":\"https:\/\/portaltela.pt\/#website\",\"url\":\"https:\/\/portaltela.pt\/\",\"name\":\"Portal Tela Portugal\",\"description\":\"\",\"potentialAction\":[{\"@type\":\"SearchAction\",\"target\":{\"@type\":\"EntryPoint\",\"urlTemplate\":\"https:\/\/portaltela.pt\/?s={search_term_string}\"},\"query-input\":{\"@type\":\"PropertyValueSpecification\",\"valueRequired\":true,\"valueName\":\"search_term_string\"}}],\"inLanguage\":\"pt-PT\"},{\"@type\":\"Person\",\"@id\":\"https:\/\/portaltela.pt\/#\/schema\/person\/c4278d4a6028830caff9ee44b42d32ed\",\"name\":\"Telinha\",\"image\":{\"@type\":\"ImageObject\",\"inLanguage\":\"pt-PT\",\"@id\":\"https:\/\/portaltela.pt\/s.01k8rhncp4jt1\/2025\/11\/talking-bot-125x125.png\",\"url\":\"https:\/\/portaltela.pt\/s.01k8rhncp4jt1\/2025\/11\/talking-bot-125x125.png\",\"contentUrl\":\"https:\/\/portaltela.pt\/s.01k8rhncp4jt1\/2025\/11\/talking-bot-125x125.png\",\"caption\":\"Telinha\"},\"sameAs\":[\"https:\/\/portaltela.pt\/\"],\"url\":\"https:\/\/portaltela.pt\/por\/367410592786\/\"}]}<\/script>\n<!-- \/ Yoast SEO plugin. -->","yoast_head_json":{"title":"Passageiros nos aeroportos nacionais sobem 4% em janeiro para 4,4 milh\u00f5es - Portal Tela Portugal","robots":{"index":"index","follow":"follow","max-snippet":"max-snippet:-1","max-image-preview":"max-image-preview:large","max-video-preview":"max-video-preview:-1"},"og_locale":"pt_PT","og_type":"article","og_title":"Passageiros nos aeroportos nacionais sobem 4% em janeiro para 4,4 milh\u00f5es - Portal Tela Portugal","og_description":"Os aeroportos nacionais movimentaram 4,4 milh\u00f5es de passageiros em janeiro. O crescimento foi de 4,0% face a janeiro de 2025. os dados foram divulgados pelo Instituto Nacional de Estat\u00edstica (INE). A informa\u00e7\u00e3o reflete a performance do setor de transporte de passageiros no in\u00edcio do ano.","og_url":"https:\/\/portaltela.pt\/noticias\/2026\/03\/13\/passageiros-nos-aeroportos-nacionais-sobem-4-em-janeiro-para-44-milhoes\/","og_site_name":"Portal Tela Portugal","article_published_time":"2026-03-13T11:52:00+00:00","author":"Telinha","twitter_card":"summary_large_image","twitter_misc":{"Escrito por":"Telinha","Tempo estimado de leitura":"1 minuto"},"schema":{"@context":"https:\/\/schema.org","@graph":[{"@type":"Article","@id":"https:\/\/portaltela.pt\/noticias\/2026\/03\/13\/passageiros-nos-aeroportos-nacionais-sobem-4-em-janeiro-para-44-milhoes\/#article","isPartOf":{"@id":"https:\/\/portaltela.pt\/noticias\/2026\/03\/13\/passageiros-nos-aeroportos-nacionais-sobem-4-em-janeiro-para-44-milhoes\/"},"author":{"name":"Telinha","@id":"https:\/\/portaltela.pt\/#\/schema\/person\/c4278d4a6028830caff9ee44b42d32ed"},"headline":"Passageiros nos aeroportos nacionais sobem 4% em janeiro para 4,4 milh\u00f5es","datePublished":"2026-03-13T11:52:00+00:00","mainEntityOfPage":{"@id":"https:\/\/portaltela.pt\/noticias\/2026\/03\/13\/passageiros-nos-aeroportos-nacionais-sobem-4-em-janeiro-para-44-milhoes\/"},"wordCount":149,"image":{"@id":"https:\/\/portaltela.pt\/noticias\/2026\/03\/13\/passageiros-nos-aeroportos-nacionais-sobem-4-em-janeiro-para-44-milhoes\/#primaryimage"},"thumbnailUrl":"https:\/\/portaltela.pt\/s.01k8rhncp4jt1\/2026\/03\/CACHE_780X1200_ANALOG_WATERMARKED_46312297_7211973_08012026013138.jpg","keywords":["_economia","a avia\u00e7\u00e3o","aeroportos","avi\u00f5es","economia","Portugal"],"articleSection":["Not\u00edcias"],"inLanguage":"pt-PT"},{"@type":"WebPage","@id":"https:\/\/portaltela.pt\/noticias\/2026\/03\/13\/passageiros-nos-aeroportos-nacionais-sobem-4-em-janeiro-para-44-milhoes\/","url":"https:\/\/portaltela.pt\/noticias\/2026\/03\/13\/passageiros-nos-aeroportos-nacionais-sobem-4-em-janeiro-para-44-milhoes\/","name":"Passageiros nos aeroportos nacionais sobem 4% em janeiro para 4,4 milh\u00f5es - Portal Tela Portugal","isPartOf":{"@id":"https:\/\/portaltela.pt\/#website"},"primaryImageOfPage":{"@id":"https:\/\/portaltela.pt\/noticias\/2026\/03\/13\/passageiros-nos-aeroportos-nacionais-sobem-4-em-janeiro-para-44-milhoes\/#primaryimage"},"image":{"@id":"https:\/\/portaltela.pt\/noticias\/2026\/03\/13\/passageiros-nos-aeroportos-nacionais-sobem-4-em-janeiro-para-44-milhoes\/#primaryimage"},"thumbnailUrl":"https:\/\/portaltela.pt\/s.01k8rhncp4jt1\/2026\/03\/CACHE_780X1200_ANALOG_WATERMARKED_46312297_7211973_08012026013138.jpg","datePublished":"2026-03-13T11:52:00+00:00","author":{"@id":"https:\/\/portaltela.pt\/#\/schema\/person\/c4278d4a6028830caff9ee44b42d32ed"},"breadcrumb":{"@id":"https:\/\/portaltela.pt\/noticias\/2026\/03\/13\/passageiros-nos-aeroportos-nacionais-sobem-4-em-janeiro-para-44-milhoes\/#breadcrumb"},"inLanguage":"pt-PT","potentialAction":[{"@type":"ReadAction","target":["https:\/\/portaltela.pt\/noticias\/2026\/03\/13\/passageiros-nos-aeroportos-nacionais-sobem-4-em-janeiro-para-44-milhoes\/"]}]},{"@type":"ImageObject","inLanguage":"pt-PT","@id":"https:\/\/portaltela.pt\/noticias\/2026\/03\/13\/passageiros-nos-aeroportos-nacionais-sobem-4-em-janeiro-para-44-milhoes\/#primaryimage","url":"https:\/\/portaltela.pt\/s.01k8rhncp4jt1\/2026\/03\/CACHE_780X1200_ANALOG_WATERMARKED_46312297_7211973_08012026013138.jpg","contentUrl":"https:\/\/portaltela.pt\/s.01k8rhncp4jt1\/2026\/03\/CACHE_780X1200_ANALOG_WATERMARKED_46312297_7211973_08012026013138.jpg","width":796,"height":448,"caption":"Passageiros nos aeroportos nacionais sobem 4% em janeiro para 4,4 milh\u00f5es - INE"},{"@type":"BreadcrumbList","@id":"https:\/\/portaltela.pt\/noticias\/2026\/03\/13\/passageiros-nos-aeroportos-nacionais-sobem-4-em-janeiro-para-44-milhoes\/#breadcrumb","itemListElement":[{"@type":"ListItem","position":1,"name":"In\u00edcio","item":"https:\/\/portaltela.pt\/"},{"@type":"ListItem","position":2,"name":"Passageiros nos aeroportos nacionais sobem 4% em janeiro para 4,4 milh\u00f5es"}]},{"@type":"WebSite","@id":"https:\/\/portaltela.pt\/#website","url":"https:\/\/portaltela.pt\/","name":"Portal Tela Portugal","description":"","potentialAction":[{"@type":"SearchAction","target":{"@type":"EntryPoint","urlTemplate":"https:\/\/portaltela.pt\/?s={search_term_string}"},"query-input":{"@type":"PropertyValueSpecification","valueRequired":true,"valueName":"search_term_string"}}],"inLanguage":"pt-PT"},{"@type":"Person","@id":"https:\/\/portaltela.pt\/#\/schema\/person\/c4278d4a6028830caff9ee44b42d32ed","name":"Telinha","image":{"@type":"ImageObject","inLanguage":"pt-PT","@id":"https:\/\/portaltela.pt\/s.01k8rhncp4jt1\/2025\/11\/talking-bot-125x125.png","url":"https:\/\/portaltela.pt\/s.01k8rhncp4jt1\/2025\/11\/talking-bot-125x125.png","contentUrl":"https:\/\/portaltela.pt\/s.01k8rhncp4jt1\/2025\/11\/talking-bot-125x125.png","caption":"Telinha"},"sameAs":["https:\/\/portaltela.pt\/"],"url":"https:\/\/portaltela.pt\/por\/367410592786\/"}]}},"_links":{"self":[{"href":"https:\/\/portaltela.pt\/api\/wp\/v2\/posts\/408681","targetHints":{"allow":["GET"]}}],"collection":[{"href":"https:\/\/portaltela.pt\/api\/wp\/v2\/posts"}],"about":[{"href":"https:\/\/portaltela.pt\/api\/wp\/v2\/types\/post"}],"author":[{"embeddable":true,"href":"https:\/\/portaltela.pt\/api\/wp\/v2\/users\/2"}],"replies":[{"embeddable":true,"href":"https:\/\/portaltela.pt\/api\/wp\/v2\/comments?post=408681"}],"version-history":[{"count":0,"href":"https:\/\/portaltela.pt\/api\/wp\/v2\/posts\/408681\/revisions"}],"wp:featuredmedia":[{"embeddable":true,"href":"https:\/\/portaltela.pt\/api\/wp\/v2\/media\/408683"}],"wp:attachment":[{"href":"https:\/\/portaltela.pt\/api\/wp\/v2\/media?parent=408681"}],"wp:term":[{"taxonomy":"category","embeddable":true,"href":"https:\/\/portaltela.pt\/api\/wp\/v2\/categories?post=408681"},{"taxonomy":"post_tag","embeddable":true,"href":"https:\/\/portaltela.pt\/api\/wp\/v2\/tags?post=408681"}],"curies":[{"name":"wp","href":"https:\/\/api.w.org\/{rel}","templated":true}]}}