{"id":408664,"date":"2026-03-13T08:31:00","date_gmt":"2026-03-13T11:31:00","guid":{"rendered":"https:\/\/portaltela.pt\/noticias\/2026\/03\/13\/adolescente-de-16-detido-por-roubos-com-armas-junto-a-escolas-na-moita\/"},"modified":"2026-03-13T08:31:00","modified_gmt":"2026-03-13T11:31:00","slug":"adolescente-de-16-detido-por-roubos-com-armas-junto-a-escolas-na-moita","status":"publish","type":"post","link":"https:\/\/portaltela.pt\/policia\/2026\/03\/13\/adolescente-de-16-detido-por-roubos-com-armas-junto-a-escolas-na-moita\/","title":{"rendered":"Adolescente de 16 detido por roubos com armas junto a escolas na Moita"},"content":{"rendered":"<p>Um jovem de 16 anos foi detido pela PSP do Barreiro, suspeito de quatro roubos junto a escolas na Vila da Moita, desde o in\u00edcio do ano. A opera\u00e7\u00e3o envolve a utiliza\u00e7\u00e3o de armas brancas e viol\u00eancia para subtrair telem\u00f3veis a v\u00edtimas, todas menores.<\/p>\n<p>Segundo a pol\u00edcia, os crimes ocorreram em contexto de criminalidade grupal juvenil, com o suspeito a atuar em superioridade num\u00e9rica junto a estabelecimentos de ensino. Em alguns casos, houve abuso de armas brancas para intimidar as v\u00edtimas.<\/p>\n<p>Entre 5 de janeiro e 24 de fevereiro, foram apurados quatro roubos, tr\u00eas deles qualificados. A PSP identificou ainda um roubo anterior, aos 15 anos, numa loja da Baixa da Banheira, em que houve agress\u00e3o a um agente durante a fuga. O jovem ficou em pris\u00e3o preventiva.<\/p>\n<p>A deten\u00e7\u00e3o ocorreu fora de flagrante delito a 6 de mar\u00e7o, ap\u00f3s dilig\u00eancias que reuniram provas suficientes para imputar os crimes. O suspeito foi apresentado ao interrogat\u00f3rio judicial, tendo-lhe sido aplicada a medida de coa\u00e7\u00e3o de pris\u00e3o preventiva.<\/p>\n<p>A PSP afirma ter dado um passo relevante no refor\u00e7o da seguran\u00e7a na Moita, com especial foco na comunidade escolar, principal alvo do investigado. A investiga\u00e7\u00e3o prossegue para confirmar o alcance total dos factos.<\/p>\n","protected":false},"excerpt":{"rendered":"<ul>\n<li>Jovem de 16 anos foi detido pela PSP do Barreiro por suspeita de quatro roubos junto a escolas na Vila da Moita, desde in\u00edcio do ano.<\/li>\n<li>Crimes ocorriam em contexto de criminalidade grupal juvenil, com v\u00edtimas menores de idade, uso de viol\u00eancia e armas brancas para subtrair telefones.<\/li>\n<li>Entre 5 de janeiro e 24 de fevereiro foram apurados pelo menos quatro roubos, tr\u00eas deles qualificados; foi ainda identificado um roubo em estabelecimento comercial aos 15 anos na Baixa da Banheira, em que agrediu um pol\u00edcia.<\/li>\n<li>Detido fora de flagrante a 6 de mar\u00e7o, foi apresentado a primeiro interrogat\u00f3rio judicial e ficou em pris\u00e3o preventiva.<\/li>\n<li>PSP afirma ter dado um passo relevante para refor\u00e7ar a sensa\u00e7\u00e3o de seguran\u00e7a na Moita, especialmente junto da comunidade escolar.<\/li>\n<\/ul>\n","protected":false},"author":2,"featured_media":408665,"comment_status":"closed","ping_status":"closed","sticky":false,"template":"","format":"standard","meta":{"footnotes":""},"categories":[6907,6781],"tags":[177,2928,6056,3569,203,3102],"class_list":["post-408664","post","type-post","status-publish","format-standard","has-post-thumbnail","hentry","category-crime","category-policia","tag-crimes","tag-juvenis","tag-menores","tag-moita","tag-roubo","tag-roubo-agravado"],"yoast_head":"<!-- This site is optimized with the Yoast SEO plugin v27.2 - https:\/\/yoast.com\/product\/yoast-seo-wordpress\/ -->\n<title>Adolescente de 16 detido por roubos com armas junto a escolas na Moita - Portal Tela Portugal<\/title>\n<meta name=\"robots\" content=\"index, follow, max-snippet:-1, max-image-preview:large, max-video-preview:-1\" \/>\n<meta property=\"og:locale\" content=\"pt_PT\" \/>\n<meta property=\"og:type\" content=\"article\" \/>\n<meta property=\"og:title\" content=\"Adolescente de 16 detido por roubos com armas junto a escolas na Moita - Portal Tela Portugal\" \/>\n<meta property=\"og:description\" content=\"Jovem de 16 anos foi detido pela PSP do Barreiro por suspeita de quatro roubos junto a escolas na Vila da Moita, desde in\u00edcio do ano. Crimes ocorriam em contexto de criminalidade grupal juvenil, com v\u00edtimas menores de idade, uso de viol\u00eancia e armas brancas para subtrair telefones. Entre 5 de janeiro e 24 de fevereiro foram apurados pelo menos quatro roubos, tr\u00eas deles qualificados; foi ainda identificado um roubo em estabelecimento comercial aos 15 anos na Baixa da Banheira, em que agrediu um pol\u00edcia. Detido fora de flagrante a 6 de mar\u00e7o, foi apresentado a primeiro interrogat\u00f3rio judicial e ficou em pris\u00e3o preventiva. PSP afirma ter dado um passo relevante para refor\u00e7ar a sensa\u00e7\u00e3o de seguran\u00e7a na Moita, especialmente junto da comunidade escolar.\" \/>\n<meta property=\"og:url\" content=\"https:\/\/portaltela.pt\/noticias\/2026\/03\/13\/adolescente-de-16-detido-por-roubos-com-armas-junto-a-escolas-na-moita\/\" \/>\n<meta property=\"og:site_name\" content=\"Portal Tela Portugal\" \/>\n<meta property=\"article:published_time\" content=\"2026-03-13T11:31:00+00:00\" \/>\n<meta name=\"author\" content=\"Telinha\" \/>\n<meta name=\"twitter:card\" content=\"summary_large_image\" \/>\n<meta name=\"twitter:label1\" content=\"Escrito por\" \/>\n\t<meta name=\"twitter:data1\" content=\"Telinha\" \/>\n\t<meta name=\"twitter:label2\" content=\"Tempo estimado de leitura\" \/>\n\t<meta name=\"twitter:data2\" content=\"1 minuto\" \/>\n<script type=\"application\/ld+json\" class=\"yoast-schema-graph\">{\"@context\":\"https:\/\/schema.org\",\"@graph\":[{\"@type\":\"Article\",\"@id\":\"https:\/\/portaltela.pt\/noticias\/2026\/03\/13\/adolescente-de-16-detido-por-roubos-com-armas-junto-a-escolas-na-moita\/#article\",\"isPartOf\":{\"@id\":\"https:\/\/portaltela.pt\/noticias\/2026\/03\/13\/adolescente-de-16-detido-por-roubos-com-armas-junto-a-escolas-na-moita\/\"},\"author\":{\"name\":\"Telinha\",\"@id\":\"https:\/\/portaltela.pt\/#\/schema\/person\/c4278d4a6028830caff9ee44b42d32ed\"},\"headline\":\"Adolescente de 16 detido por roubos com armas junto a escolas na Moita\",\"datePublished\":\"2026-03-13T11:31:00+00:00\",\"mainEntityOfPage\":{\"@id\":\"https:\/\/portaltela.pt\/noticias\/2026\/03\/13\/adolescente-de-16-detido-por-roubos-com-armas-junto-a-escolas-na-moita\/\"},\"wordCount\":229,\"image\":{\"@id\":\"https:\/\/portaltela.pt\/noticias\/2026\/03\/13\/adolescente-de-16-detido-por-roubos-com-armas-junto-a-escolas-na-moita\/#primaryimage\"},\"thumbnailUrl\":\"https:\/\/portaltela.pt\/s.01k8rhncp4jt1\/2026\/03\/3cdeb260-b74d-43a3-8960-90a0314cb718_1200x675.jpg\",\"keywords\":[\"crimes\",\"Juvenis\",\"menores\",\"Moita\",\"roubo\",\"roubo agravado\"],\"articleSection\":[\"Crime\",\"Pol\u00edcia\"],\"inLanguage\":\"pt-PT\"},{\"@type\":\"WebPage\",\"@id\":\"https:\/\/portaltela.pt\/noticias\/2026\/03\/13\/adolescente-de-16-detido-por-roubos-com-armas-junto-a-escolas-na-moita\/\",\"url\":\"https:\/\/portaltela.pt\/noticias\/2026\/03\/13\/adolescente-de-16-detido-por-roubos-com-armas-junto-a-escolas-na-moita\/\",\"name\":\"Adolescente de 16 detido por roubos com armas junto a escolas na Moita - Portal Tela Portugal\",\"isPartOf\":{\"@id\":\"https:\/\/portaltela.pt\/#website\"},\"primaryImageOfPage\":{\"@id\":\"https:\/\/portaltela.pt\/noticias\/2026\/03\/13\/adolescente-de-16-detido-por-roubos-com-armas-junto-a-escolas-na-moita\/#primaryimage\"},\"image\":{\"@id\":\"https:\/\/portaltela.pt\/noticias\/2026\/03\/13\/adolescente-de-16-detido-por-roubos-com-armas-junto-a-escolas-na-moita\/#primaryimage\"},\"thumbnailUrl\":\"https:\/\/portaltela.pt\/s.01k8rhncp4jt1\/2026\/03\/3cdeb260-b74d-43a3-8960-90a0314cb718_1200x675.jpg\",\"datePublished\":\"2026-03-13T11:31:00+00:00\",\"author\":{\"@id\":\"https:\/\/portaltela.pt\/#\/schema\/person\/c4278d4a6028830caff9ee44b42d32ed\"},\"breadcrumb\":{\"@id\":\"https:\/\/portaltela.pt\/noticias\/2026\/03\/13\/adolescente-de-16-detido-por-roubos-com-armas-junto-a-escolas-na-moita\/#breadcrumb\"},\"inLanguage\":\"pt-PT\",\"potentialAction\":[{\"@type\":\"ReadAction\",\"target\":[\"https:\/\/portaltela.pt\/noticias\/2026\/03\/13\/adolescente-de-16-detido-por-roubos-com-armas-junto-a-escolas-na-moita\/\"]}]},{\"@type\":\"ImageObject\",\"inLanguage\":\"pt-PT\",\"@id\":\"https:\/\/portaltela.pt\/noticias\/2026\/03\/13\/adolescente-de-16-detido-por-roubos-com-armas-junto-a-escolas-na-moita\/#primaryimage\",\"url\":\"https:\/\/portaltela.pt\/s.01k8rhncp4jt1\/2026\/03\/3cdeb260-b74d-43a3-8960-90a0314cb718_1200x675.jpg\",\"contentUrl\":\"https:\/\/portaltela.pt\/s.01k8rhncp4jt1\/2026\/03\/3cdeb260-b74d-43a3-8960-90a0314cb718_1200x675.jpg\",\"width\":796,\"height\":448,\"caption\":\"PSP deteve adolescente suspeito de cinco roubos com arma na Moita e Baixa da Banheira\"},{\"@type\":\"BreadcrumbList\",\"@id\":\"https:\/\/portaltela.pt\/noticias\/2026\/03\/13\/adolescente-de-16-detido-por-roubos-com-armas-junto-a-escolas-na-moita\/#breadcrumb\",\"itemListElement\":[{\"@type\":\"ListItem\",\"position\":1,\"name\":\"In\u00edcio\",\"item\":\"https:\/\/portaltela.pt\/\"},{\"@type\":\"ListItem\",\"position\":2,\"name\":\"Adolescente de 16 detido por roubos com armas junto a escolas na Moita\"}]},{\"@type\":\"WebSite\",\"@id\":\"https:\/\/portaltela.pt\/#website\",\"url\":\"https:\/\/portaltela.pt\/\",\"name\":\"Portal Tela Portugal\",\"description\":\"\",\"potentialAction\":[{\"@type\":\"SearchAction\",\"target\":{\"@type\":\"EntryPoint\",\"urlTemplate\":\"https:\/\/portaltela.pt\/?s={search_term_string}\"},\"query-input\":{\"@type\":\"PropertyValueSpecification\",\"valueRequired\":true,\"valueName\":\"search_term_string\"}}],\"inLanguage\":\"pt-PT\"},{\"@type\":\"Person\",\"@id\":\"https:\/\/portaltela.pt\/#\/schema\/person\/c4278d4a6028830caff9ee44b42d32ed\",\"name\":\"Telinha\",\"image\":{\"@type\":\"ImageObject\",\"inLanguage\":\"pt-PT\",\"@id\":\"https:\/\/portaltela.pt\/s.01k8rhncp4jt1\/2025\/11\/talking-bot-125x125.png\",\"url\":\"https:\/\/portaltela.pt\/s.01k8rhncp4jt1\/2025\/11\/talking-bot-125x125.png\",\"contentUrl\":\"https:\/\/portaltela.pt\/s.01k8rhncp4jt1\/2025\/11\/talking-bot-125x125.png\",\"caption\":\"Telinha\"},\"sameAs\":[\"https:\/\/portaltela.pt\/\"],\"url\":\"https:\/\/portaltela.pt\/por\/367410592786\/\"}]}<\/script>\n<!-- \/ Yoast SEO plugin. -->","yoast_head_json":{"title":"Adolescente de 16 detido por roubos com armas junto a escolas na Moita - Portal Tela Portugal","robots":{"index":"index","follow":"follow","max-snippet":"max-snippet:-1","max-image-preview":"max-image-preview:large","max-video-preview":"max-video-preview:-1"},"og_locale":"pt_PT","og_type":"article","og_title":"Adolescente de 16 detido por roubos com armas junto a escolas na Moita - Portal Tela Portugal","og_description":"Jovem de 16 anos foi detido pela PSP do Barreiro por suspeita de quatro roubos junto a escolas na Vila da Moita, desde in\u00edcio do ano. Crimes ocorriam em contexto de criminalidade grupal juvenil, com v\u00edtimas menores de idade, uso de viol\u00eancia e armas brancas para subtrair telefones. Entre 5 de janeiro e 24 de fevereiro foram apurados pelo menos quatro roubos, tr\u00eas deles qualificados; foi ainda identificado um roubo em estabelecimento comercial aos 15 anos na Baixa da Banheira, em que agrediu um pol\u00edcia. Detido fora de flagrante a 6 de mar\u00e7o, foi apresentado a primeiro interrogat\u00f3rio judicial e ficou em pris\u00e3o preventiva. PSP afirma ter dado um passo relevante para refor\u00e7ar a sensa\u00e7\u00e3o de seguran\u00e7a na Moita, especialmente junto da comunidade escolar.","og_url":"https:\/\/portaltela.pt\/noticias\/2026\/03\/13\/adolescente-de-16-detido-por-roubos-com-armas-junto-a-escolas-na-moita\/","og_site_name":"Portal Tela Portugal","article_published_time":"2026-03-13T11:31:00+00:00","author":"Telinha","twitter_card":"summary_large_image","twitter_misc":{"Escrito por":"Telinha","Tempo estimado de leitura":"1 minuto"},"schema":{"@context":"https:\/\/schema.org","@graph":[{"@type":"Article","@id":"https:\/\/portaltela.pt\/noticias\/2026\/03\/13\/adolescente-de-16-detido-por-roubos-com-armas-junto-a-escolas-na-moita\/#article","isPartOf":{"@id":"https:\/\/portaltela.pt\/noticias\/2026\/03\/13\/adolescente-de-16-detido-por-roubos-com-armas-junto-a-escolas-na-moita\/"},"author":{"name":"Telinha","@id":"https:\/\/portaltela.pt\/#\/schema\/person\/c4278d4a6028830caff9ee44b42d32ed"},"headline":"Adolescente de 16 detido por roubos com armas junto a escolas na Moita","datePublished":"2026-03-13T11:31:00+00:00","mainEntityOfPage":{"@id":"https:\/\/portaltela.pt\/noticias\/2026\/03\/13\/adolescente-de-16-detido-por-roubos-com-armas-junto-a-escolas-na-moita\/"},"wordCount":229,"image":{"@id":"https:\/\/portaltela.pt\/noticias\/2026\/03\/13\/adolescente-de-16-detido-por-roubos-com-armas-junto-a-escolas-na-moita\/#primaryimage"},"thumbnailUrl":"https:\/\/portaltela.pt\/s.01k8rhncp4jt1\/2026\/03\/3cdeb260-b74d-43a3-8960-90a0314cb718_1200x675.jpg","keywords":["crimes","Juvenis","menores","Moita","roubo","roubo agravado"],"articleSection":["Crime","Pol\u00edcia"],"inLanguage":"pt-PT"},{"@type":"WebPage","@id":"https:\/\/portaltela.pt\/noticias\/2026\/03\/13\/adolescente-de-16-detido-por-roubos-com-armas-junto-a-escolas-na-moita\/","url":"https:\/\/portaltela.pt\/noticias\/2026\/03\/13\/adolescente-de-16-detido-por-roubos-com-armas-junto-a-escolas-na-moita\/","name":"Adolescente de 16 detido por roubos com armas junto a escolas na Moita - Portal Tela Portugal","isPartOf":{"@id":"https:\/\/portaltela.pt\/#website"},"primaryImageOfPage":{"@id":"https:\/\/portaltela.pt\/noticias\/2026\/03\/13\/adolescente-de-16-detido-por-roubos-com-armas-junto-a-escolas-na-moita\/#primaryimage"},"image":{"@id":"https:\/\/portaltela.pt\/noticias\/2026\/03\/13\/adolescente-de-16-detido-por-roubos-com-armas-junto-a-escolas-na-moita\/#primaryimage"},"thumbnailUrl":"https:\/\/portaltela.pt\/s.01k8rhncp4jt1\/2026\/03\/3cdeb260-b74d-43a3-8960-90a0314cb718_1200x675.jpg","datePublished":"2026-03-13T11:31:00+00:00","author":{"@id":"https:\/\/portaltela.pt\/#\/schema\/person\/c4278d4a6028830caff9ee44b42d32ed"},"breadcrumb":{"@id":"https:\/\/portaltela.pt\/noticias\/2026\/03\/13\/adolescente-de-16-detido-por-roubos-com-armas-junto-a-escolas-na-moita\/#breadcrumb"},"inLanguage":"pt-PT","potentialAction":[{"@type":"ReadAction","target":["https:\/\/portaltela.pt\/noticias\/2026\/03\/13\/adolescente-de-16-detido-por-roubos-com-armas-junto-a-escolas-na-moita\/"]}]},{"@type":"ImageObject","inLanguage":"pt-PT","@id":"https:\/\/portaltela.pt\/noticias\/2026\/03\/13\/adolescente-de-16-detido-por-roubos-com-armas-junto-a-escolas-na-moita\/#primaryimage","url":"https:\/\/portaltela.pt\/s.01k8rhncp4jt1\/2026\/03\/3cdeb260-b74d-43a3-8960-90a0314cb718_1200x675.jpg","contentUrl":"https:\/\/portaltela.pt\/s.01k8rhncp4jt1\/2026\/03\/3cdeb260-b74d-43a3-8960-90a0314cb718_1200x675.jpg","width":796,"height":448,"caption":"PSP deteve adolescente suspeito de cinco roubos com arma na Moita e Baixa da Banheira"},{"@type":"BreadcrumbList","@id":"https:\/\/portaltela.pt\/noticias\/2026\/03\/13\/adolescente-de-16-detido-por-roubos-com-armas-junto-a-escolas-na-moita\/#breadcrumb","itemListElement":[{"@type":"ListItem","position":1,"name":"In\u00edcio","item":"https:\/\/portaltela.pt\/"},{"@type":"ListItem","position":2,"name":"Adolescente de 16 detido por roubos com armas junto a escolas na Moita"}]},{"@type":"WebSite","@id":"https:\/\/portaltela.pt\/#website","url":"https:\/\/portaltela.pt\/","name":"Portal Tela Portugal","description":"","potentialAction":[{"@type":"SearchAction","target":{"@type":"EntryPoint","urlTemplate":"https:\/\/portaltela.pt\/?s={search_term_string}"},"query-input":{"@type":"PropertyValueSpecification","valueRequired":true,"valueName":"search_term_string"}}],"inLanguage":"pt-PT"},{"@type":"Person","@id":"https:\/\/portaltela.pt\/#\/schema\/person\/c4278d4a6028830caff9ee44b42d32ed","name":"Telinha","image":{"@type":"ImageObject","inLanguage":"pt-PT","@id":"https:\/\/portaltela.pt\/s.01k8rhncp4jt1\/2025\/11\/talking-bot-125x125.png","url":"https:\/\/portaltela.pt\/s.01k8rhncp4jt1\/2025\/11\/talking-bot-125x125.png","contentUrl":"https:\/\/portaltela.pt\/s.01k8rhncp4jt1\/2025\/11\/talking-bot-125x125.png","caption":"Telinha"},"sameAs":["https:\/\/portaltela.pt\/"],"url":"https:\/\/portaltela.pt\/por\/367410592786\/"}]}},"_links":{"self":[{"href":"https:\/\/portaltela.pt\/api\/wp\/v2\/posts\/408664","targetHints":{"allow":["GET"]}}],"collection":[{"href":"https:\/\/portaltela.pt\/api\/wp\/v2\/posts"}],"about":[{"href":"https:\/\/portaltela.pt\/api\/wp\/v2\/types\/post"}],"author":[{"embeddable":true,"href":"https:\/\/portaltela.pt\/api\/wp\/v2\/users\/2"}],"replies":[{"embeddable":true,"href":"https:\/\/portaltela.pt\/api\/wp\/v2\/comments?post=408664"}],"version-history":[{"count":0,"href":"https:\/\/portaltela.pt\/api\/wp\/v2\/posts\/408664\/revisions"}],"wp:featuredmedia":[{"embeddable":true,"href":"https:\/\/portaltela.pt\/api\/wp\/v2\/media\/408665"}],"wp:attachment":[{"href":"https:\/\/portaltela.pt\/api\/wp\/v2\/media?parent=408664"}],"wp:term":[{"taxonomy":"category","embeddable":true,"href":"https:\/\/portaltela.pt\/api\/wp\/v2\/categories?post=408664"},{"taxonomy":"post_tag","embeddable":true,"href":"https:\/\/portaltela.pt\/api\/wp\/v2\/tags?post=408664"}],"curies":[{"name":"wp","href":"https:\/\/api.w.org\/{rel}","templated":true}]}}