{"id":408643,"date":"2026-03-13T08:05:00","date_gmt":"2026-03-13T11:05:00","guid":{"rendered":"https:\/\/portaltela.pt\/noticias\/2026\/03\/13\/mp-recorre-de-absolvicao-de-ama-ilegal-por-15-crimes-de-maus-tratos-a-criancas\/"},"modified":"2026-03-13T08:05:00","modified_gmt":"2026-03-13T11:05:00","slug":"mp-recorre-de-absolvicao-de-ama-ilegal-por-15-crimes-de-maus-tratos-a-criancas","status":"publish","type":"post","link":"https:\/\/portaltela.pt\/noticias\/2026\/03\/13\/mp-recorre-de-absolvicao-de-ama-ilegal-por-15-crimes-de-maus-tratos-a-criancas\/","title":{"rendered":"MP recorre de absolvi\u00e7\u00e3o de ama ilegal por 15 crimes de maus-tratos a crian\u00e7as"},"content":{"rendered":"<p>O Minist\u00e9rio P\u00fablico recorre da absolvi\u00e7\u00e3o de uma ama ilegal acusada de 16 crimes de maus-tratos a crian\u00e7as, alegando que o Tribunal da Feira desvalorizou a neglig\u00eancia grave e os tratamentos degradantes. A arguida tem 72 anos e vive em Santa Maria da Feira.<\/p>\n<p>O esquema de defesa foi considerado apenas parcialmente culpado pela justi\u00e7a, que condenou a ama por um \u00fanico crime. O marido, de 77 anos, foi totalmente absolvido. O MP pediu a condena\u00e7\u00e3o pelos restantes 15 crimes, com uma pena \u00fanica de at\u00e9 quatro anos de pris\u00e3o, suspensa na execu\u00e7\u00e3o.<\/p>\n<p>Em janeiro, o MP pediu a Rela\u00e7\u00e3o do Porto que reavaliasse o caso, destacando um padr\u00e3o de atua\u00e7\u00e3o que se manteve durante meses. A acusa\u00e7\u00e3o aponta para impactos na higiene, seguran\u00e7a, sa\u00fade, alimenta\u00e7\u00e3o e bem-estar emocional das crian\u00e7as.<\/p>\n<h3>Condena\u00e7\u00e3o inicial e base factual<\/h3>\n<p>A decis\u00e3o de 15 de dezembro do Tribunal da Feira manteve que, entre abril de 2022 e mar\u00e7o de 2023, a ama acolhia 10 a 13 crian\u00e7as, com idades entre 6 meses e 6 anos, num anexo da resid\u00eancia. A m\u00e3e de uma das crian\u00e7as presenciou um estalo.<\/p>\n<p>A jurista concluiu que, em pelo menos 10 ocasi\u00f5es, a menor foi colocada junto a um pilar, durante per\u00edodos prolongados, em frente a outras crian\u00e7as. A habita\u00e7\u00e3o apresentava condi\u00e7\u00f5es de higiene e seguran\u00e7a deficientes.<\/p>\n<p>Apenas foi reconhecido um crime de maus-tratos, com pena de um ano e meio de pris\u00e3o, suspensa por tr\u00eas anos, sob a condi\u00e7\u00e3o de entregar 1.000 euros a uma associa\u00e7\u00e3o de solidariedade social. Al\u00e9m disso, a arguida ficou respons\u00e1vel por 3.000 euros de indemniza\u00e7\u00e3o.<\/p>\n<h3>Contexto e acusa\u00e7\u00e3o contra o casal<\/h3>\n<p>O casal foi constitu\u00eddo arguido por suspeita de maus-tratos a menores em mar\u00e7o de 2023, ap\u00f3s fiscaliza\u00e7\u00e3o social. A resid\u00eancia j\u00e1 tinha sido alvo de interven\u00e7\u00e3o da Seguran\u00e7a Social, com uma contraordena\u00e7\u00e3o por exercer atividade de ama sem autoriza\u00e7\u00e3o.<\/p>\n<p>Durante a opera\u00e7\u00e3o, a GNR detetou 13 crian\u00e7as em situa\u00e7\u00e3o de risco, com v\u00e1rios g\u00e9neros alimentares fora de validade, medicamentos sem receita e itens de veneno. As crian\u00e7as foram retiradas e entregues aos progenitores, com sinaliza\u00e7\u00e3o \u00e0 CPCJ de Santa Maria da Feira.<\/p>\n<h3>Situa\u00e7\u00e3o do marido e desfecho processual<\/h3>\n<p>O marido n\u00e3o ficou comprovado como respons\u00e1vel por menores e ajudava a mulher no quotidiano. Os arguidos negaram os factos, embora a arguida tenha admitido falhas na habita\u00e7\u00e3o. O processo aguarda nova aprecia\u00e7\u00e3o pela Rela\u00e7\u00e3o do Porto.<\/p>\n","protected":false},"excerpt":{"rendered":"<ul>\n<li>O Minist\u00e9rio P\u00fablico recorreu da absolvi\u00e7\u00e3o de uma ama ilegal acusada de 16 crimes de maus-tratos a crian\u00e7as, defendendo a condena\u00e7\u00e3o pelos restantes quinze crimes.<\/li>\n<li>A arguida, de sessenta e dois anos e residente em Santa Maria da Feira, foi condenada apenas por um crime de maus-tratos, relacionado com a agress\u00e3o a uma crian\u00e7a de quatro anos, em frente a outras crian\u00e7as e a uma m\u00e3e, num processo em que o marido foi totalmente absolvido.<\/li>\n<li>O MP pede uma pena \u00fanica de at\u00e9 quatro anos de pris\u00e3o, suspensa na execu\u00e7\u00e3o, para os quinze crimes que o tribunal considerou n\u00e3o comprovados como maus-tratos, alegando um padr\u00e3o de atua\u00e7\u00e3o mantido ao longo de v\u00e1rios meses.<\/li>\n<li>Segundo o MP, houve neglig\u00eancia grave e tratamento degradante, incluindo condi\u00e7\u00f5es de higiene, higiene, alimenta\u00e7\u00e3o e bem-estar emocional, bem como demonstra\u00e7\u00e3o de necessidades fisiol\u00f3gicas com bacios expostos sem privacidade.<\/li>\n<li>Entre abril de dois mil e vinte e dois e mar\u00e7o de dois mil e vinte e tr\u00eas, a ama acolhia diariamente entre dez a treze crian\u00e7as numa habita\u00e7\u00e3o anexada, com idade entre seis meses e seis anos, tendo sido apreendidos g\u00e9neros alimentares fora de validade, medicamenta\u00e7\u00e3o sem receita, venenos e outros documentos, levando \u00e0 retirada de crian\u00e7as aos pais e sinaliza\u00e7\u00e3o \u00e0 CPCJ de Santa Maria da Feira.<\/li>\n<\/ul>\n","protected":false},"author":2,"featured_media":408647,"comment_status":"closed","ping_status":"closed","sticky":false,"template":"","format":"standard","meta":{"footnotes":""},"categories":[6815,1],"tags":[6071,3953,4851,5869,2613,1308],"class_list":["post-408643","post","type-post","status-publish","format-standard","has-post-thumbnail","hentry","category-justica","category-noticias","tag-cpcj","tag-criancas","tag-higiene","tag-maus-tratos","tag-ministerio-publico","tag-santa-maria-da-feira"],"yoast_head":"<!-- This site is optimized with the Yoast SEO plugin v27.2 - https:\/\/yoast.com\/product\/yoast-seo-wordpress\/ -->\n<title>MP recorre de absolvi\u00e7\u00e3o de ama ilegal por 15 crimes de maus-tratos a crian\u00e7as - Portal Tela Portugal<\/title>\n<meta name=\"robots\" content=\"index, follow, max-snippet:-1, max-image-preview:large, max-video-preview:-1\" \/>\n<meta property=\"og:locale\" content=\"pt_PT\" \/>\n<meta property=\"og:type\" content=\"article\" \/>\n<meta property=\"og:title\" content=\"MP recorre de absolvi\u00e7\u00e3o de ama ilegal por 15 crimes de maus-tratos a crian\u00e7as - Portal Tela Portugal\" \/>\n<meta property=\"og:description\" content=\"O Minist\u00e9rio P\u00fablico recorreu da absolvi\u00e7\u00e3o de uma ama ilegal acusada de 16 crimes de maus-tratos a crian\u00e7as, defendendo a condena\u00e7\u00e3o pelos restantes quinze crimes. A arguida, de sessenta e dois anos e residente em Santa Maria da Feira, foi condenada apenas por um crime de maus-tratos, relacionado com a agress\u00e3o a uma crian\u00e7a de quatro anos, em frente a outras crian\u00e7as e a uma m\u00e3e, num processo em que o marido foi totalmente absolvido. O MP pede uma pena \u00fanica de at\u00e9 quatro anos de pris\u00e3o, suspensa na execu\u00e7\u00e3o, para os quinze crimes que o tribunal considerou n\u00e3o comprovados como maus-tratos, alegando um padr\u00e3o de atua\u00e7\u00e3o mantido ao longo de v\u00e1rios meses. Segundo o MP, houve neglig\u00eancia grave e tratamento degradante, incluindo condi\u00e7\u00f5es de higiene, higiene, alimenta\u00e7\u00e3o e bem-estar emocional, bem como demonstra\u00e7\u00e3o de necessidades fisiol\u00f3gicas com bacios expostos sem privacidade. Entre abril de dois mil e vinte e dois e mar\u00e7o de dois mil e vinte e tr\u00eas, a ama acolhia diariamente entre dez a treze crian\u00e7as numa habita\u00e7\u00e3o anexada, com idade entre seis meses e seis anos, tendo sido apreendidos g\u00e9neros alimentares fora de validade, medicamenta\u00e7\u00e3o sem receita, venenos e outros documentos, levando \u00e0 retirada de crian\u00e7as aos pais e sinaliza\u00e7\u00e3o \u00e0 CPCJ de Santa Maria da Feira.\" \/>\n<meta property=\"og:url\" content=\"https:\/\/portaltela.pt\/noticias\/2026\/03\/13\/mp-recorre-de-absolvicao-de-ama-ilegal-por-15-crimes-de-maus-tratos-a-criancas\/\" \/>\n<meta property=\"og:site_name\" content=\"Portal Tela Portugal\" \/>\n<meta property=\"article:published_time\" content=\"2026-03-13T11:05:00+00:00\" \/>\n<meta name=\"author\" content=\"Telinha\" \/>\n<meta name=\"twitter:card\" content=\"summary_large_image\" \/>\n<meta name=\"twitter:label1\" content=\"Escrito por\" \/>\n\t<meta name=\"twitter:data1\" content=\"Telinha\" \/>\n\t<meta name=\"twitter:label2\" content=\"Tempo estimado de leitura\" \/>\n\t<meta name=\"twitter:data2\" content=\"2 minutos\" \/>\n<script type=\"application\/ld+json\" class=\"yoast-schema-graph\">{\"@context\":\"https:\/\/schema.org\",\"@graph\":[{\"@type\":\"Article\",\"@id\":\"https:\/\/portaltela.pt\/noticias\/2026\/03\/13\/mp-recorre-de-absolvicao-de-ama-ilegal-por-15-crimes-de-maus-tratos-a-criancas\/#article\",\"isPartOf\":{\"@id\":\"https:\/\/portaltela.pt\/noticias\/2026\/03\/13\/mp-recorre-de-absolvicao-de-ama-ilegal-por-15-crimes-de-maus-tratos-a-criancas\/\"},\"author\":{\"name\":\"Telinha\",\"@id\":\"https:\/\/portaltela.pt\/#\/schema\/person\/c4278d4a6028830caff9ee44b42d32ed\"},\"headline\":\"MP recorre de absolvi\u00e7\u00e3o de ama ilegal por 15 crimes de maus-tratos a crian\u00e7as\",\"datePublished\":\"2026-03-13T11:05:00+00:00\",\"mainEntityOfPage\":{\"@id\":\"https:\/\/portaltela.pt\/noticias\/2026\/03\/13\/mp-recorre-de-absolvicao-de-ama-ilegal-por-15-crimes-de-maus-tratos-a-criancas\/\"},\"wordCount\":451,\"image\":{\"@id\":\"https:\/\/portaltela.pt\/noticias\/2026\/03\/13\/mp-recorre-de-absolvicao-de-ama-ilegal-por-15-crimes-de-maus-tratos-a-criancas\/#primaryimage\"},\"thumbnailUrl\":\"https:\/\/portaltela.pt\/s.01k8rhncp4jt1\/2026\/03\/img_1500x1000uu2021-04-14-15-58-23-1029526.jpg\",\"keywords\":[\"CPCJ\",\"crian\u00e7as\",\"higiene\",\"maus-tratos\",\"Minist\u00e9rio P\u00fablico\",\"Santa Maria da Feira\"],\"articleSection\":[\"Justi\u00e7a\",\"Not\u00edcias\"],\"inLanguage\":\"pt-PT\"},{\"@type\":\"WebPage\",\"@id\":\"https:\/\/portaltela.pt\/noticias\/2026\/03\/13\/mp-recorre-de-absolvicao-de-ama-ilegal-por-15-crimes-de-maus-tratos-a-criancas\/\",\"url\":\"https:\/\/portaltela.pt\/noticias\/2026\/03\/13\/mp-recorre-de-absolvicao-de-ama-ilegal-por-15-crimes-de-maus-tratos-a-criancas\/\",\"name\":\"MP recorre de absolvi\u00e7\u00e3o de ama ilegal por 15 crimes de maus-tratos a crian\u00e7as - Portal Tela Portugal\",\"isPartOf\":{\"@id\":\"https:\/\/portaltela.pt\/#website\"},\"primaryImageOfPage\":{\"@id\":\"https:\/\/portaltela.pt\/noticias\/2026\/03\/13\/mp-recorre-de-absolvicao-de-ama-ilegal-por-15-crimes-de-maus-tratos-a-criancas\/#primaryimage\"},\"image\":{\"@id\":\"https:\/\/portaltela.pt\/noticias\/2026\/03\/13\/mp-recorre-de-absolvicao-de-ama-ilegal-por-15-crimes-de-maus-tratos-a-criancas\/#primaryimage\"},\"thumbnailUrl\":\"https:\/\/portaltela.pt\/s.01k8rhncp4jt1\/2026\/03\/img_1500x1000uu2021-04-14-15-58-23-1029526.jpg\",\"datePublished\":\"2026-03-13T11:05:00+00:00\",\"author\":{\"@id\":\"https:\/\/portaltela.pt\/#\/schema\/person\/c4278d4a6028830caff9ee44b42d32ed\"},\"breadcrumb\":{\"@id\":\"https:\/\/portaltela.pt\/noticias\/2026\/03\/13\/mp-recorre-de-absolvicao-de-ama-ilegal-por-15-crimes-de-maus-tratos-a-criancas\/#breadcrumb\"},\"inLanguage\":\"pt-PT\",\"potentialAction\":[{\"@type\":\"ReadAction\",\"target\":[\"https:\/\/portaltela.pt\/noticias\/2026\/03\/13\/mp-recorre-de-absolvicao-de-ama-ilegal-por-15-crimes-de-maus-tratos-a-criancas\/\"]}]},{\"@type\":\"ImageObject\",\"inLanguage\":\"pt-PT\",\"@id\":\"https:\/\/portaltela.pt\/noticias\/2026\/03\/13\/mp-recorre-de-absolvicao-de-ama-ilegal-por-15-crimes-de-maus-tratos-a-criancas\/#primaryimage\",\"url\":\"https:\/\/portaltela.pt\/s.01k8rhncp4jt1\/2026\/03\/img_1500x1000uu2021-04-14-15-58-23-1029526.jpg\",\"contentUrl\":\"https:\/\/portaltela.pt\/s.01k8rhncp4jt1\/2026\/03\/img_1500x1000uu2021-04-14-15-58-23-1029526.jpg\",\"width\":796,\"height\":448,\"caption\":\"Crian\u00e7as\"},{\"@type\":\"BreadcrumbList\",\"@id\":\"https:\/\/portaltela.pt\/noticias\/2026\/03\/13\/mp-recorre-de-absolvicao-de-ama-ilegal-por-15-crimes-de-maus-tratos-a-criancas\/#breadcrumb\",\"itemListElement\":[{\"@type\":\"ListItem\",\"position\":1,\"name\":\"In\u00edcio\",\"item\":\"https:\/\/portaltela.pt\/\"},{\"@type\":\"ListItem\",\"position\":2,\"name\":\"MP recorre de absolvi\u00e7\u00e3o de ama ilegal por 15 crimes de maus-tratos a crian\u00e7as\"}]},{\"@type\":\"WebSite\",\"@id\":\"https:\/\/portaltela.pt\/#website\",\"url\":\"https:\/\/portaltela.pt\/\",\"name\":\"Portal Tela Portugal\",\"description\":\"\",\"potentialAction\":[{\"@type\":\"SearchAction\",\"target\":{\"@type\":\"EntryPoint\",\"urlTemplate\":\"https:\/\/portaltela.pt\/?s={search_term_string}\"},\"query-input\":{\"@type\":\"PropertyValueSpecification\",\"valueRequired\":true,\"valueName\":\"search_term_string\"}}],\"inLanguage\":\"pt-PT\"},{\"@type\":\"Person\",\"@id\":\"https:\/\/portaltela.pt\/#\/schema\/person\/c4278d4a6028830caff9ee44b42d32ed\",\"name\":\"Telinha\",\"image\":{\"@type\":\"ImageObject\",\"inLanguage\":\"pt-PT\",\"@id\":\"https:\/\/portaltela.pt\/s.01k8rhncp4jt1\/2025\/11\/talking-bot-125x125.png\",\"url\":\"https:\/\/portaltela.pt\/s.01k8rhncp4jt1\/2025\/11\/talking-bot-125x125.png\",\"contentUrl\":\"https:\/\/portaltela.pt\/s.01k8rhncp4jt1\/2025\/11\/talking-bot-125x125.png\",\"caption\":\"Telinha\"},\"sameAs\":[\"https:\/\/portaltela.pt\/\"],\"url\":\"https:\/\/portaltela.pt\/por\/367410592786\/\"}]}<\/script>\n<!-- \/ Yoast SEO plugin. -->","yoast_head_json":{"title":"MP recorre de absolvi\u00e7\u00e3o de ama ilegal por 15 crimes de maus-tratos a crian\u00e7as - Portal Tela Portugal","robots":{"index":"index","follow":"follow","max-snippet":"max-snippet:-1","max-image-preview":"max-image-preview:large","max-video-preview":"max-video-preview:-1"},"og_locale":"pt_PT","og_type":"article","og_title":"MP recorre de absolvi\u00e7\u00e3o de ama ilegal por 15 crimes de maus-tratos a crian\u00e7as - Portal Tela Portugal","og_description":"O Minist\u00e9rio P\u00fablico recorreu da absolvi\u00e7\u00e3o de uma ama ilegal acusada de 16 crimes de maus-tratos a crian\u00e7as, defendendo a condena\u00e7\u00e3o pelos restantes quinze crimes. A arguida, de sessenta e dois anos e residente em Santa Maria da Feira, foi condenada apenas por um crime de maus-tratos, relacionado com a agress\u00e3o a uma crian\u00e7a de quatro anos, em frente a outras crian\u00e7as e a uma m\u00e3e, num processo em que o marido foi totalmente absolvido. O MP pede uma pena \u00fanica de at\u00e9 quatro anos de pris\u00e3o, suspensa na execu\u00e7\u00e3o, para os quinze crimes que o tribunal considerou n\u00e3o comprovados como maus-tratos, alegando um padr\u00e3o de atua\u00e7\u00e3o mantido ao longo de v\u00e1rios meses. Segundo o MP, houve neglig\u00eancia grave e tratamento degradante, incluindo condi\u00e7\u00f5es de higiene, higiene, alimenta\u00e7\u00e3o e bem-estar emocional, bem como demonstra\u00e7\u00e3o de necessidades fisiol\u00f3gicas com bacios expostos sem privacidade. Entre abril de dois mil e vinte e dois e mar\u00e7o de dois mil e vinte e tr\u00eas, a ama acolhia diariamente entre dez a treze crian\u00e7as numa habita\u00e7\u00e3o anexada, com idade entre seis meses e seis anos, tendo sido apreendidos g\u00e9neros alimentares fora de validade, medicamenta\u00e7\u00e3o sem receita, venenos e outros documentos, levando \u00e0 retirada de crian\u00e7as aos pais e sinaliza\u00e7\u00e3o \u00e0 CPCJ de Santa Maria da Feira.","og_url":"https:\/\/portaltela.pt\/noticias\/2026\/03\/13\/mp-recorre-de-absolvicao-de-ama-ilegal-por-15-crimes-de-maus-tratos-a-criancas\/","og_site_name":"Portal Tela Portugal","article_published_time":"2026-03-13T11:05:00+00:00","author":"Telinha","twitter_card":"summary_large_image","twitter_misc":{"Escrito por":"Telinha","Tempo estimado de leitura":"2 minutos"},"schema":{"@context":"https:\/\/schema.org","@graph":[{"@type":"Article","@id":"https:\/\/portaltela.pt\/noticias\/2026\/03\/13\/mp-recorre-de-absolvicao-de-ama-ilegal-por-15-crimes-de-maus-tratos-a-criancas\/#article","isPartOf":{"@id":"https:\/\/portaltela.pt\/noticias\/2026\/03\/13\/mp-recorre-de-absolvicao-de-ama-ilegal-por-15-crimes-de-maus-tratos-a-criancas\/"},"author":{"name":"Telinha","@id":"https:\/\/portaltela.pt\/#\/schema\/person\/c4278d4a6028830caff9ee44b42d32ed"},"headline":"MP recorre de absolvi\u00e7\u00e3o de ama ilegal por 15 crimes de maus-tratos a crian\u00e7as","datePublished":"2026-03-13T11:05:00+00:00","mainEntityOfPage":{"@id":"https:\/\/portaltela.pt\/noticias\/2026\/03\/13\/mp-recorre-de-absolvicao-de-ama-ilegal-por-15-crimes-de-maus-tratos-a-criancas\/"},"wordCount":451,"image":{"@id":"https:\/\/portaltela.pt\/noticias\/2026\/03\/13\/mp-recorre-de-absolvicao-de-ama-ilegal-por-15-crimes-de-maus-tratos-a-criancas\/#primaryimage"},"thumbnailUrl":"https:\/\/portaltela.pt\/s.01k8rhncp4jt1\/2026\/03\/img_1500x1000uu2021-04-14-15-58-23-1029526.jpg","keywords":["CPCJ","crian\u00e7as","higiene","maus-tratos","Minist\u00e9rio P\u00fablico","Santa Maria da Feira"],"articleSection":["Justi\u00e7a","Not\u00edcias"],"inLanguage":"pt-PT"},{"@type":"WebPage","@id":"https:\/\/portaltela.pt\/noticias\/2026\/03\/13\/mp-recorre-de-absolvicao-de-ama-ilegal-por-15-crimes-de-maus-tratos-a-criancas\/","url":"https:\/\/portaltela.pt\/noticias\/2026\/03\/13\/mp-recorre-de-absolvicao-de-ama-ilegal-por-15-crimes-de-maus-tratos-a-criancas\/","name":"MP recorre de absolvi\u00e7\u00e3o de ama ilegal por 15 crimes de maus-tratos a crian\u00e7as - Portal Tela Portugal","isPartOf":{"@id":"https:\/\/portaltela.pt\/#website"},"primaryImageOfPage":{"@id":"https:\/\/portaltela.pt\/noticias\/2026\/03\/13\/mp-recorre-de-absolvicao-de-ama-ilegal-por-15-crimes-de-maus-tratos-a-criancas\/#primaryimage"},"image":{"@id":"https:\/\/portaltela.pt\/noticias\/2026\/03\/13\/mp-recorre-de-absolvicao-de-ama-ilegal-por-15-crimes-de-maus-tratos-a-criancas\/#primaryimage"},"thumbnailUrl":"https:\/\/portaltela.pt\/s.01k8rhncp4jt1\/2026\/03\/img_1500x1000uu2021-04-14-15-58-23-1029526.jpg","datePublished":"2026-03-13T11:05:00+00:00","author":{"@id":"https:\/\/portaltela.pt\/#\/schema\/person\/c4278d4a6028830caff9ee44b42d32ed"},"breadcrumb":{"@id":"https:\/\/portaltela.pt\/noticias\/2026\/03\/13\/mp-recorre-de-absolvicao-de-ama-ilegal-por-15-crimes-de-maus-tratos-a-criancas\/#breadcrumb"},"inLanguage":"pt-PT","potentialAction":[{"@type":"ReadAction","target":["https:\/\/portaltela.pt\/noticias\/2026\/03\/13\/mp-recorre-de-absolvicao-de-ama-ilegal-por-15-crimes-de-maus-tratos-a-criancas\/"]}]},{"@type":"ImageObject","inLanguage":"pt-PT","@id":"https:\/\/portaltela.pt\/noticias\/2026\/03\/13\/mp-recorre-de-absolvicao-de-ama-ilegal-por-15-crimes-de-maus-tratos-a-criancas\/#primaryimage","url":"https:\/\/portaltela.pt\/s.01k8rhncp4jt1\/2026\/03\/img_1500x1000uu2021-04-14-15-58-23-1029526.jpg","contentUrl":"https:\/\/portaltela.pt\/s.01k8rhncp4jt1\/2026\/03\/img_1500x1000uu2021-04-14-15-58-23-1029526.jpg","width":796,"height":448,"caption":"Crian\u00e7as"},{"@type":"BreadcrumbList","@id":"https:\/\/portaltela.pt\/noticias\/2026\/03\/13\/mp-recorre-de-absolvicao-de-ama-ilegal-por-15-crimes-de-maus-tratos-a-criancas\/#breadcrumb","itemListElement":[{"@type":"ListItem","position":1,"name":"In\u00edcio","item":"https:\/\/portaltela.pt\/"},{"@type":"ListItem","position":2,"name":"MP recorre de absolvi\u00e7\u00e3o de ama ilegal por 15 crimes de maus-tratos a crian\u00e7as"}]},{"@type":"WebSite","@id":"https:\/\/portaltela.pt\/#website","url":"https:\/\/portaltela.pt\/","name":"Portal Tela Portugal","description":"","potentialAction":[{"@type":"SearchAction","target":{"@type":"EntryPoint","urlTemplate":"https:\/\/portaltela.pt\/?s={search_term_string}"},"query-input":{"@type":"PropertyValueSpecification","valueRequired":true,"valueName":"search_term_string"}}],"inLanguage":"pt-PT"},{"@type":"Person","@id":"https:\/\/portaltela.pt\/#\/schema\/person\/c4278d4a6028830caff9ee44b42d32ed","name":"Telinha","image":{"@type":"ImageObject","inLanguage":"pt-PT","@id":"https:\/\/portaltela.pt\/s.01k8rhncp4jt1\/2025\/11\/talking-bot-125x125.png","url":"https:\/\/portaltela.pt\/s.01k8rhncp4jt1\/2025\/11\/talking-bot-125x125.png","contentUrl":"https:\/\/portaltela.pt\/s.01k8rhncp4jt1\/2025\/11\/talking-bot-125x125.png","caption":"Telinha"},"sameAs":["https:\/\/portaltela.pt\/"],"url":"https:\/\/portaltela.pt\/por\/367410592786\/"}]}},"_links":{"self":[{"href":"https:\/\/portaltela.pt\/api\/wp\/v2\/posts\/408643","targetHints":{"allow":["GET"]}}],"collection":[{"href":"https:\/\/portaltela.pt\/api\/wp\/v2\/posts"}],"about":[{"href":"https:\/\/portaltela.pt\/api\/wp\/v2\/types\/post"}],"author":[{"embeddable":true,"href":"https:\/\/portaltela.pt\/api\/wp\/v2\/users\/2"}],"replies":[{"embeddable":true,"href":"https:\/\/portaltela.pt\/api\/wp\/v2\/comments?post=408643"}],"version-history":[{"count":0,"href":"https:\/\/portaltela.pt\/api\/wp\/v2\/posts\/408643\/revisions"}],"wp:featuredmedia":[{"embeddable":true,"href":"https:\/\/portaltela.pt\/api\/wp\/v2\/media\/408647"}],"wp:attachment":[{"href":"https:\/\/portaltela.pt\/api\/wp\/v2\/media?parent=408643"}],"wp:term":[{"taxonomy":"category","embeddable":true,"href":"https:\/\/portaltela.pt\/api\/wp\/v2\/categories?post=408643"},{"taxonomy":"post_tag","embeddable":true,"href":"https:\/\/portaltela.pt\/api\/wp\/v2\/tags?post=408643"}],"curies":[{"name":"wp","href":"https:\/\/api.w.org\/{rel}","templated":true}]}}