{"id":408638,"date":"2026-03-13T08:08:00","date_gmt":"2026-03-13T11:08:00","guid":{"rendered":"https:\/\/portaltela.pt\/noticias\/2026\/03\/13\/aumento-de-violencia-domestica-preocupa-autoridades-e-reforca-precaucoes\/"},"modified":"2026-03-13T08:08:00","modified_gmt":"2026-03-13T11:08:00","slug":"aumento-de-violencia-domestica-preocupa-autoridades-e-reforca-precaucoes","status":"publish","type":"post","link":"https:\/\/portaltela.pt\/sociedade\/2026\/03\/13\/aumento-de-violencia-domestica-preocupa-autoridades-e-reforca-precaucoes\/","title":{"rendered":"Aumento de viol\u00eancia dom\u00e9stica preocupa autoridades e refor\u00e7a precau\u00e7\u00f5es"},"content":{"rendered":"<p>A viol\u00eancia dom\u00e9stica permanece em foco em Braga, com o Espa\u00e7o Igual da C\u00e1ritas a receber dezenas de pessoas diariamente. Segundo a Comiss\u00e3o para a Cidadania e a Igualdade de G\u00e9nero (CIG), o pa\u00eds registou mais de 25 mil ocorr\u00eancias nos primeiros nove meses do ano, o n\u00edvel mais elevado em sete anos. A C\u00e1ritas de Braga e a APAV incentivam o acesso a qualquer apoio dispon\u00edvel.<\/p>\n<p>Raquel Gomes, coordenadora de respostas de apoio \u00e0 v\u00edtima na C\u00e1ritas de Braga, explica a import\u00e2ncia de manter a privacidade e o sigilo no atendimento. O espa\u00e7o oferece apoio emocional, psicol\u00f3gico, social e jur\u00eddico de forma gratuita, tal como a APAV. Na sala de espera, v\u00e1rias pessoas aguardam atendimento, com voz baixa e ambiente reservado.<\/p>\n<p>A psic\u00f3loga Marta Silva, do Gabinete de Apoio \u00e0 V\u00edtima da APAV em Braga, refor\u00e7a a necessidade deste tipo de suporte. A moradia, o trabalho e a fam\u00edlia s\u00e3o \u00e1reas de interven\u00e7\u00e3o que exigem abordagens multidisciplinares para situa\u00e7\u00f5es de viol\u00eancia.<\/p>\n<p>A situa\u00e7\u00e3o \u00e9 considerada \u201ctraumatizante\u201d por alguns casos descritos pela v\u00edtima identificada apenas como Iva, que relata dificuldades extremas ao pedir ajuda entre familiares. Em Portugal, v\u00e1rias portas se fecham, mesmo junto de pessoas pr\u00f3ximas e de outras v\u00edtimas que podem ter vivido cen\u00e1rios semelhantes.<\/p>\n<h3>Apoio a v\u00edtimas<\/h3>\n<p>Para a C\u00e1ritas, conter o aumento do n\u00famero de agressores passa pela interven\u00e7\u00e3o precoce em v\u00e1rias frentes, incluindo viol\u00eancia no namoro e desenvolvimento da autoestima de crian\u00e7as. Raquel Gomes sublinha que a autorregula\u00e7\u00e3o emocional reduz o risco de v\u00edtima ou agressor.<\/p>\n<p>Iva afirma que a pris\u00e3o dos ofensores \u00e9 essencial para a seguran\u00e7a das v\u00edtimas. A testemunha recorda receios constantes de persegui\u00e7\u00e3o e a dificuldade de sair de situa\u00e7\u00f5es abusivas, incluindo o acesso a chaves de ve\u00edculos que aumentavam o controlo do agressor.<\/p>\n<p>O acolhimento \u00e9 visto como crucial para evitar reca\u00eddas na conviv\u00eancia com o agressor. Desde 2022, a Casa de Acolhimento de Emerg\u00eancia (CAE) recebeu cerca de mil pessoas. A C\u00e1ritas planeia abrir um novo espa\u00e7o com 12 quartos para 25 pessoas, com p\u00e1tio externo para facilitar a tranquilidade de m\u00e3es e filhos.<\/p>\n<p>No primeiro semestre de 2025, o CAE acolheu 122 pessoas, incluindo 62 menores. O elevado fluxo de crian\u00e7as em acolhimento indica que muitas jovens est\u00e3o expostas a viol\u00eancia em casa, refor\u00e7ando a necessidade de resposta institucional. O GAV de Braga j\u00e1 disponibiliza espa\u00e7os para crian\u00e7as na sala de espera.<\/p>\n<h3>Dados e servi\u00e7os<\/h3>\n<p>Entre os sinais de alerta, a APAV cita viola\u00e7\u00f5es de direitos por parte do agressor. A C\u00e1ritas foca-se na percep\u00e7\u00e3o de viol\u00eancia f\u00edsica, verbal, psicol\u00f3gica, sexual ou econ\u00f3mica, com maior parte das v\u00edtimas a documentar todos os tipos de abuso. Aconselha-se ac\u00e7\u00e3o r\u00e1pida quando houver qualquer ind\u00edcio de risco.<\/p>\n<p>Iva recomenda aten\u00e7\u00e3o a qualquer ind\u00edcio de perigo: contactar rapidamente a PSP, realizar exames m\u00e9dicos e procurar apoio psicol\u00f3gico para obter provas legais. Em caso de v\u00edtima, podem ser contactadas a APAV (116 006), a C\u00e1ritas (218 454 220), a CIG (800 202 148) ou 112.<\/p>\n","protected":false},"excerpt":{"rendered":"<ul>\n<li>O pa\u00eds registou mais de 25 mil ocorr\u00eancias de viol\u00eancia dom\u00e9stica nos primeiros nove meses do ano passado, o valor mais alto em sete anos.<\/li>\n<li>A C\u00e1ritas de Braga e a APAV promovem apoio gratuito a v\u00edtimas, incluindo apoio emocional, psicol\u00f3gico, social e jur\u00eddico.<\/li>\n<li>A Casa de Acolhimento de Emerg\u00eancia (CAE) da C\u00e1ritas j\u00e1 recebeu cerca de mil pessoas desde 2022 e prepara um novo espa\u00e7o para recupera\u00e7\u00e3o dos impactos da viol\u00eancia.<\/li>\n<li>No primeiro semestre de 2025, o CAE acolheu 122 pessoas, incluindo 62 menores; o fluxo de crian\u00e7as em acolhimento \u00e9 quase igual ao das mulheres.<\/li>\n<li>A rede de apoio refor\u00e7a a sensibiliza\u00e7\u00e3o da comunidade e recomenda a\u00e7\u00f5es como contactarem PSP, recorrerem a exames m\u00e9dicos e procurarem psic\u00f3logo, bem como documentarem situa\u00e7\u00f5es de viol\u00eancia.<\/li>\n<\/ul>\n","protected":false},"author":2,"featured_media":408645,"comment_status":"closed","ping_status":"closed","sticky":false,"template":"","format":"standard","meta":{"footnotes":""},"categories":[6745,6871],"tags":[5840,1207,5952,370,939,214],"class_list":["post-408638","post","type-post","status-publish","format-standard","has-post-thumbnail","hentry","category-saude","category-sociedade","tag-apav","tag-braga","tag-caritas-diocesana","tag-cidadania","tag-violencia","tag-violencia-domestica"],"yoast_head":"<!-- This site is optimized with the Yoast SEO plugin v27.2 - https:\/\/yoast.com\/product\/yoast-seo-wordpress\/ -->\n<title>Aumento de viol\u00eancia dom\u00e9stica preocupa autoridades e refor\u00e7a precau\u00e7\u00f5es - Portal Tela Portugal<\/title>\n<meta name=\"robots\" content=\"index, follow, max-snippet:-1, max-image-preview:large, max-video-preview:-1\" \/>\n<meta property=\"og:locale\" content=\"pt_PT\" \/>\n<meta property=\"og:type\" content=\"article\" \/>\n<meta property=\"og:title\" content=\"Aumento de viol\u00eancia dom\u00e9stica preocupa autoridades e refor\u00e7a precau\u00e7\u00f5es - Portal Tela Portugal\" \/>\n<meta property=\"og:description\" content=\"O pa\u00eds registou mais de 25 mil ocorr\u00eancias de viol\u00eancia dom\u00e9stica nos primeiros nove meses do ano passado, o valor mais alto em sete anos. A C\u00e1ritas de Braga e a APAV promovem apoio gratuito a v\u00edtimas, incluindo apoio emocional, psicol\u00f3gico, social e jur\u00eddico. A Casa de Acolhimento de Emerg\u00eancia (CAE) da C\u00e1ritas j\u00e1 recebeu cerca de mil pessoas desde 2022 e prepara um novo espa\u00e7o para recupera\u00e7\u00e3o dos impactos da viol\u00eancia. No primeiro semestre de 2025, o CAE acolheu 122 pessoas, incluindo 62 menores; o fluxo de crian\u00e7as em acolhimento \u00e9 quase igual ao das mulheres. A rede de apoio refor\u00e7a a sensibiliza\u00e7\u00e3o da comunidade e recomenda a\u00e7\u00f5es como contactarem PSP, recorrerem a exames m\u00e9dicos e procurarem psic\u00f3logo, bem como documentarem situa\u00e7\u00f5es de viol\u00eancia.\" \/>\n<meta property=\"og:url\" content=\"https:\/\/portaltela.pt\/noticias\/2026\/03\/13\/aumento-de-violencia-domestica-preocupa-autoridades-e-reforca-precaucoes\/\" \/>\n<meta property=\"og:site_name\" content=\"Portal Tela Portugal\" \/>\n<meta property=\"article:published_time\" content=\"2026-03-13T11:08:00+00:00\" \/>\n<meta name=\"author\" content=\"Telinha\" \/>\n<meta name=\"twitter:card\" content=\"summary_large_image\" \/>\n<meta name=\"twitter:label1\" content=\"Escrito por\" \/>\n\t<meta name=\"twitter:data1\" content=\"Telinha\" \/>\n\t<meta name=\"twitter:label2\" content=\"Tempo estimado de leitura\" \/>\n\t<meta name=\"twitter:data2\" content=\"3 minutos\" \/>\n<script type=\"application\/ld+json\" class=\"yoast-schema-graph\">{\"@context\":\"https:\/\/schema.org\",\"@graph\":[{\"@type\":\"Article\",\"@id\":\"https:\/\/portaltela.pt\/noticias\/2026\/03\/13\/aumento-de-violencia-domestica-preocupa-autoridades-e-reforca-precaucoes\/#article\",\"isPartOf\":{\"@id\":\"https:\/\/portaltela.pt\/noticias\/2026\/03\/13\/aumento-de-violencia-domestica-preocupa-autoridades-e-reforca-precaucoes\/\"},\"author\":{\"name\":\"Telinha\",\"@id\":\"https:\/\/portaltela.pt\/#\/schema\/person\/c4278d4a6028830caff9ee44b42d32ed\"},\"headline\":\"Aumento de viol\u00eancia dom\u00e9stica preocupa autoridades e refor\u00e7a precau\u00e7\u00f5es\",\"datePublished\":\"2026-03-13T11:08:00+00:00\",\"mainEntityOfPage\":{\"@id\":\"https:\/\/portaltela.pt\/noticias\/2026\/03\/13\/aumento-de-violencia-domestica-preocupa-autoridades-e-reforca-precaucoes\/\"},\"wordCount\":562,\"image\":{\"@id\":\"https:\/\/portaltela.pt\/noticias\/2026\/03\/13\/aumento-de-violencia-domestica-preocupa-autoridades-e-reforca-precaucoes\/#primaryimage\"},\"thumbnailUrl\":\"https:\/\/portaltela.pt\/s.01k8rhncp4jt1\/2026\/03\/image-852.jpg\",\"keywords\":[\"APAV\",\"Braga\",\"C\u00e1ritas Diocesana\",\"cidadania\",\"viol\u00eancia\",\"viol\u00eancia dom\u00e9stica\"],\"articleSection\":[\"Sa\u00fade\",\"Sociedade\"],\"inLanguage\":\"pt-PT\"},{\"@type\":\"WebPage\",\"@id\":\"https:\/\/portaltela.pt\/noticias\/2026\/03\/13\/aumento-de-violencia-domestica-preocupa-autoridades-e-reforca-precaucoes\/\",\"url\":\"https:\/\/portaltela.pt\/noticias\/2026\/03\/13\/aumento-de-violencia-domestica-preocupa-autoridades-e-reforca-precaucoes\/\",\"name\":\"Aumento de viol\u00eancia dom\u00e9stica preocupa autoridades e refor\u00e7a precau\u00e7\u00f5es - Portal Tela Portugal\",\"isPartOf\":{\"@id\":\"https:\/\/portaltela.pt\/#website\"},\"primaryImageOfPage\":{\"@id\":\"https:\/\/portaltela.pt\/noticias\/2026\/03\/13\/aumento-de-violencia-domestica-preocupa-autoridades-e-reforca-precaucoes\/#primaryimage\"},\"image\":{\"@id\":\"https:\/\/portaltela.pt\/noticias\/2026\/03\/13\/aumento-de-violencia-domestica-preocupa-autoridades-e-reforca-precaucoes\/#primaryimage\"},\"thumbnailUrl\":\"https:\/\/portaltela.pt\/s.01k8rhncp4jt1\/2026\/03\/image-852.jpg\",\"datePublished\":\"2026-03-13T11:08:00+00:00\",\"author\":{\"@id\":\"https:\/\/portaltela.pt\/#\/schema\/person\/c4278d4a6028830caff9ee44b42d32ed\"},\"breadcrumb\":{\"@id\":\"https:\/\/portaltela.pt\/noticias\/2026\/03\/13\/aumento-de-violencia-domestica-preocupa-autoridades-e-reforca-precaucoes\/#breadcrumb\"},\"inLanguage\":\"pt-PT\",\"potentialAction\":[{\"@type\":\"ReadAction\",\"target\":[\"https:\/\/portaltela.pt\/noticias\/2026\/03\/13\/aumento-de-violencia-domestica-preocupa-autoridades-e-reforca-precaucoes\/\"]}]},{\"@type\":\"ImageObject\",\"inLanguage\":\"pt-PT\",\"@id\":\"https:\/\/portaltela.pt\/noticias\/2026\/03\/13\/aumento-de-violencia-domestica-preocupa-autoridades-e-reforca-precaucoes\/#primaryimage\",\"url\":\"https:\/\/portaltela.pt\/s.01k8rhncp4jt1\/2026\/03\/image-852.jpg\",\"contentUrl\":\"https:\/\/portaltela.pt\/s.01k8rhncp4jt1\/2026\/03\/image-852.jpg\",\"width\":796,\"height\":448,\"caption\":\"Imagem de contexto do artigo Viol\u00eancia dom\u00e9stica: crescem os n\u00fameros, crescem as prud\u00eancias\"},{\"@type\":\"BreadcrumbList\",\"@id\":\"https:\/\/portaltela.pt\/noticias\/2026\/03\/13\/aumento-de-violencia-domestica-preocupa-autoridades-e-reforca-precaucoes\/#breadcrumb\",\"itemListElement\":[{\"@type\":\"ListItem\",\"position\":1,\"name\":\"In\u00edcio\",\"item\":\"https:\/\/portaltela.pt\/\"},{\"@type\":\"ListItem\",\"position\":2,\"name\":\"Aumento de viol\u00eancia dom\u00e9stica preocupa autoridades e refor\u00e7a precau\u00e7\u00f5es\"}]},{\"@type\":\"WebSite\",\"@id\":\"https:\/\/portaltela.pt\/#website\",\"url\":\"https:\/\/portaltela.pt\/\",\"name\":\"Portal Tela Portugal\",\"description\":\"\",\"potentialAction\":[{\"@type\":\"SearchAction\",\"target\":{\"@type\":\"EntryPoint\",\"urlTemplate\":\"https:\/\/portaltela.pt\/?s={search_term_string}\"},\"query-input\":{\"@type\":\"PropertyValueSpecification\",\"valueRequired\":true,\"valueName\":\"search_term_string\"}}],\"inLanguage\":\"pt-PT\"},{\"@type\":\"Person\",\"@id\":\"https:\/\/portaltela.pt\/#\/schema\/person\/c4278d4a6028830caff9ee44b42d32ed\",\"name\":\"Telinha\",\"image\":{\"@type\":\"ImageObject\",\"inLanguage\":\"pt-PT\",\"@id\":\"https:\/\/portaltela.pt\/s.01k8rhncp4jt1\/2025\/11\/talking-bot-125x125.png\",\"url\":\"https:\/\/portaltela.pt\/s.01k8rhncp4jt1\/2025\/11\/talking-bot-125x125.png\",\"contentUrl\":\"https:\/\/portaltela.pt\/s.01k8rhncp4jt1\/2025\/11\/talking-bot-125x125.png\",\"caption\":\"Telinha\"},\"sameAs\":[\"https:\/\/portaltela.pt\/\"],\"url\":\"https:\/\/portaltela.pt\/por\/367410592786\/\"}]}<\/script>\n<!-- \/ Yoast SEO plugin. -->","yoast_head_json":{"title":"Aumento de viol\u00eancia dom\u00e9stica preocupa autoridades e refor\u00e7a precau\u00e7\u00f5es - Portal Tela Portugal","robots":{"index":"index","follow":"follow","max-snippet":"max-snippet:-1","max-image-preview":"max-image-preview:large","max-video-preview":"max-video-preview:-1"},"og_locale":"pt_PT","og_type":"article","og_title":"Aumento de viol\u00eancia dom\u00e9stica preocupa autoridades e refor\u00e7a precau\u00e7\u00f5es - Portal Tela Portugal","og_description":"O pa\u00eds registou mais de 25 mil ocorr\u00eancias de viol\u00eancia dom\u00e9stica nos primeiros nove meses do ano passado, o valor mais alto em sete anos. A C\u00e1ritas de Braga e a APAV promovem apoio gratuito a v\u00edtimas, incluindo apoio emocional, psicol\u00f3gico, social e jur\u00eddico. A Casa de Acolhimento de Emerg\u00eancia (CAE) da C\u00e1ritas j\u00e1 recebeu cerca de mil pessoas desde 2022 e prepara um novo espa\u00e7o para recupera\u00e7\u00e3o dos impactos da viol\u00eancia. No primeiro semestre de 2025, o CAE acolheu 122 pessoas, incluindo 62 menores; o fluxo de crian\u00e7as em acolhimento \u00e9 quase igual ao das mulheres. A rede de apoio refor\u00e7a a sensibiliza\u00e7\u00e3o da comunidade e recomenda a\u00e7\u00f5es como contactarem PSP, recorrerem a exames m\u00e9dicos e procurarem psic\u00f3logo, bem como documentarem situa\u00e7\u00f5es de viol\u00eancia.","og_url":"https:\/\/portaltela.pt\/noticias\/2026\/03\/13\/aumento-de-violencia-domestica-preocupa-autoridades-e-reforca-precaucoes\/","og_site_name":"Portal Tela Portugal","article_published_time":"2026-03-13T11:08:00+00:00","author":"Telinha","twitter_card":"summary_large_image","twitter_misc":{"Escrito por":"Telinha","Tempo estimado de leitura":"3 minutos"},"schema":{"@context":"https:\/\/schema.org","@graph":[{"@type":"Article","@id":"https:\/\/portaltela.pt\/noticias\/2026\/03\/13\/aumento-de-violencia-domestica-preocupa-autoridades-e-reforca-precaucoes\/#article","isPartOf":{"@id":"https:\/\/portaltela.pt\/noticias\/2026\/03\/13\/aumento-de-violencia-domestica-preocupa-autoridades-e-reforca-precaucoes\/"},"author":{"name":"Telinha","@id":"https:\/\/portaltela.pt\/#\/schema\/person\/c4278d4a6028830caff9ee44b42d32ed"},"headline":"Aumento de viol\u00eancia dom\u00e9stica preocupa autoridades e refor\u00e7a precau\u00e7\u00f5es","datePublished":"2026-03-13T11:08:00+00:00","mainEntityOfPage":{"@id":"https:\/\/portaltela.pt\/noticias\/2026\/03\/13\/aumento-de-violencia-domestica-preocupa-autoridades-e-reforca-precaucoes\/"},"wordCount":562,"image":{"@id":"https:\/\/portaltela.pt\/noticias\/2026\/03\/13\/aumento-de-violencia-domestica-preocupa-autoridades-e-reforca-precaucoes\/#primaryimage"},"thumbnailUrl":"https:\/\/portaltela.pt\/s.01k8rhncp4jt1\/2026\/03\/image-852.jpg","keywords":["APAV","Braga","C\u00e1ritas Diocesana","cidadania","viol\u00eancia","viol\u00eancia dom\u00e9stica"],"articleSection":["Sa\u00fade","Sociedade"],"inLanguage":"pt-PT"},{"@type":"WebPage","@id":"https:\/\/portaltela.pt\/noticias\/2026\/03\/13\/aumento-de-violencia-domestica-preocupa-autoridades-e-reforca-precaucoes\/","url":"https:\/\/portaltela.pt\/noticias\/2026\/03\/13\/aumento-de-violencia-domestica-preocupa-autoridades-e-reforca-precaucoes\/","name":"Aumento de viol\u00eancia dom\u00e9stica preocupa autoridades e refor\u00e7a precau\u00e7\u00f5es - Portal Tela Portugal","isPartOf":{"@id":"https:\/\/portaltela.pt\/#website"},"primaryImageOfPage":{"@id":"https:\/\/portaltela.pt\/noticias\/2026\/03\/13\/aumento-de-violencia-domestica-preocupa-autoridades-e-reforca-precaucoes\/#primaryimage"},"image":{"@id":"https:\/\/portaltela.pt\/noticias\/2026\/03\/13\/aumento-de-violencia-domestica-preocupa-autoridades-e-reforca-precaucoes\/#primaryimage"},"thumbnailUrl":"https:\/\/portaltela.pt\/s.01k8rhncp4jt1\/2026\/03\/image-852.jpg","datePublished":"2026-03-13T11:08:00+00:00","author":{"@id":"https:\/\/portaltela.pt\/#\/schema\/person\/c4278d4a6028830caff9ee44b42d32ed"},"breadcrumb":{"@id":"https:\/\/portaltela.pt\/noticias\/2026\/03\/13\/aumento-de-violencia-domestica-preocupa-autoridades-e-reforca-precaucoes\/#breadcrumb"},"inLanguage":"pt-PT","potentialAction":[{"@type":"ReadAction","target":["https:\/\/portaltela.pt\/noticias\/2026\/03\/13\/aumento-de-violencia-domestica-preocupa-autoridades-e-reforca-precaucoes\/"]}]},{"@type":"ImageObject","inLanguage":"pt-PT","@id":"https:\/\/portaltela.pt\/noticias\/2026\/03\/13\/aumento-de-violencia-domestica-preocupa-autoridades-e-reforca-precaucoes\/#primaryimage","url":"https:\/\/portaltela.pt\/s.01k8rhncp4jt1\/2026\/03\/image-852.jpg","contentUrl":"https:\/\/portaltela.pt\/s.01k8rhncp4jt1\/2026\/03\/image-852.jpg","width":796,"height":448,"caption":"Imagem de contexto do artigo Viol\u00eancia dom\u00e9stica: crescem os n\u00fameros, crescem as prud\u00eancias"},{"@type":"BreadcrumbList","@id":"https:\/\/portaltela.pt\/noticias\/2026\/03\/13\/aumento-de-violencia-domestica-preocupa-autoridades-e-reforca-precaucoes\/#breadcrumb","itemListElement":[{"@type":"ListItem","position":1,"name":"In\u00edcio","item":"https:\/\/portaltela.pt\/"},{"@type":"ListItem","position":2,"name":"Aumento de viol\u00eancia dom\u00e9stica preocupa autoridades e refor\u00e7a precau\u00e7\u00f5es"}]},{"@type":"WebSite","@id":"https:\/\/portaltela.pt\/#website","url":"https:\/\/portaltela.pt\/","name":"Portal Tela Portugal","description":"","potentialAction":[{"@type":"SearchAction","target":{"@type":"EntryPoint","urlTemplate":"https:\/\/portaltela.pt\/?s={search_term_string}"},"query-input":{"@type":"PropertyValueSpecification","valueRequired":true,"valueName":"search_term_string"}}],"inLanguage":"pt-PT"},{"@type":"Person","@id":"https:\/\/portaltela.pt\/#\/schema\/person\/c4278d4a6028830caff9ee44b42d32ed","name":"Telinha","image":{"@type":"ImageObject","inLanguage":"pt-PT","@id":"https:\/\/portaltela.pt\/s.01k8rhncp4jt1\/2025\/11\/talking-bot-125x125.png","url":"https:\/\/portaltela.pt\/s.01k8rhncp4jt1\/2025\/11\/talking-bot-125x125.png","contentUrl":"https:\/\/portaltela.pt\/s.01k8rhncp4jt1\/2025\/11\/talking-bot-125x125.png","caption":"Telinha"},"sameAs":["https:\/\/portaltela.pt\/"],"url":"https:\/\/portaltela.pt\/por\/367410592786\/"}]}},"_links":{"self":[{"href":"https:\/\/portaltela.pt\/api\/wp\/v2\/posts\/408638","targetHints":{"allow":["GET"]}}],"collection":[{"href":"https:\/\/portaltela.pt\/api\/wp\/v2\/posts"}],"about":[{"href":"https:\/\/portaltela.pt\/api\/wp\/v2\/types\/post"}],"author":[{"embeddable":true,"href":"https:\/\/portaltela.pt\/api\/wp\/v2\/users\/2"}],"replies":[{"embeddable":true,"href":"https:\/\/portaltela.pt\/api\/wp\/v2\/comments?post=408638"}],"version-history":[{"count":0,"href":"https:\/\/portaltela.pt\/api\/wp\/v2\/posts\/408638\/revisions"}],"wp:featuredmedia":[{"embeddable":true,"href":"https:\/\/portaltela.pt\/api\/wp\/v2\/media\/408645"}],"wp:attachment":[{"href":"https:\/\/portaltela.pt\/api\/wp\/v2\/media?parent=408638"}],"wp:term":[{"taxonomy":"category","embeddable":true,"href":"https:\/\/portaltela.pt\/api\/wp\/v2\/categories?post=408638"},{"taxonomy":"post_tag","embeddable":true,"href":"https:\/\/portaltela.pt\/api\/wp\/v2\/tags?post=408638"}],"curies":[{"name":"wp","href":"https:\/\/api.w.org\/{rel}","templated":true}]}}