{"id":408637,"date":"2026-03-13T08:14:23","date_gmt":"2026-03-13T11:14:23","guid":{"rendered":"https:\/\/portaltela.pt\/noticias\/2026\/03\/13\/famoso-chef-demite-se-apos-denuncias-de-insultos-agressoes-e-ameacas\/"},"modified":"2026-03-13T08:14:23","modified_gmt":"2026-03-13T11:14:23","slug":"famoso-chef-demite-se-apos-denuncias-de-insultos-agressoes-e-ameacas","status":"publish","type":"post","link":"https:\/\/portaltela.pt\/celebridades\/2026\/03\/13\/famoso-chef-demite-se-apos-denuncias-de-insultos-agressoes-e-ameacas\/","title":{"rendered":"Famoso chef demite-se ap\u00f3s den\u00fancias de insultos, agress\u00f5es e amea\u00e7as"},"content":{"rendered":"<p>Ren\u00e9 Redzepi, chef do Noma, acabou por anunciar a demiss\u00e3o na quarta-feira, 11, ap\u00f3s den\u00fancias de ex-funcion\u00e1rios sobre abusos na cozinha. O restaurante, localizado em Copenhaga, foi vencedor repetidamente do t\u00edtulo de melhor do mundo, mas est\u00e1 a enfrentar uma crise interna desde a publica\u00e7\u00e3o de relatos de antigos colaboradores.<\/p>\n<p>As acusa\u00e7\u00f5es det\u00eam-se em pr\u00e1ticas abusivas entre 2009 e 2017, incluindo agress\u00f5es f\u00edsicas, humilha\u00e7\u00e3o p\u00fablica, intimida\u00e7\u00e3o psicol\u00f3gica e ass\u00e9dios direcionados a familiares dos trabalhadores. O The New York Times veiculou relatos de pelo menos 35 ex-funcion\u00e1rios a quem foram atribu\u00eddos comportamentos inadequados no refeit\u00f3rio e nas \u00e1reas de servi\u00e7o.<\/p>\n<p>Redzepi, de 48 anos, gravou um v\u00eddeo onde informou aos empregados a sua decis\u00e3o de se afastar do restaurante em funcionamento h\u00e1 23 anos. O chef reconheceu que as mudan\u00e7as ocorridas recentemente trouxeram uma vasta discuss\u00e3o sobre a cultura da casa e a lideran\u00e7a, admitindo que assumia responsabilidades pelos atos atribu\u00eddos.<\/p>\n<p>A cobertura do di\u00e1rio norte-americano descreve epis\u00f3dios espec\u00edficos, incluindo um caso em que um funcion\u00e1rio foi alvo de insultos repetidos por colocar m\u00fasica techno, estilo que n\u00e3o agrada ao chef. Segundo o relato, o agressor levou o empregado a ouvir um discurso de humilha\u00e7\u00e3o p\u00fablico que terminou com um ataque f\u00edsico.<\/p>\n<p>Outros relatos referem-se a uma funcion\u00e1ria atingida com um soco ap\u00f3s pegar no telem\u00f3vel para baixar o volume da m\u00fasica. A v\u00edtima caiu, bateu com o corpo numa bancada de metal e ficou ferida, sem aux\u00edlio imediato de colegas. O epis\u00f3dio ocorreu num sal\u00e3o de jantar onde o uso do telem\u00f3vel era proibido.<\/p>\n<p>A imprensa descreve ainda um quadro de intimida\u00e7\u00e3o constante, com elogios \u00e0 reputa\u00e7\u00e3o da cozinha a contrastar com a viol\u00eancia relatada por quem l\u00e1 trabalhou. O Noma mant\u00e9m-se aberto, com as equipas de Copenhaga e de Los Angeles a laborarem normalmente.<\/p>\n<h3>Rea\u00e7\u00e3o do chef e consequente afastamento<\/h3>\n<p>Redzepi afirmou que as \u00faltimas semanas proporcionaram momentos de reflex\u00e3o sobre o papel dele na lideran\u00e7a e no funcionamento do restaurante. Reconheceu falhas na gest\u00e3o e afirmou que o Noma tem implementado mudan\u00e7as para transformar a cultura interna, embora tenha admitido que um pedido de desculpas n\u00e3o compensa o que ocorreu.<\/p>\n<h3>Situa\u00e7\u00e3o atual do Noma<\/h3>\n<p>O Noma, em Copenhaga, continua em funcionamento e n\u00e3o divulgou medidas adicionais espec\u00edficas para as equipas afetadas. Em Los Angeles, o estabelecimento associado tamb\u00e9m permanece operativo, com as equipas a manterem as suas fun\u00e7\u00f5es. A dire\u00e7\u00e3o n\u00e3o confirmou qualquer investiga\u00e7\u00e3o formal ou san\u00e7\u00f5es adicionais naquele momento.<\/p>\n","protected":false},"excerpt":{"rendered":"<ul>\n<li>Ren\u00e9 Redzepi, chefe do Noma, demitiu-se na quarta-feira, 11, ap\u00f3s den\u00fancias de ex-funcion\u00e1rios sobre abusos na cozinha de h\u00e1 v\u00e1rios anos.<\/li>\n<li>A not\u00edcia foi publicada pelo The New York Times e traz relatos de 35 antigos trabalhadores entre 2009 e 2017, envolvendo agress\u00f5es f\u00edsicas, humilha\u00e7\u00e3o p\u00fablica e intimida\u00e7\u00e3o.<\/li>\n<li>Entre os relatos est\u00e3o socos, empurr\u00f5es e situa\u00e7\u00f5es em que o chef humilhava funcion\u00e1rios perante os colegas, al\u00e9m de alega\u00e7\u00f5es de coment\u00e1rios sexuais inadequados dirigidos a DJs.<\/li>\n<li>Redzepi reconheceu a viol\u00eancia na cozinha, disse que a demiss\u00e3o n\u00e3o apaga o passado e assumiu a responsabilidade, acrescentando que precisa tornar-se um l\u00edder melhor; o Noma continua aberto.<\/li>\n<li>O grupo mant\u00e9m as suas equipas ativas nos restaurantes de Copenhaga e de Los Angeles, que permanecem em funcionamento.<\/li>\n<\/ul>\n","protected":false},"author":2,"featured_media":408641,"comment_status":"closed","ping_status":"closed","sticky":false,"template":"","format":"standard","meta":{"footnotes":""},"categories":[6675],"tags":[470,2079,3200,2503,219,939],"class_list":["post-408637","post","type-post","status-publish","format-standard","has-post-thumbnail","hentry","category-celebridades","tag-abuso-de-autoridade","tag-agressoes","tag-assedio","tag-dinamarca","tag-gastronomia","tag-violencia"],"yoast_head":"<!-- This site is optimized with the Yoast SEO plugin v27.2 - https:\/\/yoast.com\/product\/yoast-seo-wordpress\/ -->\n<title>Famoso chef demite-se ap\u00f3s den\u00fancias de insultos, agress\u00f5es e amea\u00e7as - Portal Tela Portugal<\/title>\n<meta name=\"robots\" content=\"index, follow, max-snippet:-1, max-image-preview:large, max-video-preview:-1\" \/>\n<meta property=\"og:locale\" content=\"pt_PT\" \/>\n<meta property=\"og:type\" content=\"article\" \/>\n<meta property=\"og:title\" content=\"Famoso chef demite-se ap\u00f3s den\u00fancias de insultos, agress\u00f5es e amea\u00e7as - Portal Tela Portugal\" \/>\n<meta property=\"og:description\" content=\"Ren\u00e9 Redzepi, chefe do Noma, demitiu-se na quarta-feira, 11, ap\u00f3s den\u00fancias de ex-funcion\u00e1rios sobre abusos na cozinha de h\u00e1 v\u00e1rios anos. A not\u00edcia foi publicada pelo The New York Times e traz relatos de 35 antigos trabalhadores entre 2009 e 2017, envolvendo agress\u00f5es f\u00edsicas, humilha\u00e7\u00e3o p\u00fablica e intimida\u00e7\u00e3o. Entre os relatos est\u00e3o socos, empurr\u00f5es e situa\u00e7\u00f5es em que o chef humilhava funcion\u00e1rios perante os colegas, al\u00e9m de alega\u00e7\u00f5es de coment\u00e1rios sexuais inadequados dirigidos a DJs. Redzepi reconheceu a viol\u00eancia na cozinha, disse que a demiss\u00e3o n\u00e3o apaga o passado e assumiu a responsabilidade, acrescentando que precisa tornar-se um l\u00edder melhor; o Noma continua aberto. O grupo mant\u00e9m as suas equipas ativas nos restaurantes de Copenhaga e de Los Angeles, que permanecem em funcionamento.\" \/>\n<meta property=\"og:url\" content=\"https:\/\/portaltela.pt\/noticias\/2026\/03\/13\/famoso-chef-demite-se-apos-denuncias-de-insultos-agressoes-e-ameacas\/\" \/>\n<meta property=\"og:site_name\" content=\"Portal Tela Portugal\" \/>\n<meta property=\"article:published_time\" content=\"2026-03-13T11:14:23+00:00\" \/>\n<meta name=\"author\" content=\"Telinha\" \/>\n<meta name=\"twitter:card\" content=\"summary_large_image\" \/>\n<meta name=\"twitter:label1\" content=\"Escrito por\" \/>\n\t<meta name=\"twitter:data1\" content=\"Telinha\" \/>\n\t<meta name=\"twitter:label2\" content=\"Tempo estimado de leitura\" \/>\n\t<meta name=\"twitter:data2\" content=\"2 minutos\" \/>\n<script type=\"application\/ld+json\" class=\"yoast-schema-graph\">{\"@context\":\"https:\/\/schema.org\",\"@graph\":[{\"@type\":\"Article\",\"@id\":\"https:\/\/portaltela.pt\/noticias\/2026\/03\/13\/famoso-chef-demite-se-apos-denuncias-de-insultos-agressoes-e-ameacas\/#article\",\"isPartOf\":{\"@id\":\"https:\/\/portaltela.pt\/noticias\/2026\/03\/13\/famoso-chef-demite-se-apos-denuncias-de-insultos-agressoes-e-ameacas\/\"},\"author\":{\"name\":\"Telinha\",\"@id\":\"https:\/\/portaltela.pt\/#\/schema\/person\/c4278d4a6028830caff9ee44b42d32ed\"},\"headline\":\"Famoso chef demite-se ap\u00f3s den\u00fancias de insultos, agress\u00f5es e amea\u00e7as\",\"datePublished\":\"2026-03-13T11:14:23+00:00\",\"mainEntityOfPage\":{\"@id\":\"https:\/\/portaltela.pt\/noticias\/2026\/03\/13\/famoso-chef-demite-se-apos-denuncias-de-insultos-agressoes-e-ameacas\/\"},\"wordCount\":472,\"image\":{\"@id\":\"https:\/\/portaltela.pt\/noticias\/2026\/03\/13\/famoso-chef-demite-se-apos-denuncias-de-insultos-agressoes-e-ameacas\/#primaryimage\"},\"thumbnailUrl\":\"https:\/\/portaltela.pt\/s.01k8rhncp4jt1\/2026\/03\/img_1280x718uu2026-03-13-10-07-46-2272076-im-639089932959403701.jpg\",\"keywords\":[\"abuso de autoridade\",\"agress\u00f5es\",\"ass\u00e9dio\",\"Dinamarca\",\"gastronomia\",\"viol\u00eancia\"],\"articleSection\":[\"Celebridades\"],\"inLanguage\":\"pt-PT\"},{\"@type\":\"WebPage\",\"@id\":\"https:\/\/portaltela.pt\/noticias\/2026\/03\/13\/famoso-chef-demite-se-apos-denuncias-de-insultos-agressoes-e-ameacas\/\",\"url\":\"https:\/\/portaltela.pt\/noticias\/2026\/03\/13\/famoso-chef-demite-se-apos-denuncias-de-insultos-agressoes-e-ameacas\/\",\"name\":\"Famoso chef demite-se ap\u00f3s den\u00fancias de insultos, agress\u00f5es e amea\u00e7as - Portal Tela Portugal\",\"isPartOf\":{\"@id\":\"https:\/\/portaltela.pt\/#website\"},\"primaryImageOfPage\":{\"@id\":\"https:\/\/portaltela.pt\/noticias\/2026\/03\/13\/famoso-chef-demite-se-apos-denuncias-de-insultos-agressoes-e-ameacas\/#primaryimage\"},\"image\":{\"@id\":\"https:\/\/portaltela.pt\/noticias\/2026\/03\/13\/famoso-chef-demite-se-apos-denuncias-de-insultos-agressoes-e-ameacas\/#primaryimage\"},\"thumbnailUrl\":\"https:\/\/portaltela.pt\/s.01k8rhncp4jt1\/2026\/03\/img_1280x718uu2026-03-13-10-07-46-2272076-im-639089932959403701.jpg\",\"datePublished\":\"2026-03-13T11:14:23+00:00\",\"author\":{\"@id\":\"https:\/\/portaltela.pt\/#\/schema\/person\/c4278d4a6028830caff9ee44b42d32ed\"},\"breadcrumb\":{\"@id\":\"https:\/\/portaltela.pt\/noticias\/2026\/03\/13\/famoso-chef-demite-se-apos-denuncias-de-insultos-agressoes-e-ameacas\/#breadcrumb\"},\"inLanguage\":\"pt-PT\",\"potentialAction\":[{\"@type\":\"ReadAction\",\"target\":[\"https:\/\/portaltela.pt\/noticias\/2026\/03\/13\/famoso-chef-demite-se-apos-denuncias-de-insultos-agressoes-e-ameacas\/\"]}]},{\"@type\":\"ImageObject\",\"inLanguage\":\"pt-PT\",\"@id\":\"https:\/\/portaltela.pt\/noticias\/2026\/03\/13\/famoso-chef-demite-se-apos-denuncias-de-insultos-agressoes-e-ameacas\/#primaryimage\",\"url\":\"https:\/\/portaltela.pt\/s.01k8rhncp4jt1\/2026\/03\/img_1280x718uu2026-03-13-10-07-46-2272076-im-639089932959403701.jpg\",\"contentUrl\":\"https:\/\/portaltela.pt\/s.01k8rhncp4jt1\/2026\/03\/img_1280x718uu2026-03-13-10-07-46-2272076-im-639089932959403701.jpg\",\"width\":796,\"height\":448,\"caption\":\"Rene Redzepi, chef do Noma\"},{\"@type\":\"BreadcrumbList\",\"@id\":\"https:\/\/portaltela.pt\/noticias\/2026\/03\/13\/famoso-chef-demite-se-apos-denuncias-de-insultos-agressoes-e-ameacas\/#breadcrumb\",\"itemListElement\":[{\"@type\":\"ListItem\",\"position\":1,\"name\":\"In\u00edcio\",\"item\":\"https:\/\/portaltela.pt\/\"},{\"@type\":\"ListItem\",\"position\":2,\"name\":\"Famoso chef demite-se ap\u00f3s den\u00fancias de insultos, agress\u00f5es e amea\u00e7as\"}]},{\"@type\":\"WebSite\",\"@id\":\"https:\/\/portaltela.pt\/#website\",\"url\":\"https:\/\/portaltela.pt\/\",\"name\":\"Portal Tela Portugal\",\"description\":\"\",\"potentialAction\":[{\"@type\":\"SearchAction\",\"target\":{\"@type\":\"EntryPoint\",\"urlTemplate\":\"https:\/\/portaltela.pt\/?s={search_term_string}\"},\"query-input\":{\"@type\":\"PropertyValueSpecification\",\"valueRequired\":true,\"valueName\":\"search_term_string\"}}],\"inLanguage\":\"pt-PT\"},{\"@type\":\"Person\",\"@id\":\"https:\/\/portaltela.pt\/#\/schema\/person\/c4278d4a6028830caff9ee44b42d32ed\",\"name\":\"Telinha\",\"image\":{\"@type\":\"ImageObject\",\"inLanguage\":\"pt-PT\",\"@id\":\"https:\/\/portaltela.pt\/s.01k8rhncp4jt1\/2025\/11\/talking-bot-125x125.png\",\"url\":\"https:\/\/portaltela.pt\/s.01k8rhncp4jt1\/2025\/11\/talking-bot-125x125.png\",\"contentUrl\":\"https:\/\/portaltela.pt\/s.01k8rhncp4jt1\/2025\/11\/talking-bot-125x125.png\",\"caption\":\"Telinha\"},\"sameAs\":[\"https:\/\/portaltela.pt\/\"],\"url\":\"https:\/\/portaltela.pt\/por\/367410592786\/\"}]}<\/script>\n<!-- \/ Yoast SEO plugin. -->","yoast_head_json":{"title":"Famoso chef demite-se ap\u00f3s den\u00fancias de insultos, agress\u00f5es e amea\u00e7as - Portal Tela Portugal","robots":{"index":"index","follow":"follow","max-snippet":"max-snippet:-1","max-image-preview":"max-image-preview:large","max-video-preview":"max-video-preview:-1"},"og_locale":"pt_PT","og_type":"article","og_title":"Famoso chef demite-se ap\u00f3s den\u00fancias de insultos, agress\u00f5es e amea\u00e7as - Portal Tela Portugal","og_description":"Ren\u00e9 Redzepi, chefe do Noma, demitiu-se na quarta-feira, 11, ap\u00f3s den\u00fancias de ex-funcion\u00e1rios sobre abusos na cozinha de h\u00e1 v\u00e1rios anos. A not\u00edcia foi publicada pelo The New York Times e traz relatos de 35 antigos trabalhadores entre 2009 e 2017, envolvendo agress\u00f5es f\u00edsicas, humilha\u00e7\u00e3o p\u00fablica e intimida\u00e7\u00e3o. Entre os relatos est\u00e3o socos, empurr\u00f5es e situa\u00e7\u00f5es em que o chef humilhava funcion\u00e1rios perante os colegas, al\u00e9m de alega\u00e7\u00f5es de coment\u00e1rios sexuais inadequados dirigidos a DJs. Redzepi reconheceu a viol\u00eancia na cozinha, disse que a demiss\u00e3o n\u00e3o apaga o passado e assumiu a responsabilidade, acrescentando que precisa tornar-se um l\u00edder melhor; o Noma continua aberto. O grupo mant\u00e9m as suas equipas ativas nos restaurantes de Copenhaga e de Los Angeles, que permanecem em funcionamento.","og_url":"https:\/\/portaltela.pt\/noticias\/2026\/03\/13\/famoso-chef-demite-se-apos-denuncias-de-insultos-agressoes-e-ameacas\/","og_site_name":"Portal Tela Portugal","article_published_time":"2026-03-13T11:14:23+00:00","author":"Telinha","twitter_card":"summary_large_image","twitter_misc":{"Escrito por":"Telinha","Tempo estimado de leitura":"2 minutos"},"schema":{"@context":"https:\/\/schema.org","@graph":[{"@type":"Article","@id":"https:\/\/portaltela.pt\/noticias\/2026\/03\/13\/famoso-chef-demite-se-apos-denuncias-de-insultos-agressoes-e-ameacas\/#article","isPartOf":{"@id":"https:\/\/portaltela.pt\/noticias\/2026\/03\/13\/famoso-chef-demite-se-apos-denuncias-de-insultos-agressoes-e-ameacas\/"},"author":{"name":"Telinha","@id":"https:\/\/portaltela.pt\/#\/schema\/person\/c4278d4a6028830caff9ee44b42d32ed"},"headline":"Famoso chef demite-se ap\u00f3s den\u00fancias de insultos, agress\u00f5es e amea\u00e7as","datePublished":"2026-03-13T11:14:23+00:00","mainEntityOfPage":{"@id":"https:\/\/portaltela.pt\/noticias\/2026\/03\/13\/famoso-chef-demite-se-apos-denuncias-de-insultos-agressoes-e-ameacas\/"},"wordCount":472,"image":{"@id":"https:\/\/portaltela.pt\/noticias\/2026\/03\/13\/famoso-chef-demite-se-apos-denuncias-de-insultos-agressoes-e-ameacas\/#primaryimage"},"thumbnailUrl":"https:\/\/portaltela.pt\/s.01k8rhncp4jt1\/2026\/03\/img_1280x718uu2026-03-13-10-07-46-2272076-im-639089932959403701.jpg","keywords":["abuso de autoridade","agress\u00f5es","ass\u00e9dio","Dinamarca","gastronomia","viol\u00eancia"],"articleSection":["Celebridades"],"inLanguage":"pt-PT"},{"@type":"WebPage","@id":"https:\/\/portaltela.pt\/noticias\/2026\/03\/13\/famoso-chef-demite-se-apos-denuncias-de-insultos-agressoes-e-ameacas\/","url":"https:\/\/portaltela.pt\/noticias\/2026\/03\/13\/famoso-chef-demite-se-apos-denuncias-de-insultos-agressoes-e-ameacas\/","name":"Famoso chef demite-se ap\u00f3s den\u00fancias de insultos, agress\u00f5es e amea\u00e7as - Portal Tela Portugal","isPartOf":{"@id":"https:\/\/portaltela.pt\/#website"},"primaryImageOfPage":{"@id":"https:\/\/portaltela.pt\/noticias\/2026\/03\/13\/famoso-chef-demite-se-apos-denuncias-de-insultos-agressoes-e-ameacas\/#primaryimage"},"image":{"@id":"https:\/\/portaltela.pt\/noticias\/2026\/03\/13\/famoso-chef-demite-se-apos-denuncias-de-insultos-agressoes-e-ameacas\/#primaryimage"},"thumbnailUrl":"https:\/\/portaltela.pt\/s.01k8rhncp4jt1\/2026\/03\/img_1280x718uu2026-03-13-10-07-46-2272076-im-639089932959403701.jpg","datePublished":"2026-03-13T11:14:23+00:00","author":{"@id":"https:\/\/portaltela.pt\/#\/schema\/person\/c4278d4a6028830caff9ee44b42d32ed"},"breadcrumb":{"@id":"https:\/\/portaltela.pt\/noticias\/2026\/03\/13\/famoso-chef-demite-se-apos-denuncias-de-insultos-agressoes-e-ameacas\/#breadcrumb"},"inLanguage":"pt-PT","potentialAction":[{"@type":"ReadAction","target":["https:\/\/portaltela.pt\/noticias\/2026\/03\/13\/famoso-chef-demite-se-apos-denuncias-de-insultos-agressoes-e-ameacas\/"]}]},{"@type":"ImageObject","inLanguage":"pt-PT","@id":"https:\/\/portaltela.pt\/noticias\/2026\/03\/13\/famoso-chef-demite-se-apos-denuncias-de-insultos-agressoes-e-ameacas\/#primaryimage","url":"https:\/\/portaltela.pt\/s.01k8rhncp4jt1\/2026\/03\/img_1280x718uu2026-03-13-10-07-46-2272076-im-639089932959403701.jpg","contentUrl":"https:\/\/portaltela.pt\/s.01k8rhncp4jt1\/2026\/03\/img_1280x718uu2026-03-13-10-07-46-2272076-im-639089932959403701.jpg","width":796,"height":448,"caption":"Rene Redzepi, chef do Noma"},{"@type":"BreadcrumbList","@id":"https:\/\/portaltela.pt\/noticias\/2026\/03\/13\/famoso-chef-demite-se-apos-denuncias-de-insultos-agressoes-e-ameacas\/#breadcrumb","itemListElement":[{"@type":"ListItem","position":1,"name":"In\u00edcio","item":"https:\/\/portaltela.pt\/"},{"@type":"ListItem","position":2,"name":"Famoso chef demite-se ap\u00f3s den\u00fancias de insultos, agress\u00f5es e amea\u00e7as"}]},{"@type":"WebSite","@id":"https:\/\/portaltela.pt\/#website","url":"https:\/\/portaltela.pt\/","name":"Portal Tela Portugal","description":"","potentialAction":[{"@type":"SearchAction","target":{"@type":"EntryPoint","urlTemplate":"https:\/\/portaltela.pt\/?s={search_term_string}"},"query-input":{"@type":"PropertyValueSpecification","valueRequired":true,"valueName":"search_term_string"}}],"inLanguage":"pt-PT"},{"@type":"Person","@id":"https:\/\/portaltela.pt\/#\/schema\/person\/c4278d4a6028830caff9ee44b42d32ed","name":"Telinha","image":{"@type":"ImageObject","inLanguage":"pt-PT","@id":"https:\/\/portaltela.pt\/s.01k8rhncp4jt1\/2025\/11\/talking-bot-125x125.png","url":"https:\/\/portaltela.pt\/s.01k8rhncp4jt1\/2025\/11\/talking-bot-125x125.png","contentUrl":"https:\/\/portaltela.pt\/s.01k8rhncp4jt1\/2025\/11\/talking-bot-125x125.png","caption":"Telinha"},"sameAs":["https:\/\/portaltela.pt\/"],"url":"https:\/\/portaltela.pt\/por\/367410592786\/"}]}},"_links":{"self":[{"href":"https:\/\/portaltela.pt\/api\/wp\/v2\/posts\/408637","targetHints":{"allow":["GET"]}}],"collection":[{"href":"https:\/\/portaltela.pt\/api\/wp\/v2\/posts"}],"about":[{"href":"https:\/\/portaltela.pt\/api\/wp\/v2\/types\/post"}],"author":[{"embeddable":true,"href":"https:\/\/portaltela.pt\/api\/wp\/v2\/users\/2"}],"replies":[{"embeddable":true,"href":"https:\/\/portaltela.pt\/api\/wp\/v2\/comments?post=408637"}],"version-history":[{"count":0,"href":"https:\/\/portaltela.pt\/api\/wp\/v2\/posts\/408637\/revisions"}],"wp:featuredmedia":[{"embeddable":true,"href":"https:\/\/portaltela.pt\/api\/wp\/v2\/media\/408641"}],"wp:attachment":[{"href":"https:\/\/portaltela.pt\/api\/wp\/v2\/media?parent=408637"}],"wp:term":[{"taxonomy":"category","embeddable":true,"href":"https:\/\/portaltela.pt\/api\/wp\/v2\/categories?post=408637"},{"taxonomy":"post_tag","embeddable":true,"href":"https:\/\/portaltela.pt\/api\/wp\/v2\/tags?post=408637"}],"curies":[{"name":"wp","href":"https:\/\/api.w.org\/{rel}","templated":true}]}}