{"id":408632,"date":"2026-03-13T08:05:00","date_gmt":"2026-03-13T11:05:00","guid":{"rendered":"https:\/\/portaltela.pt\/noticias\/2026\/03\/13\/concurso-avanca-para-instalar-videovigilancia-em-ramalde\/"},"modified":"2026-03-13T08:05:00","modified_gmt":"2026-03-13T11:05:00","slug":"concurso-avanca-para-instalar-videovigilancia-em-ramalde","status":"publish","type":"post","link":"https:\/\/portaltela.pt\/policia\/2026\/03\/13\/concurso-avanca-para-instalar-videovigilancia-em-ramalde\/","title":{"rendered":"Concurso avan\u00e7a para instalar videovigil\u00e2ncia em Ramalde"},"content":{"rendered":"<p>A PSP pediu \u00e0 C\u00e2mara do Porto que o sistema de videovigil\u00e2ncia em Ramalde tenha o n\u00famero de c\u00e2maras refor\u00e7ado, tendo em conta a morfologia urbana e a localiza\u00e7\u00e3o de cada equipamento. A indica\u00e7\u00e3o foi feita a 16 de janeiro e consta na proposta de lan\u00e7amento do concurso p\u00fablico para a implementa\u00e7\u00e3o das c\u00e2maras em Ramalde, que vai \u00e0 reuni\u00e3o do Executivo na pr\u00f3xima ter\u00e7a-feira.<\/p>\n<p>O pre\u00e7o-base \u00e9 de 1,4 milh\u00f5es de euros. O edital prev\u00ea a instala\u00e7\u00e3o de mais de 50 c\u00e2maras em 45 locais, incluindo a Zona Industrial, a Prelada, o Viso, os bairros de Ramalde e Francos, a esta\u00e7\u00e3o de metro e a Rua Mota Pinto.<\/p>\n<p>O presidente da C\u00e2mara do Porto, Pedro Duarte, mencionou em dezembro o estudo de alargamento da videovigil\u00e2ncia a Ramalde e confirmou, em fevereiro, o avan\u00e7o do processo. A afirma\u00e7\u00e3o ocorreu ap\u00f3s reuni\u00e3o com a presidente da Junta de Ramalde, que apontou aumento da sensa\u00e7\u00e3o de inseguran\u00e7a na freguesia.<\/p>\n<h3>Situa\u00e7\u00e3o atual e next steps<\/h3>\n<p>Atualmente o Porto tem 196 c\u00e2maras distribu\u00eddas pelo concelho. A Baixa e o Centro Hist\u00f3rico foram os primeiros bairros com 79 c\u00e2maras. No ano passado houve expans\u00e3o para Marechal Gomes da Costa, Pasteleira, Pinheiro Torres, Foz, Asprela, Campanh\u00e3, Terminal Intermodal e o Est\u00e1dio do Drag\u00e3o, totalizando 117 c\u00e2maras.<\/p>\n<h3>Localiza\u00e7\u00f5es previstas para Ramalde<\/h3>\n<p>As propostas indicam localiza\u00e7\u00e3o em zonas-chave da freguesia e adjac\u00eancias, com foco em \u00e1reas residenciais, comerciais e de mobilidade, para melhorar a cobertura e tempo de resposta. O concurso p\u00fablico ser\u00e1 analisado pelo Executivo na pr\u00f3xima sess\u00e3o.<\/p>\n","protected":false},"excerpt":{"rendered":"<ul>\n<li>A PSP pediu \u00e0 C\u00e2mara do Porto refor\u00e7ar o n\u00famero de c\u00e2maras do sistema de videovigil\u00e2ncia em Ramalde, tendo em conta a morfologia urbana e a localiza\u00e7\u00e3o de cada equipamento.<\/li>\n<li>O procedimento prev\u00ea lan\u00e7amento de concurso p\u00fablico para instalar mais de cinquenta c\u00e2maras em quarenta e cinco localiza\u00e7\u00f5es, com pre\u00e7o-base de 1,4 milh\u00f5es de euros.<\/li>\n<li>Entre as zonas previstas est\u00e3o a Zona Industrial, a Prelada, o Viso, os bairros de Ramalde e de Francos (incluindo a esta\u00e7\u00e3o de metro) e a \u00e1rea da Rua Mota Pinto.<\/li>\n<li>A proposta segue para a reuni\u00e3o do Executivo na pr\u00f3xima ter\u00e7a-feira.<\/li>\n<li>O Porto conta atualmente com 196 c\u00e2maras de videovigil\u00e2ncia, j\u00e1 abrangendo \u00e1reas como a Baixa, o Centro Hist\u00f3rico e outras zonas detidas no ano passado.<\/li>\n<\/ul>\n","protected":false},"author":2,"featured_media":408633,"comment_status":"closed","ping_status":"closed","sticky":false,"template":"","format":"standard","meta":{"footnotes":""},"categories":[1,6781],"tags":[3263,982,3455,4536,250,7143],"class_list":["post-408632","post","type-post","status-publish","format-standard","has-post-thumbnail","hentry","category-noticias","category-policia","tag-mobilidade-urbana","tag-porto","tag-ramalde","tag-seguranca","tag-seguranca-publica","tag-zona-industrial"],"yoast_head":"<!-- This site is optimized with the Yoast SEO plugin v27.2 - https:\/\/yoast.com\/product\/yoast-seo-wordpress\/ -->\n<title>Concurso avan\u00e7a para instalar videovigil\u00e2ncia em Ramalde - Portal Tela Portugal<\/title>\n<meta name=\"robots\" content=\"index, follow, max-snippet:-1, max-image-preview:large, max-video-preview:-1\" \/>\n<meta property=\"og:locale\" content=\"pt_PT\" \/>\n<meta property=\"og:type\" content=\"article\" \/>\n<meta property=\"og:title\" content=\"Concurso avan\u00e7a para instalar videovigil\u00e2ncia em Ramalde - Portal Tela Portugal\" \/>\n<meta property=\"og:description\" content=\"A PSP pediu \u00e0 C\u00e2mara do Porto refor\u00e7ar o n\u00famero de c\u00e2maras do sistema de videovigil\u00e2ncia em Ramalde, tendo em conta a morfologia urbana e a localiza\u00e7\u00e3o de cada equipamento. O procedimento prev\u00ea lan\u00e7amento de concurso p\u00fablico para instalar mais de cinquenta c\u00e2maras em quarenta e cinco localiza\u00e7\u00f5es, com pre\u00e7o-base de 1,4 milh\u00f5es de euros. Entre as zonas previstas est\u00e3o a Zona Industrial, a Prelada, o Viso, os bairros de Ramalde e de Francos (incluindo a esta\u00e7\u00e3o de metro) e a \u00e1rea da Rua Mota Pinto. A proposta segue para a reuni\u00e3o do Executivo na pr\u00f3xima ter\u00e7a-feira. O Porto conta atualmente com 196 c\u00e2maras de videovigil\u00e2ncia, j\u00e1 abrangendo \u00e1reas como a Baixa, o Centro Hist\u00f3rico e outras zonas detidas no ano passado.\" \/>\n<meta property=\"og:url\" content=\"https:\/\/portaltela.pt\/noticias\/2026\/03\/13\/concurso-avanca-para-instalar-videovigilancia-em-ramalde\/\" \/>\n<meta property=\"og:site_name\" content=\"Portal Tela Portugal\" \/>\n<meta property=\"article:published_time\" content=\"2026-03-13T11:05:00+00:00\" \/>\n<meta name=\"author\" content=\"Telinha\" \/>\n<meta name=\"twitter:card\" content=\"summary_large_image\" \/>\n<meta name=\"twitter:label1\" content=\"Escrito por\" \/>\n\t<meta name=\"twitter:data1\" content=\"Telinha\" \/>\n\t<meta name=\"twitter:label2\" content=\"Tempo estimado de leitura\" \/>\n\t<meta name=\"twitter:data2\" content=\"1 minuto\" \/>\n<script type=\"application\/ld+json\" class=\"yoast-schema-graph\">{\"@context\":\"https:\/\/schema.org\",\"@graph\":[{\"@type\":\"Article\",\"@id\":\"https:\/\/portaltela.pt\/noticias\/2026\/03\/13\/concurso-avanca-para-instalar-videovigilancia-em-ramalde\/#article\",\"isPartOf\":{\"@id\":\"https:\/\/portaltela.pt\/noticias\/2026\/03\/13\/concurso-avanca-para-instalar-videovigilancia-em-ramalde\/\"},\"author\":{\"name\":\"Telinha\",\"@id\":\"https:\/\/portaltela.pt\/#\/schema\/person\/c4278d4a6028830caff9ee44b42d32ed\"},\"headline\":\"Concurso avan\u00e7a para instalar videovigil\u00e2ncia em Ramalde\",\"datePublished\":\"2026-03-13T11:05:00+00:00\",\"mainEntityOfPage\":{\"@id\":\"https:\/\/portaltela.pt\/noticias\/2026\/03\/13\/concurso-avanca-para-instalar-videovigilancia-em-ramalde\/\"},\"wordCount\":292,\"image\":{\"@id\":\"https:\/\/portaltela.pt\/noticias\/2026\/03\/13\/concurso-avanca-para-instalar-videovigilancia-em-ramalde\/#primaryimage\"},\"thumbnailUrl\":\"https:\/\/portaltela.pt\/s.01k8rhncp4jt1\/2026\/03\/image-851.jpg\",\"keywords\":[\"mobilidade urbana\",\"Porto\",\"Ramalde\",\"seguran\u00e7a\",\"seguran\u00e7a p\u00fablica\",\"Zona Industrial\"],\"articleSection\":[\"Not\u00edcias\",\"Pol\u00edcia\"],\"inLanguage\":\"pt-PT\"},{\"@type\":\"WebPage\",\"@id\":\"https:\/\/portaltela.pt\/noticias\/2026\/03\/13\/concurso-avanca-para-instalar-videovigilancia-em-ramalde\/\",\"url\":\"https:\/\/portaltela.pt\/noticias\/2026\/03\/13\/concurso-avanca-para-instalar-videovigilancia-em-ramalde\/\",\"name\":\"Concurso avan\u00e7a para instalar videovigil\u00e2ncia em Ramalde - Portal Tela Portugal\",\"isPartOf\":{\"@id\":\"https:\/\/portaltela.pt\/#website\"},\"primaryImageOfPage\":{\"@id\":\"https:\/\/portaltela.pt\/noticias\/2026\/03\/13\/concurso-avanca-para-instalar-videovigilancia-em-ramalde\/#primaryimage\"},\"image\":{\"@id\":\"https:\/\/portaltela.pt\/noticias\/2026\/03\/13\/concurso-avanca-para-instalar-videovigilancia-em-ramalde\/#primaryimage\"},\"thumbnailUrl\":\"https:\/\/portaltela.pt\/s.01k8rhncp4jt1\/2026\/03\/image-851.jpg\",\"datePublished\":\"2026-03-13T11:05:00+00:00\",\"author\":{\"@id\":\"https:\/\/portaltela.pt\/#\/schema\/person\/c4278d4a6028830caff9ee44b42d32ed\"},\"breadcrumb\":{\"@id\":\"https:\/\/portaltela.pt\/noticias\/2026\/03\/13\/concurso-avanca-para-instalar-videovigilancia-em-ramalde\/#breadcrumb\"},\"inLanguage\":\"pt-PT\",\"potentialAction\":[{\"@type\":\"ReadAction\",\"target\":[\"https:\/\/portaltela.pt\/noticias\/2026\/03\/13\/concurso-avanca-para-instalar-videovigilancia-em-ramalde\/\"]}]},{\"@type\":\"ImageObject\",\"inLanguage\":\"pt-PT\",\"@id\":\"https:\/\/portaltela.pt\/noticias\/2026\/03\/13\/concurso-avanca-para-instalar-videovigilancia-em-ramalde\/#primaryimage\",\"url\":\"https:\/\/portaltela.pt\/s.01k8rhncp4jt1\/2026\/03\/image-851.jpg\",\"contentUrl\":\"https:\/\/portaltela.pt\/s.01k8rhncp4jt1\/2026\/03\/image-851.jpg\",\"width\":796,\"height\":448,\"caption\":\"Porto tem, atualmente, 196 c\u00e2maras de videovigil\u00e2ncia nas ruas\"},{\"@type\":\"BreadcrumbList\",\"@id\":\"https:\/\/portaltela.pt\/noticias\/2026\/03\/13\/concurso-avanca-para-instalar-videovigilancia-em-ramalde\/#breadcrumb\",\"itemListElement\":[{\"@type\":\"ListItem\",\"position\":1,\"name\":\"In\u00edcio\",\"item\":\"https:\/\/portaltela.pt\/\"},{\"@type\":\"ListItem\",\"position\":2,\"name\":\"Concurso avan\u00e7a para instalar videovigil\u00e2ncia em Ramalde\"}]},{\"@type\":\"WebSite\",\"@id\":\"https:\/\/portaltela.pt\/#website\",\"url\":\"https:\/\/portaltela.pt\/\",\"name\":\"Portal Tela Portugal\",\"description\":\"\",\"potentialAction\":[{\"@type\":\"SearchAction\",\"target\":{\"@type\":\"EntryPoint\",\"urlTemplate\":\"https:\/\/portaltela.pt\/?s={search_term_string}\"},\"query-input\":{\"@type\":\"PropertyValueSpecification\",\"valueRequired\":true,\"valueName\":\"search_term_string\"}}],\"inLanguage\":\"pt-PT\"},{\"@type\":\"Person\",\"@id\":\"https:\/\/portaltela.pt\/#\/schema\/person\/c4278d4a6028830caff9ee44b42d32ed\",\"name\":\"Telinha\",\"image\":{\"@type\":\"ImageObject\",\"inLanguage\":\"pt-PT\",\"@id\":\"https:\/\/portaltela.pt\/s.01k8rhncp4jt1\/2025\/11\/talking-bot-125x125.png\",\"url\":\"https:\/\/portaltela.pt\/s.01k8rhncp4jt1\/2025\/11\/talking-bot-125x125.png\",\"contentUrl\":\"https:\/\/portaltela.pt\/s.01k8rhncp4jt1\/2025\/11\/talking-bot-125x125.png\",\"caption\":\"Telinha\"},\"sameAs\":[\"https:\/\/portaltela.pt\/\"],\"url\":\"https:\/\/portaltela.pt\/por\/367410592786\/\"}]}<\/script>\n<!-- \/ Yoast SEO plugin. -->","yoast_head_json":{"title":"Concurso avan\u00e7a para instalar videovigil\u00e2ncia em Ramalde - Portal Tela Portugal","robots":{"index":"index","follow":"follow","max-snippet":"max-snippet:-1","max-image-preview":"max-image-preview:large","max-video-preview":"max-video-preview:-1"},"og_locale":"pt_PT","og_type":"article","og_title":"Concurso avan\u00e7a para instalar videovigil\u00e2ncia em Ramalde - Portal Tela Portugal","og_description":"A PSP pediu \u00e0 C\u00e2mara do Porto refor\u00e7ar o n\u00famero de c\u00e2maras do sistema de videovigil\u00e2ncia em Ramalde, tendo em conta a morfologia urbana e a localiza\u00e7\u00e3o de cada equipamento. O procedimento prev\u00ea lan\u00e7amento de concurso p\u00fablico para instalar mais de cinquenta c\u00e2maras em quarenta e cinco localiza\u00e7\u00f5es, com pre\u00e7o-base de 1,4 milh\u00f5es de euros. Entre as zonas previstas est\u00e3o a Zona Industrial, a Prelada, o Viso, os bairros de Ramalde e de Francos (incluindo a esta\u00e7\u00e3o de metro) e a \u00e1rea da Rua Mota Pinto. A proposta segue para a reuni\u00e3o do Executivo na pr\u00f3xima ter\u00e7a-feira. O Porto conta atualmente com 196 c\u00e2maras de videovigil\u00e2ncia, j\u00e1 abrangendo \u00e1reas como a Baixa, o Centro Hist\u00f3rico e outras zonas detidas no ano passado.","og_url":"https:\/\/portaltela.pt\/noticias\/2026\/03\/13\/concurso-avanca-para-instalar-videovigilancia-em-ramalde\/","og_site_name":"Portal Tela Portugal","article_published_time":"2026-03-13T11:05:00+00:00","author":"Telinha","twitter_card":"summary_large_image","twitter_misc":{"Escrito por":"Telinha","Tempo estimado de leitura":"1 minuto"},"schema":{"@context":"https:\/\/schema.org","@graph":[{"@type":"Article","@id":"https:\/\/portaltela.pt\/noticias\/2026\/03\/13\/concurso-avanca-para-instalar-videovigilancia-em-ramalde\/#article","isPartOf":{"@id":"https:\/\/portaltela.pt\/noticias\/2026\/03\/13\/concurso-avanca-para-instalar-videovigilancia-em-ramalde\/"},"author":{"name":"Telinha","@id":"https:\/\/portaltela.pt\/#\/schema\/person\/c4278d4a6028830caff9ee44b42d32ed"},"headline":"Concurso avan\u00e7a para instalar videovigil\u00e2ncia em Ramalde","datePublished":"2026-03-13T11:05:00+00:00","mainEntityOfPage":{"@id":"https:\/\/portaltela.pt\/noticias\/2026\/03\/13\/concurso-avanca-para-instalar-videovigilancia-em-ramalde\/"},"wordCount":292,"image":{"@id":"https:\/\/portaltela.pt\/noticias\/2026\/03\/13\/concurso-avanca-para-instalar-videovigilancia-em-ramalde\/#primaryimage"},"thumbnailUrl":"https:\/\/portaltela.pt\/s.01k8rhncp4jt1\/2026\/03\/image-851.jpg","keywords":["mobilidade urbana","Porto","Ramalde","seguran\u00e7a","seguran\u00e7a p\u00fablica","Zona Industrial"],"articleSection":["Not\u00edcias","Pol\u00edcia"],"inLanguage":"pt-PT"},{"@type":"WebPage","@id":"https:\/\/portaltela.pt\/noticias\/2026\/03\/13\/concurso-avanca-para-instalar-videovigilancia-em-ramalde\/","url":"https:\/\/portaltela.pt\/noticias\/2026\/03\/13\/concurso-avanca-para-instalar-videovigilancia-em-ramalde\/","name":"Concurso avan\u00e7a para instalar videovigil\u00e2ncia em Ramalde - Portal Tela Portugal","isPartOf":{"@id":"https:\/\/portaltela.pt\/#website"},"primaryImageOfPage":{"@id":"https:\/\/portaltela.pt\/noticias\/2026\/03\/13\/concurso-avanca-para-instalar-videovigilancia-em-ramalde\/#primaryimage"},"image":{"@id":"https:\/\/portaltela.pt\/noticias\/2026\/03\/13\/concurso-avanca-para-instalar-videovigilancia-em-ramalde\/#primaryimage"},"thumbnailUrl":"https:\/\/portaltela.pt\/s.01k8rhncp4jt1\/2026\/03\/image-851.jpg","datePublished":"2026-03-13T11:05:00+00:00","author":{"@id":"https:\/\/portaltela.pt\/#\/schema\/person\/c4278d4a6028830caff9ee44b42d32ed"},"breadcrumb":{"@id":"https:\/\/portaltela.pt\/noticias\/2026\/03\/13\/concurso-avanca-para-instalar-videovigilancia-em-ramalde\/#breadcrumb"},"inLanguage":"pt-PT","potentialAction":[{"@type":"ReadAction","target":["https:\/\/portaltela.pt\/noticias\/2026\/03\/13\/concurso-avanca-para-instalar-videovigilancia-em-ramalde\/"]}]},{"@type":"ImageObject","inLanguage":"pt-PT","@id":"https:\/\/portaltela.pt\/noticias\/2026\/03\/13\/concurso-avanca-para-instalar-videovigilancia-em-ramalde\/#primaryimage","url":"https:\/\/portaltela.pt\/s.01k8rhncp4jt1\/2026\/03\/image-851.jpg","contentUrl":"https:\/\/portaltela.pt\/s.01k8rhncp4jt1\/2026\/03\/image-851.jpg","width":796,"height":448,"caption":"Porto tem, atualmente, 196 c\u00e2maras de videovigil\u00e2ncia nas ruas"},{"@type":"BreadcrumbList","@id":"https:\/\/portaltela.pt\/noticias\/2026\/03\/13\/concurso-avanca-para-instalar-videovigilancia-em-ramalde\/#breadcrumb","itemListElement":[{"@type":"ListItem","position":1,"name":"In\u00edcio","item":"https:\/\/portaltela.pt\/"},{"@type":"ListItem","position":2,"name":"Concurso avan\u00e7a para instalar videovigil\u00e2ncia em Ramalde"}]},{"@type":"WebSite","@id":"https:\/\/portaltela.pt\/#website","url":"https:\/\/portaltela.pt\/","name":"Portal Tela Portugal","description":"","potentialAction":[{"@type":"SearchAction","target":{"@type":"EntryPoint","urlTemplate":"https:\/\/portaltela.pt\/?s={search_term_string}"},"query-input":{"@type":"PropertyValueSpecification","valueRequired":true,"valueName":"search_term_string"}}],"inLanguage":"pt-PT"},{"@type":"Person","@id":"https:\/\/portaltela.pt\/#\/schema\/person\/c4278d4a6028830caff9ee44b42d32ed","name":"Telinha","image":{"@type":"ImageObject","inLanguage":"pt-PT","@id":"https:\/\/portaltela.pt\/s.01k8rhncp4jt1\/2025\/11\/talking-bot-125x125.png","url":"https:\/\/portaltela.pt\/s.01k8rhncp4jt1\/2025\/11\/talking-bot-125x125.png","contentUrl":"https:\/\/portaltela.pt\/s.01k8rhncp4jt1\/2025\/11\/talking-bot-125x125.png","caption":"Telinha"},"sameAs":["https:\/\/portaltela.pt\/"],"url":"https:\/\/portaltela.pt\/por\/367410592786\/"}]}},"_links":{"self":[{"href":"https:\/\/portaltela.pt\/api\/wp\/v2\/posts\/408632","targetHints":{"allow":["GET"]}}],"collection":[{"href":"https:\/\/portaltela.pt\/api\/wp\/v2\/posts"}],"about":[{"href":"https:\/\/portaltela.pt\/api\/wp\/v2\/types\/post"}],"author":[{"embeddable":true,"href":"https:\/\/portaltela.pt\/api\/wp\/v2\/users\/2"}],"replies":[{"embeddable":true,"href":"https:\/\/portaltela.pt\/api\/wp\/v2\/comments?post=408632"}],"version-history":[{"count":0,"href":"https:\/\/portaltela.pt\/api\/wp\/v2\/posts\/408632\/revisions"}],"wp:featuredmedia":[{"embeddable":true,"href":"https:\/\/portaltela.pt\/api\/wp\/v2\/media\/408633"}],"wp:attachment":[{"href":"https:\/\/portaltela.pt\/api\/wp\/v2\/media?parent=408632"}],"wp:term":[{"taxonomy":"category","embeddable":true,"href":"https:\/\/portaltela.pt\/api\/wp\/v2\/categories?post=408632"},{"taxonomy":"post_tag","embeddable":true,"href":"https:\/\/portaltela.pt\/api\/wp\/v2\/tags?post=408632"}],"curies":[{"name":"wp","href":"https:\/\/api.w.org\/{rel}","templated":true}]}}