{"id":408630,"date":"2026-03-13T08:09:10","date_gmt":"2026-03-13T11:09:10","guid":{"rendered":"https:\/\/portaltela.pt\/noticias\/2026\/03\/13\/ciclista-grava-propria-queda-a-beira-de-penhasco\/"},"modified":"2026-03-13T08:09:10","modified_gmt":"2026-03-13T11:09:10","slug":"ciclista-grava-propria-queda-a-beira-de-penhasco","status":"publish","type":"post","link":"https:\/\/portaltela.pt\/desporto\/futebol\/2026\/03\/13\/ciclista-grava-propria-queda-a-beira-de-penhasco\/","title":{"rendered":"Ciclista grava pr\u00f3pria queda \u00e0 beira de penhasco"},"content":{"rendered":"<p>A ciclista e influenciadora espanhola Cecilia Sope\u00f1a gravou a sua pr\u00f3pria queda de bicicleta num trilho junto a um penhasco. O momento foi registrado pela pr\u00f3pria autora do v\u00eddeo e partilhado depois nas redes sociais, tornando-se viral.<\/p>\n<p>Segundo a autora, o acidente ocorreu no trajeto que fazia junto ao penhasco, durante uma atividade de ciclismo de natureza. O v\u00eddeo mostra o instante da queda e a rea\u00e7\u00e3o da ciclista ap\u00f3s o impacto.<\/p>\n<p>A publica\u00e7\u00e3o gerou divulga\u00e7\u00e3o ampla nas redes, com seguidores a acompanhar a situa\u00e7\u00e3o em tempo real. N\u00e3o foram divulgados detalhes oficiais sobre ferimentos ou consequ\u00eancias do incidente. A situa\u00e7\u00e3o permanece sem informa\u00e7\u00f5es adicionais.<\/p>\n","protected":false},"excerpt":{"rendered":"<ul>\n<li>A ciclista e influenciadora espanhola Cecilia Sope\u00f1a gravou o momento em que caiu de bicicleta, numa passagem junto a um penhasco durante um trilho.<\/li>\n<li>O v\u00eddeo mostra a queda e foi partilhado nas redes sociais pela pr\u00f3pria influenciadora.<\/li>\n<li>O conte\u00fado tornou\u2011se viral nas plataformas digitais.<\/li>\n<li>A not\u00edcia foi publicada no dia 13 de mar\u00e7o de 2026, \u00e0s 11:09.<\/li>\n<\/ul>\n","protected":false},"author":2,"featured_media":408631,"comment_status":"closed","ping_status":"closed","sticky":false,"template":"","format":"standard","meta":{"footnotes":""},"categories":[21,24],"tags":[3259,923,2031,3568,6252,88],"class_list":["post-408630","post","type-post","status-publish","format-standard","has-post-thumbnail","hentry","category-desporto","category-futebol","tag-celebidades","tag-ciclismo","tag-espanha","tag-natureza","tag-quedas","tag-redes-sociais"],"yoast_head":"<!-- This site is optimized with the Yoast SEO plugin v27.2 - https:\/\/yoast.com\/product\/yoast-seo-wordpress\/ -->\n<title>Ciclista grava pr\u00f3pria queda \u00e0 beira de penhasco - Portal Tela Portugal<\/title>\n<meta name=\"robots\" content=\"index, follow, max-snippet:-1, max-image-preview:large, max-video-preview:-1\" \/>\n<meta property=\"og:locale\" content=\"pt_PT\" \/>\n<meta property=\"og:type\" content=\"article\" \/>\n<meta property=\"og:title\" content=\"Ciclista grava pr\u00f3pria queda \u00e0 beira de penhasco - Portal Tela Portugal\" \/>\n<meta property=\"og:description\" content=\"A ciclista e influenciadora espanhola Cecilia Sope\u00f1a gravou o momento em que caiu de bicicleta, numa passagem junto a um penhasco durante um trilho. O v\u00eddeo mostra a queda e foi partilhado nas redes sociais pela pr\u00f3pria influenciadora. O conte\u00fado tornou\u2011se viral nas plataformas digitais. A not\u00edcia foi publicada no dia 13 de mar\u00e7o de 2026, \u00e0s 11:09.\" \/>\n<meta property=\"og:url\" content=\"https:\/\/portaltela.pt\/noticias\/2026\/03\/13\/ciclista-grava-propria-queda-a-beira-de-penhasco\/\" \/>\n<meta property=\"og:site_name\" content=\"Portal Tela Portugal\" \/>\n<meta property=\"article:published_time\" content=\"2026-03-13T11:09:10+00:00\" \/>\n<meta name=\"author\" content=\"Telinha\" \/>\n<meta name=\"twitter:card\" content=\"summary_large_image\" \/>\n<meta name=\"twitter:label1\" content=\"Escrito por\" \/>\n\t<meta name=\"twitter:data1\" content=\"Telinha\" \/>\n\t<meta name=\"twitter:label2\" content=\"Tempo estimado de leitura\" \/>\n\t<meta name=\"twitter:data2\" content=\"1 minuto\" \/>\n<script type=\"application\/ld+json\" class=\"yoast-schema-graph\">{\"@context\":\"https:\/\/schema.org\",\"@graph\":[{\"@type\":\"Article\",\"@id\":\"https:\/\/portaltela.pt\/noticias\/2026\/03\/13\/ciclista-grava-propria-queda-a-beira-de-penhasco\/#article\",\"isPartOf\":{\"@id\":\"https:\/\/portaltela.pt\/noticias\/2026\/03\/13\/ciclista-grava-propria-queda-a-beira-de-penhasco\/\"},\"author\":{\"name\":\"Telinha\",\"@id\":\"https:\/\/portaltela.pt\/#\/schema\/person\/c4278d4a6028830caff9ee44b42d32ed\"},\"headline\":\"Ciclista grava pr\u00f3pria queda \u00e0 beira de penhasco\",\"datePublished\":\"2026-03-13T11:09:10+00:00\",\"mainEntityOfPage\":{\"@id\":\"https:\/\/portaltela.pt\/noticias\/2026\/03\/13\/ciclista-grava-propria-queda-a-beira-de-penhasco\/\"},\"wordCount\":127,\"image\":{\"@id\":\"https:\/\/portaltela.pt\/noticias\/2026\/03\/13\/ciclista-grava-propria-queda-a-beira-de-penhasco\/#primaryimage\"},\"thumbnailUrl\":\"https:\/\/portaltela.pt\/s.01k8rhncp4jt1\/2026\/03\/img_1280x722uu2026-03-13-11-07-57-2272097.jpg\",\"keywords\":[\"celebidades\",\"ciclismo\",\"Espanha\",\"natureza\",\"quedas\",\"redes sociais\"],\"articleSection\":[\"Desporto\",\"Futebol\"],\"inLanguage\":\"pt-PT\"},{\"@type\":\"WebPage\",\"@id\":\"https:\/\/portaltela.pt\/noticias\/2026\/03\/13\/ciclista-grava-propria-queda-a-beira-de-penhasco\/\",\"url\":\"https:\/\/portaltela.pt\/noticias\/2026\/03\/13\/ciclista-grava-propria-queda-a-beira-de-penhasco\/\",\"name\":\"Ciclista grava pr\u00f3pria queda \u00e0 beira de penhasco - Portal Tela Portugal\",\"isPartOf\":{\"@id\":\"https:\/\/portaltela.pt\/#website\"},\"primaryImageOfPage\":{\"@id\":\"https:\/\/portaltela.pt\/noticias\/2026\/03\/13\/ciclista-grava-propria-queda-a-beira-de-penhasco\/#primaryimage\"},\"image\":{\"@id\":\"https:\/\/portaltela.pt\/noticias\/2026\/03\/13\/ciclista-grava-propria-queda-a-beira-de-penhasco\/#primaryimage\"},\"thumbnailUrl\":\"https:\/\/portaltela.pt\/s.01k8rhncp4jt1\/2026\/03\/img_1280x722uu2026-03-13-11-07-57-2272097.jpg\",\"datePublished\":\"2026-03-13T11:09:10+00:00\",\"author\":{\"@id\":\"https:\/\/portaltela.pt\/#\/schema\/person\/c4278d4a6028830caff9ee44b42d32ed\"},\"breadcrumb\":{\"@id\":\"https:\/\/portaltela.pt\/noticias\/2026\/03\/13\/ciclista-grava-propria-queda-a-beira-de-penhasco\/#breadcrumb\"},\"inLanguage\":\"pt-PT\",\"potentialAction\":[{\"@type\":\"ReadAction\",\"target\":[\"https:\/\/portaltela.pt\/noticias\/2026\/03\/13\/ciclista-grava-propria-queda-a-beira-de-penhasco\/\"]}]},{\"@type\":\"ImageObject\",\"inLanguage\":\"pt-PT\",\"@id\":\"https:\/\/portaltela.pt\/noticias\/2026\/03\/13\/ciclista-grava-propria-queda-a-beira-de-penhasco\/#primaryimage\",\"url\":\"https:\/\/portaltela.pt\/s.01k8rhncp4jt1\/2026\/03\/img_1280x722uu2026-03-13-11-07-57-2272097.jpg\",\"contentUrl\":\"https:\/\/portaltela.pt\/s.01k8rhncp4jt1\/2026\/03\/img_1280x722uu2026-03-13-11-07-57-2272097.jpg\",\"width\":796,\"height\":448,\"caption\":\"Ciclista grava pr\u00f3pria queda de bicicleta \u00e0 beira de um penhasco\"},{\"@type\":\"BreadcrumbList\",\"@id\":\"https:\/\/portaltela.pt\/noticias\/2026\/03\/13\/ciclista-grava-propria-queda-a-beira-de-penhasco\/#breadcrumb\",\"itemListElement\":[{\"@type\":\"ListItem\",\"position\":1,\"name\":\"In\u00edcio\",\"item\":\"https:\/\/portaltela.pt\/\"},{\"@type\":\"ListItem\",\"position\":2,\"name\":\"Ciclista grava pr\u00f3pria queda \u00e0 beira de penhasco\"}]},{\"@type\":\"WebSite\",\"@id\":\"https:\/\/portaltela.pt\/#website\",\"url\":\"https:\/\/portaltela.pt\/\",\"name\":\"Portal Tela Portugal\",\"description\":\"\",\"potentialAction\":[{\"@type\":\"SearchAction\",\"target\":{\"@type\":\"EntryPoint\",\"urlTemplate\":\"https:\/\/portaltela.pt\/?s={search_term_string}\"},\"query-input\":{\"@type\":\"PropertyValueSpecification\",\"valueRequired\":true,\"valueName\":\"search_term_string\"}}],\"inLanguage\":\"pt-PT\"},{\"@type\":\"Person\",\"@id\":\"https:\/\/portaltela.pt\/#\/schema\/person\/c4278d4a6028830caff9ee44b42d32ed\",\"name\":\"Telinha\",\"image\":{\"@type\":\"ImageObject\",\"inLanguage\":\"pt-PT\",\"@id\":\"https:\/\/portaltela.pt\/s.01k8rhncp4jt1\/2025\/11\/talking-bot-125x125.png\",\"url\":\"https:\/\/portaltela.pt\/s.01k8rhncp4jt1\/2025\/11\/talking-bot-125x125.png\",\"contentUrl\":\"https:\/\/portaltela.pt\/s.01k8rhncp4jt1\/2025\/11\/talking-bot-125x125.png\",\"caption\":\"Telinha\"},\"sameAs\":[\"https:\/\/portaltela.pt\/\"],\"url\":\"https:\/\/portaltela.pt\/por\/367410592786\/\"}]}<\/script>\n<!-- \/ Yoast SEO plugin. -->","yoast_head_json":{"title":"Ciclista grava pr\u00f3pria queda \u00e0 beira de penhasco - Portal Tela Portugal","robots":{"index":"index","follow":"follow","max-snippet":"max-snippet:-1","max-image-preview":"max-image-preview:large","max-video-preview":"max-video-preview:-1"},"og_locale":"pt_PT","og_type":"article","og_title":"Ciclista grava pr\u00f3pria queda \u00e0 beira de penhasco - Portal Tela Portugal","og_description":"A ciclista e influenciadora espanhola Cecilia Sope\u00f1a gravou o momento em que caiu de bicicleta, numa passagem junto a um penhasco durante um trilho. O v\u00eddeo mostra a queda e foi partilhado nas redes sociais pela pr\u00f3pria influenciadora. O conte\u00fado tornou\u2011se viral nas plataformas digitais. A not\u00edcia foi publicada no dia 13 de mar\u00e7o de 2026, \u00e0s 11:09.","og_url":"https:\/\/portaltela.pt\/noticias\/2026\/03\/13\/ciclista-grava-propria-queda-a-beira-de-penhasco\/","og_site_name":"Portal Tela Portugal","article_published_time":"2026-03-13T11:09:10+00:00","author":"Telinha","twitter_card":"summary_large_image","twitter_misc":{"Escrito por":"Telinha","Tempo estimado de leitura":"1 minuto"},"schema":{"@context":"https:\/\/schema.org","@graph":[{"@type":"Article","@id":"https:\/\/portaltela.pt\/noticias\/2026\/03\/13\/ciclista-grava-propria-queda-a-beira-de-penhasco\/#article","isPartOf":{"@id":"https:\/\/portaltela.pt\/noticias\/2026\/03\/13\/ciclista-grava-propria-queda-a-beira-de-penhasco\/"},"author":{"name":"Telinha","@id":"https:\/\/portaltela.pt\/#\/schema\/person\/c4278d4a6028830caff9ee44b42d32ed"},"headline":"Ciclista grava pr\u00f3pria queda \u00e0 beira de penhasco","datePublished":"2026-03-13T11:09:10+00:00","mainEntityOfPage":{"@id":"https:\/\/portaltela.pt\/noticias\/2026\/03\/13\/ciclista-grava-propria-queda-a-beira-de-penhasco\/"},"wordCount":127,"image":{"@id":"https:\/\/portaltela.pt\/noticias\/2026\/03\/13\/ciclista-grava-propria-queda-a-beira-de-penhasco\/#primaryimage"},"thumbnailUrl":"https:\/\/portaltela.pt\/s.01k8rhncp4jt1\/2026\/03\/img_1280x722uu2026-03-13-11-07-57-2272097.jpg","keywords":["celebidades","ciclismo","Espanha","natureza","quedas","redes sociais"],"articleSection":["Desporto","Futebol"],"inLanguage":"pt-PT"},{"@type":"WebPage","@id":"https:\/\/portaltela.pt\/noticias\/2026\/03\/13\/ciclista-grava-propria-queda-a-beira-de-penhasco\/","url":"https:\/\/portaltela.pt\/noticias\/2026\/03\/13\/ciclista-grava-propria-queda-a-beira-de-penhasco\/","name":"Ciclista grava pr\u00f3pria queda \u00e0 beira de penhasco - Portal Tela Portugal","isPartOf":{"@id":"https:\/\/portaltela.pt\/#website"},"primaryImageOfPage":{"@id":"https:\/\/portaltela.pt\/noticias\/2026\/03\/13\/ciclista-grava-propria-queda-a-beira-de-penhasco\/#primaryimage"},"image":{"@id":"https:\/\/portaltela.pt\/noticias\/2026\/03\/13\/ciclista-grava-propria-queda-a-beira-de-penhasco\/#primaryimage"},"thumbnailUrl":"https:\/\/portaltela.pt\/s.01k8rhncp4jt1\/2026\/03\/img_1280x722uu2026-03-13-11-07-57-2272097.jpg","datePublished":"2026-03-13T11:09:10+00:00","author":{"@id":"https:\/\/portaltela.pt\/#\/schema\/person\/c4278d4a6028830caff9ee44b42d32ed"},"breadcrumb":{"@id":"https:\/\/portaltela.pt\/noticias\/2026\/03\/13\/ciclista-grava-propria-queda-a-beira-de-penhasco\/#breadcrumb"},"inLanguage":"pt-PT","potentialAction":[{"@type":"ReadAction","target":["https:\/\/portaltela.pt\/noticias\/2026\/03\/13\/ciclista-grava-propria-queda-a-beira-de-penhasco\/"]}]},{"@type":"ImageObject","inLanguage":"pt-PT","@id":"https:\/\/portaltela.pt\/noticias\/2026\/03\/13\/ciclista-grava-propria-queda-a-beira-de-penhasco\/#primaryimage","url":"https:\/\/portaltela.pt\/s.01k8rhncp4jt1\/2026\/03\/img_1280x722uu2026-03-13-11-07-57-2272097.jpg","contentUrl":"https:\/\/portaltela.pt\/s.01k8rhncp4jt1\/2026\/03\/img_1280x722uu2026-03-13-11-07-57-2272097.jpg","width":796,"height":448,"caption":"Ciclista grava pr\u00f3pria queda de bicicleta \u00e0 beira de um penhasco"},{"@type":"BreadcrumbList","@id":"https:\/\/portaltela.pt\/noticias\/2026\/03\/13\/ciclista-grava-propria-queda-a-beira-de-penhasco\/#breadcrumb","itemListElement":[{"@type":"ListItem","position":1,"name":"In\u00edcio","item":"https:\/\/portaltela.pt\/"},{"@type":"ListItem","position":2,"name":"Ciclista grava pr\u00f3pria queda \u00e0 beira de penhasco"}]},{"@type":"WebSite","@id":"https:\/\/portaltela.pt\/#website","url":"https:\/\/portaltela.pt\/","name":"Portal Tela Portugal","description":"","potentialAction":[{"@type":"SearchAction","target":{"@type":"EntryPoint","urlTemplate":"https:\/\/portaltela.pt\/?s={search_term_string}"},"query-input":{"@type":"PropertyValueSpecification","valueRequired":true,"valueName":"search_term_string"}}],"inLanguage":"pt-PT"},{"@type":"Person","@id":"https:\/\/portaltela.pt\/#\/schema\/person\/c4278d4a6028830caff9ee44b42d32ed","name":"Telinha","image":{"@type":"ImageObject","inLanguage":"pt-PT","@id":"https:\/\/portaltela.pt\/s.01k8rhncp4jt1\/2025\/11\/talking-bot-125x125.png","url":"https:\/\/portaltela.pt\/s.01k8rhncp4jt1\/2025\/11\/talking-bot-125x125.png","contentUrl":"https:\/\/portaltela.pt\/s.01k8rhncp4jt1\/2025\/11\/talking-bot-125x125.png","caption":"Telinha"},"sameAs":["https:\/\/portaltela.pt\/"],"url":"https:\/\/portaltela.pt\/por\/367410592786\/"}]}},"_links":{"self":[{"href":"https:\/\/portaltela.pt\/api\/wp\/v2\/posts\/408630","targetHints":{"allow":["GET"]}}],"collection":[{"href":"https:\/\/portaltela.pt\/api\/wp\/v2\/posts"}],"about":[{"href":"https:\/\/portaltela.pt\/api\/wp\/v2\/types\/post"}],"author":[{"embeddable":true,"href":"https:\/\/portaltela.pt\/api\/wp\/v2\/users\/2"}],"replies":[{"embeddable":true,"href":"https:\/\/portaltela.pt\/api\/wp\/v2\/comments?post=408630"}],"version-history":[{"count":0,"href":"https:\/\/portaltela.pt\/api\/wp\/v2\/posts\/408630\/revisions"}],"wp:featuredmedia":[{"embeddable":true,"href":"https:\/\/portaltela.pt\/api\/wp\/v2\/media\/408631"}],"wp:attachment":[{"href":"https:\/\/portaltela.pt\/api\/wp\/v2\/media?parent=408630"}],"wp:term":[{"taxonomy":"category","embeddable":true,"href":"https:\/\/portaltela.pt\/api\/wp\/v2\/categories?post=408630"},{"taxonomy":"post_tag","embeddable":true,"href":"https:\/\/portaltela.pt\/api\/wp\/v2\/tags?post=408630"}],"curies":[{"name":"wp","href":"https:\/\/api.w.org\/{rel}","templated":true}]}}