{"id":408597,"date":"2026-03-13T07:21:00","date_gmt":"2026-03-13T10:21:00","guid":{"rendered":"https:\/\/portaltela.pt\/noticias\/2026\/03\/13\/dez-mortes-em-acidentes-com-trotinetes-eletricas-nos-ultimos-sete-anos\/"},"modified":"2026-03-13T07:21:00","modified_gmt":"2026-03-13T10:21:00","slug":"dez-mortes-em-acidentes-com-trotinetes-eletricas-nos-ultimos-sete-anos","status":"publish","type":"post","link":"https:\/\/portaltela.pt\/seguranca\/2026\/03\/13\/dez-mortes-em-acidentes-com-trotinetes-eletricas-nos-ultimos-sete-anos\/","title":{"rendered":"Dez mortes em acidentes com trotinetes el\u00e9tricas nos \u00faltimos sete anos"},"content":{"rendered":"<p>A Guarda Nacional Republicana (GNR) registou 1900 acidentes envolvendo trotinetes el\u00e9tricas na via p\u00fablica nos \u00faltimos sete anos, com 10 mortes. Os dados, divulgados pela institui\u00e7\u00e3o, mostram ainda 88 feridos graves e 1.442 feridos ligeiros, sendo o m\u00e1ximo de feridos registado em 2024 (548).<\/p>\n<p>Entre 2019 e 2025, o distrito de Set\u00fabal foi o que registou o maior n\u00famero de v\u00edtimas mortais, com tr\u00eas, enquanto o distrito de Santar\u00e9m registou 14 feridos graves nos \u00faltimos sete anos. Desde o in\u00edcio de 2025 e at\u00e9 28 de fevereiro, j\u00e1 tinham sido contabilizados 72 acidentes com trotinetes el\u00e9tricas.<\/p>\n<p>Segundo a GNR, as causas principais incluem a circula\u00e7\u00e3o em locais indevidos, como passeios, o desrespeito pela sinaliza\u00e7\u00e3o e a n\u00e3o utiliza\u00e7\u00e3o de dispositivos de seguran\u00e7a. A institui\u00e7\u00e3o tem promovido a\u00e7\u00f5es de fiscaliza\u00e7\u00e3o direcionadas aos utilizadores, acompanhadas de sensibiliza\u00e7\u00e3o para uma condu\u00e7\u00e3o defensiva.<\/p>\n<p>A GNR sublinha que as trotinetes el\u00e9tricas s\u00e3o equiparadas a veloc\u00edpedes, devendo cumprir o C\u00f3digo da Estrada. Refor\u00e7a a recomenda\u00e7\u00e3o de uso de capacete, mesmo quando n\u00e3o obrigat\u00f3rio, bem como o uso de retrorrefletores e a verifica\u00e7\u00e3o de luzes brancas na frente e vermelhas atr\u00e1s.<\/p>\n<p>A circula\u00e7\u00e3o de trotinetes nos passeios \u00e9 proibida; devem usar ciclovias ou, na aus\u00eancia destas, a faixa de rodagem junto \u00e0 berma. Evitar manobras bruscas e sinalizar mudan\u00e7as de dire\u00e7\u00e3o com o bra\u00e7o \u00e9 igualmente indicado. Condutores est\u00e3o sujeitos \u00e0s mesmas taxas de alcoolemia que os automobilistas, e as trotinetes destinam-se ao transporte de apenas uma pessoa.<\/p>\n","protected":false},"excerpt":{"rendered":"<ul>\n<li>Nos \u00faltimos sete anos, a Guarda Nacional Republicana registou 1.900 acidentes com trotinetes el\u00e9tricas na via p\u00fablica, que causaram 10 mortos, 88 feridos graves e 1.442 feridos ligeiros (m\u00e1ximo de 548 em 2024).<\/li>\n<li>Desde o in\u00edcio do ano at\u00e9 28 de fevereiro foram contabilizados 72 acidentes.<\/li>\n<li>Em 2023 houve um aumento significativo (547 acidentes) e o pico ocorreu em 2024 (706 acidentes).<\/li>\n<li>O distrito de Set\u00fabal foi o que registou mais mortes (tr\u00eas), e Santar\u00e9m registou 14 feridos graves nos \u00faltimos sete anos.<\/li>\n<li>As principais causas s\u00e3o circula\u00e7\u00e3o em locais indevidos (passeios), desrespeito da sinaliza\u00e7\u00e3o e n\u00e3o utiliza\u00e7\u00e3o de dispositivos de seguran\u00e7a; a GNR tem feito fiscaliza\u00e7\u00e3o e sensibiliza\u00e7\u00e3o, lembrando regras do C\u00f3digo da Estrada e o uso de capacete, luzes e retrorefletor, al\u00e9m de circular prioritariamente em ciclovias ou junto \u00e0 berma.<\/li>\n<\/ul>\n","protected":false},"author":2,"featured_media":408605,"comment_status":"closed","ping_status":"closed","sticky":false,"template":"","format":"standard","meta":{"footnotes":""},"categories":[1,6779],"tags":[5487,1932,2110,250,2761,192],"class_list":["post-408597","post","type-post","status-publish","format-standard","has-post-thumbnail","hentry","category-noticias","category-seguranca","tag-acidente","tag-acidentes-de-viacao","tag-mobilidade","tag-seguranca-publica","tag-seguranca-rodoviaria","tag-transporte"],"yoast_head":"<!-- This site is optimized with the Yoast SEO plugin v27.2 - https:\/\/yoast.com\/product\/yoast-seo-wordpress\/ -->\n<title>Dez mortes em acidentes com trotinetes el\u00e9tricas nos \u00faltimos sete anos - Portal Tela Portugal<\/title>\n<meta name=\"robots\" content=\"index, follow, max-snippet:-1, max-image-preview:large, max-video-preview:-1\" \/>\n<meta property=\"og:locale\" content=\"pt_PT\" \/>\n<meta property=\"og:type\" content=\"article\" \/>\n<meta property=\"og:title\" content=\"Dez mortes em acidentes com trotinetes el\u00e9tricas nos \u00faltimos sete anos - Portal Tela Portugal\" \/>\n<meta property=\"og:description\" content=\"Nos \u00faltimos sete anos, a Guarda Nacional Republicana registou 1.900 acidentes com trotinetes el\u00e9tricas na via p\u00fablica, que causaram 10 mortos, 88 feridos graves e 1.442 feridos ligeiros (m\u00e1ximo de 548 em 2024). Desde o in\u00edcio do ano at\u00e9 28 de fevereiro foram contabilizados 72 acidentes. Em 2023 houve um aumento significativo (547 acidentes) e o pico ocorreu em 2024 (706 acidentes). O distrito de Set\u00fabal foi o que registou mais mortes (tr\u00eas), e Santar\u00e9m registou 14 feridos graves nos \u00faltimos sete anos. As principais causas s\u00e3o circula\u00e7\u00e3o em locais indevidos (passeios), desrespeito da sinaliza\u00e7\u00e3o e n\u00e3o utiliza\u00e7\u00e3o de dispositivos de seguran\u00e7a; a GNR tem feito fiscaliza\u00e7\u00e3o e sensibiliza\u00e7\u00e3o, lembrando regras do C\u00f3digo da Estrada e o uso de capacete, luzes e retrorefletor, al\u00e9m de circular prioritariamente em ciclovias ou junto \u00e0 berma.\" \/>\n<meta property=\"og:url\" content=\"https:\/\/portaltela.pt\/noticias\/2026\/03\/13\/dez-mortes-em-acidentes-com-trotinetes-eletricas-nos-ultimos-sete-anos\/\" \/>\n<meta property=\"og:site_name\" content=\"Portal Tela Portugal\" \/>\n<meta property=\"article:published_time\" content=\"2026-03-13T10:21:00+00:00\" \/>\n<meta name=\"author\" content=\"Telinha\" \/>\n<meta name=\"twitter:card\" content=\"summary_large_image\" \/>\n<meta name=\"twitter:label1\" content=\"Escrito por\" \/>\n\t<meta name=\"twitter:data1\" content=\"Telinha\" \/>\n\t<meta name=\"twitter:label2\" content=\"Tempo estimado de leitura\" \/>\n\t<meta name=\"twitter:data2\" content=\"1 minuto\" \/>\n<script type=\"application\/ld+json\" class=\"yoast-schema-graph\">{\"@context\":\"https:\/\/schema.org\",\"@graph\":[{\"@type\":\"Article\",\"@id\":\"https:\/\/portaltela.pt\/noticias\/2026\/03\/13\/dez-mortes-em-acidentes-com-trotinetes-eletricas-nos-ultimos-sete-anos\/#article\",\"isPartOf\":{\"@id\":\"https:\/\/portaltela.pt\/noticias\/2026\/03\/13\/dez-mortes-em-acidentes-com-trotinetes-eletricas-nos-ultimos-sete-anos\/\"},\"author\":{\"name\":\"Telinha\",\"@id\":\"https:\/\/portaltela.pt\/#\/schema\/person\/c4278d4a6028830caff9ee44b42d32ed\"},\"headline\":\"Dez mortes em acidentes com trotinetes el\u00e9tricas nos \u00faltimos sete anos\",\"datePublished\":\"2026-03-13T10:21:00+00:00\",\"mainEntityOfPage\":{\"@id\":\"https:\/\/portaltela.pt\/noticias\/2026\/03\/13\/dez-mortes-em-acidentes-com-trotinetes-eletricas-nos-ultimos-sete-anos\/\"},\"wordCount\":275,\"image\":{\"@id\":\"https:\/\/portaltela.pt\/noticias\/2026\/03\/13\/dez-mortes-em-acidentes-com-trotinetes-eletricas-nos-ultimos-sete-anos\/#primaryimage\"},\"thumbnailUrl\":\"https:\/\/portaltela.pt\/s.01k8rhncp4jt1\/2026\/03\/image-848.jpg\",\"keywords\":[\"acidente\",\"acidentes de via\u00e7\u00e3o\",\"mobilidade\",\"seguran\u00e7a p\u00fablica\",\"seguran\u00e7a rodovi\u00e1ria\",\"transporte\"],\"articleSection\":[\"Not\u00edcias\",\"Seguran\u00e7a\"],\"inLanguage\":\"pt-PT\"},{\"@type\":\"WebPage\",\"@id\":\"https:\/\/portaltela.pt\/noticias\/2026\/03\/13\/dez-mortes-em-acidentes-com-trotinetes-eletricas-nos-ultimos-sete-anos\/\",\"url\":\"https:\/\/portaltela.pt\/noticias\/2026\/03\/13\/dez-mortes-em-acidentes-com-trotinetes-eletricas-nos-ultimos-sete-anos\/\",\"name\":\"Dez mortes em acidentes com trotinetes el\u00e9tricas nos \u00faltimos sete anos - Portal Tela Portugal\",\"isPartOf\":{\"@id\":\"https:\/\/portaltela.pt\/#website\"},\"primaryImageOfPage\":{\"@id\":\"https:\/\/portaltela.pt\/noticias\/2026\/03\/13\/dez-mortes-em-acidentes-com-trotinetes-eletricas-nos-ultimos-sete-anos\/#primaryimage\"},\"image\":{\"@id\":\"https:\/\/portaltela.pt\/noticias\/2026\/03\/13\/dez-mortes-em-acidentes-com-trotinetes-eletricas-nos-ultimos-sete-anos\/#primaryimage\"},\"thumbnailUrl\":\"https:\/\/portaltela.pt\/s.01k8rhncp4jt1\/2026\/03\/image-848.jpg\",\"datePublished\":\"2026-03-13T10:21:00+00:00\",\"author\":{\"@id\":\"https:\/\/portaltela.pt\/#\/schema\/person\/c4278d4a6028830caff9ee44b42d32ed\"},\"breadcrumb\":{\"@id\":\"https:\/\/portaltela.pt\/noticias\/2026\/03\/13\/dez-mortes-em-acidentes-com-trotinetes-eletricas-nos-ultimos-sete-anos\/#breadcrumb\"},\"inLanguage\":\"pt-PT\",\"potentialAction\":[{\"@type\":\"ReadAction\",\"target\":[\"https:\/\/portaltela.pt\/noticias\/2026\/03\/13\/dez-mortes-em-acidentes-com-trotinetes-eletricas-nos-ultimos-sete-anos\/\"]}]},{\"@type\":\"ImageObject\",\"inLanguage\":\"pt-PT\",\"@id\":\"https:\/\/portaltela.pt\/noticias\/2026\/03\/13\/dez-mortes-em-acidentes-com-trotinetes-eletricas-nos-ultimos-sete-anos\/#primaryimage\",\"url\":\"https:\/\/portaltela.pt\/s.01k8rhncp4jt1\/2026\/03\/image-848.jpg\",\"contentUrl\":\"https:\/\/portaltela.pt\/s.01k8rhncp4jt1\/2026\/03\/image-848.jpg\",\"width\":796,\"height\":448,\"caption\":\"Houve um aumento da sinistralidade associada a trotinetes el\u00e9tricas\"},{\"@type\":\"BreadcrumbList\",\"@id\":\"https:\/\/portaltela.pt\/noticias\/2026\/03\/13\/dez-mortes-em-acidentes-com-trotinetes-eletricas-nos-ultimos-sete-anos\/#breadcrumb\",\"itemListElement\":[{\"@type\":\"ListItem\",\"position\":1,\"name\":\"In\u00edcio\",\"item\":\"https:\/\/portaltela.pt\/\"},{\"@type\":\"ListItem\",\"position\":2,\"name\":\"Dez mortes em acidentes com trotinetes el\u00e9tricas nos \u00faltimos sete anos\"}]},{\"@type\":\"WebSite\",\"@id\":\"https:\/\/portaltela.pt\/#website\",\"url\":\"https:\/\/portaltela.pt\/\",\"name\":\"Portal Tela Portugal\",\"description\":\"\",\"potentialAction\":[{\"@type\":\"SearchAction\",\"target\":{\"@type\":\"EntryPoint\",\"urlTemplate\":\"https:\/\/portaltela.pt\/?s={search_term_string}\"},\"query-input\":{\"@type\":\"PropertyValueSpecification\",\"valueRequired\":true,\"valueName\":\"search_term_string\"}}],\"inLanguage\":\"pt-PT\"},{\"@type\":\"Person\",\"@id\":\"https:\/\/portaltela.pt\/#\/schema\/person\/c4278d4a6028830caff9ee44b42d32ed\",\"name\":\"Telinha\",\"image\":{\"@type\":\"ImageObject\",\"inLanguage\":\"pt-PT\",\"@id\":\"https:\/\/portaltela.pt\/s.01k8rhncp4jt1\/2025\/11\/talking-bot-125x125.png\",\"url\":\"https:\/\/portaltela.pt\/s.01k8rhncp4jt1\/2025\/11\/talking-bot-125x125.png\",\"contentUrl\":\"https:\/\/portaltela.pt\/s.01k8rhncp4jt1\/2025\/11\/talking-bot-125x125.png\",\"caption\":\"Telinha\"},\"sameAs\":[\"https:\/\/portaltela.pt\/\"],\"url\":\"https:\/\/portaltela.pt\/por\/367410592786\/\"}]}<\/script>\n<!-- \/ Yoast SEO plugin. -->","yoast_head_json":{"title":"Dez mortes em acidentes com trotinetes el\u00e9tricas nos \u00faltimos sete anos - Portal Tela Portugal","robots":{"index":"index","follow":"follow","max-snippet":"max-snippet:-1","max-image-preview":"max-image-preview:large","max-video-preview":"max-video-preview:-1"},"og_locale":"pt_PT","og_type":"article","og_title":"Dez mortes em acidentes com trotinetes el\u00e9tricas nos \u00faltimos sete anos - Portal Tela Portugal","og_description":"Nos \u00faltimos sete anos, a Guarda Nacional Republicana registou 1.900 acidentes com trotinetes el\u00e9tricas na via p\u00fablica, que causaram 10 mortos, 88 feridos graves e 1.442 feridos ligeiros (m\u00e1ximo de 548 em 2024). Desde o in\u00edcio do ano at\u00e9 28 de fevereiro foram contabilizados 72 acidentes. Em 2023 houve um aumento significativo (547 acidentes) e o pico ocorreu em 2024 (706 acidentes). O distrito de Set\u00fabal foi o que registou mais mortes (tr\u00eas), e Santar\u00e9m registou 14 feridos graves nos \u00faltimos sete anos. As principais causas s\u00e3o circula\u00e7\u00e3o em locais indevidos (passeios), desrespeito da sinaliza\u00e7\u00e3o e n\u00e3o utiliza\u00e7\u00e3o de dispositivos de seguran\u00e7a; a GNR tem feito fiscaliza\u00e7\u00e3o e sensibiliza\u00e7\u00e3o, lembrando regras do C\u00f3digo da Estrada e o uso de capacete, luzes e retrorefletor, al\u00e9m de circular prioritariamente em ciclovias ou junto \u00e0 berma.","og_url":"https:\/\/portaltela.pt\/noticias\/2026\/03\/13\/dez-mortes-em-acidentes-com-trotinetes-eletricas-nos-ultimos-sete-anos\/","og_site_name":"Portal Tela Portugal","article_published_time":"2026-03-13T10:21:00+00:00","author":"Telinha","twitter_card":"summary_large_image","twitter_misc":{"Escrito por":"Telinha","Tempo estimado de leitura":"1 minuto"},"schema":{"@context":"https:\/\/schema.org","@graph":[{"@type":"Article","@id":"https:\/\/portaltela.pt\/noticias\/2026\/03\/13\/dez-mortes-em-acidentes-com-trotinetes-eletricas-nos-ultimos-sete-anos\/#article","isPartOf":{"@id":"https:\/\/portaltela.pt\/noticias\/2026\/03\/13\/dez-mortes-em-acidentes-com-trotinetes-eletricas-nos-ultimos-sete-anos\/"},"author":{"name":"Telinha","@id":"https:\/\/portaltela.pt\/#\/schema\/person\/c4278d4a6028830caff9ee44b42d32ed"},"headline":"Dez mortes em acidentes com trotinetes el\u00e9tricas nos \u00faltimos sete anos","datePublished":"2026-03-13T10:21:00+00:00","mainEntityOfPage":{"@id":"https:\/\/portaltela.pt\/noticias\/2026\/03\/13\/dez-mortes-em-acidentes-com-trotinetes-eletricas-nos-ultimos-sete-anos\/"},"wordCount":275,"image":{"@id":"https:\/\/portaltela.pt\/noticias\/2026\/03\/13\/dez-mortes-em-acidentes-com-trotinetes-eletricas-nos-ultimos-sete-anos\/#primaryimage"},"thumbnailUrl":"https:\/\/portaltela.pt\/s.01k8rhncp4jt1\/2026\/03\/image-848.jpg","keywords":["acidente","acidentes de via\u00e7\u00e3o","mobilidade","seguran\u00e7a p\u00fablica","seguran\u00e7a rodovi\u00e1ria","transporte"],"articleSection":["Not\u00edcias","Seguran\u00e7a"],"inLanguage":"pt-PT"},{"@type":"WebPage","@id":"https:\/\/portaltela.pt\/noticias\/2026\/03\/13\/dez-mortes-em-acidentes-com-trotinetes-eletricas-nos-ultimos-sete-anos\/","url":"https:\/\/portaltela.pt\/noticias\/2026\/03\/13\/dez-mortes-em-acidentes-com-trotinetes-eletricas-nos-ultimos-sete-anos\/","name":"Dez mortes em acidentes com trotinetes el\u00e9tricas nos \u00faltimos sete anos - Portal Tela Portugal","isPartOf":{"@id":"https:\/\/portaltela.pt\/#website"},"primaryImageOfPage":{"@id":"https:\/\/portaltela.pt\/noticias\/2026\/03\/13\/dez-mortes-em-acidentes-com-trotinetes-eletricas-nos-ultimos-sete-anos\/#primaryimage"},"image":{"@id":"https:\/\/portaltela.pt\/noticias\/2026\/03\/13\/dez-mortes-em-acidentes-com-trotinetes-eletricas-nos-ultimos-sete-anos\/#primaryimage"},"thumbnailUrl":"https:\/\/portaltela.pt\/s.01k8rhncp4jt1\/2026\/03\/image-848.jpg","datePublished":"2026-03-13T10:21:00+00:00","author":{"@id":"https:\/\/portaltela.pt\/#\/schema\/person\/c4278d4a6028830caff9ee44b42d32ed"},"breadcrumb":{"@id":"https:\/\/portaltela.pt\/noticias\/2026\/03\/13\/dez-mortes-em-acidentes-com-trotinetes-eletricas-nos-ultimos-sete-anos\/#breadcrumb"},"inLanguage":"pt-PT","potentialAction":[{"@type":"ReadAction","target":["https:\/\/portaltela.pt\/noticias\/2026\/03\/13\/dez-mortes-em-acidentes-com-trotinetes-eletricas-nos-ultimos-sete-anos\/"]}]},{"@type":"ImageObject","inLanguage":"pt-PT","@id":"https:\/\/portaltela.pt\/noticias\/2026\/03\/13\/dez-mortes-em-acidentes-com-trotinetes-eletricas-nos-ultimos-sete-anos\/#primaryimage","url":"https:\/\/portaltela.pt\/s.01k8rhncp4jt1\/2026\/03\/image-848.jpg","contentUrl":"https:\/\/portaltela.pt\/s.01k8rhncp4jt1\/2026\/03\/image-848.jpg","width":796,"height":448,"caption":"Houve um aumento da sinistralidade associada a trotinetes el\u00e9tricas"},{"@type":"BreadcrumbList","@id":"https:\/\/portaltela.pt\/noticias\/2026\/03\/13\/dez-mortes-em-acidentes-com-trotinetes-eletricas-nos-ultimos-sete-anos\/#breadcrumb","itemListElement":[{"@type":"ListItem","position":1,"name":"In\u00edcio","item":"https:\/\/portaltela.pt\/"},{"@type":"ListItem","position":2,"name":"Dez mortes em acidentes com trotinetes el\u00e9tricas nos \u00faltimos sete anos"}]},{"@type":"WebSite","@id":"https:\/\/portaltela.pt\/#website","url":"https:\/\/portaltela.pt\/","name":"Portal Tela Portugal","description":"","potentialAction":[{"@type":"SearchAction","target":{"@type":"EntryPoint","urlTemplate":"https:\/\/portaltela.pt\/?s={search_term_string}"},"query-input":{"@type":"PropertyValueSpecification","valueRequired":true,"valueName":"search_term_string"}}],"inLanguage":"pt-PT"},{"@type":"Person","@id":"https:\/\/portaltela.pt\/#\/schema\/person\/c4278d4a6028830caff9ee44b42d32ed","name":"Telinha","image":{"@type":"ImageObject","inLanguage":"pt-PT","@id":"https:\/\/portaltela.pt\/s.01k8rhncp4jt1\/2025\/11\/talking-bot-125x125.png","url":"https:\/\/portaltela.pt\/s.01k8rhncp4jt1\/2025\/11\/talking-bot-125x125.png","contentUrl":"https:\/\/portaltela.pt\/s.01k8rhncp4jt1\/2025\/11\/talking-bot-125x125.png","caption":"Telinha"},"sameAs":["https:\/\/portaltela.pt\/"],"url":"https:\/\/portaltela.pt\/por\/367410592786\/"}]}},"_links":{"self":[{"href":"https:\/\/portaltela.pt\/api\/wp\/v2\/posts\/408597","targetHints":{"allow":["GET"]}}],"collection":[{"href":"https:\/\/portaltela.pt\/api\/wp\/v2\/posts"}],"about":[{"href":"https:\/\/portaltela.pt\/api\/wp\/v2\/types\/post"}],"author":[{"embeddable":true,"href":"https:\/\/portaltela.pt\/api\/wp\/v2\/users\/2"}],"replies":[{"embeddable":true,"href":"https:\/\/portaltela.pt\/api\/wp\/v2\/comments?post=408597"}],"version-history":[{"count":0,"href":"https:\/\/portaltela.pt\/api\/wp\/v2\/posts\/408597\/revisions"}],"wp:featuredmedia":[{"embeddable":true,"href":"https:\/\/portaltela.pt\/api\/wp\/v2\/media\/408605"}],"wp:attachment":[{"href":"https:\/\/portaltela.pt\/api\/wp\/v2\/media?parent=408597"}],"wp:term":[{"taxonomy":"category","embeddable":true,"href":"https:\/\/portaltela.pt\/api\/wp\/v2\/categories?post=408597"},{"taxonomy":"post_tag","embeddable":true,"href":"https:\/\/portaltela.pt\/api\/wp\/v2\/tags?post=408597"}],"curies":[{"name":"wp","href":"https:\/\/api.w.org\/{rel}","templated":true}]}}