{"id":408566,"date":"2026-03-13T07:27:00","date_gmt":"2026-03-13T10:27:00","guid":{"rendered":"https:\/\/portaltela.pt\/noticias\/2026\/03\/13\/suspeitos-em-fuga-abalroam-psp-na-ponte-25-de-abril-e-sao-intercetados\/"},"modified":"2026-03-13T07:27:00","modified_gmt":"2026-03-13T10:27:00","slug":"suspeitos-em-fuga-abalroam-psp-na-ponte-25-de-abril-e-sao-intercetados","status":"publish","type":"post","link":"https:\/\/portaltela.pt\/noticias\/2026\/03\/13\/suspeitos-em-fuga-abalroam-psp-na-ponte-25-de-abril-e-sao-intercetados\/","title":{"rendered":"Suspeitos em fuga abalroam PSP na Ponte 25 de Abril e s\u00e3o intercetados"},"content":{"rendered":"<p>Uma persegui\u00e7\u00e3o policial na Ponte 25 de Abril, no sentido Sul-Norte, terminou com um agente da PSP ferido depois de a viatura dos suspeitos n\u00e3o parar. O alerta foi dado \u00e0s 7h52, e o incidente foi registado na manh\u00e3 de sexta-feira.<\/p>\n<p>A PSP realizava uma paragem seletiva quando o carro em fuga n\u00e3o cessou a marcha. Na viatura seguiam dois homens, de 46 e 26 anos, e o condutor n\u00e3o possu\u00eda carta de condu\u00e7\u00e3o, segundo fonte oficial.<\/p>\n<p>No final do tabuleiro da ponte, a viatura abalroou uma moto da PSP e um autom\u00f3vel particular. O agente ferido foi transportado para o Hospital S\u00e3o Francisco Xavier, em Lisboa, com les\u00f5es ainda n\u00e3o especificadas.<\/p>\n<p>O tr\u00e2nsito esteve cortado at\u00e9 perto das 9h, com condicionamentos na circula\u00e7\u00e3o. Os Bombeiros de Almada estiveram no local para apoio.<\/p>\n","protected":false},"excerpt":{"rendered":"<ul>\n<li>Persegui\u00e7\u00e3o a um carro que n\u00e3o parou terminou com um agente da PSP ferido na Ponte 25 de Abril, no sentido Sul-Norte.<\/li>\n<li>O alerta foi dado \u00e0s 7h52 e os suspeitos foram intercetados; no ve\u00edculo seguiam dois homens de 46 e 26 anos, e o condutor n\u00e3o tinha carta de condu\u00e7\u00e3o.<\/li>\n<li>Na sa\u00edda do tabuleiro, a viatura abalroou uma mota da PSP e um carro civil; o agente foi transportado para o Hospital S\u00e3o Francisco Xavier.<\/li>\n<li>O tr\u00e2nsito ficou cortado, retomando \u00e0s 9h00 com condicionamentos.<\/li>\n<li>Para o local deslocaram-se os Bombeiros de Almada.<\/li>\n<\/ul>\n","protected":false},"author":2,"featured_media":408573,"comment_status":"closed","ping_status":"closed","sticky":false,"template":"","format":"standard","meta":{"footnotes":""},"categories":[6849,1],"tags":[5999,4169,1373,2882,3418,1629],"class_list":["post-408566","post","type-post","status-publish","format-standard","has-post-thumbnail","hentry","category-acidentes","category-noticias","tag-25-de-abril","tag-acidente-rodoviario","tag-almada","tag-perseguicoes","tag-policia-de-seguranca-publica","tag-transito"],"yoast_head":"<!-- This site is optimized with the Yoast SEO plugin v27.2 - https:\/\/yoast.com\/product\/yoast-seo-wordpress\/ -->\n<title>Suspeitos em fuga abalroam PSP na Ponte 25 de Abril e s\u00e3o intercetados - Portal Tela Portugal<\/title>\n<meta name=\"robots\" content=\"index, follow, max-snippet:-1, max-image-preview:large, max-video-preview:-1\" \/>\n<meta property=\"og:locale\" content=\"pt_PT\" \/>\n<meta property=\"og:type\" content=\"article\" \/>\n<meta property=\"og:title\" content=\"Suspeitos em fuga abalroam PSP na Ponte 25 de Abril e s\u00e3o intercetados - Portal Tela Portugal\" \/>\n<meta property=\"og:description\" content=\"Persegui\u00e7\u00e3o a um carro que n\u00e3o parou terminou com um agente da PSP ferido na Ponte 25 de Abril, no sentido Sul-Norte. O alerta foi dado \u00e0s 7h52 e os suspeitos foram intercetados; no ve\u00edculo seguiam dois homens de 46 e 26 anos, e o condutor n\u00e3o tinha carta de condu\u00e7\u00e3o. Na sa\u00edda do tabuleiro, a viatura abalroou uma mota da PSP e um carro civil; o agente foi transportado para o Hospital S\u00e3o Francisco Xavier. O tr\u00e2nsito ficou cortado, retomando \u00e0s 9h00 com condicionamentos. Para o local deslocaram-se os Bombeiros de Almada.\" \/>\n<meta property=\"og:url\" content=\"https:\/\/portaltela.pt\/noticias\/2026\/03\/13\/suspeitos-em-fuga-abalroam-psp-na-ponte-25-de-abril-e-sao-intercetados\/\" \/>\n<meta property=\"og:site_name\" content=\"Portal Tela Portugal\" \/>\n<meta property=\"article:published_time\" content=\"2026-03-13T10:27:00+00:00\" \/>\n<meta name=\"author\" content=\"Telinha\" \/>\n<meta name=\"twitter:card\" content=\"summary_large_image\" \/>\n<meta name=\"twitter:label1\" content=\"Escrito por\" \/>\n\t<meta name=\"twitter:data1\" content=\"Telinha\" \/>\n\t<meta name=\"twitter:label2\" content=\"Tempo estimado de leitura\" \/>\n\t<meta name=\"twitter:data2\" content=\"1 minuto\" \/>\n<script type=\"application\/ld+json\" class=\"yoast-schema-graph\">{\"@context\":\"https:\/\/schema.org\",\"@graph\":[{\"@type\":\"Article\",\"@id\":\"https:\/\/portaltela.pt\/noticias\/2026\/03\/13\/suspeitos-em-fuga-abalroam-psp-na-ponte-25-de-abril-e-sao-intercetados\/#article\",\"isPartOf\":{\"@id\":\"https:\/\/portaltela.pt\/noticias\/2026\/03\/13\/suspeitos-em-fuga-abalroam-psp-na-ponte-25-de-abril-e-sao-intercetados\/\"},\"author\":{\"name\":\"Telinha\",\"@id\":\"https:\/\/portaltela.pt\/#\/schema\/person\/c4278d4a6028830caff9ee44b42d32ed\"},\"headline\":\"Suspeitos em fuga abalroam PSP na Ponte 25 de Abril e s\u00e3o intercetados\",\"datePublished\":\"2026-03-13T10:27:00+00:00\",\"mainEntityOfPage\":{\"@id\":\"https:\/\/portaltela.pt\/noticias\/2026\/03\/13\/suspeitos-em-fuga-abalroam-psp-na-ponte-25-de-abril-e-sao-intercetados\/\"},\"wordCount\":155,\"image\":{\"@id\":\"https:\/\/portaltela.pt\/noticias\/2026\/03\/13\/suspeitos-em-fuga-abalroam-psp-na-ponte-25-de-abril-e-sao-intercetados\/#primaryimage\"},\"thumbnailUrl\":\"https:\/\/portaltela.pt\/s.01k8rhncp4jt1\/2026\/03\/img_1200x721uu2026-03-13-10-28-43-2426650-1.jpg\",\"keywords\":[\"25 de Abril\",\"acidente rodovi\u00e1rio\",\"Almada\",\"persegui\u00e7\u00f5es\",\"Pol\u00edcia de Seguran\u00e7a P\u00fablica\",\"tr\u00e2nsito\"],\"articleSection\":[\"Acidentes\",\"Not\u00edcias\"],\"inLanguage\":\"pt-PT\"},{\"@type\":\"WebPage\",\"@id\":\"https:\/\/portaltela.pt\/noticias\/2026\/03\/13\/suspeitos-em-fuga-abalroam-psp-na-ponte-25-de-abril-e-sao-intercetados\/\",\"url\":\"https:\/\/portaltela.pt\/noticias\/2026\/03\/13\/suspeitos-em-fuga-abalroam-psp-na-ponte-25-de-abril-e-sao-intercetados\/\",\"name\":\"Suspeitos em fuga abalroam PSP na Ponte 25 de Abril e s\u00e3o intercetados - Portal Tela Portugal\",\"isPartOf\":{\"@id\":\"https:\/\/portaltela.pt\/#website\"},\"primaryImageOfPage\":{\"@id\":\"https:\/\/portaltela.pt\/noticias\/2026\/03\/13\/suspeitos-em-fuga-abalroam-psp-na-ponte-25-de-abril-e-sao-intercetados\/#primaryimage\"},\"image\":{\"@id\":\"https:\/\/portaltela.pt\/noticias\/2026\/03\/13\/suspeitos-em-fuga-abalroam-psp-na-ponte-25-de-abril-e-sao-intercetados\/#primaryimage\"},\"thumbnailUrl\":\"https:\/\/portaltela.pt\/s.01k8rhncp4jt1\/2026\/03\/img_1200x721uu2026-03-13-10-28-43-2426650-1.jpg\",\"datePublished\":\"2026-03-13T10:27:00+00:00\",\"author\":{\"@id\":\"https:\/\/portaltela.pt\/#\/schema\/person\/c4278d4a6028830caff9ee44b42d32ed\"},\"breadcrumb\":{\"@id\":\"https:\/\/portaltela.pt\/noticias\/2026\/03\/13\/suspeitos-em-fuga-abalroam-psp-na-ponte-25-de-abril-e-sao-intercetados\/#breadcrumb\"},\"inLanguage\":\"pt-PT\",\"potentialAction\":[{\"@type\":\"ReadAction\",\"target\":[\"https:\/\/portaltela.pt\/noticias\/2026\/03\/13\/suspeitos-em-fuga-abalroam-psp-na-ponte-25-de-abril-e-sao-intercetados\/\"]}]},{\"@type\":\"ImageObject\",\"inLanguage\":\"pt-PT\",\"@id\":\"https:\/\/portaltela.pt\/noticias\/2026\/03\/13\/suspeitos-em-fuga-abalroam-psp-na-ponte-25-de-abril-e-sao-intercetados\/#primaryimage\",\"url\":\"https:\/\/portaltela.pt\/s.01k8rhncp4jt1\/2026\/03\/img_1200x721uu2026-03-13-10-28-43-2426650-1.jpg\",\"contentUrl\":\"https:\/\/portaltela.pt\/s.01k8rhncp4jt1\/2026\/03\/img_1200x721uu2026-03-13-10-28-43-2426650-1.jpg\",\"width\":796,\"height\":448,\"caption\":\"Photo\"},{\"@type\":\"BreadcrumbList\",\"@id\":\"https:\/\/portaltela.pt\/noticias\/2026\/03\/13\/suspeitos-em-fuga-abalroam-psp-na-ponte-25-de-abril-e-sao-intercetados\/#breadcrumb\",\"itemListElement\":[{\"@type\":\"ListItem\",\"position\":1,\"name\":\"In\u00edcio\",\"item\":\"https:\/\/portaltela.pt\/\"},{\"@type\":\"ListItem\",\"position\":2,\"name\":\"Suspeitos em fuga abalroam PSP na Ponte 25 de Abril e s\u00e3o intercetados\"}]},{\"@type\":\"WebSite\",\"@id\":\"https:\/\/portaltela.pt\/#website\",\"url\":\"https:\/\/portaltela.pt\/\",\"name\":\"Portal Tela Portugal\",\"description\":\"\",\"potentialAction\":[{\"@type\":\"SearchAction\",\"target\":{\"@type\":\"EntryPoint\",\"urlTemplate\":\"https:\/\/portaltela.pt\/?s={search_term_string}\"},\"query-input\":{\"@type\":\"PropertyValueSpecification\",\"valueRequired\":true,\"valueName\":\"search_term_string\"}}],\"inLanguage\":\"pt-PT\"},{\"@type\":\"Person\",\"@id\":\"https:\/\/portaltela.pt\/#\/schema\/person\/c4278d4a6028830caff9ee44b42d32ed\",\"name\":\"Telinha\",\"image\":{\"@type\":\"ImageObject\",\"inLanguage\":\"pt-PT\",\"@id\":\"https:\/\/portaltela.pt\/s.01k8rhncp4jt1\/2025\/11\/talking-bot-125x125.png\",\"url\":\"https:\/\/portaltela.pt\/s.01k8rhncp4jt1\/2025\/11\/talking-bot-125x125.png\",\"contentUrl\":\"https:\/\/portaltela.pt\/s.01k8rhncp4jt1\/2025\/11\/talking-bot-125x125.png\",\"caption\":\"Telinha\"},\"sameAs\":[\"https:\/\/portaltela.pt\/\"],\"url\":\"https:\/\/portaltela.pt\/por\/367410592786\/\"}]}<\/script>\n<!-- \/ Yoast SEO plugin. -->","yoast_head_json":{"title":"Suspeitos em fuga abalroam PSP na Ponte 25 de Abril e s\u00e3o intercetados - Portal Tela Portugal","robots":{"index":"index","follow":"follow","max-snippet":"max-snippet:-1","max-image-preview":"max-image-preview:large","max-video-preview":"max-video-preview:-1"},"og_locale":"pt_PT","og_type":"article","og_title":"Suspeitos em fuga abalroam PSP na Ponte 25 de Abril e s\u00e3o intercetados - Portal Tela Portugal","og_description":"Persegui\u00e7\u00e3o a um carro que n\u00e3o parou terminou com um agente da PSP ferido na Ponte 25 de Abril, no sentido Sul-Norte. O alerta foi dado \u00e0s 7h52 e os suspeitos foram intercetados; no ve\u00edculo seguiam dois homens de 46 e 26 anos, e o condutor n\u00e3o tinha carta de condu\u00e7\u00e3o. Na sa\u00edda do tabuleiro, a viatura abalroou uma mota da PSP e um carro civil; o agente foi transportado para o Hospital S\u00e3o Francisco Xavier. O tr\u00e2nsito ficou cortado, retomando \u00e0s 9h00 com condicionamentos. Para o local deslocaram-se os Bombeiros de Almada.","og_url":"https:\/\/portaltela.pt\/noticias\/2026\/03\/13\/suspeitos-em-fuga-abalroam-psp-na-ponte-25-de-abril-e-sao-intercetados\/","og_site_name":"Portal Tela Portugal","article_published_time":"2026-03-13T10:27:00+00:00","author":"Telinha","twitter_card":"summary_large_image","twitter_misc":{"Escrito por":"Telinha","Tempo estimado de leitura":"1 minuto"},"schema":{"@context":"https:\/\/schema.org","@graph":[{"@type":"Article","@id":"https:\/\/portaltela.pt\/noticias\/2026\/03\/13\/suspeitos-em-fuga-abalroam-psp-na-ponte-25-de-abril-e-sao-intercetados\/#article","isPartOf":{"@id":"https:\/\/portaltela.pt\/noticias\/2026\/03\/13\/suspeitos-em-fuga-abalroam-psp-na-ponte-25-de-abril-e-sao-intercetados\/"},"author":{"name":"Telinha","@id":"https:\/\/portaltela.pt\/#\/schema\/person\/c4278d4a6028830caff9ee44b42d32ed"},"headline":"Suspeitos em fuga abalroam PSP na Ponte 25 de Abril e s\u00e3o intercetados","datePublished":"2026-03-13T10:27:00+00:00","mainEntityOfPage":{"@id":"https:\/\/portaltela.pt\/noticias\/2026\/03\/13\/suspeitos-em-fuga-abalroam-psp-na-ponte-25-de-abril-e-sao-intercetados\/"},"wordCount":155,"image":{"@id":"https:\/\/portaltela.pt\/noticias\/2026\/03\/13\/suspeitos-em-fuga-abalroam-psp-na-ponte-25-de-abril-e-sao-intercetados\/#primaryimage"},"thumbnailUrl":"https:\/\/portaltela.pt\/s.01k8rhncp4jt1\/2026\/03\/img_1200x721uu2026-03-13-10-28-43-2426650-1.jpg","keywords":["25 de Abril","acidente rodovi\u00e1rio","Almada","persegui\u00e7\u00f5es","Pol\u00edcia de Seguran\u00e7a P\u00fablica","tr\u00e2nsito"],"articleSection":["Acidentes","Not\u00edcias"],"inLanguage":"pt-PT"},{"@type":"WebPage","@id":"https:\/\/portaltela.pt\/noticias\/2026\/03\/13\/suspeitos-em-fuga-abalroam-psp-na-ponte-25-de-abril-e-sao-intercetados\/","url":"https:\/\/portaltela.pt\/noticias\/2026\/03\/13\/suspeitos-em-fuga-abalroam-psp-na-ponte-25-de-abril-e-sao-intercetados\/","name":"Suspeitos em fuga abalroam PSP na Ponte 25 de Abril e s\u00e3o intercetados - Portal Tela Portugal","isPartOf":{"@id":"https:\/\/portaltela.pt\/#website"},"primaryImageOfPage":{"@id":"https:\/\/portaltela.pt\/noticias\/2026\/03\/13\/suspeitos-em-fuga-abalroam-psp-na-ponte-25-de-abril-e-sao-intercetados\/#primaryimage"},"image":{"@id":"https:\/\/portaltela.pt\/noticias\/2026\/03\/13\/suspeitos-em-fuga-abalroam-psp-na-ponte-25-de-abril-e-sao-intercetados\/#primaryimage"},"thumbnailUrl":"https:\/\/portaltela.pt\/s.01k8rhncp4jt1\/2026\/03\/img_1200x721uu2026-03-13-10-28-43-2426650-1.jpg","datePublished":"2026-03-13T10:27:00+00:00","author":{"@id":"https:\/\/portaltela.pt\/#\/schema\/person\/c4278d4a6028830caff9ee44b42d32ed"},"breadcrumb":{"@id":"https:\/\/portaltela.pt\/noticias\/2026\/03\/13\/suspeitos-em-fuga-abalroam-psp-na-ponte-25-de-abril-e-sao-intercetados\/#breadcrumb"},"inLanguage":"pt-PT","potentialAction":[{"@type":"ReadAction","target":["https:\/\/portaltela.pt\/noticias\/2026\/03\/13\/suspeitos-em-fuga-abalroam-psp-na-ponte-25-de-abril-e-sao-intercetados\/"]}]},{"@type":"ImageObject","inLanguage":"pt-PT","@id":"https:\/\/portaltela.pt\/noticias\/2026\/03\/13\/suspeitos-em-fuga-abalroam-psp-na-ponte-25-de-abril-e-sao-intercetados\/#primaryimage","url":"https:\/\/portaltela.pt\/s.01k8rhncp4jt1\/2026\/03\/img_1200x721uu2026-03-13-10-28-43-2426650-1.jpg","contentUrl":"https:\/\/portaltela.pt\/s.01k8rhncp4jt1\/2026\/03\/img_1200x721uu2026-03-13-10-28-43-2426650-1.jpg","width":796,"height":448,"caption":"Photo"},{"@type":"BreadcrumbList","@id":"https:\/\/portaltela.pt\/noticias\/2026\/03\/13\/suspeitos-em-fuga-abalroam-psp-na-ponte-25-de-abril-e-sao-intercetados\/#breadcrumb","itemListElement":[{"@type":"ListItem","position":1,"name":"In\u00edcio","item":"https:\/\/portaltela.pt\/"},{"@type":"ListItem","position":2,"name":"Suspeitos em fuga abalroam PSP na Ponte 25 de Abril e s\u00e3o intercetados"}]},{"@type":"WebSite","@id":"https:\/\/portaltela.pt\/#website","url":"https:\/\/portaltela.pt\/","name":"Portal Tela Portugal","description":"","potentialAction":[{"@type":"SearchAction","target":{"@type":"EntryPoint","urlTemplate":"https:\/\/portaltela.pt\/?s={search_term_string}"},"query-input":{"@type":"PropertyValueSpecification","valueRequired":true,"valueName":"search_term_string"}}],"inLanguage":"pt-PT"},{"@type":"Person","@id":"https:\/\/portaltela.pt\/#\/schema\/person\/c4278d4a6028830caff9ee44b42d32ed","name":"Telinha","image":{"@type":"ImageObject","inLanguage":"pt-PT","@id":"https:\/\/portaltela.pt\/s.01k8rhncp4jt1\/2025\/11\/talking-bot-125x125.png","url":"https:\/\/portaltela.pt\/s.01k8rhncp4jt1\/2025\/11\/talking-bot-125x125.png","contentUrl":"https:\/\/portaltela.pt\/s.01k8rhncp4jt1\/2025\/11\/talking-bot-125x125.png","caption":"Telinha"},"sameAs":["https:\/\/portaltela.pt\/"],"url":"https:\/\/portaltela.pt\/por\/367410592786\/"}]}},"_links":{"self":[{"href":"https:\/\/portaltela.pt\/api\/wp\/v2\/posts\/408566","targetHints":{"allow":["GET"]}}],"collection":[{"href":"https:\/\/portaltela.pt\/api\/wp\/v2\/posts"}],"about":[{"href":"https:\/\/portaltela.pt\/api\/wp\/v2\/types\/post"}],"author":[{"embeddable":true,"href":"https:\/\/portaltela.pt\/api\/wp\/v2\/users\/2"}],"replies":[{"embeddable":true,"href":"https:\/\/portaltela.pt\/api\/wp\/v2\/comments?post=408566"}],"version-history":[{"count":0,"href":"https:\/\/portaltela.pt\/api\/wp\/v2\/posts\/408566\/revisions"}],"wp:featuredmedia":[{"embeddable":true,"href":"https:\/\/portaltela.pt\/api\/wp\/v2\/media\/408573"}],"wp:attachment":[{"href":"https:\/\/portaltela.pt\/api\/wp\/v2\/media?parent=408566"}],"wp:term":[{"taxonomy":"category","embeddable":true,"href":"https:\/\/portaltela.pt\/api\/wp\/v2\/categories?post=408566"},{"taxonomy":"post_tag","embeddable":true,"href":"https:\/\/portaltela.pt\/api\/wp\/v2\/tags?post=408566"}],"curies":[{"name":"wp","href":"https:\/\/api.w.org\/{rel}","templated":true}]}}