{"id":408562,"date":"2026-03-13T07:28:31","date_gmt":"2026-03-13T10:28:31","guid":{"rendered":"https:\/\/portaltela.pt\/noticias\/2026\/03\/13\/casal-detido-suspeito-de-roubo-em-oliveira-de-azemeis\/"},"modified":"2026-03-13T07:28:31","modified_gmt":"2026-03-13T10:28:31","slug":"casal-detido-suspeito-de-roubo-em-oliveira-de-azemeis","status":"publish","type":"post","link":"https:\/\/portaltela.pt\/policia\/2026\/03\/13\/casal-detido-suspeito-de-roubo-em-oliveira-de-azemeis\/","title":{"rendered":"Casal detido suspeito de roubo em Oliveira de Azem\u00e9is"},"content":{"rendered":"<p>A Guarda Nacional Republicana deteve um casal em Oliveira de Azem\u00e9is, suspeito de envolvimento na pr\u00e1tica de crimes de roubo. A opera\u00e7\u00e3o ocorreu no \u00e2mbito de investiga\u00e7\u00f5es em curso pela for\u00e7a policial.<\/p>\n<p>A GNR apreendeu material relacionado com tr\u00e1fico de estupefacientes e com dispositivos inform\u00e1ticos e eletr\u00f3nicos usados na pr\u00e1tica dos crimes. As evid\u00eancias recolhidas integram o inqu\u00e9rito em curso.<\/p>\n<p>As dilig\u00eancias, que continuam a decorrer, visam esclarecer a participa\u00e7\u00e3o do casal em v\u00e1rios furtos na regi\u00e3o. N\u00e3o foram divulgados mais detalhes sobre a identidade dos detidos nem sobre medidas de coa\u00e7\u00e3o aplicadas.<\/p>\n","protected":false},"excerpt":{"rendered":"<ul>\n<li>Casal foi detido por suspeita da pr\u00e1tica de crimes de roubo em Oliveira de Azem\u00e9is.<\/li>\n<li>A deten\u00e7\u00e3o foi efetuada pela Guarda Nacional Republicana (GNR).<\/li>\n<li>A opera\u00e7\u00e3o resultou na apreens\u00e3o de material relacionado com tr\u00e1fico de estupefacientes.<\/li>\n<li>Foram ainda apreendidos dispositivos inform\u00e1ticos e eletr\u00f3nicos relacionados com as investiga\u00e7\u00f5es.<\/li>\n<\/ul>\n","protected":false},"author":2,"featured_media":408567,"comment_status":"closed","ping_status":"closed","sticky":false,"template":"","format":"standard","meta":{"footnotes":""},"categories":[6907,6781],"tags":[147,3309,1380,223,215,203],"class_list":["post-408562","post","type-post","status-publish","format-standard","has-post-thumbnail","hentry","category-crime","category-policia","tag-crime","tag-estupefacientes","tag-gnr","tag-informatica","tag-investigacao","tag-roubo"],"yoast_head":"<!-- This site is optimized with the Yoast SEO plugin v27.2 - https:\/\/yoast.com\/product\/yoast-seo-wordpress\/ -->\n<title>Casal detido suspeito de roubo em Oliveira de Azem\u00e9is - Portal Tela Portugal<\/title>\n<meta name=\"robots\" content=\"index, follow, max-snippet:-1, max-image-preview:large, max-video-preview:-1\" \/>\n<meta property=\"og:locale\" content=\"pt_PT\" \/>\n<meta property=\"og:type\" content=\"article\" \/>\n<meta property=\"og:title\" content=\"Casal detido suspeito de roubo em Oliveira de Azem\u00e9is - Portal Tela Portugal\" \/>\n<meta property=\"og:description\" content=\"Casal foi detido por suspeita da pr\u00e1tica de crimes de roubo em Oliveira de Azem\u00e9is. A deten\u00e7\u00e3o foi efetuada pela Guarda Nacional Republicana (GNR). A opera\u00e7\u00e3o resultou na apreens\u00e3o de material relacionado com tr\u00e1fico de estupefacientes. Foram ainda apreendidos dispositivos inform\u00e1ticos e eletr\u00f3nicos relacionados com as investiga\u00e7\u00f5es.\" \/>\n<meta property=\"og:url\" content=\"https:\/\/portaltela.pt\/noticias\/2026\/03\/13\/casal-detido-suspeito-de-roubo-em-oliveira-de-azemeis\/\" \/>\n<meta property=\"og:site_name\" content=\"Portal Tela Portugal\" \/>\n<meta property=\"article:published_time\" content=\"2026-03-13T10:28:31+00:00\" \/>\n<meta name=\"author\" content=\"Telinha\" \/>\n<meta name=\"twitter:card\" content=\"summary_large_image\" \/>\n<meta name=\"twitter:label1\" content=\"Escrito por\" \/>\n\t<meta name=\"twitter:data1\" content=\"Telinha\" \/>\n\t<meta name=\"twitter:label2\" content=\"Tempo estimado de leitura\" \/>\n\t<meta name=\"twitter:data2\" content=\"1 minuto\" \/>\n<script type=\"application\/ld+json\" class=\"yoast-schema-graph\">{\"@context\":\"https:\/\/schema.org\",\"@graph\":[{\"@type\":\"Article\",\"@id\":\"https:\/\/portaltela.pt\/noticias\/2026\/03\/13\/casal-detido-suspeito-de-roubo-em-oliveira-de-azemeis\/#article\",\"isPartOf\":{\"@id\":\"https:\/\/portaltela.pt\/noticias\/2026\/03\/13\/casal-detido-suspeito-de-roubo-em-oliveira-de-azemeis\/\"},\"author\":{\"name\":\"Telinha\",\"@id\":\"https:\/\/portaltela.pt\/#\/schema\/person\/c4278d4a6028830caff9ee44b42d32ed\"},\"headline\":\"Casal detido suspeito de roubo em Oliveira de Azem\u00e9is\",\"datePublished\":\"2026-03-13T10:28:31+00:00\",\"mainEntityOfPage\":{\"@id\":\"https:\/\/portaltela.pt\/noticias\/2026\/03\/13\/casal-detido-suspeito-de-roubo-em-oliveira-de-azemeis\/\"},\"wordCount\":120,\"image\":{\"@id\":\"https:\/\/portaltela.pt\/noticias\/2026\/03\/13\/casal-detido-suspeito-de-roubo-em-oliveira-de-azemeis\/#primaryimage\"},\"thumbnailUrl\":\"https:\/\/portaltela.pt\/s.01k8rhncp4jt1\/2026\/03\/img_1280x722uu2023-05-30-20-51-00-1361283.jpg\",\"keywords\":[\"crime\",\"estupefacientes\",\"GNR\",\"inform\u00e1tica\",\"investiga\u00e7\u00e3o\",\"roubo\"],\"articleSection\":[\"Crime\",\"Pol\u00edcia\"],\"inLanguage\":\"pt-PT\"},{\"@type\":\"WebPage\",\"@id\":\"https:\/\/portaltela.pt\/noticias\/2026\/03\/13\/casal-detido-suspeito-de-roubo-em-oliveira-de-azemeis\/\",\"url\":\"https:\/\/portaltela.pt\/noticias\/2026\/03\/13\/casal-detido-suspeito-de-roubo-em-oliveira-de-azemeis\/\",\"name\":\"Casal detido suspeito de roubo em Oliveira de Azem\u00e9is - Portal Tela Portugal\",\"isPartOf\":{\"@id\":\"https:\/\/portaltela.pt\/#website\"},\"primaryImageOfPage\":{\"@id\":\"https:\/\/portaltela.pt\/noticias\/2026\/03\/13\/casal-detido-suspeito-de-roubo-em-oliveira-de-azemeis\/#primaryimage\"},\"image\":{\"@id\":\"https:\/\/portaltela.pt\/noticias\/2026\/03\/13\/casal-detido-suspeito-de-roubo-em-oliveira-de-azemeis\/#primaryimage\"},\"thumbnailUrl\":\"https:\/\/portaltela.pt\/s.01k8rhncp4jt1\/2026\/03\/img_1280x722uu2023-05-30-20-51-00-1361283.jpg\",\"datePublished\":\"2026-03-13T10:28:31+00:00\",\"author\":{\"@id\":\"https:\/\/portaltela.pt\/#\/schema\/person\/c4278d4a6028830caff9ee44b42d32ed\"},\"breadcrumb\":{\"@id\":\"https:\/\/portaltela.pt\/noticias\/2026\/03\/13\/casal-detido-suspeito-de-roubo-em-oliveira-de-azemeis\/#breadcrumb\"},\"inLanguage\":\"pt-PT\",\"potentialAction\":[{\"@type\":\"ReadAction\",\"target\":[\"https:\/\/portaltela.pt\/noticias\/2026\/03\/13\/casal-detido-suspeito-de-roubo-em-oliveira-de-azemeis\/\"]}]},{\"@type\":\"ImageObject\",\"inLanguage\":\"pt-PT\",\"@id\":\"https:\/\/portaltela.pt\/noticias\/2026\/03\/13\/casal-detido-suspeito-de-roubo-em-oliveira-de-azemeis\/#primaryimage\",\"url\":\"https:\/\/portaltela.pt\/s.01k8rhncp4jt1\/2026\/03\/img_1280x722uu2023-05-30-20-51-00-1361283.jpg\",\"contentUrl\":\"https:\/\/portaltela.pt\/s.01k8rhncp4jt1\/2026\/03\/img_1280x722uu2023-05-30-20-51-00-1361283.jpg\",\"width\":796,\"height\":448,\"caption\":\"Photo\"},{\"@type\":\"BreadcrumbList\",\"@id\":\"https:\/\/portaltela.pt\/noticias\/2026\/03\/13\/casal-detido-suspeito-de-roubo-em-oliveira-de-azemeis\/#breadcrumb\",\"itemListElement\":[{\"@type\":\"ListItem\",\"position\":1,\"name\":\"In\u00edcio\",\"item\":\"https:\/\/portaltela.pt\/\"},{\"@type\":\"ListItem\",\"position\":2,\"name\":\"Casal detido suspeito de roubo em Oliveira de Azem\u00e9is\"}]},{\"@type\":\"WebSite\",\"@id\":\"https:\/\/portaltela.pt\/#website\",\"url\":\"https:\/\/portaltela.pt\/\",\"name\":\"Portal Tela Portugal\",\"description\":\"\",\"potentialAction\":[{\"@type\":\"SearchAction\",\"target\":{\"@type\":\"EntryPoint\",\"urlTemplate\":\"https:\/\/portaltela.pt\/?s={search_term_string}\"},\"query-input\":{\"@type\":\"PropertyValueSpecification\",\"valueRequired\":true,\"valueName\":\"search_term_string\"}}],\"inLanguage\":\"pt-PT\"},{\"@type\":\"Person\",\"@id\":\"https:\/\/portaltela.pt\/#\/schema\/person\/c4278d4a6028830caff9ee44b42d32ed\",\"name\":\"Telinha\",\"image\":{\"@type\":\"ImageObject\",\"inLanguage\":\"pt-PT\",\"@id\":\"https:\/\/portaltela.pt\/s.01k8rhncp4jt1\/2025\/11\/talking-bot-125x125.png\",\"url\":\"https:\/\/portaltela.pt\/s.01k8rhncp4jt1\/2025\/11\/talking-bot-125x125.png\",\"contentUrl\":\"https:\/\/portaltela.pt\/s.01k8rhncp4jt1\/2025\/11\/talking-bot-125x125.png\",\"caption\":\"Telinha\"},\"sameAs\":[\"https:\/\/portaltela.pt\/\"],\"url\":\"https:\/\/portaltela.pt\/por\/367410592786\/\"}]}<\/script>\n<!-- \/ Yoast SEO plugin. -->","yoast_head_json":{"title":"Casal detido suspeito de roubo em Oliveira de Azem\u00e9is - Portal Tela Portugal","robots":{"index":"index","follow":"follow","max-snippet":"max-snippet:-1","max-image-preview":"max-image-preview:large","max-video-preview":"max-video-preview:-1"},"og_locale":"pt_PT","og_type":"article","og_title":"Casal detido suspeito de roubo em Oliveira de Azem\u00e9is - Portal Tela Portugal","og_description":"Casal foi detido por suspeita da pr\u00e1tica de crimes de roubo em Oliveira de Azem\u00e9is. A deten\u00e7\u00e3o foi efetuada pela Guarda Nacional Republicana (GNR). A opera\u00e7\u00e3o resultou na apreens\u00e3o de material relacionado com tr\u00e1fico de estupefacientes. Foram ainda apreendidos dispositivos inform\u00e1ticos e eletr\u00f3nicos relacionados com as investiga\u00e7\u00f5es.","og_url":"https:\/\/portaltela.pt\/noticias\/2026\/03\/13\/casal-detido-suspeito-de-roubo-em-oliveira-de-azemeis\/","og_site_name":"Portal Tela Portugal","article_published_time":"2026-03-13T10:28:31+00:00","author":"Telinha","twitter_card":"summary_large_image","twitter_misc":{"Escrito por":"Telinha","Tempo estimado de leitura":"1 minuto"},"schema":{"@context":"https:\/\/schema.org","@graph":[{"@type":"Article","@id":"https:\/\/portaltela.pt\/noticias\/2026\/03\/13\/casal-detido-suspeito-de-roubo-em-oliveira-de-azemeis\/#article","isPartOf":{"@id":"https:\/\/portaltela.pt\/noticias\/2026\/03\/13\/casal-detido-suspeito-de-roubo-em-oliveira-de-azemeis\/"},"author":{"name":"Telinha","@id":"https:\/\/portaltela.pt\/#\/schema\/person\/c4278d4a6028830caff9ee44b42d32ed"},"headline":"Casal detido suspeito de roubo em Oliveira de Azem\u00e9is","datePublished":"2026-03-13T10:28:31+00:00","mainEntityOfPage":{"@id":"https:\/\/portaltela.pt\/noticias\/2026\/03\/13\/casal-detido-suspeito-de-roubo-em-oliveira-de-azemeis\/"},"wordCount":120,"image":{"@id":"https:\/\/portaltela.pt\/noticias\/2026\/03\/13\/casal-detido-suspeito-de-roubo-em-oliveira-de-azemeis\/#primaryimage"},"thumbnailUrl":"https:\/\/portaltela.pt\/s.01k8rhncp4jt1\/2026\/03\/img_1280x722uu2023-05-30-20-51-00-1361283.jpg","keywords":["crime","estupefacientes","GNR","inform\u00e1tica","investiga\u00e7\u00e3o","roubo"],"articleSection":["Crime","Pol\u00edcia"],"inLanguage":"pt-PT"},{"@type":"WebPage","@id":"https:\/\/portaltela.pt\/noticias\/2026\/03\/13\/casal-detido-suspeito-de-roubo-em-oliveira-de-azemeis\/","url":"https:\/\/portaltela.pt\/noticias\/2026\/03\/13\/casal-detido-suspeito-de-roubo-em-oliveira-de-azemeis\/","name":"Casal detido suspeito de roubo em Oliveira de Azem\u00e9is - Portal Tela Portugal","isPartOf":{"@id":"https:\/\/portaltela.pt\/#website"},"primaryImageOfPage":{"@id":"https:\/\/portaltela.pt\/noticias\/2026\/03\/13\/casal-detido-suspeito-de-roubo-em-oliveira-de-azemeis\/#primaryimage"},"image":{"@id":"https:\/\/portaltela.pt\/noticias\/2026\/03\/13\/casal-detido-suspeito-de-roubo-em-oliveira-de-azemeis\/#primaryimage"},"thumbnailUrl":"https:\/\/portaltela.pt\/s.01k8rhncp4jt1\/2026\/03\/img_1280x722uu2023-05-30-20-51-00-1361283.jpg","datePublished":"2026-03-13T10:28:31+00:00","author":{"@id":"https:\/\/portaltela.pt\/#\/schema\/person\/c4278d4a6028830caff9ee44b42d32ed"},"breadcrumb":{"@id":"https:\/\/portaltela.pt\/noticias\/2026\/03\/13\/casal-detido-suspeito-de-roubo-em-oliveira-de-azemeis\/#breadcrumb"},"inLanguage":"pt-PT","potentialAction":[{"@type":"ReadAction","target":["https:\/\/portaltela.pt\/noticias\/2026\/03\/13\/casal-detido-suspeito-de-roubo-em-oliveira-de-azemeis\/"]}]},{"@type":"ImageObject","inLanguage":"pt-PT","@id":"https:\/\/portaltela.pt\/noticias\/2026\/03\/13\/casal-detido-suspeito-de-roubo-em-oliveira-de-azemeis\/#primaryimage","url":"https:\/\/portaltela.pt\/s.01k8rhncp4jt1\/2026\/03\/img_1280x722uu2023-05-30-20-51-00-1361283.jpg","contentUrl":"https:\/\/portaltela.pt\/s.01k8rhncp4jt1\/2026\/03\/img_1280x722uu2023-05-30-20-51-00-1361283.jpg","width":796,"height":448,"caption":"Photo"},{"@type":"BreadcrumbList","@id":"https:\/\/portaltela.pt\/noticias\/2026\/03\/13\/casal-detido-suspeito-de-roubo-em-oliveira-de-azemeis\/#breadcrumb","itemListElement":[{"@type":"ListItem","position":1,"name":"In\u00edcio","item":"https:\/\/portaltela.pt\/"},{"@type":"ListItem","position":2,"name":"Casal detido suspeito de roubo em Oliveira de Azem\u00e9is"}]},{"@type":"WebSite","@id":"https:\/\/portaltela.pt\/#website","url":"https:\/\/portaltela.pt\/","name":"Portal Tela Portugal","description":"","potentialAction":[{"@type":"SearchAction","target":{"@type":"EntryPoint","urlTemplate":"https:\/\/portaltela.pt\/?s={search_term_string}"},"query-input":{"@type":"PropertyValueSpecification","valueRequired":true,"valueName":"search_term_string"}}],"inLanguage":"pt-PT"},{"@type":"Person","@id":"https:\/\/portaltela.pt\/#\/schema\/person\/c4278d4a6028830caff9ee44b42d32ed","name":"Telinha","image":{"@type":"ImageObject","inLanguage":"pt-PT","@id":"https:\/\/portaltela.pt\/s.01k8rhncp4jt1\/2025\/11\/talking-bot-125x125.png","url":"https:\/\/portaltela.pt\/s.01k8rhncp4jt1\/2025\/11\/talking-bot-125x125.png","contentUrl":"https:\/\/portaltela.pt\/s.01k8rhncp4jt1\/2025\/11\/talking-bot-125x125.png","caption":"Telinha"},"sameAs":["https:\/\/portaltela.pt\/"],"url":"https:\/\/portaltela.pt\/por\/367410592786\/"}]}},"_links":{"self":[{"href":"https:\/\/portaltela.pt\/api\/wp\/v2\/posts\/408562","targetHints":{"allow":["GET"]}}],"collection":[{"href":"https:\/\/portaltela.pt\/api\/wp\/v2\/posts"}],"about":[{"href":"https:\/\/portaltela.pt\/api\/wp\/v2\/types\/post"}],"author":[{"embeddable":true,"href":"https:\/\/portaltela.pt\/api\/wp\/v2\/users\/2"}],"replies":[{"embeddable":true,"href":"https:\/\/portaltela.pt\/api\/wp\/v2\/comments?post=408562"}],"version-history":[{"count":0,"href":"https:\/\/portaltela.pt\/api\/wp\/v2\/posts\/408562\/revisions"}],"wp:featuredmedia":[{"embeddable":true,"href":"https:\/\/portaltela.pt\/api\/wp\/v2\/media\/408567"}],"wp:attachment":[{"href":"https:\/\/portaltela.pt\/api\/wp\/v2\/media?parent=408562"}],"wp:term":[{"taxonomy":"category","embeddable":true,"href":"https:\/\/portaltela.pt\/api\/wp\/v2\/categories?post=408562"},{"taxonomy":"post_tag","embeddable":true,"href":"https:\/\/portaltela.pt\/api\/wp\/v2\/tags?post=408562"}],"curies":[{"name":"wp","href":"https:\/\/api.w.org\/{rel}","templated":true}]}}