{"id":408558,"date":"2026-03-13T07:24:00","date_gmt":"2026-03-13T10:24:00","guid":{"rendered":"https:\/\/portaltela.pt\/noticias\/2026\/03\/13\/tribunal-rejeita-ultimo-recurso-e-montenegro-ordena-divulgacao-de-clientes\/"},"modified":"2026-03-13T07:24:00","modified_gmt":"2026-03-13T10:24:00","slug":"tribunal-rejeita-ultimo-recurso-e-montenegro-ordena-divulgacao-de-clientes","status":"publish","type":"post","link":"https:\/\/portaltela.pt\/noticias\/2026\/03\/13\/tribunal-rejeita-ultimo-recurso-e-montenegro-ordena-divulgacao-de-clientes\/","title":{"rendered":"Tribunal rejeita \u00faltimo recurso e Montenegro ordena divulga\u00e7\u00e3o de clientes"},"content":{"rendered":"<p>O primeiro-ministro Lu\u00eds Montenegro fica obrigado a divulgar a lista de clientes da consultora Spinumviva. A decis\u00e3o resulta da exig\u00eancia da Entidade para a Transpar\u00eancia de acrescentar dados \u00e0 declara\u00e7\u00e3o de patrim\u00f3nio.<\/p>\n<p>Montenegro entregou a declara\u00e7\u00e3o com os novos clientes, mas op\u00f4s-se ao acesso p\u00fablico \u00e0 lista. A Entidade para a Transpar\u00eancia deixou de pedir elementos relativos a empresas detidas at\u00e9 \u00e0 pron\u00fancia do Tribunal Constitucional.<\/p>\n<p>O Tribunal Constitucional rejeitou o recurso por ter sido apresentado fora de prazo. A decis\u00e3o foi tomada por unanimidade, tornando inaplic\u00e1vel a aprecia\u00e7\u00e3o do recurso.<\/p>\n<h3>Decis\u00e3o do Tribunal Constitucional<\/h3>\n<p>O TC considerou que a reclama\u00e7\u00e3o n\u00e3o podia ser apreciada por ter sido apresentada tardiamente, mantendo, assim, a obriga\u00e7\u00e3o de divulga\u00e7\u00e3o da lista de clientes da Spinumviva. A Entidade para a Transpar\u00eancia reiterou a necessidade de transpar\u00eancia na declara\u00e7\u00e3o p\u00fablica.<\/p>\n","protected":false},"excerpt":{"rendered":"<ul>\n<li>A Entidade para a Transpar\u00eancia pediu a Lu\u00eds Montenegro para incluir na declara\u00e7\u00e3o de patrim\u00f3nio a lista de clientes da consultora Spinumviva.<\/li>\n<li>Montenegro j\u00e1 submeteu a declara\u00e7\u00e3o com os novos clientes, mas op\u00f4s-se ao acesso p\u00fablico \u00e0 consulta desses documentos.<\/li>\n<li>Por causa disso, a Entidade para a Transpar\u00eancia deixou de pedir aos deputados todos os elementos relativos \u00e0s empresas at\u00e9 \u00e0 pron\u00fancia do Tribunal Constitucional.<\/li>\n<li>O recurso de Montenegro para o Tribunal Constitucional foi apresentado fora de prazo.<\/li>\n<li>Em plen\u00e1rio, por unanimidade, o Tribunal Constitucional decidiu julgar a Reclama\u00e7\u00e3o improcedente por ter sido interposta fora do prazo.<\/li>\n<\/ul>\n","protected":false},"author":2,"featured_media":408561,"comment_status":"closed","ping_status":"closed","sticky":false,"template":"","format":"standard","meta":{"footnotes":""},"categories":[6815,1],"tags":[860,195,5563,332,6208],"class_list":["post-408558","post","type-post","status-publish","format-standard","has-post-thumbnail","hentry","category-justica","category-noticias","tag-entidades-publicas","tag-informacao","tag-informacao-publica","tag-transparencia","tag-tribunais"],"yoast_head":"<!-- This site is optimized with the Yoast SEO plugin v27.2 - https:\/\/yoast.com\/product\/yoast-seo-wordpress\/ -->\n<title>Tribunal rejeita \u00faltimo recurso e Montenegro ordena divulga\u00e7\u00e3o de clientes - Portal Tela Portugal<\/title>\n<meta name=\"robots\" content=\"index, follow, max-snippet:-1, max-image-preview:large, max-video-preview:-1\" \/>\n<meta property=\"og:locale\" content=\"pt_PT\" \/>\n<meta property=\"og:type\" content=\"article\" \/>\n<meta property=\"og:title\" content=\"Tribunal rejeita \u00faltimo recurso e Montenegro ordena divulga\u00e7\u00e3o de clientes - Portal Tela Portugal\" \/>\n<meta property=\"og:description\" content=\"A Entidade para a Transpar\u00eancia pediu a Lu\u00eds Montenegro para incluir na declara\u00e7\u00e3o de patrim\u00f3nio a lista de clientes da consultora Spinumviva. Montenegro j\u00e1 submeteu a declara\u00e7\u00e3o com os novos clientes, mas op\u00f4s-se ao acesso p\u00fablico \u00e0 consulta desses documentos. Por causa disso, a Entidade para a Transpar\u00eancia deixou de pedir aos deputados todos os elementos relativos \u00e0s empresas at\u00e9 \u00e0 pron\u00fancia do Tribunal Constitucional. O recurso de Montenegro para o Tribunal Constitucional foi apresentado fora de prazo. Em plen\u00e1rio, por unanimidade, o Tribunal Constitucional decidiu julgar a Reclama\u00e7\u00e3o improcedente por ter sido interposta fora do prazo.\" \/>\n<meta property=\"og:url\" content=\"https:\/\/portaltela.pt\/noticias\/2026\/03\/13\/tribunal-rejeita-ultimo-recurso-e-montenegro-ordena-divulgacao-de-clientes\/\" \/>\n<meta property=\"og:site_name\" content=\"Portal Tela Portugal\" \/>\n<meta property=\"article:published_time\" content=\"2026-03-13T10:24:00+00:00\" \/>\n<meta name=\"author\" content=\"Telinha\" \/>\n<meta name=\"twitter:card\" content=\"summary_large_image\" \/>\n<meta name=\"twitter:label1\" content=\"Escrito por\" \/>\n\t<meta name=\"twitter:data1\" content=\"Telinha\" \/>\n\t<meta name=\"twitter:label2\" content=\"Tempo estimado de leitura\" \/>\n\t<meta name=\"twitter:data2\" content=\"1 minuto\" \/>\n<script type=\"application\/ld+json\" class=\"yoast-schema-graph\">{\"@context\":\"https:\/\/schema.org\",\"@graph\":[{\"@type\":\"Article\",\"@id\":\"https:\/\/portaltela.pt\/noticias\/2026\/03\/13\/tribunal-rejeita-ultimo-recurso-e-montenegro-ordena-divulgacao-de-clientes\/#article\",\"isPartOf\":{\"@id\":\"https:\/\/portaltela.pt\/noticias\/2026\/03\/13\/tribunal-rejeita-ultimo-recurso-e-montenegro-ordena-divulgacao-de-clientes\/\"},\"author\":{\"name\":\"Telinha\",\"@id\":\"https:\/\/portaltela.pt\/#\/schema\/person\/c4278d4a6028830caff9ee44b42d32ed\"},\"headline\":\"Tribunal rejeita \u00faltimo recurso e Montenegro ordena divulga\u00e7\u00e3o de clientes\",\"datePublished\":\"2026-03-13T10:24:00+00:00\",\"mainEntityOfPage\":{\"@id\":\"https:\/\/portaltela.pt\/noticias\/2026\/03\/13\/tribunal-rejeita-ultimo-recurso-e-montenegro-ordena-divulgacao-de-clientes\/\"},\"wordCount\":166,\"image\":{\"@id\":\"https:\/\/portaltela.pt\/noticias\/2026\/03\/13\/tribunal-rejeita-ultimo-recurso-e-montenegro-ordena-divulgacao-de-clientes\/#primaryimage\"},\"thumbnailUrl\":\"https:\/\/portaltela.pt\/s.01k8rhncp4jt1\/2026\/03\/image-845.jpg\",\"keywords\":[\"entidades p\u00fablicas\",\"informa\u00e7\u00e3o\",\"informa\u00e7\u00e3o p\u00fablica\",\"transpar\u00eancia\",\"Tribunais\"],\"articleSection\":[\"Justi\u00e7a\",\"Not\u00edcias\"],\"inLanguage\":\"pt-PT\"},{\"@type\":\"WebPage\",\"@id\":\"https:\/\/portaltela.pt\/noticias\/2026\/03\/13\/tribunal-rejeita-ultimo-recurso-e-montenegro-ordena-divulgacao-de-clientes\/\",\"url\":\"https:\/\/portaltela.pt\/noticias\/2026\/03\/13\/tribunal-rejeita-ultimo-recurso-e-montenegro-ordena-divulgacao-de-clientes\/\",\"name\":\"Tribunal rejeita \u00faltimo recurso e Montenegro ordena divulga\u00e7\u00e3o de clientes - Portal Tela Portugal\",\"isPartOf\":{\"@id\":\"https:\/\/portaltela.pt\/#website\"},\"primaryImageOfPage\":{\"@id\":\"https:\/\/portaltela.pt\/noticias\/2026\/03\/13\/tribunal-rejeita-ultimo-recurso-e-montenegro-ordena-divulgacao-de-clientes\/#primaryimage\"},\"image\":{\"@id\":\"https:\/\/portaltela.pt\/noticias\/2026\/03\/13\/tribunal-rejeita-ultimo-recurso-e-montenegro-ordena-divulgacao-de-clientes\/#primaryimage\"},\"thumbnailUrl\":\"https:\/\/portaltela.pt\/s.01k8rhncp4jt1\/2026\/03\/image-845.jpg\",\"datePublished\":\"2026-03-13T10:24:00+00:00\",\"author\":{\"@id\":\"https:\/\/portaltela.pt\/#\/schema\/person\/c4278d4a6028830caff9ee44b42d32ed\"},\"breadcrumb\":{\"@id\":\"https:\/\/portaltela.pt\/noticias\/2026\/03\/13\/tribunal-rejeita-ultimo-recurso-e-montenegro-ordena-divulgacao-de-clientes\/#breadcrumb\"},\"inLanguage\":\"pt-PT\",\"potentialAction\":[{\"@type\":\"ReadAction\",\"target\":[\"https:\/\/portaltela.pt\/noticias\/2026\/03\/13\/tribunal-rejeita-ultimo-recurso-e-montenegro-ordena-divulgacao-de-clientes\/\"]}]},{\"@type\":\"ImageObject\",\"inLanguage\":\"pt-PT\",\"@id\":\"https:\/\/portaltela.pt\/noticias\/2026\/03\/13\/tribunal-rejeita-ultimo-recurso-e-montenegro-ordena-divulgacao-de-clientes\/#primaryimage\",\"url\":\"https:\/\/portaltela.pt\/s.01k8rhncp4jt1\/2026\/03\/image-845.jpg\",\"contentUrl\":\"https:\/\/portaltela.pt\/s.01k8rhncp4jt1\/2026\/03\/image-845.jpg\",\"width\":796,\"height\":448,\"caption\":\"Primeiro-ministro, Lu\u00eds Montenegro\"},{\"@type\":\"BreadcrumbList\",\"@id\":\"https:\/\/portaltela.pt\/noticias\/2026\/03\/13\/tribunal-rejeita-ultimo-recurso-e-montenegro-ordena-divulgacao-de-clientes\/#breadcrumb\",\"itemListElement\":[{\"@type\":\"ListItem\",\"position\":1,\"name\":\"In\u00edcio\",\"item\":\"https:\/\/portaltela.pt\/\"},{\"@type\":\"ListItem\",\"position\":2,\"name\":\"Tribunal rejeita \u00faltimo recurso e Montenegro ordena divulga\u00e7\u00e3o de clientes\"}]},{\"@type\":\"WebSite\",\"@id\":\"https:\/\/portaltela.pt\/#website\",\"url\":\"https:\/\/portaltela.pt\/\",\"name\":\"Portal Tela Portugal\",\"description\":\"\",\"potentialAction\":[{\"@type\":\"SearchAction\",\"target\":{\"@type\":\"EntryPoint\",\"urlTemplate\":\"https:\/\/portaltela.pt\/?s={search_term_string}\"},\"query-input\":{\"@type\":\"PropertyValueSpecification\",\"valueRequired\":true,\"valueName\":\"search_term_string\"}}],\"inLanguage\":\"pt-PT\"},{\"@type\":\"Person\",\"@id\":\"https:\/\/portaltela.pt\/#\/schema\/person\/c4278d4a6028830caff9ee44b42d32ed\",\"name\":\"Telinha\",\"image\":{\"@type\":\"ImageObject\",\"inLanguage\":\"pt-PT\",\"@id\":\"https:\/\/portaltela.pt\/s.01k8rhncp4jt1\/2025\/11\/talking-bot-125x125.png\",\"url\":\"https:\/\/portaltela.pt\/s.01k8rhncp4jt1\/2025\/11\/talking-bot-125x125.png\",\"contentUrl\":\"https:\/\/portaltela.pt\/s.01k8rhncp4jt1\/2025\/11\/talking-bot-125x125.png\",\"caption\":\"Telinha\"},\"sameAs\":[\"https:\/\/portaltela.pt\/\"],\"url\":\"https:\/\/portaltela.pt\/por\/367410592786\/\"}]}<\/script>\n<!-- \/ Yoast SEO plugin. -->","yoast_head_json":{"title":"Tribunal rejeita \u00faltimo recurso e Montenegro ordena divulga\u00e7\u00e3o de clientes - Portal Tela Portugal","robots":{"index":"index","follow":"follow","max-snippet":"max-snippet:-1","max-image-preview":"max-image-preview:large","max-video-preview":"max-video-preview:-1"},"og_locale":"pt_PT","og_type":"article","og_title":"Tribunal rejeita \u00faltimo recurso e Montenegro ordena divulga\u00e7\u00e3o de clientes - Portal Tela Portugal","og_description":"A Entidade para a Transpar\u00eancia pediu a Lu\u00eds Montenegro para incluir na declara\u00e7\u00e3o de patrim\u00f3nio a lista de clientes da consultora Spinumviva. Montenegro j\u00e1 submeteu a declara\u00e7\u00e3o com os novos clientes, mas op\u00f4s-se ao acesso p\u00fablico \u00e0 consulta desses documentos. Por causa disso, a Entidade para a Transpar\u00eancia deixou de pedir aos deputados todos os elementos relativos \u00e0s empresas at\u00e9 \u00e0 pron\u00fancia do Tribunal Constitucional. O recurso de Montenegro para o Tribunal Constitucional foi apresentado fora de prazo. Em plen\u00e1rio, por unanimidade, o Tribunal Constitucional decidiu julgar a Reclama\u00e7\u00e3o improcedente por ter sido interposta fora do prazo.","og_url":"https:\/\/portaltela.pt\/noticias\/2026\/03\/13\/tribunal-rejeita-ultimo-recurso-e-montenegro-ordena-divulgacao-de-clientes\/","og_site_name":"Portal Tela Portugal","article_published_time":"2026-03-13T10:24:00+00:00","author":"Telinha","twitter_card":"summary_large_image","twitter_misc":{"Escrito por":"Telinha","Tempo estimado de leitura":"1 minuto"},"schema":{"@context":"https:\/\/schema.org","@graph":[{"@type":"Article","@id":"https:\/\/portaltela.pt\/noticias\/2026\/03\/13\/tribunal-rejeita-ultimo-recurso-e-montenegro-ordena-divulgacao-de-clientes\/#article","isPartOf":{"@id":"https:\/\/portaltela.pt\/noticias\/2026\/03\/13\/tribunal-rejeita-ultimo-recurso-e-montenegro-ordena-divulgacao-de-clientes\/"},"author":{"name":"Telinha","@id":"https:\/\/portaltela.pt\/#\/schema\/person\/c4278d4a6028830caff9ee44b42d32ed"},"headline":"Tribunal rejeita \u00faltimo recurso e Montenegro ordena divulga\u00e7\u00e3o de clientes","datePublished":"2026-03-13T10:24:00+00:00","mainEntityOfPage":{"@id":"https:\/\/portaltela.pt\/noticias\/2026\/03\/13\/tribunal-rejeita-ultimo-recurso-e-montenegro-ordena-divulgacao-de-clientes\/"},"wordCount":166,"image":{"@id":"https:\/\/portaltela.pt\/noticias\/2026\/03\/13\/tribunal-rejeita-ultimo-recurso-e-montenegro-ordena-divulgacao-de-clientes\/#primaryimage"},"thumbnailUrl":"https:\/\/portaltela.pt\/s.01k8rhncp4jt1\/2026\/03\/image-845.jpg","keywords":["entidades p\u00fablicas","informa\u00e7\u00e3o","informa\u00e7\u00e3o p\u00fablica","transpar\u00eancia","Tribunais"],"articleSection":["Justi\u00e7a","Not\u00edcias"],"inLanguage":"pt-PT"},{"@type":"WebPage","@id":"https:\/\/portaltela.pt\/noticias\/2026\/03\/13\/tribunal-rejeita-ultimo-recurso-e-montenegro-ordena-divulgacao-de-clientes\/","url":"https:\/\/portaltela.pt\/noticias\/2026\/03\/13\/tribunal-rejeita-ultimo-recurso-e-montenegro-ordena-divulgacao-de-clientes\/","name":"Tribunal rejeita \u00faltimo recurso e Montenegro ordena divulga\u00e7\u00e3o de clientes - Portal Tela Portugal","isPartOf":{"@id":"https:\/\/portaltela.pt\/#website"},"primaryImageOfPage":{"@id":"https:\/\/portaltela.pt\/noticias\/2026\/03\/13\/tribunal-rejeita-ultimo-recurso-e-montenegro-ordena-divulgacao-de-clientes\/#primaryimage"},"image":{"@id":"https:\/\/portaltela.pt\/noticias\/2026\/03\/13\/tribunal-rejeita-ultimo-recurso-e-montenegro-ordena-divulgacao-de-clientes\/#primaryimage"},"thumbnailUrl":"https:\/\/portaltela.pt\/s.01k8rhncp4jt1\/2026\/03\/image-845.jpg","datePublished":"2026-03-13T10:24:00+00:00","author":{"@id":"https:\/\/portaltela.pt\/#\/schema\/person\/c4278d4a6028830caff9ee44b42d32ed"},"breadcrumb":{"@id":"https:\/\/portaltela.pt\/noticias\/2026\/03\/13\/tribunal-rejeita-ultimo-recurso-e-montenegro-ordena-divulgacao-de-clientes\/#breadcrumb"},"inLanguage":"pt-PT","potentialAction":[{"@type":"ReadAction","target":["https:\/\/portaltela.pt\/noticias\/2026\/03\/13\/tribunal-rejeita-ultimo-recurso-e-montenegro-ordena-divulgacao-de-clientes\/"]}]},{"@type":"ImageObject","inLanguage":"pt-PT","@id":"https:\/\/portaltela.pt\/noticias\/2026\/03\/13\/tribunal-rejeita-ultimo-recurso-e-montenegro-ordena-divulgacao-de-clientes\/#primaryimage","url":"https:\/\/portaltela.pt\/s.01k8rhncp4jt1\/2026\/03\/image-845.jpg","contentUrl":"https:\/\/portaltela.pt\/s.01k8rhncp4jt1\/2026\/03\/image-845.jpg","width":796,"height":448,"caption":"Primeiro-ministro, Lu\u00eds Montenegro"},{"@type":"BreadcrumbList","@id":"https:\/\/portaltela.pt\/noticias\/2026\/03\/13\/tribunal-rejeita-ultimo-recurso-e-montenegro-ordena-divulgacao-de-clientes\/#breadcrumb","itemListElement":[{"@type":"ListItem","position":1,"name":"In\u00edcio","item":"https:\/\/portaltela.pt\/"},{"@type":"ListItem","position":2,"name":"Tribunal rejeita \u00faltimo recurso e Montenegro ordena divulga\u00e7\u00e3o de clientes"}]},{"@type":"WebSite","@id":"https:\/\/portaltela.pt\/#website","url":"https:\/\/portaltela.pt\/","name":"Portal Tela Portugal","description":"","potentialAction":[{"@type":"SearchAction","target":{"@type":"EntryPoint","urlTemplate":"https:\/\/portaltela.pt\/?s={search_term_string}"},"query-input":{"@type":"PropertyValueSpecification","valueRequired":true,"valueName":"search_term_string"}}],"inLanguage":"pt-PT"},{"@type":"Person","@id":"https:\/\/portaltela.pt\/#\/schema\/person\/c4278d4a6028830caff9ee44b42d32ed","name":"Telinha","image":{"@type":"ImageObject","inLanguage":"pt-PT","@id":"https:\/\/portaltela.pt\/s.01k8rhncp4jt1\/2025\/11\/talking-bot-125x125.png","url":"https:\/\/portaltela.pt\/s.01k8rhncp4jt1\/2025\/11\/talking-bot-125x125.png","contentUrl":"https:\/\/portaltela.pt\/s.01k8rhncp4jt1\/2025\/11\/talking-bot-125x125.png","caption":"Telinha"},"sameAs":["https:\/\/portaltela.pt\/"],"url":"https:\/\/portaltela.pt\/por\/367410592786\/"}]}},"_links":{"self":[{"href":"https:\/\/portaltela.pt\/api\/wp\/v2\/posts\/408558","targetHints":{"allow":["GET"]}}],"collection":[{"href":"https:\/\/portaltela.pt\/api\/wp\/v2\/posts"}],"about":[{"href":"https:\/\/portaltela.pt\/api\/wp\/v2\/types\/post"}],"author":[{"embeddable":true,"href":"https:\/\/portaltela.pt\/api\/wp\/v2\/users\/2"}],"replies":[{"embeddable":true,"href":"https:\/\/portaltela.pt\/api\/wp\/v2\/comments?post=408558"}],"version-history":[{"count":0,"href":"https:\/\/portaltela.pt\/api\/wp\/v2\/posts\/408558\/revisions"}],"wp:featuredmedia":[{"embeddable":true,"href":"https:\/\/portaltela.pt\/api\/wp\/v2\/media\/408561"}],"wp:attachment":[{"href":"https:\/\/portaltela.pt\/api\/wp\/v2\/media?parent=408558"}],"wp:term":[{"taxonomy":"category","embeddable":true,"href":"https:\/\/portaltela.pt\/api\/wp\/v2\/categories?post=408558"},{"taxonomy":"post_tag","embeddable":true,"href":"https:\/\/portaltela.pt\/api\/wp\/v2\/tags?post=408558"}],"curies":[{"name":"wp","href":"https:\/\/api.w.org\/{rel}","templated":true}]}}