{"id":408551,"date":"2026-03-13T07:00:56","date_gmt":"2026-03-13T10:00:56","guid":{"rendered":"https:\/\/portaltela.pt\/noticias\/2026\/03\/13\/dormir-bem-melhora-a-saude-cardiaca-e-mental-no-dia-mundial-do-sono\/"},"modified":"2026-03-13T07:00:56","modified_gmt":"2026-03-13T10:00:56","slug":"dormir-bem-melhora-a-saude-cardiaca-e-mental-no-dia-mundial-do-sono","status":"publish","type":"post","link":"https:\/\/portaltela.pt\/saude\/2026\/03\/13\/dormir-bem-melhora-a-saude-cardiaca-e-mental-no-dia-mundial-do-sono\/","title":{"rendered":"Dormir bem melhora a sa\u00fade card\u00edaca e mental, no Dia Mundial do Sono"},"content":{"rendered":"<p>O Dia Mundial do Sono, celebrado na sexta-feira, 13 de mar\u00e7o, destacou a import\u00e2ncia do descanso noturno. A pneumologista V\u00e2nia Caldeira explicou ao CM os impactos do sono na sa\u00fade.<\/p>\n<p>Embora pare\u00e7a inativo, o sono \u00e9 uma fase de alta atividade para o organismo. Durante a noite, o corpo realiza recupera\u00e7\u00e3o muscular, regula\u00e7\u00e3o metab\u00f3lica e consolida\u00e7\u00e3o cognitiva.<\/p>\n<p>O sono \u00e9 considerado um \u201csuperpoder\u201d acess\u00edvel a todos, mas muitas fun\u00e7\u00f5es do descanso s\u00e3o subvalorizadas ou mal compreendidas.<\/p>\n<h3>Impacto na sa\u00fade<\/h3>\n<p>A priva\u00e7\u00e3o de sono, ou dist\u00farbios como apneia e ins\u00f3nias, est\u00e1 associada a maior risco cardiovascular, incluindo enfarte, arritmias e insufici\u00eancia card\u00edaca.<\/p>\n<p>Problemas de sono tamb\u00e9m repercutem na hipertens\u00e3o e na diabetes, com efeitos diretos na sa\u00fade metab\u00f3lica. A rela\u00e7\u00e3o com a sa\u00fade mental \u00e9 bidirecional.<\/p>\n<h3>Rela\u00e7\u00e3o com o desempenho<\/h3>\n<p>Profissionais desportivos t\u00eam aumentado o foco no sono para otimizar o rendimento. Hor\u00e1rios adequados melhoram performance em basquetebol, golos e corridas, e reduzem les\u00f5es.<\/p>\n<p>Por outro lado, a pr\u00e1tica f\u00edsica favorece o sono, desde que se tenha aten\u00e7\u00e3o ao tipo de exerc\u00edcio e ao hor\u00e1rio em que \u00e9 realizado.<\/p>\n<h3>Como tornar o sono mais restaurador<\/h3>\n<p>Adultos devem descansar entre sete e nove horas por noite, com hor\u00e1rios est\u00e1veis. Evitar jantar pesado perto da hora de deitar ajuda a preparar o corpo.<\/p>\n<p>Reduzir \u00e1lcool, cafe\u00edna e tabaco, bem como limitar l\u00edquidos \u00e0 noite, favorece um sono mais profundo. Ap\u00f3s o jantar, reduzir est\u00edmulos facilita o adormecer.<\/p>\n<h3>Rotina e sestas<\/h3>\n<p>Quem dorme bem normalmente n\u00e3o precisa de sestas, j\u00e1 que a melatonina regula o sono ao anoitecer. Exce\u00e7\u00f5es existem quando h\u00e1 sonol\u00eancia persistente.<\/p>\n<p>Se ocorrer, a sesta deve ser curta, em torno de 20 minutos, e realizada ap\u00f3s o almo\u00e7o, sem perturbar o sono noturno.<\/p>\n<h3>Sinais de alerta e quando procurar ajuda<\/h3>\n<p>Dificuldade frequente em adormecer por mais de 30 minutos, despertares noturnos e fadiga matinal devem levar a avalia\u00e7\u00e3o m\u00e9dica. O roncopar pode indicar dist\u00farbios respirat\u00f3rios.<\/p>\n","protected":false},"excerpt":{"rendered":"<ul>\n<li>Dormir entre sete e nove horas por noite \u00e9 o ideal para adultos, com hor\u00e1rios regulares de deitar e acordar.<\/li>\n<li>O sono influencia a sa\u00fade cardiovascular, metab\u00f3lica e mental, estando a priva\u00e7\u00e3o associada a maior risco de enfartes, hipertens\u00e3o, diabetes e altera\u00e7\u00f5es de humor.<\/li>\n<li>O desempenho f\u00edsico pode melhorar com mais sono, e dormir bem tamb\u00e9m reduz o risco de les\u00f5es; a pr\u00e1tica de atividade f\u00edsica pode, por sua vez, melhorar a qualidade do sono.<\/li>\n<li>Para tornar o sono mais restaurador, recomenda-se jantar pelo menos duas horas antes de dormir, evitar \u00e1lcool, cafe\u00edna e tabaco, reduzir l\u00edquidos \u00e0 noite, e criar um ambiente com pouca luz e menos dispositivos eletr\u00f3nicos.<\/li>\n<li>Sinais de alerta que justificam avalia\u00e7\u00e3o m\u00e9dica incluem dificuldade persistente em adormecer, numerosos despertares, fadiga ao acordar, ronco com pausas respirat\u00f3rias e altera\u00e7\u00f5es de humor.<\/li>\n<\/ul>\n","protected":false},"author":2,"featured_media":408554,"comment_status":"closed","ping_status":"closed","sticky":false,"template":"","format":"standard","meta":{"footnotes":""},"categories":[1,6745],"tags":[5814,2802,6479,2803,172,55],"class_list":["post-408551","post","type-post","status-publish","format-standard","has-post-thumbnail","hentry","category-noticias","category-saude","tag-diabetes","tag-doenca-cardiaca","tag-doencas-do-aparelho-circulatorio","tag-hipertensao","tag-saude","tag-saude-mental"],"yoast_head":"<!-- This site is optimized with the Yoast SEO plugin v27.2 - https:\/\/yoast.com\/product\/yoast-seo-wordpress\/ -->\n<title>Dormir bem melhora a sa\u00fade card\u00edaca e mental, no Dia Mundial do Sono - Portal Tela Portugal<\/title>\n<meta name=\"robots\" content=\"index, follow, max-snippet:-1, max-image-preview:large, max-video-preview:-1\" \/>\n<meta property=\"og:locale\" content=\"pt_PT\" \/>\n<meta property=\"og:type\" content=\"article\" \/>\n<meta property=\"og:title\" content=\"Dormir bem melhora a sa\u00fade card\u00edaca e mental, no Dia Mundial do Sono - Portal Tela Portugal\" \/>\n<meta property=\"og:description\" content=\"Dormir entre sete e nove horas por noite \u00e9 o ideal para adultos, com hor\u00e1rios regulares de deitar e acordar. O sono influencia a sa\u00fade cardiovascular, metab\u00f3lica e mental, estando a priva\u00e7\u00e3o associada a maior risco de enfartes, hipertens\u00e3o, diabetes e altera\u00e7\u00f5es de humor. O desempenho f\u00edsico pode melhorar com mais sono, e dormir bem tamb\u00e9m reduz o risco de les\u00f5es; a pr\u00e1tica de atividade f\u00edsica pode, por sua vez, melhorar a qualidade do sono. Para tornar o sono mais restaurador, recomenda-se jantar pelo menos duas horas antes de dormir, evitar \u00e1lcool, cafe\u00edna e tabaco, reduzir l\u00edquidos \u00e0 noite, e criar um ambiente com pouca luz e menos dispositivos eletr\u00f3nicos. Sinais de alerta que justificam avalia\u00e7\u00e3o m\u00e9dica incluem dificuldade persistente em adormecer, numerosos despertares, fadiga ao acordar, ronco com pausas respirat\u00f3rias e altera\u00e7\u00f5es de humor.\" \/>\n<meta property=\"og:url\" content=\"https:\/\/portaltela.pt\/noticias\/2026\/03\/13\/dormir-bem-melhora-a-saude-cardiaca-e-mental-no-dia-mundial-do-sono\/\" \/>\n<meta property=\"og:site_name\" content=\"Portal Tela Portugal\" \/>\n<meta property=\"article:published_time\" content=\"2026-03-13T10:00:56+00:00\" \/>\n<meta name=\"author\" content=\"Telinha\" \/>\n<meta name=\"twitter:card\" content=\"summary_large_image\" \/>\n<meta name=\"twitter:label1\" content=\"Escrito por\" \/>\n\t<meta name=\"twitter:data1\" content=\"Telinha\" \/>\n\t<meta name=\"twitter:label2\" content=\"Tempo estimado de leitura\" \/>\n\t<meta name=\"twitter:data2\" content=\"2 minutos\" \/>\n<script type=\"application\/ld+json\" class=\"yoast-schema-graph\">{\"@context\":\"https:\/\/schema.org\",\"@graph\":[{\"@type\":\"Article\",\"@id\":\"https:\/\/portaltela.pt\/noticias\/2026\/03\/13\/dormir-bem-melhora-a-saude-cardiaca-e-mental-no-dia-mundial-do-sono\/#article\",\"isPartOf\":{\"@id\":\"https:\/\/portaltela.pt\/noticias\/2026\/03\/13\/dormir-bem-melhora-a-saude-cardiaca-e-mental-no-dia-mundial-do-sono\/\"},\"author\":{\"name\":\"Telinha\",\"@id\":\"https:\/\/portaltela.pt\/#\/schema\/person\/c4278d4a6028830caff9ee44b42d32ed\"},\"headline\":\"Dormir bem melhora a sa\u00fade card\u00edaca e mental, no Dia Mundial do Sono\",\"datePublished\":\"2026-03-13T10:00:56+00:00\",\"mainEntityOfPage\":{\"@id\":\"https:\/\/portaltela.pt\/noticias\/2026\/03\/13\/dormir-bem-melhora-a-saude-cardiaca-e-mental-no-dia-mundial-do-sono\/\"},\"wordCount\":369,\"image\":{\"@id\":\"https:\/\/portaltela.pt\/noticias\/2026\/03\/13\/dormir-bem-melhora-a-saude-cardiaca-e-mental-no-dia-mundial-do-sono\/#primaryimage\"},\"thumbnailUrl\":\"https:\/\/portaltela.pt\/s.01k8rhncp4jt1\/2026\/03\/img_1500x1000uu2018-07-19-13-24-08-759518.jpg\",\"keywords\":[\"diabetes\",\"doen\u00e7a card\u00edaca\",\"Doen\u00e7as do aparelho circulat\u00f3rio\",\"hipertens\u00e3o\",\"sa\u00fade\",\"sa\u00fade mental\"],\"articleSection\":[\"Not\u00edcias\",\"Sa\u00fade\"],\"inLanguage\":\"pt-PT\"},{\"@type\":\"WebPage\",\"@id\":\"https:\/\/portaltela.pt\/noticias\/2026\/03\/13\/dormir-bem-melhora-a-saude-cardiaca-e-mental-no-dia-mundial-do-sono\/\",\"url\":\"https:\/\/portaltela.pt\/noticias\/2026\/03\/13\/dormir-bem-melhora-a-saude-cardiaca-e-mental-no-dia-mundial-do-sono\/\",\"name\":\"Dormir bem melhora a sa\u00fade card\u00edaca e mental, no Dia Mundial do Sono - Portal Tela Portugal\",\"isPartOf\":{\"@id\":\"https:\/\/portaltela.pt\/#website\"},\"primaryImageOfPage\":{\"@id\":\"https:\/\/portaltela.pt\/noticias\/2026\/03\/13\/dormir-bem-melhora-a-saude-cardiaca-e-mental-no-dia-mundial-do-sono\/#primaryimage\"},\"image\":{\"@id\":\"https:\/\/portaltela.pt\/noticias\/2026\/03\/13\/dormir-bem-melhora-a-saude-cardiaca-e-mental-no-dia-mundial-do-sono\/#primaryimage\"},\"thumbnailUrl\":\"https:\/\/portaltela.pt\/s.01k8rhncp4jt1\/2026\/03\/img_1500x1000uu2018-07-19-13-24-08-759518.jpg\",\"datePublished\":\"2026-03-13T10:00:56+00:00\",\"author\":{\"@id\":\"https:\/\/portaltela.pt\/#\/schema\/person\/c4278d4a6028830caff9ee44b42d32ed\"},\"breadcrumb\":{\"@id\":\"https:\/\/portaltela.pt\/noticias\/2026\/03\/13\/dormir-bem-melhora-a-saude-cardiaca-e-mental-no-dia-mundial-do-sono\/#breadcrumb\"},\"inLanguage\":\"pt-PT\",\"potentialAction\":[{\"@type\":\"ReadAction\",\"target\":[\"https:\/\/portaltela.pt\/noticias\/2026\/03\/13\/dormir-bem-melhora-a-saude-cardiaca-e-mental-no-dia-mundial-do-sono\/\"]}]},{\"@type\":\"ImageObject\",\"inLanguage\":\"pt-PT\",\"@id\":\"https:\/\/portaltela.pt\/noticias\/2026\/03\/13\/dormir-bem-melhora-a-saude-cardiaca-e-mental-no-dia-mundial-do-sono\/#primaryimage\",\"url\":\"https:\/\/portaltela.pt\/s.01k8rhncp4jt1\/2026\/03\/img_1500x1000uu2018-07-19-13-24-08-759518.jpg\",\"contentUrl\":\"https:\/\/portaltela.pt\/s.01k8rhncp4jt1\/2026\/03\/img_1500x1000uu2018-07-19-13-24-08-759518.jpg\",\"width\":796,\"height\":448,\"caption\":\"Dormir\"},{\"@type\":\"BreadcrumbList\",\"@id\":\"https:\/\/portaltela.pt\/noticias\/2026\/03\/13\/dormir-bem-melhora-a-saude-cardiaca-e-mental-no-dia-mundial-do-sono\/#breadcrumb\",\"itemListElement\":[{\"@type\":\"ListItem\",\"position\":1,\"name\":\"In\u00edcio\",\"item\":\"https:\/\/portaltela.pt\/\"},{\"@type\":\"ListItem\",\"position\":2,\"name\":\"Dormir bem melhora a sa\u00fade card\u00edaca e mental, no Dia Mundial do Sono\"}]},{\"@type\":\"WebSite\",\"@id\":\"https:\/\/portaltela.pt\/#website\",\"url\":\"https:\/\/portaltela.pt\/\",\"name\":\"Portal Tela Portugal\",\"description\":\"\",\"potentialAction\":[{\"@type\":\"SearchAction\",\"target\":{\"@type\":\"EntryPoint\",\"urlTemplate\":\"https:\/\/portaltela.pt\/?s={search_term_string}\"},\"query-input\":{\"@type\":\"PropertyValueSpecification\",\"valueRequired\":true,\"valueName\":\"search_term_string\"}}],\"inLanguage\":\"pt-PT\"},{\"@type\":\"Person\",\"@id\":\"https:\/\/portaltela.pt\/#\/schema\/person\/c4278d4a6028830caff9ee44b42d32ed\",\"name\":\"Telinha\",\"image\":{\"@type\":\"ImageObject\",\"inLanguage\":\"pt-PT\",\"@id\":\"https:\/\/portaltela.pt\/s.01k8rhncp4jt1\/2025\/11\/talking-bot-125x125.png\",\"url\":\"https:\/\/portaltela.pt\/s.01k8rhncp4jt1\/2025\/11\/talking-bot-125x125.png\",\"contentUrl\":\"https:\/\/portaltela.pt\/s.01k8rhncp4jt1\/2025\/11\/talking-bot-125x125.png\",\"caption\":\"Telinha\"},\"sameAs\":[\"https:\/\/portaltela.pt\/\"],\"url\":\"https:\/\/portaltela.pt\/por\/367410592786\/\"}]}<\/script>\n<!-- \/ Yoast SEO plugin. -->","yoast_head_json":{"title":"Dormir bem melhora a sa\u00fade card\u00edaca e mental, no Dia Mundial do Sono - Portal Tela Portugal","robots":{"index":"index","follow":"follow","max-snippet":"max-snippet:-1","max-image-preview":"max-image-preview:large","max-video-preview":"max-video-preview:-1"},"og_locale":"pt_PT","og_type":"article","og_title":"Dormir bem melhora a sa\u00fade card\u00edaca e mental, no Dia Mundial do Sono - Portal Tela Portugal","og_description":"Dormir entre sete e nove horas por noite \u00e9 o ideal para adultos, com hor\u00e1rios regulares de deitar e acordar. O sono influencia a sa\u00fade cardiovascular, metab\u00f3lica e mental, estando a priva\u00e7\u00e3o associada a maior risco de enfartes, hipertens\u00e3o, diabetes e altera\u00e7\u00f5es de humor. O desempenho f\u00edsico pode melhorar com mais sono, e dormir bem tamb\u00e9m reduz o risco de les\u00f5es; a pr\u00e1tica de atividade f\u00edsica pode, por sua vez, melhorar a qualidade do sono. Para tornar o sono mais restaurador, recomenda-se jantar pelo menos duas horas antes de dormir, evitar \u00e1lcool, cafe\u00edna e tabaco, reduzir l\u00edquidos \u00e0 noite, e criar um ambiente com pouca luz e menos dispositivos eletr\u00f3nicos. Sinais de alerta que justificam avalia\u00e7\u00e3o m\u00e9dica incluem dificuldade persistente em adormecer, numerosos despertares, fadiga ao acordar, ronco com pausas respirat\u00f3rias e altera\u00e7\u00f5es de humor.","og_url":"https:\/\/portaltela.pt\/noticias\/2026\/03\/13\/dormir-bem-melhora-a-saude-cardiaca-e-mental-no-dia-mundial-do-sono\/","og_site_name":"Portal Tela Portugal","article_published_time":"2026-03-13T10:00:56+00:00","author":"Telinha","twitter_card":"summary_large_image","twitter_misc":{"Escrito por":"Telinha","Tempo estimado de leitura":"2 minutos"},"schema":{"@context":"https:\/\/schema.org","@graph":[{"@type":"Article","@id":"https:\/\/portaltela.pt\/noticias\/2026\/03\/13\/dormir-bem-melhora-a-saude-cardiaca-e-mental-no-dia-mundial-do-sono\/#article","isPartOf":{"@id":"https:\/\/portaltela.pt\/noticias\/2026\/03\/13\/dormir-bem-melhora-a-saude-cardiaca-e-mental-no-dia-mundial-do-sono\/"},"author":{"name":"Telinha","@id":"https:\/\/portaltela.pt\/#\/schema\/person\/c4278d4a6028830caff9ee44b42d32ed"},"headline":"Dormir bem melhora a sa\u00fade card\u00edaca e mental, no Dia Mundial do Sono","datePublished":"2026-03-13T10:00:56+00:00","mainEntityOfPage":{"@id":"https:\/\/portaltela.pt\/noticias\/2026\/03\/13\/dormir-bem-melhora-a-saude-cardiaca-e-mental-no-dia-mundial-do-sono\/"},"wordCount":369,"image":{"@id":"https:\/\/portaltela.pt\/noticias\/2026\/03\/13\/dormir-bem-melhora-a-saude-cardiaca-e-mental-no-dia-mundial-do-sono\/#primaryimage"},"thumbnailUrl":"https:\/\/portaltela.pt\/s.01k8rhncp4jt1\/2026\/03\/img_1500x1000uu2018-07-19-13-24-08-759518.jpg","keywords":["diabetes","doen\u00e7a card\u00edaca","Doen\u00e7as do aparelho circulat\u00f3rio","hipertens\u00e3o","sa\u00fade","sa\u00fade mental"],"articleSection":["Not\u00edcias","Sa\u00fade"],"inLanguage":"pt-PT"},{"@type":"WebPage","@id":"https:\/\/portaltela.pt\/noticias\/2026\/03\/13\/dormir-bem-melhora-a-saude-cardiaca-e-mental-no-dia-mundial-do-sono\/","url":"https:\/\/portaltela.pt\/noticias\/2026\/03\/13\/dormir-bem-melhora-a-saude-cardiaca-e-mental-no-dia-mundial-do-sono\/","name":"Dormir bem melhora a sa\u00fade card\u00edaca e mental, no Dia Mundial do Sono - Portal Tela Portugal","isPartOf":{"@id":"https:\/\/portaltela.pt\/#website"},"primaryImageOfPage":{"@id":"https:\/\/portaltela.pt\/noticias\/2026\/03\/13\/dormir-bem-melhora-a-saude-cardiaca-e-mental-no-dia-mundial-do-sono\/#primaryimage"},"image":{"@id":"https:\/\/portaltela.pt\/noticias\/2026\/03\/13\/dormir-bem-melhora-a-saude-cardiaca-e-mental-no-dia-mundial-do-sono\/#primaryimage"},"thumbnailUrl":"https:\/\/portaltela.pt\/s.01k8rhncp4jt1\/2026\/03\/img_1500x1000uu2018-07-19-13-24-08-759518.jpg","datePublished":"2026-03-13T10:00:56+00:00","author":{"@id":"https:\/\/portaltela.pt\/#\/schema\/person\/c4278d4a6028830caff9ee44b42d32ed"},"breadcrumb":{"@id":"https:\/\/portaltela.pt\/noticias\/2026\/03\/13\/dormir-bem-melhora-a-saude-cardiaca-e-mental-no-dia-mundial-do-sono\/#breadcrumb"},"inLanguage":"pt-PT","potentialAction":[{"@type":"ReadAction","target":["https:\/\/portaltela.pt\/noticias\/2026\/03\/13\/dormir-bem-melhora-a-saude-cardiaca-e-mental-no-dia-mundial-do-sono\/"]}]},{"@type":"ImageObject","inLanguage":"pt-PT","@id":"https:\/\/portaltela.pt\/noticias\/2026\/03\/13\/dormir-bem-melhora-a-saude-cardiaca-e-mental-no-dia-mundial-do-sono\/#primaryimage","url":"https:\/\/portaltela.pt\/s.01k8rhncp4jt1\/2026\/03\/img_1500x1000uu2018-07-19-13-24-08-759518.jpg","contentUrl":"https:\/\/portaltela.pt\/s.01k8rhncp4jt1\/2026\/03\/img_1500x1000uu2018-07-19-13-24-08-759518.jpg","width":796,"height":448,"caption":"Dormir"},{"@type":"BreadcrumbList","@id":"https:\/\/portaltela.pt\/noticias\/2026\/03\/13\/dormir-bem-melhora-a-saude-cardiaca-e-mental-no-dia-mundial-do-sono\/#breadcrumb","itemListElement":[{"@type":"ListItem","position":1,"name":"In\u00edcio","item":"https:\/\/portaltela.pt\/"},{"@type":"ListItem","position":2,"name":"Dormir bem melhora a sa\u00fade card\u00edaca e mental, no Dia Mundial do Sono"}]},{"@type":"WebSite","@id":"https:\/\/portaltela.pt\/#website","url":"https:\/\/portaltela.pt\/","name":"Portal Tela Portugal","description":"","potentialAction":[{"@type":"SearchAction","target":{"@type":"EntryPoint","urlTemplate":"https:\/\/portaltela.pt\/?s={search_term_string}"},"query-input":{"@type":"PropertyValueSpecification","valueRequired":true,"valueName":"search_term_string"}}],"inLanguage":"pt-PT"},{"@type":"Person","@id":"https:\/\/portaltela.pt\/#\/schema\/person\/c4278d4a6028830caff9ee44b42d32ed","name":"Telinha","image":{"@type":"ImageObject","inLanguage":"pt-PT","@id":"https:\/\/portaltela.pt\/s.01k8rhncp4jt1\/2025\/11\/talking-bot-125x125.png","url":"https:\/\/portaltela.pt\/s.01k8rhncp4jt1\/2025\/11\/talking-bot-125x125.png","contentUrl":"https:\/\/portaltela.pt\/s.01k8rhncp4jt1\/2025\/11\/talking-bot-125x125.png","caption":"Telinha"},"sameAs":["https:\/\/portaltela.pt\/"],"url":"https:\/\/portaltela.pt\/por\/367410592786\/"}]}},"_links":{"self":[{"href":"https:\/\/portaltela.pt\/api\/wp\/v2\/posts\/408551","targetHints":{"allow":["GET"]}}],"collection":[{"href":"https:\/\/portaltela.pt\/api\/wp\/v2\/posts"}],"about":[{"href":"https:\/\/portaltela.pt\/api\/wp\/v2\/types\/post"}],"author":[{"embeddable":true,"href":"https:\/\/portaltela.pt\/api\/wp\/v2\/users\/2"}],"replies":[{"embeddable":true,"href":"https:\/\/portaltela.pt\/api\/wp\/v2\/comments?post=408551"}],"version-history":[{"count":0,"href":"https:\/\/portaltela.pt\/api\/wp\/v2\/posts\/408551\/revisions"}],"wp:featuredmedia":[{"embeddable":true,"href":"https:\/\/portaltela.pt\/api\/wp\/v2\/media\/408554"}],"wp:attachment":[{"href":"https:\/\/portaltela.pt\/api\/wp\/v2\/media?parent=408551"}],"wp:term":[{"taxonomy":"category","embeddable":true,"href":"https:\/\/portaltela.pt\/api\/wp\/v2\/categories?post=408551"},{"taxonomy":"post_tag","embeddable":true,"href":"https:\/\/portaltela.pt\/api\/wp\/v2\/tags?post=408551"}],"curies":[{"name":"wp","href":"https:\/\/api.w.org\/{rel}","templated":true}]}}