{"id":408550,"date":"2026-03-13T07:10:00","date_gmt":"2026-03-13T10:10:00","guid":{"rendered":"https:\/\/portaltela.pt\/noticias\/2026\/03\/13\/parlamento-debate-projetos-partidarios-para-reforcar-o-arrendamento\/"},"modified":"2026-03-13T07:10:00","modified_gmt":"2026-03-13T10:10:00","slug":"parlamento-debate-projetos-partidarios-para-reforcar-o-arrendamento","status":"publish","type":"post","link":"https:\/\/portaltela.pt\/noticias\/2026\/03\/13\/parlamento-debate-projetos-partidarios-para-reforcar-o-arrendamento\/","title":{"rendered":"Parlamento debate projetos partid\u00e1rios para refor\u00e7ar o arrendamento"},"content":{"rendered":"<p>O parlamento vai debater e votar nesta sexta-feira uma s\u00e9rie de projetos de partidos para refor\u00e7ar o arrendamento habitacional. As propostas v\u00e3o desde o controlo de rendas at\u00e9 \u00e0 redu\u00e7\u00e3o de impostos para senhorios, apresentadas pelo PCP, IL, Chega, PAN, Livre e BE.<\/p>\n<p>Entre as medidas, o PCP prop\u00f5e limitar o aumento das rendas em novos contratos ao coeficiente de atualiza\u00e7\u00e3o de 2%. A regra aplica-se quando o im\u00f3vel esteve arrendado nos cinco anos anteriores. Se n\u00e3o houver arrendamento anterior, o limite segue a renda mediana da \u00e1rea, segundo o INE.<\/p>\n<p>A IL pretende revogar o congelamento de rendas anterior a 1990, criando um regime transit\u00f3rio de tr\u00eas anos com adicionais \u00e0 atualiza\u00e7\u00e3o anual, para restaurar a confian\u00e7a dos senhorios. Apoios \u00e0 renda para inquilinos com baixos rendimentos, com idade igual ou superior a 65 anos ou incapacidade de 60% ou mais, tamb\u00e9m s\u00e3o previstos.<\/p>\n<p>O Chega avan\u00e7a com a descida da taxa de IRS sobre rendimentos prediais de 25% para 5%, embora o Governo j\u00e1 tenha autoriza\u00e7\u00e3o para reduzir para 10%. O partido tamb\u00e9m recomenda ao Governo que utilize im\u00f3veis devolutos do Estado para criar solu\u00e7\u00f5es habitacionais acess\u00edveis para cidad\u00e3os portugueses.<\/p>\n<p>O PAN exige a proibi\u00e7\u00e3o de discrimina\u00e7\u00e3o no acesso ao arrendamento por quem tenha animais de companhia, tanto em contratos como em an\u00fancios, e altera o C\u00f3digo Civil. Tamb\u00e9m prop\u00f5e um apoio extraordin\u00e1rio tempor\u00e1rio ao pagamento de renda a fam\u00edlias afetadas por intemp\u00e9ries.<\/p>\n<p>O Livre procura limitar a especula\u00e7\u00e3o, mantendo o coeficiente de atualiza\u00e7\u00e3o de 2% para novos contratos, desde que n\u00e3o ultrapasse 30% dos limites de renda do Programa de Arrendamento Acess\u00edvel. O diploma autoriza a Autoridade Tribut\u00e1ria a identificar incumprimentos.<\/p>\n<p>O BE defende a cria\u00e7\u00e3o de um mecanismo de controlo de rendas nos novos contratos. Em alternativa \u00e0 \u201crenda moderada\u201d de 2.300 euros, solicita-se ao IHRU e \u00e0s C\u00e2maras que criem uma tabela de rendas m\u00e1ximas por tipologia, \u00e1rea e localiza\u00e7\u00e3o.<\/p>\n<p>O debate ocorre um dia depois de o Conselho de Ministros ter aprovado altera\u00e7\u00f5es \u00e0s leis do arrendamento para abordar conflitos com heran\u00e7as indivisas e acelerar despejos. Os diplomas do Governo devem ser apresentados em primeira m\u00e3o aos partidos na pr\u00f3xima semana, informou o ministro da Presid\u00eancia.<\/p>\n","protected":false},"excerpt":{"rendered":"<ul>\n<li>O parlamento vai debater e votar nesta sexta-feira projetos de diversos partidos para refor\u00e7ar o arrendamento, incluindo controlo de rendas e medidas de apoio aos senhorios.<\/li>\n<li>PCP prop\u00f5e limitar o aumento das rendas em novos contratos a 2% (coeficiente 1,02) se houve arrendamento nos cinco anos anteriores; sem arrendamento anterior, a renda n\u00e3o pode exceder a renda mediana da \u00e1rea.<\/li>\n<li>IL defende revogar o congelamento de rendas anterior a 1990, com regime transit\u00f3rio de tr\u00eas anos que permite adicionais \u00e0 atualiza\u00e7\u00e3o; tamb\u00e9m prop\u00f5e apoios \u00e0 renda para inquilinos com baixos rendimentos, 65 ou incapacidade igual ou superior a 60%.<\/li>\n<li>Chega prop\u00f5e reduzir o IRS sobre rendas prediais para 5% e recomenda usar im\u00f3veis devolutos do Estado para criar solu\u00e7\u00f5es habitacionais acess\u00edveis para cidad\u00e3os portugueses.<\/li>\n<li>PAN, Livre e BE avan\u00e7am medidas adicionais: PAN pretende proibir discrimina\u00e7\u00e3o por animais de companhia e criar apoio extraordin\u00e1rio \u00e0 renda; Livre quer limitar rendas novas a 2% desde que n\u00e3o ultrapassem 30% dos pre\u00e7os do Programa de Arrendamento Acess\u00edvel; BE prop\u00f5e mecanismo de controlo de rendas e uma tabela de rendas m\u00e1ximas criada pelo IHRU\/AT.<\/li>\n<\/ul>\n","protected":false},"author":2,"featured_media":408555,"comment_status":"closed","ping_status":"closed","sticky":false,"template":"","format":"standard","meta":{"footnotes":""},"categories":[1],"tags":[3014,28,150,3613,2832,2493],"class_list":["post-408550","post","type-post","status-publish","format-standard","has-post-thumbnail","hentry","category-noticias","tag-arrendamento","tag-economia","tag-habitacao","tag-impostos","tag-politica","tag-rendas"],"yoast_head":"<!-- This site is optimized with the Yoast SEO plugin v27.2 - https:\/\/yoast.com\/product\/yoast-seo-wordpress\/ -->\n<title>Parlamento debate projetos partid\u00e1rios para refor\u00e7ar o arrendamento - Portal Tela Portugal<\/title>\n<meta name=\"robots\" content=\"index, follow, max-snippet:-1, max-image-preview:large, max-video-preview:-1\" \/>\n<meta property=\"og:locale\" content=\"pt_PT\" \/>\n<meta property=\"og:type\" content=\"article\" \/>\n<meta property=\"og:title\" content=\"Parlamento debate projetos partid\u00e1rios para refor\u00e7ar o arrendamento - Portal Tela Portugal\" \/>\n<meta property=\"og:description\" content=\"O parlamento vai debater e votar nesta sexta-feira projetos de diversos partidos para refor\u00e7ar o arrendamento, incluindo controlo de rendas e medidas de apoio aos senhorios. PCP prop\u00f5e limitar o aumento das rendas em novos contratos a 2% (coeficiente 1,02) se houve arrendamento nos cinco anos anteriores; sem arrendamento anterior, a renda n\u00e3o pode exceder a renda mediana da \u00e1rea. IL defende revogar o congelamento de rendas anterior a 1990, com regime transit\u00f3rio de tr\u00eas anos que permite adicionais \u00e0 atualiza\u00e7\u00e3o; tamb\u00e9m prop\u00f5e apoios \u00e0 renda para inquilinos com baixos rendimentos, 65 ou incapacidade igual ou superior a 60%. Chega prop\u00f5e reduzir o IRS sobre rendas prediais para 5% e recomenda usar im\u00f3veis devolutos do Estado para criar solu\u00e7\u00f5es habitacionais acess\u00edveis para cidad\u00e3os portugueses. PAN, Livre e BE avan\u00e7am medidas adicionais: PAN pretende proibir discrimina\u00e7\u00e3o por animais de companhia e criar apoio extraordin\u00e1rio \u00e0 renda; Livre quer limitar rendas novas a 2% desde que n\u00e3o ultrapassem 30% dos pre\u00e7os do Programa de Arrendamento Acess\u00edvel; BE prop\u00f5e mecanismo de controlo de rendas e uma tabela de rendas m\u00e1ximas criada pelo IHRU\/AT.\" \/>\n<meta property=\"og:url\" content=\"https:\/\/portaltela.pt\/noticias\/2026\/03\/13\/parlamento-debate-projetos-partidarios-para-reforcar-o-arrendamento\/\" \/>\n<meta property=\"og:site_name\" content=\"Portal Tela Portugal\" \/>\n<meta property=\"article:published_time\" content=\"2026-03-13T10:10:00+00:00\" \/>\n<meta name=\"author\" content=\"Telinha\" \/>\n<meta name=\"twitter:card\" content=\"summary_large_image\" \/>\n<meta name=\"twitter:label1\" content=\"Escrito por\" \/>\n\t<meta name=\"twitter:data1\" content=\"Telinha\" \/>\n\t<meta name=\"twitter:label2\" content=\"Tempo estimado de leitura\" \/>\n\t<meta name=\"twitter:data2\" content=\"2 minutos\" \/>\n<script type=\"application\/ld+json\" class=\"yoast-schema-graph\">{\"@context\":\"https:\/\/schema.org\",\"@graph\":[{\"@type\":\"Article\",\"@id\":\"https:\/\/portaltela.pt\/noticias\/2026\/03\/13\/parlamento-debate-projetos-partidarios-para-reforcar-o-arrendamento\/#article\",\"isPartOf\":{\"@id\":\"https:\/\/portaltela.pt\/noticias\/2026\/03\/13\/parlamento-debate-projetos-partidarios-para-reforcar-o-arrendamento\/\"},\"author\":{\"name\":\"Telinha\",\"@id\":\"https:\/\/portaltela.pt\/#\/schema\/person\/c4278d4a6028830caff9ee44b42d32ed\"},\"headline\":\"Parlamento debate projetos partid\u00e1rios para refor\u00e7ar o arrendamento\",\"datePublished\":\"2026-03-13T10:10:00+00:00\",\"mainEntityOfPage\":{\"@id\":\"https:\/\/portaltela.pt\/noticias\/2026\/03\/13\/parlamento-debate-projetos-partidarios-para-reforcar-o-arrendamento\/\"},\"wordCount\":403,\"image\":{\"@id\":\"https:\/\/portaltela.pt\/noticias\/2026\/03\/13\/parlamento-debate-projetos-partidarios-para-reforcar-o-arrendamento\/#primaryimage\"},\"thumbnailUrl\":\"https:\/\/portaltela.pt\/s.01k8rhncp4jt1\/2026\/03\/image-844.jpg\",\"keywords\":[\"arrendamento\",\"economia\",\"habita\u00e7\u00e3o\",\"impostos\",\"pol\u00edtica\",\"rendas\"],\"articleSection\":[\"Not\u00edcias\"],\"inLanguage\":\"pt-PT\"},{\"@type\":\"WebPage\",\"@id\":\"https:\/\/portaltela.pt\/noticias\/2026\/03\/13\/parlamento-debate-projetos-partidarios-para-reforcar-o-arrendamento\/\",\"url\":\"https:\/\/portaltela.pt\/noticias\/2026\/03\/13\/parlamento-debate-projetos-partidarios-para-reforcar-o-arrendamento\/\",\"name\":\"Parlamento debate projetos partid\u00e1rios para refor\u00e7ar o arrendamento - Portal Tela Portugal\",\"isPartOf\":{\"@id\":\"https:\/\/portaltela.pt\/#website\"},\"primaryImageOfPage\":{\"@id\":\"https:\/\/portaltela.pt\/noticias\/2026\/03\/13\/parlamento-debate-projetos-partidarios-para-reforcar-o-arrendamento\/#primaryimage\"},\"image\":{\"@id\":\"https:\/\/portaltela.pt\/noticias\/2026\/03\/13\/parlamento-debate-projetos-partidarios-para-reforcar-o-arrendamento\/#primaryimage\"},\"thumbnailUrl\":\"https:\/\/portaltela.pt\/s.01k8rhncp4jt1\/2026\/03\/image-844.jpg\",\"datePublished\":\"2026-03-13T10:10:00+00:00\",\"author\":{\"@id\":\"https:\/\/portaltela.pt\/#\/schema\/person\/c4278d4a6028830caff9ee44b42d32ed\"},\"breadcrumb\":{\"@id\":\"https:\/\/portaltela.pt\/noticias\/2026\/03\/13\/parlamento-debate-projetos-partidarios-para-reforcar-o-arrendamento\/#breadcrumb\"},\"inLanguage\":\"pt-PT\",\"potentialAction\":[{\"@type\":\"ReadAction\",\"target\":[\"https:\/\/portaltela.pt\/noticias\/2026\/03\/13\/parlamento-debate-projetos-partidarios-para-reforcar-o-arrendamento\/\"]}]},{\"@type\":\"ImageObject\",\"inLanguage\":\"pt-PT\",\"@id\":\"https:\/\/portaltela.pt\/noticias\/2026\/03\/13\/parlamento-debate-projetos-partidarios-para-reforcar-o-arrendamento\/#primaryimage\",\"url\":\"https:\/\/portaltela.pt\/s.01k8rhncp4jt1\/2026\/03\/image-844.jpg\",\"contentUrl\":\"https:\/\/portaltela.pt\/s.01k8rhncp4jt1\/2026\/03\/image-844.jpg\",\"width\":796,\"height\":448,\"caption\":\"Foto: Paulo Jorge Magalh\u00e3es\/Arquivo\"},{\"@type\":\"BreadcrumbList\",\"@id\":\"https:\/\/portaltela.pt\/noticias\/2026\/03\/13\/parlamento-debate-projetos-partidarios-para-reforcar-o-arrendamento\/#breadcrumb\",\"itemListElement\":[{\"@type\":\"ListItem\",\"position\":1,\"name\":\"In\u00edcio\",\"item\":\"https:\/\/portaltela.pt\/\"},{\"@type\":\"ListItem\",\"position\":2,\"name\":\"Parlamento debate projetos partid\u00e1rios para refor\u00e7ar o arrendamento\"}]},{\"@type\":\"WebSite\",\"@id\":\"https:\/\/portaltela.pt\/#website\",\"url\":\"https:\/\/portaltela.pt\/\",\"name\":\"Portal Tela Portugal\",\"description\":\"\",\"potentialAction\":[{\"@type\":\"SearchAction\",\"target\":{\"@type\":\"EntryPoint\",\"urlTemplate\":\"https:\/\/portaltela.pt\/?s={search_term_string}\"},\"query-input\":{\"@type\":\"PropertyValueSpecification\",\"valueRequired\":true,\"valueName\":\"search_term_string\"}}],\"inLanguage\":\"pt-PT\"},{\"@type\":\"Person\",\"@id\":\"https:\/\/portaltela.pt\/#\/schema\/person\/c4278d4a6028830caff9ee44b42d32ed\",\"name\":\"Telinha\",\"image\":{\"@type\":\"ImageObject\",\"inLanguage\":\"pt-PT\",\"@id\":\"https:\/\/portaltela.pt\/s.01k8rhncp4jt1\/2025\/11\/talking-bot-125x125.png\",\"url\":\"https:\/\/portaltela.pt\/s.01k8rhncp4jt1\/2025\/11\/talking-bot-125x125.png\",\"contentUrl\":\"https:\/\/portaltela.pt\/s.01k8rhncp4jt1\/2025\/11\/talking-bot-125x125.png\",\"caption\":\"Telinha\"},\"sameAs\":[\"https:\/\/portaltela.pt\/\"],\"url\":\"https:\/\/portaltela.pt\/por\/367410592786\/\"}]}<\/script>\n<!-- \/ Yoast SEO plugin. -->","yoast_head_json":{"title":"Parlamento debate projetos partid\u00e1rios para refor\u00e7ar o arrendamento - Portal Tela Portugal","robots":{"index":"index","follow":"follow","max-snippet":"max-snippet:-1","max-image-preview":"max-image-preview:large","max-video-preview":"max-video-preview:-1"},"og_locale":"pt_PT","og_type":"article","og_title":"Parlamento debate projetos partid\u00e1rios para refor\u00e7ar o arrendamento - Portal Tela Portugal","og_description":"O parlamento vai debater e votar nesta sexta-feira projetos de diversos partidos para refor\u00e7ar o arrendamento, incluindo controlo de rendas e medidas de apoio aos senhorios. PCP prop\u00f5e limitar o aumento das rendas em novos contratos a 2% (coeficiente 1,02) se houve arrendamento nos cinco anos anteriores; sem arrendamento anterior, a renda n\u00e3o pode exceder a renda mediana da \u00e1rea. IL defende revogar o congelamento de rendas anterior a 1990, com regime transit\u00f3rio de tr\u00eas anos que permite adicionais \u00e0 atualiza\u00e7\u00e3o; tamb\u00e9m prop\u00f5e apoios \u00e0 renda para inquilinos com baixos rendimentos, 65 ou incapacidade igual ou superior a 60%. Chega prop\u00f5e reduzir o IRS sobre rendas prediais para 5% e recomenda usar im\u00f3veis devolutos do Estado para criar solu\u00e7\u00f5es habitacionais acess\u00edveis para cidad\u00e3os portugueses. PAN, Livre e BE avan\u00e7am medidas adicionais: PAN pretende proibir discrimina\u00e7\u00e3o por animais de companhia e criar apoio extraordin\u00e1rio \u00e0 renda; Livre quer limitar rendas novas a 2% desde que n\u00e3o ultrapassem 30% dos pre\u00e7os do Programa de Arrendamento Acess\u00edvel; BE prop\u00f5e mecanismo de controlo de rendas e uma tabela de rendas m\u00e1ximas criada pelo IHRU\/AT.","og_url":"https:\/\/portaltela.pt\/noticias\/2026\/03\/13\/parlamento-debate-projetos-partidarios-para-reforcar-o-arrendamento\/","og_site_name":"Portal Tela Portugal","article_published_time":"2026-03-13T10:10:00+00:00","author":"Telinha","twitter_card":"summary_large_image","twitter_misc":{"Escrito por":"Telinha","Tempo estimado de leitura":"2 minutos"},"schema":{"@context":"https:\/\/schema.org","@graph":[{"@type":"Article","@id":"https:\/\/portaltela.pt\/noticias\/2026\/03\/13\/parlamento-debate-projetos-partidarios-para-reforcar-o-arrendamento\/#article","isPartOf":{"@id":"https:\/\/portaltela.pt\/noticias\/2026\/03\/13\/parlamento-debate-projetos-partidarios-para-reforcar-o-arrendamento\/"},"author":{"name":"Telinha","@id":"https:\/\/portaltela.pt\/#\/schema\/person\/c4278d4a6028830caff9ee44b42d32ed"},"headline":"Parlamento debate projetos partid\u00e1rios para refor\u00e7ar o arrendamento","datePublished":"2026-03-13T10:10:00+00:00","mainEntityOfPage":{"@id":"https:\/\/portaltela.pt\/noticias\/2026\/03\/13\/parlamento-debate-projetos-partidarios-para-reforcar-o-arrendamento\/"},"wordCount":403,"image":{"@id":"https:\/\/portaltela.pt\/noticias\/2026\/03\/13\/parlamento-debate-projetos-partidarios-para-reforcar-o-arrendamento\/#primaryimage"},"thumbnailUrl":"https:\/\/portaltela.pt\/s.01k8rhncp4jt1\/2026\/03\/image-844.jpg","keywords":["arrendamento","economia","habita\u00e7\u00e3o","impostos","pol\u00edtica","rendas"],"articleSection":["Not\u00edcias"],"inLanguage":"pt-PT"},{"@type":"WebPage","@id":"https:\/\/portaltela.pt\/noticias\/2026\/03\/13\/parlamento-debate-projetos-partidarios-para-reforcar-o-arrendamento\/","url":"https:\/\/portaltela.pt\/noticias\/2026\/03\/13\/parlamento-debate-projetos-partidarios-para-reforcar-o-arrendamento\/","name":"Parlamento debate projetos partid\u00e1rios para refor\u00e7ar o arrendamento - Portal Tela Portugal","isPartOf":{"@id":"https:\/\/portaltela.pt\/#website"},"primaryImageOfPage":{"@id":"https:\/\/portaltela.pt\/noticias\/2026\/03\/13\/parlamento-debate-projetos-partidarios-para-reforcar-o-arrendamento\/#primaryimage"},"image":{"@id":"https:\/\/portaltela.pt\/noticias\/2026\/03\/13\/parlamento-debate-projetos-partidarios-para-reforcar-o-arrendamento\/#primaryimage"},"thumbnailUrl":"https:\/\/portaltela.pt\/s.01k8rhncp4jt1\/2026\/03\/image-844.jpg","datePublished":"2026-03-13T10:10:00+00:00","author":{"@id":"https:\/\/portaltela.pt\/#\/schema\/person\/c4278d4a6028830caff9ee44b42d32ed"},"breadcrumb":{"@id":"https:\/\/portaltela.pt\/noticias\/2026\/03\/13\/parlamento-debate-projetos-partidarios-para-reforcar-o-arrendamento\/#breadcrumb"},"inLanguage":"pt-PT","potentialAction":[{"@type":"ReadAction","target":["https:\/\/portaltela.pt\/noticias\/2026\/03\/13\/parlamento-debate-projetos-partidarios-para-reforcar-o-arrendamento\/"]}]},{"@type":"ImageObject","inLanguage":"pt-PT","@id":"https:\/\/portaltela.pt\/noticias\/2026\/03\/13\/parlamento-debate-projetos-partidarios-para-reforcar-o-arrendamento\/#primaryimage","url":"https:\/\/portaltela.pt\/s.01k8rhncp4jt1\/2026\/03\/image-844.jpg","contentUrl":"https:\/\/portaltela.pt\/s.01k8rhncp4jt1\/2026\/03\/image-844.jpg","width":796,"height":448,"caption":"Foto: Paulo Jorge Magalh\u00e3es\/Arquivo"},{"@type":"BreadcrumbList","@id":"https:\/\/portaltela.pt\/noticias\/2026\/03\/13\/parlamento-debate-projetos-partidarios-para-reforcar-o-arrendamento\/#breadcrumb","itemListElement":[{"@type":"ListItem","position":1,"name":"In\u00edcio","item":"https:\/\/portaltela.pt\/"},{"@type":"ListItem","position":2,"name":"Parlamento debate projetos partid\u00e1rios para refor\u00e7ar o arrendamento"}]},{"@type":"WebSite","@id":"https:\/\/portaltela.pt\/#website","url":"https:\/\/portaltela.pt\/","name":"Portal Tela Portugal","description":"","potentialAction":[{"@type":"SearchAction","target":{"@type":"EntryPoint","urlTemplate":"https:\/\/portaltela.pt\/?s={search_term_string}"},"query-input":{"@type":"PropertyValueSpecification","valueRequired":true,"valueName":"search_term_string"}}],"inLanguage":"pt-PT"},{"@type":"Person","@id":"https:\/\/portaltela.pt\/#\/schema\/person\/c4278d4a6028830caff9ee44b42d32ed","name":"Telinha","image":{"@type":"ImageObject","inLanguage":"pt-PT","@id":"https:\/\/portaltela.pt\/s.01k8rhncp4jt1\/2025\/11\/talking-bot-125x125.png","url":"https:\/\/portaltela.pt\/s.01k8rhncp4jt1\/2025\/11\/talking-bot-125x125.png","contentUrl":"https:\/\/portaltela.pt\/s.01k8rhncp4jt1\/2025\/11\/talking-bot-125x125.png","caption":"Telinha"},"sameAs":["https:\/\/portaltela.pt\/"],"url":"https:\/\/portaltela.pt\/por\/367410592786\/"}]}},"_links":{"self":[{"href":"https:\/\/portaltela.pt\/api\/wp\/v2\/posts\/408550","targetHints":{"allow":["GET"]}}],"collection":[{"href":"https:\/\/portaltela.pt\/api\/wp\/v2\/posts"}],"about":[{"href":"https:\/\/portaltela.pt\/api\/wp\/v2\/types\/post"}],"author":[{"embeddable":true,"href":"https:\/\/portaltela.pt\/api\/wp\/v2\/users\/2"}],"replies":[{"embeddable":true,"href":"https:\/\/portaltela.pt\/api\/wp\/v2\/comments?post=408550"}],"version-history":[{"count":0,"href":"https:\/\/portaltela.pt\/api\/wp\/v2\/posts\/408550\/revisions"}],"wp:featuredmedia":[{"embeddable":true,"href":"https:\/\/portaltela.pt\/api\/wp\/v2\/media\/408555"}],"wp:attachment":[{"href":"https:\/\/portaltela.pt\/api\/wp\/v2\/media?parent=408550"}],"wp:term":[{"taxonomy":"category","embeddable":true,"href":"https:\/\/portaltela.pt\/api\/wp\/v2\/categories?post=408550"},{"taxonomy":"post_tag","embeddable":true,"href":"https:\/\/portaltela.pt\/api\/wp\/v2\/tags?post=408550"}],"curies":[{"name":"wp","href":"https:\/\/api.w.org\/{rel}","templated":true}]}}