{"id":408540,"date":"2026-03-13T07:01:00","date_gmt":"2026-03-13T10:01:00","guid":{"rendered":"https:\/\/portaltela.pt\/noticias\/2026\/03\/13\/relacao-de-lisboa-recusa-recurso-de-ventura-e-confirma-ordem-para-retirar-cartazes\/"},"modified":"2026-03-13T07:01:00","modified_gmt":"2026-03-13T10:01:00","slug":"relacao-de-lisboa-recusa-recurso-de-ventura-e-confirma-ordem-para-retirar-cartazes","status":"publish","type":"post","link":"https:\/\/portaltela.pt\/noticias\/politica\/2026\/03\/13\/relacao-de-lisboa-recusa-recurso-de-ventura-e-confirma-ordem-para-retirar-cartazes\/","title":{"rendered":"Rela\u00e7\u00e3o de Lisboa recusa recurso de Ventura e confirma ordem para retirar cartazes"},"content":{"rendered":"<p>A Rela\u00e7\u00e3o de Lisboa recusou o recurso apresentado por Ventura e confirmou a ordem para retirar os cartazes. A decis\u00e3o est\u00e1 publicada em meio judicial, sem altera\u00e7\u00f5es no despacho anterior.<\/p>\n<p>A institui\u00e7\u00e3o manteve a instru\u00e7\u00e3o de remo\u00e7\u00e3o, mantendo a obriga\u00e7\u00e3o de retirar todas as pe\u00e7as identificadas no processo. N\u00e3o foram divulgados novos elementos que alterem o conte\u00fado da ordem.<\/p>\n<p>O processo decorre em Lisboa, envolvendo Ventura como parte recorrente. O texto completo n\u00e3o est\u00e1 dispon\u00edvel publicamente, estando o conte\u00fado integral acess\u00edvel apenas a subscritores.<\/p>\n","protected":false},"excerpt":{"rendered":"<ul>\n<li>A Rela\u00e7\u00e3o de Lisboa rejeitou o recurso apresentado por Ventura.<\/li>\n<li>O tribunal confirmou a ordem para retirar os cartazes.<\/li>\n<li>O conte\u00fado completo da not\u00edcia est\u00e1 dispon\u00edvel apenas para subscritores.<\/li>\n<\/ul>\n","protected":false},"author":2,"featured_media":408544,"comment_status":"closed","ping_status":"closed","sticky":false,"template":"","format":"standard","meta":{"footnotes":""},"categories":[5,7127],"tags":[6337,803,981,3667,6208,2558],"class_list":["post-408540","post","type-post","status-publish","format-standard","has-post-thumbnail","hentry","category-politica","category-politica-internacional","tag-direito","tag-justica","tag-lisboa","tag-processos","tag-tribunais","tag-ventura"],"yoast_head":"<!-- This site is optimized with the Yoast SEO plugin v27.2 - https:\/\/yoast.com\/product\/yoast-seo-wordpress\/ -->\n<title>Rela\u00e7\u00e3o de Lisboa recusa recurso de Ventura e confirma ordem para retirar cartazes - Portal Tela Portugal<\/title>\n<meta name=\"robots\" content=\"index, follow, max-snippet:-1, max-image-preview:large, max-video-preview:-1\" \/>\n<meta property=\"og:locale\" content=\"pt_PT\" \/>\n<meta property=\"og:type\" content=\"article\" \/>\n<meta property=\"og:title\" content=\"Rela\u00e7\u00e3o de Lisboa recusa recurso de Ventura e confirma ordem para retirar cartazes - Portal Tela Portugal\" \/>\n<meta property=\"og:description\" content=\"A Rela\u00e7\u00e3o de Lisboa rejeitou o recurso apresentado por Ventura. O tribunal confirmou a ordem para retirar os cartazes. O conte\u00fado completo da not\u00edcia est\u00e1 dispon\u00edvel apenas para subscritores.\" \/>\n<meta property=\"og:url\" content=\"https:\/\/portaltela.pt\/noticias\/2026\/03\/13\/relacao-de-lisboa-recusa-recurso-de-ventura-e-confirma-ordem-para-retirar-cartazes\/\" \/>\n<meta property=\"og:site_name\" content=\"Portal Tela Portugal\" \/>\n<meta property=\"article:published_time\" content=\"2026-03-13T10:01:00+00:00\" \/>\n<meta name=\"author\" content=\"Telinha\" \/>\n<meta name=\"twitter:card\" content=\"summary_large_image\" \/>\n<meta name=\"twitter:label1\" content=\"Escrito por\" \/>\n\t<meta name=\"twitter:data1\" content=\"Telinha\" \/>\n<script type=\"application\/ld+json\" class=\"yoast-schema-graph\">{\"@context\":\"https:\/\/schema.org\",\"@graph\":[{\"@type\":\"Article\",\"@id\":\"https:\/\/portaltela.pt\/noticias\/2026\/03\/13\/relacao-de-lisboa-recusa-recurso-de-ventura-e-confirma-ordem-para-retirar-cartazes\/#article\",\"isPartOf\":{\"@id\":\"https:\/\/portaltela.pt\/noticias\/2026\/03\/13\/relacao-de-lisboa-recusa-recurso-de-ventura-e-confirma-ordem-para-retirar-cartazes\/\"},\"author\":{\"name\":\"Telinha\",\"@id\":\"https:\/\/portaltela.pt\/#\/schema\/person\/c4278d4a6028830caff9ee44b42d32ed\"},\"headline\":\"Rela\u00e7\u00e3o de Lisboa recusa recurso de Ventura e confirma ordem para retirar cartazes\",\"datePublished\":\"2026-03-13T10:01:00+00:00\",\"mainEntityOfPage\":{\"@id\":\"https:\/\/portaltela.pt\/noticias\/2026\/03\/13\/relacao-de-lisboa-recusa-recurso-de-ventura-e-confirma-ordem-para-retirar-cartazes\/\"},\"wordCount\":112,\"image\":{\"@id\":\"https:\/\/portaltela.pt\/noticias\/2026\/03\/13\/relacao-de-lisboa-recusa-recurso-de-ventura-e-confirma-ordem-para-retirar-cartazes\/#primaryimage\"},\"thumbnailUrl\":\"https:\/\/portaltela.pt\/s.01k8rhncp4jt1\/2026\/03\/CACHE_780X1200_ANALOG_WATERMARKED_46245851_2469321_22122025053712.jpg\",\"keywords\":[\"direito\",\"justi\u00e7a\",\"Lisboa\",\"processos\",\"Tribunais\",\"Ventura\"],\"articleSection\":[\"Pol\u00edtica\",\"Pol\u00edtica Internacional\"],\"inLanguage\":\"pt-PT\"},{\"@type\":\"WebPage\",\"@id\":\"https:\/\/portaltela.pt\/noticias\/2026\/03\/13\/relacao-de-lisboa-recusa-recurso-de-ventura-e-confirma-ordem-para-retirar-cartazes\/\",\"url\":\"https:\/\/portaltela.pt\/noticias\/2026\/03\/13\/relacao-de-lisboa-recusa-recurso-de-ventura-e-confirma-ordem-para-retirar-cartazes\/\",\"name\":\"Rela\u00e7\u00e3o de Lisboa recusa recurso de Ventura e confirma ordem para retirar cartazes - Portal Tela Portugal\",\"isPartOf\":{\"@id\":\"https:\/\/portaltela.pt\/#website\"},\"primaryImageOfPage\":{\"@id\":\"https:\/\/portaltela.pt\/noticias\/2026\/03\/13\/relacao-de-lisboa-recusa-recurso-de-ventura-e-confirma-ordem-para-retirar-cartazes\/#primaryimage\"},\"image\":{\"@id\":\"https:\/\/portaltela.pt\/noticias\/2026\/03\/13\/relacao-de-lisboa-recusa-recurso-de-ventura-e-confirma-ordem-para-retirar-cartazes\/#primaryimage\"},\"thumbnailUrl\":\"https:\/\/portaltela.pt\/s.01k8rhncp4jt1\/2026\/03\/CACHE_780X1200_ANALOG_WATERMARKED_46245851_2469321_22122025053712.jpg\",\"datePublished\":\"2026-03-13T10:01:00+00:00\",\"author\":{\"@id\":\"https:\/\/portaltela.pt\/#\/schema\/person\/c4278d4a6028830caff9ee44b42d32ed\"},\"breadcrumb\":{\"@id\":\"https:\/\/portaltela.pt\/noticias\/2026\/03\/13\/relacao-de-lisboa-recusa-recurso-de-ventura-e-confirma-ordem-para-retirar-cartazes\/#breadcrumb\"},\"inLanguage\":\"pt-PT\",\"potentialAction\":[{\"@type\":\"ReadAction\",\"target\":[\"https:\/\/portaltela.pt\/noticias\/2026\/03\/13\/relacao-de-lisboa-recusa-recurso-de-ventura-e-confirma-ordem-para-retirar-cartazes\/\"]}]},{\"@type\":\"ImageObject\",\"inLanguage\":\"pt-PT\",\"@id\":\"https:\/\/portaltela.pt\/noticias\/2026\/03\/13\/relacao-de-lisboa-recusa-recurso-de-ventura-e-confirma-ordem-para-retirar-cartazes\/#primaryimage\",\"url\":\"https:\/\/portaltela.pt\/s.01k8rhncp4jt1\/2026\/03\/CACHE_780X1200_ANALOG_WATERMARKED_46245851_2469321_22122025053712.jpg\",\"contentUrl\":\"https:\/\/portaltela.pt\/s.01k8rhncp4jt1\/2026\/03\/CACHE_780X1200_ANALOG_WATERMARKED_46245851_2469321_22122025053712.jpg\",\"width\":796,\"height\":448,\"caption\":\"Rela\u00e7\u00e3o de Lisboa recusa recurso de Ventura e confirma ordem para retirar cartazes\"},{\"@type\":\"BreadcrumbList\",\"@id\":\"https:\/\/portaltela.pt\/noticias\/2026\/03\/13\/relacao-de-lisboa-recusa-recurso-de-ventura-e-confirma-ordem-para-retirar-cartazes\/#breadcrumb\",\"itemListElement\":[{\"@type\":\"ListItem\",\"position\":1,\"name\":\"In\u00edcio\",\"item\":\"https:\/\/portaltela.pt\/\"},{\"@type\":\"ListItem\",\"position\":2,\"name\":\"Rela\u00e7\u00e3o de Lisboa recusa recurso de Ventura e confirma ordem para retirar cartazes\"}]},{\"@type\":\"WebSite\",\"@id\":\"https:\/\/portaltela.pt\/#website\",\"url\":\"https:\/\/portaltela.pt\/\",\"name\":\"Portal Tela Portugal\",\"description\":\"\",\"potentialAction\":[{\"@type\":\"SearchAction\",\"target\":{\"@type\":\"EntryPoint\",\"urlTemplate\":\"https:\/\/portaltela.pt\/?s={search_term_string}\"},\"query-input\":{\"@type\":\"PropertyValueSpecification\",\"valueRequired\":true,\"valueName\":\"search_term_string\"}}],\"inLanguage\":\"pt-PT\"},{\"@type\":\"Person\",\"@id\":\"https:\/\/portaltela.pt\/#\/schema\/person\/c4278d4a6028830caff9ee44b42d32ed\",\"name\":\"Telinha\",\"image\":{\"@type\":\"ImageObject\",\"inLanguage\":\"pt-PT\",\"@id\":\"https:\/\/portaltela.pt\/s.01k8rhncp4jt1\/2025\/11\/talking-bot-125x125.png\",\"url\":\"https:\/\/portaltela.pt\/s.01k8rhncp4jt1\/2025\/11\/talking-bot-125x125.png\",\"contentUrl\":\"https:\/\/portaltela.pt\/s.01k8rhncp4jt1\/2025\/11\/talking-bot-125x125.png\",\"caption\":\"Telinha\"},\"sameAs\":[\"https:\/\/portaltela.pt\/\"],\"url\":\"https:\/\/portaltela.pt\/por\/367410592786\/\"}]}<\/script>\n<!-- \/ Yoast SEO plugin. -->","yoast_head_json":{"title":"Rela\u00e7\u00e3o de Lisboa recusa recurso de Ventura e confirma ordem para retirar cartazes - Portal Tela Portugal","robots":{"index":"index","follow":"follow","max-snippet":"max-snippet:-1","max-image-preview":"max-image-preview:large","max-video-preview":"max-video-preview:-1"},"og_locale":"pt_PT","og_type":"article","og_title":"Rela\u00e7\u00e3o de Lisboa recusa recurso de Ventura e confirma ordem para retirar cartazes - Portal Tela Portugal","og_description":"A Rela\u00e7\u00e3o de Lisboa rejeitou o recurso apresentado por Ventura. O tribunal confirmou a ordem para retirar os cartazes. O conte\u00fado completo da not\u00edcia est\u00e1 dispon\u00edvel apenas para subscritores.","og_url":"https:\/\/portaltela.pt\/noticias\/2026\/03\/13\/relacao-de-lisboa-recusa-recurso-de-ventura-e-confirma-ordem-para-retirar-cartazes\/","og_site_name":"Portal Tela Portugal","article_published_time":"2026-03-13T10:01:00+00:00","author":"Telinha","twitter_card":"summary_large_image","twitter_misc":{"Escrito por":"Telinha"},"schema":{"@context":"https:\/\/schema.org","@graph":[{"@type":"Article","@id":"https:\/\/portaltela.pt\/noticias\/2026\/03\/13\/relacao-de-lisboa-recusa-recurso-de-ventura-e-confirma-ordem-para-retirar-cartazes\/#article","isPartOf":{"@id":"https:\/\/portaltela.pt\/noticias\/2026\/03\/13\/relacao-de-lisboa-recusa-recurso-de-ventura-e-confirma-ordem-para-retirar-cartazes\/"},"author":{"name":"Telinha","@id":"https:\/\/portaltela.pt\/#\/schema\/person\/c4278d4a6028830caff9ee44b42d32ed"},"headline":"Rela\u00e7\u00e3o de Lisboa recusa recurso de Ventura e confirma ordem para retirar cartazes","datePublished":"2026-03-13T10:01:00+00:00","mainEntityOfPage":{"@id":"https:\/\/portaltela.pt\/noticias\/2026\/03\/13\/relacao-de-lisboa-recusa-recurso-de-ventura-e-confirma-ordem-para-retirar-cartazes\/"},"wordCount":112,"image":{"@id":"https:\/\/portaltela.pt\/noticias\/2026\/03\/13\/relacao-de-lisboa-recusa-recurso-de-ventura-e-confirma-ordem-para-retirar-cartazes\/#primaryimage"},"thumbnailUrl":"https:\/\/portaltela.pt\/s.01k8rhncp4jt1\/2026\/03\/CACHE_780X1200_ANALOG_WATERMARKED_46245851_2469321_22122025053712.jpg","keywords":["direito","justi\u00e7a","Lisboa","processos","Tribunais","Ventura"],"articleSection":["Pol\u00edtica","Pol\u00edtica Internacional"],"inLanguage":"pt-PT"},{"@type":"WebPage","@id":"https:\/\/portaltela.pt\/noticias\/2026\/03\/13\/relacao-de-lisboa-recusa-recurso-de-ventura-e-confirma-ordem-para-retirar-cartazes\/","url":"https:\/\/portaltela.pt\/noticias\/2026\/03\/13\/relacao-de-lisboa-recusa-recurso-de-ventura-e-confirma-ordem-para-retirar-cartazes\/","name":"Rela\u00e7\u00e3o de Lisboa recusa recurso de Ventura e confirma ordem para retirar cartazes - Portal Tela Portugal","isPartOf":{"@id":"https:\/\/portaltela.pt\/#website"},"primaryImageOfPage":{"@id":"https:\/\/portaltela.pt\/noticias\/2026\/03\/13\/relacao-de-lisboa-recusa-recurso-de-ventura-e-confirma-ordem-para-retirar-cartazes\/#primaryimage"},"image":{"@id":"https:\/\/portaltela.pt\/noticias\/2026\/03\/13\/relacao-de-lisboa-recusa-recurso-de-ventura-e-confirma-ordem-para-retirar-cartazes\/#primaryimage"},"thumbnailUrl":"https:\/\/portaltela.pt\/s.01k8rhncp4jt1\/2026\/03\/CACHE_780X1200_ANALOG_WATERMARKED_46245851_2469321_22122025053712.jpg","datePublished":"2026-03-13T10:01:00+00:00","author":{"@id":"https:\/\/portaltela.pt\/#\/schema\/person\/c4278d4a6028830caff9ee44b42d32ed"},"breadcrumb":{"@id":"https:\/\/portaltela.pt\/noticias\/2026\/03\/13\/relacao-de-lisboa-recusa-recurso-de-ventura-e-confirma-ordem-para-retirar-cartazes\/#breadcrumb"},"inLanguage":"pt-PT","potentialAction":[{"@type":"ReadAction","target":["https:\/\/portaltela.pt\/noticias\/2026\/03\/13\/relacao-de-lisboa-recusa-recurso-de-ventura-e-confirma-ordem-para-retirar-cartazes\/"]}]},{"@type":"ImageObject","inLanguage":"pt-PT","@id":"https:\/\/portaltela.pt\/noticias\/2026\/03\/13\/relacao-de-lisboa-recusa-recurso-de-ventura-e-confirma-ordem-para-retirar-cartazes\/#primaryimage","url":"https:\/\/portaltela.pt\/s.01k8rhncp4jt1\/2026\/03\/CACHE_780X1200_ANALOG_WATERMARKED_46245851_2469321_22122025053712.jpg","contentUrl":"https:\/\/portaltela.pt\/s.01k8rhncp4jt1\/2026\/03\/CACHE_780X1200_ANALOG_WATERMARKED_46245851_2469321_22122025053712.jpg","width":796,"height":448,"caption":"Rela\u00e7\u00e3o de Lisboa recusa recurso de Ventura e confirma ordem para retirar cartazes"},{"@type":"BreadcrumbList","@id":"https:\/\/portaltela.pt\/noticias\/2026\/03\/13\/relacao-de-lisboa-recusa-recurso-de-ventura-e-confirma-ordem-para-retirar-cartazes\/#breadcrumb","itemListElement":[{"@type":"ListItem","position":1,"name":"In\u00edcio","item":"https:\/\/portaltela.pt\/"},{"@type":"ListItem","position":2,"name":"Rela\u00e7\u00e3o de Lisboa recusa recurso de Ventura e confirma ordem para retirar cartazes"}]},{"@type":"WebSite","@id":"https:\/\/portaltela.pt\/#website","url":"https:\/\/portaltela.pt\/","name":"Portal Tela Portugal","description":"","potentialAction":[{"@type":"SearchAction","target":{"@type":"EntryPoint","urlTemplate":"https:\/\/portaltela.pt\/?s={search_term_string}"},"query-input":{"@type":"PropertyValueSpecification","valueRequired":true,"valueName":"search_term_string"}}],"inLanguage":"pt-PT"},{"@type":"Person","@id":"https:\/\/portaltela.pt\/#\/schema\/person\/c4278d4a6028830caff9ee44b42d32ed","name":"Telinha","image":{"@type":"ImageObject","inLanguage":"pt-PT","@id":"https:\/\/portaltela.pt\/s.01k8rhncp4jt1\/2025\/11\/talking-bot-125x125.png","url":"https:\/\/portaltela.pt\/s.01k8rhncp4jt1\/2025\/11\/talking-bot-125x125.png","contentUrl":"https:\/\/portaltela.pt\/s.01k8rhncp4jt1\/2025\/11\/talking-bot-125x125.png","caption":"Telinha"},"sameAs":["https:\/\/portaltela.pt\/"],"url":"https:\/\/portaltela.pt\/por\/367410592786\/"}]}},"_links":{"self":[{"href":"https:\/\/portaltela.pt\/api\/wp\/v2\/posts\/408540","targetHints":{"allow":["GET"]}}],"collection":[{"href":"https:\/\/portaltela.pt\/api\/wp\/v2\/posts"}],"about":[{"href":"https:\/\/portaltela.pt\/api\/wp\/v2\/types\/post"}],"author":[{"embeddable":true,"href":"https:\/\/portaltela.pt\/api\/wp\/v2\/users\/2"}],"replies":[{"embeddable":true,"href":"https:\/\/portaltela.pt\/api\/wp\/v2\/comments?post=408540"}],"version-history":[{"count":0,"href":"https:\/\/portaltela.pt\/api\/wp\/v2\/posts\/408540\/revisions"}],"wp:featuredmedia":[{"embeddable":true,"href":"https:\/\/portaltela.pt\/api\/wp\/v2\/media\/408544"}],"wp:attachment":[{"href":"https:\/\/portaltela.pt\/api\/wp\/v2\/media?parent=408540"}],"wp:term":[{"taxonomy":"category","embeddable":true,"href":"https:\/\/portaltela.pt\/api\/wp\/v2\/categories?post=408540"},{"taxonomy":"post_tag","embeddable":true,"href":"https:\/\/portaltela.pt\/api\/wp\/v2\/tags?post=408540"}],"curies":[{"name":"wp","href":"https:\/\/api.w.org\/{rel}","templated":true}]}}