{"id":408534,"date":"2026-03-13T06:44:00","date_gmt":"2026-03-13T09:44:00","guid":{"rendered":"https:\/\/portaltela.pt\/noticias\/2026\/03\/13\/motorista-morre-atropelado-enquanto-reparava-camiao-na-povoa-de-varzim\/"},"modified":"2026-03-13T06:44:00","modified_gmt":"2026-03-13T09:44:00","slug":"motorista-morre-atropelado-enquanto-reparava-camiao-na-povoa-de-varzim","status":"publish","type":"post","link":"https:\/\/portaltela.pt\/noticias\/2026\/03\/13\/motorista-morre-atropelado-enquanto-reparava-camiao-na-povoa-de-varzim\/","title":{"rendered":"Motorista morre atropelado enquanto reparava cami\u00e3o na P\u00f3voa de Varzim"},"content":{"rendered":"<p>Um motorista morreu atropelado na P\u00f3voa de Varzim enquanto tentava reparar um cami\u00e3o avariado. A v\u00edtima \u00e9 o pr\u00f3prio condutor do pesado. O acidente ocorreu perto das 8h, numa zona da cidade.<\/p>\n<p>Segundo o Comando Sub-Regional da \u00c1rea Metropolitana do Porto, a v\u00edtima tentava resolver a avaria no cami\u00e3o quando foi atropelada.<\/p>\n<p>As circunst\u00e2ncias permanecem em investiga\u00e7\u00e3o. Acredita-se que o cami\u00e3o se mova ou tenha movido enquanto o homem efetuava os trabalhos.<\/p>\n<p>No local estiveram os Bombeiros Volunt\u00e1rios da P\u00f3voa de Varzim, o INEM, a GNR e a Cruz Vermelha. O \u00f3bito foi declarado no local.<\/p>\n<p>O corpo foi encaminhado para o Instituto de Medicina Legal.<\/p>\n","protected":false},"excerpt":{"rendered":"<ul>\n<li>O motorista do cami\u00e3o morreu atropelado na P\u00f3voa de Varzim enquanto reparava o ve\u00edculo.<\/li>\n<li>A v\u00edtima era o pr\u00f3prio condutor do cami\u00e3o, de acordo com o Comando Sub-Regional da \u00c1rea Metropolitana do Porto.<\/li>\n<li>O condutor ter\u00e1 parado o cami\u00e3o devido a uma avaria e tentava resolver o problema no local.<\/li>\n<li>O atropelamento ocorreu por volta das 8h, com apoio de Bombeiros Volunt\u00e1rios da P\u00f3voa de Varzim, INEM, GNR e Cruz Vermelha.<\/li>\n<li>O \u00f3bito foi declarado no local e o corpo foi encaminhado para o Instituto de Medicina Legal.<\/li>\n<\/ul>\n","protected":false},"author":2,"featured_media":408536,"comment_status":"closed","ping_status":"closed","sticky":false,"template":"","format":"standard","meta":{"footnotes":""},"categories":[6849,1],"tags":[5487,4169,971,2599,1922,982],"class_list":["post-408534","post","type-post","status-publish","format-standard","has-post-thumbnail","hentry","category-acidentes","category-noticias","tag-acidente","tag-acidente-rodoviario","tag-bombeiros","tag-cruz-vermelha-portuguesa","tag-inem","tag-porto"],"yoast_head":"<!-- This site is optimized with the Yoast SEO plugin v27.2 - https:\/\/yoast.com\/product\/yoast-seo-wordpress\/ -->\n<title>Motorista morre atropelado enquanto reparava cami\u00e3o na P\u00f3voa de Varzim - Portal Tela Portugal<\/title>\n<meta name=\"robots\" content=\"index, follow, max-snippet:-1, max-image-preview:large, max-video-preview:-1\" \/>\n<meta property=\"og:locale\" content=\"pt_PT\" \/>\n<meta property=\"og:type\" content=\"article\" \/>\n<meta property=\"og:title\" content=\"Motorista morre atropelado enquanto reparava cami\u00e3o na P\u00f3voa de Varzim - Portal Tela Portugal\" \/>\n<meta property=\"og:description\" content=\"O motorista do cami\u00e3o morreu atropelado na P\u00f3voa de Varzim enquanto reparava o ve\u00edculo. A v\u00edtima era o pr\u00f3prio condutor do cami\u00e3o, de acordo com o Comando Sub-Regional da \u00c1rea Metropolitana do Porto. O condutor ter\u00e1 parado o cami\u00e3o devido a uma avaria e tentava resolver o problema no local. O atropelamento ocorreu por volta das 8h, com apoio de Bombeiros Volunt\u00e1rios da P\u00f3voa de Varzim, INEM, GNR e Cruz Vermelha. O \u00f3bito foi declarado no local e o corpo foi encaminhado para o Instituto de Medicina Legal.\" \/>\n<meta property=\"og:url\" content=\"https:\/\/portaltela.pt\/noticias\/2026\/03\/13\/motorista-morre-atropelado-enquanto-reparava-camiao-na-povoa-de-varzim\/\" \/>\n<meta property=\"og:site_name\" content=\"Portal Tela Portugal\" \/>\n<meta property=\"article:published_time\" content=\"2026-03-13T09:44:00+00:00\" \/>\n<meta name=\"author\" content=\"Telinha\" \/>\n<meta name=\"twitter:card\" content=\"summary_large_image\" \/>\n<meta name=\"twitter:label1\" content=\"Escrito por\" \/>\n\t<meta name=\"twitter:data1\" content=\"Telinha\" \/>\n\t<meta name=\"twitter:label2\" content=\"Tempo estimado de leitura\" \/>\n\t<meta name=\"twitter:data2\" content=\"1 minuto\" \/>\n<script type=\"application\/ld+json\" class=\"yoast-schema-graph\">{\"@context\":\"https:\/\/schema.org\",\"@graph\":[{\"@type\":\"Article\",\"@id\":\"https:\/\/portaltela.pt\/noticias\/2026\/03\/13\/motorista-morre-atropelado-enquanto-reparava-camiao-na-povoa-de-varzim\/#article\",\"isPartOf\":{\"@id\":\"https:\/\/portaltela.pt\/noticias\/2026\/03\/13\/motorista-morre-atropelado-enquanto-reparava-camiao-na-povoa-de-varzim\/\"},\"author\":{\"name\":\"Telinha\",\"@id\":\"https:\/\/portaltela.pt\/#\/schema\/person\/c4278d4a6028830caff9ee44b42d32ed\"},\"headline\":\"Motorista morre atropelado enquanto reparava cami\u00e3o na P\u00f3voa de Varzim\",\"datePublished\":\"2026-03-13T09:44:00+00:00\",\"mainEntityOfPage\":{\"@id\":\"https:\/\/portaltela.pt\/noticias\/2026\/03\/13\/motorista-morre-atropelado-enquanto-reparava-camiao-na-povoa-de-varzim\/\"},\"wordCount\":128,\"image\":{\"@id\":\"https:\/\/portaltela.pt\/noticias\/2026\/03\/13\/motorista-morre-atropelado-enquanto-reparava-camiao-na-povoa-de-varzim\/#primaryimage\"},\"thumbnailUrl\":\"https:\/\/portaltela.pt\/s.01k8rhncp4jt1\/2026\/03\/image-842.jpg\",\"keywords\":[\"acidente\",\"acidente rodovi\u00e1rio\",\"bombeiros\",\"Cruz Vermelha Portuguesa\",\"INEM\",\"Porto\"],\"articleSection\":[\"Acidentes\",\"Not\u00edcias\"],\"inLanguage\":\"pt-PT\"},{\"@type\":\"WebPage\",\"@id\":\"https:\/\/portaltela.pt\/noticias\/2026\/03\/13\/motorista-morre-atropelado-enquanto-reparava-camiao-na-povoa-de-varzim\/\",\"url\":\"https:\/\/portaltela.pt\/noticias\/2026\/03\/13\/motorista-morre-atropelado-enquanto-reparava-camiao-na-povoa-de-varzim\/\",\"name\":\"Motorista morre atropelado enquanto reparava cami\u00e3o na P\u00f3voa de Varzim - Portal Tela Portugal\",\"isPartOf\":{\"@id\":\"https:\/\/portaltela.pt\/#website\"},\"primaryImageOfPage\":{\"@id\":\"https:\/\/portaltela.pt\/noticias\/2026\/03\/13\/motorista-morre-atropelado-enquanto-reparava-camiao-na-povoa-de-varzim\/#primaryimage\"},\"image\":{\"@id\":\"https:\/\/portaltela.pt\/noticias\/2026\/03\/13\/motorista-morre-atropelado-enquanto-reparava-camiao-na-povoa-de-varzim\/#primaryimage\"},\"thumbnailUrl\":\"https:\/\/portaltela.pt\/s.01k8rhncp4jt1\/2026\/03\/image-842.jpg\",\"datePublished\":\"2026-03-13T09:44:00+00:00\",\"author\":{\"@id\":\"https:\/\/portaltela.pt\/#\/schema\/person\/c4278d4a6028830caff9ee44b42d32ed\"},\"breadcrumb\":{\"@id\":\"https:\/\/portaltela.pt\/noticias\/2026\/03\/13\/motorista-morre-atropelado-enquanto-reparava-camiao-na-povoa-de-varzim\/#breadcrumb\"},\"inLanguage\":\"pt-PT\",\"potentialAction\":[{\"@type\":\"ReadAction\",\"target\":[\"https:\/\/portaltela.pt\/noticias\/2026\/03\/13\/motorista-morre-atropelado-enquanto-reparava-camiao-na-povoa-de-varzim\/\"]}]},{\"@type\":\"ImageObject\",\"inLanguage\":\"pt-PT\",\"@id\":\"https:\/\/portaltela.pt\/noticias\/2026\/03\/13\/motorista-morre-atropelado-enquanto-reparava-camiao-na-povoa-de-varzim\/#primaryimage\",\"url\":\"https:\/\/portaltela.pt\/s.01k8rhncp4jt1\/2026\/03\/image-842.jpg\",\"contentUrl\":\"https:\/\/portaltela.pt\/s.01k8rhncp4jt1\/2026\/03\/image-842.jpg\",\"width\":796,\"height\":448,\"caption\":\"INEM prestou socorro\"},{\"@type\":\"BreadcrumbList\",\"@id\":\"https:\/\/portaltela.pt\/noticias\/2026\/03\/13\/motorista-morre-atropelado-enquanto-reparava-camiao-na-povoa-de-varzim\/#breadcrumb\",\"itemListElement\":[{\"@type\":\"ListItem\",\"position\":1,\"name\":\"In\u00edcio\",\"item\":\"https:\/\/portaltela.pt\/\"},{\"@type\":\"ListItem\",\"position\":2,\"name\":\"Motorista morre atropelado enquanto reparava cami\u00e3o na P\u00f3voa de Varzim\"}]},{\"@type\":\"WebSite\",\"@id\":\"https:\/\/portaltela.pt\/#website\",\"url\":\"https:\/\/portaltela.pt\/\",\"name\":\"Portal Tela Portugal\",\"description\":\"\",\"potentialAction\":[{\"@type\":\"SearchAction\",\"target\":{\"@type\":\"EntryPoint\",\"urlTemplate\":\"https:\/\/portaltela.pt\/?s={search_term_string}\"},\"query-input\":{\"@type\":\"PropertyValueSpecification\",\"valueRequired\":true,\"valueName\":\"search_term_string\"}}],\"inLanguage\":\"pt-PT\"},{\"@type\":\"Person\",\"@id\":\"https:\/\/portaltela.pt\/#\/schema\/person\/c4278d4a6028830caff9ee44b42d32ed\",\"name\":\"Telinha\",\"image\":{\"@type\":\"ImageObject\",\"inLanguage\":\"pt-PT\",\"@id\":\"https:\/\/portaltela.pt\/s.01k8rhncp4jt1\/2025\/11\/talking-bot-125x125.png\",\"url\":\"https:\/\/portaltela.pt\/s.01k8rhncp4jt1\/2025\/11\/talking-bot-125x125.png\",\"contentUrl\":\"https:\/\/portaltela.pt\/s.01k8rhncp4jt1\/2025\/11\/talking-bot-125x125.png\",\"caption\":\"Telinha\"},\"sameAs\":[\"https:\/\/portaltela.pt\/\"],\"url\":\"https:\/\/portaltela.pt\/por\/367410592786\/\"}]}<\/script>\n<!-- \/ Yoast SEO plugin. -->","yoast_head_json":{"title":"Motorista morre atropelado enquanto reparava cami\u00e3o na P\u00f3voa de Varzim - Portal Tela Portugal","robots":{"index":"index","follow":"follow","max-snippet":"max-snippet:-1","max-image-preview":"max-image-preview:large","max-video-preview":"max-video-preview:-1"},"og_locale":"pt_PT","og_type":"article","og_title":"Motorista morre atropelado enquanto reparava cami\u00e3o na P\u00f3voa de Varzim - Portal Tela Portugal","og_description":"O motorista do cami\u00e3o morreu atropelado na P\u00f3voa de Varzim enquanto reparava o ve\u00edculo. A v\u00edtima era o pr\u00f3prio condutor do cami\u00e3o, de acordo com o Comando Sub-Regional da \u00c1rea Metropolitana do Porto. O condutor ter\u00e1 parado o cami\u00e3o devido a uma avaria e tentava resolver o problema no local. O atropelamento ocorreu por volta das 8h, com apoio de Bombeiros Volunt\u00e1rios da P\u00f3voa de Varzim, INEM, GNR e Cruz Vermelha. O \u00f3bito foi declarado no local e o corpo foi encaminhado para o Instituto de Medicina Legal.","og_url":"https:\/\/portaltela.pt\/noticias\/2026\/03\/13\/motorista-morre-atropelado-enquanto-reparava-camiao-na-povoa-de-varzim\/","og_site_name":"Portal Tela Portugal","article_published_time":"2026-03-13T09:44:00+00:00","author":"Telinha","twitter_card":"summary_large_image","twitter_misc":{"Escrito por":"Telinha","Tempo estimado de leitura":"1 minuto"},"schema":{"@context":"https:\/\/schema.org","@graph":[{"@type":"Article","@id":"https:\/\/portaltela.pt\/noticias\/2026\/03\/13\/motorista-morre-atropelado-enquanto-reparava-camiao-na-povoa-de-varzim\/#article","isPartOf":{"@id":"https:\/\/portaltela.pt\/noticias\/2026\/03\/13\/motorista-morre-atropelado-enquanto-reparava-camiao-na-povoa-de-varzim\/"},"author":{"name":"Telinha","@id":"https:\/\/portaltela.pt\/#\/schema\/person\/c4278d4a6028830caff9ee44b42d32ed"},"headline":"Motorista morre atropelado enquanto reparava cami\u00e3o na P\u00f3voa de Varzim","datePublished":"2026-03-13T09:44:00+00:00","mainEntityOfPage":{"@id":"https:\/\/portaltela.pt\/noticias\/2026\/03\/13\/motorista-morre-atropelado-enquanto-reparava-camiao-na-povoa-de-varzim\/"},"wordCount":128,"image":{"@id":"https:\/\/portaltela.pt\/noticias\/2026\/03\/13\/motorista-morre-atropelado-enquanto-reparava-camiao-na-povoa-de-varzim\/#primaryimage"},"thumbnailUrl":"https:\/\/portaltela.pt\/s.01k8rhncp4jt1\/2026\/03\/image-842.jpg","keywords":["acidente","acidente rodovi\u00e1rio","bombeiros","Cruz Vermelha Portuguesa","INEM","Porto"],"articleSection":["Acidentes","Not\u00edcias"],"inLanguage":"pt-PT"},{"@type":"WebPage","@id":"https:\/\/portaltela.pt\/noticias\/2026\/03\/13\/motorista-morre-atropelado-enquanto-reparava-camiao-na-povoa-de-varzim\/","url":"https:\/\/portaltela.pt\/noticias\/2026\/03\/13\/motorista-morre-atropelado-enquanto-reparava-camiao-na-povoa-de-varzim\/","name":"Motorista morre atropelado enquanto reparava cami\u00e3o na P\u00f3voa de Varzim - Portal Tela Portugal","isPartOf":{"@id":"https:\/\/portaltela.pt\/#website"},"primaryImageOfPage":{"@id":"https:\/\/portaltela.pt\/noticias\/2026\/03\/13\/motorista-morre-atropelado-enquanto-reparava-camiao-na-povoa-de-varzim\/#primaryimage"},"image":{"@id":"https:\/\/portaltela.pt\/noticias\/2026\/03\/13\/motorista-morre-atropelado-enquanto-reparava-camiao-na-povoa-de-varzim\/#primaryimage"},"thumbnailUrl":"https:\/\/portaltela.pt\/s.01k8rhncp4jt1\/2026\/03\/image-842.jpg","datePublished":"2026-03-13T09:44:00+00:00","author":{"@id":"https:\/\/portaltela.pt\/#\/schema\/person\/c4278d4a6028830caff9ee44b42d32ed"},"breadcrumb":{"@id":"https:\/\/portaltela.pt\/noticias\/2026\/03\/13\/motorista-morre-atropelado-enquanto-reparava-camiao-na-povoa-de-varzim\/#breadcrumb"},"inLanguage":"pt-PT","potentialAction":[{"@type":"ReadAction","target":["https:\/\/portaltela.pt\/noticias\/2026\/03\/13\/motorista-morre-atropelado-enquanto-reparava-camiao-na-povoa-de-varzim\/"]}]},{"@type":"ImageObject","inLanguage":"pt-PT","@id":"https:\/\/portaltela.pt\/noticias\/2026\/03\/13\/motorista-morre-atropelado-enquanto-reparava-camiao-na-povoa-de-varzim\/#primaryimage","url":"https:\/\/portaltela.pt\/s.01k8rhncp4jt1\/2026\/03\/image-842.jpg","contentUrl":"https:\/\/portaltela.pt\/s.01k8rhncp4jt1\/2026\/03\/image-842.jpg","width":796,"height":448,"caption":"INEM prestou socorro"},{"@type":"BreadcrumbList","@id":"https:\/\/portaltela.pt\/noticias\/2026\/03\/13\/motorista-morre-atropelado-enquanto-reparava-camiao-na-povoa-de-varzim\/#breadcrumb","itemListElement":[{"@type":"ListItem","position":1,"name":"In\u00edcio","item":"https:\/\/portaltela.pt\/"},{"@type":"ListItem","position":2,"name":"Motorista morre atropelado enquanto reparava cami\u00e3o na P\u00f3voa de Varzim"}]},{"@type":"WebSite","@id":"https:\/\/portaltela.pt\/#website","url":"https:\/\/portaltela.pt\/","name":"Portal Tela Portugal","description":"","potentialAction":[{"@type":"SearchAction","target":{"@type":"EntryPoint","urlTemplate":"https:\/\/portaltela.pt\/?s={search_term_string}"},"query-input":{"@type":"PropertyValueSpecification","valueRequired":true,"valueName":"search_term_string"}}],"inLanguage":"pt-PT"},{"@type":"Person","@id":"https:\/\/portaltela.pt\/#\/schema\/person\/c4278d4a6028830caff9ee44b42d32ed","name":"Telinha","image":{"@type":"ImageObject","inLanguage":"pt-PT","@id":"https:\/\/portaltela.pt\/s.01k8rhncp4jt1\/2025\/11\/talking-bot-125x125.png","url":"https:\/\/portaltela.pt\/s.01k8rhncp4jt1\/2025\/11\/talking-bot-125x125.png","contentUrl":"https:\/\/portaltela.pt\/s.01k8rhncp4jt1\/2025\/11\/talking-bot-125x125.png","caption":"Telinha"},"sameAs":["https:\/\/portaltela.pt\/"],"url":"https:\/\/portaltela.pt\/por\/367410592786\/"}]}},"_links":{"self":[{"href":"https:\/\/portaltela.pt\/api\/wp\/v2\/posts\/408534","targetHints":{"allow":["GET"]}}],"collection":[{"href":"https:\/\/portaltela.pt\/api\/wp\/v2\/posts"}],"about":[{"href":"https:\/\/portaltela.pt\/api\/wp\/v2\/types\/post"}],"author":[{"embeddable":true,"href":"https:\/\/portaltela.pt\/api\/wp\/v2\/users\/2"}],"replies":[{"embeddable":true,"href":"https:\/\/portaltela.pt\/api\/wp\/v2\/comments?post=408534"}],"version-history":[{"count":0,"href":"https:\/\/portaltela.pt\/api\/wp\/v2\/posts\/408534\/revisions"}],"wp:featuredmedia":[{"embeddable":true,"href":"https:\/\/portaltela.pt\/api\/wp\/v2\/media\/408536"}],"wp:attachment":[{"href":"https:\/\/portaltela.pt\/api\/wp\/v2\/media?parent=408534"}],"wp:term":[{"taxonomy":"category","embeddable":true,"href":"https:\/\/portaltela.pt\/api\/wp\/v2\/categories?post=408534"},{"taxonomy":"post_tag","embeddable":true,"href":"https:\/\/portaltela.pt\/api\/wp\/v2\/tags?post=408534"}],"curies":[{"name":"wp","href":"https:\/\/api.w.org\/{rel}","templated":true}]}}