{"id":408510,"date":"2026-03-13T06:00:00","date_gmt":"2026-03-13T09:00:00","guid":{"rendered":"https:\/\/portaltela.pt\/noticias\/2026\/03\/13\/explosao-em-coimbra-envolve-boz-boorer-e-sonny-george-no-rockabilly\/"},"modified":"2026-03-13T06:00:00","modified_gmt":"2026-03-13T09:00:00","slug":"explosao-em-coimbra-envolve-boz-boorer-e-sonny-george-no-rockabilly","status":"publish","type":"post","link":"https:\/\/portaltela.pt\/musica\/2026\/03\/13\/explosao-em-coimbra-envolve-boz-boorer-e-sonny-george-no-rockabilly\/","title":{"rendered":"Explos\u00e3o em Coimbra envolve Boz Boorer e Sonny George no rockabilly"},"content":{"rendered":"<p>Boz Boorer, guitarrista brit\u00e2nico ligado aos Polecats, e Sonny George, voz e guitarrista norte-americano, v\u00e3o partilhar o palco em Coimbra. A dupla atua no Sal\u00e3o Brazil, numa s\u00e9rie de concertos marcados para esta quinta-feira e sexta-feira. O alinhamento mistura rockabilly e rockabilly-country, com influ\u00eancia de rumos punk e roots.<\/p>\n<p>Boorer tem uma carreira longa, com liga\u00e7\u00f5es aos The Polecats e fun\u00e7\u00f5es de dire\u00e7\u00e3o musical de Morrissey, ao longo de tr\u00eas d\u00e9cadas. Sonny George, artista do Mississippi ao Tennessee, destaca-se pela voz de bar\u00edtono e pela passagem pelos Planet Rockers, aliando palcos a uma vida como camionista.<\/p>\n<h3>Quem s\u00e3o os artistas<\/h3>\n<p>Boorer \u00e9 reconhecido pela guitarra e pela participa\u00e7\u00e3o em projetos de renome no circuito rockabilly. Sonny George \u00e9 descrito como voz marcante e energia no palco, com uma trajet\u00f3ria de v\u00e1rias d\u00e9cadas no g\u00eanero.<\/p>\n<h3>Sobre o concerto em Coimbra<\/h3>\n<p>Os concertos no Sal\u00e3o Brazil est\u00e3o anunciados para esta quinta e sexta-feira, em Coimbra, num evento que junta rockabilly aut\u00eantico e performances de impacto. A organiza\u00e7\u00e3o n\u00e3o adianta informa\u00e7\u00f5es adicionais sobre hor\u00e1rios ou bilheteira ainda.<\/p>\n","protected":false},"excerpt":{"rendered":"<ul>\n<li>Boz Boorer, guitarrista ingl\u00eas com carreira nos Polecats, foi diretor musical de Morrissey durante tr\u00eas d\u00e9cadas e colaborou com artistas como Adam Ant, Kristy MacColl e Edwyn Collins.<\/li>\n<li>Sonny George, m\u00fasico americano do Sudeste dos Estados Unidos, \u00e9 vocalista dos Planet Rockers e tem uma poderosa voz de bar\u00edtono; \u00e9 tamb\u00e9m camionista.<\/li>\n<li>Os dois juntam-se nesta quinta e sexta-feira no Sal\u00e3o Brazil, em Coimbra, para atuar em conjunto.<\/li>\n<li>A colabora\u00e7\u00e3o \u00e9 apresentada como rockabilly, ligando estilos como rock\u2019n\u2019roll cl\u00e1ssico e country\u2019n\u2019roll, promovidos pela dupla.<\/li>\n<li>A proposta \u00e9 descrita como uma \u201cm\u00fasica pura, muito honesta\u201d que une a experi\u00eancia de Boorer e a energia de George.<\/li>\n<\/ul>\n","protected":false},"author":2,"featured_media":408512,"comment_status":"closed","ping_status":"closed","sticky":false,"template":"","format":"standard","meta":{"footnotes":""},"categories":[6676],"tags":[5064,1070,593,7136,122],"class_list":["post-408510","post","type-post","status-publish","format-standard","has-post-thumbnail","hentry","category-musica","tag-artistas-internacionais","tag-coimbra","tag-concertos","tag-guitarra","tag-musica"],"yoast_head":"<!-- This site is optimized with the Yoast SEO plugin v27.2 - https:\/\/yoast.com\/product\/yoast-seo-wordpress\/ -->\n<title>Explos\u00e3o em Coimbra envolve Boz Boorer e Sonny George no rockabilly - Portal Tela Portugal<\/title>\n<meta name=\"robots\" content=\"index, follow, max-snippet:-1, max-image-preview:large, max-video-preview:-1\" \/>\n<meta property=\"og:locale\" content=\"pt_PT\" \/>\n<meta property=\"og:type\" content=\"article\" \/>\n<meta property=\"og:title\" content=\"Explos\u00e3o em Coimbra envolve Boz Boorer e Sonny George no rockabilly - Portal Tela Portugal\" \/>\n<meta property=\"og:description\" content=\"Boz Boorer, guitarrista ingl\u00eas com carreira nos Polecats, foi diretor musical de Morrissey durante tr\u00eas d\u00e9cadas e colaborou com artistas como Adam Ant, Kristy MacColl e Edwyn Collins. Sonny George, m\u00fasico americano do Sudeste dos Estados Unidos, \u00e9 vocalista dos Planet Rockers e tem uma poderosa voz de bar\u00edtono; \u00e9 tamb\u00e9m camionista. Os dois juntam-se nesta quinta e sexta-feira no Sal\u00e3o Brazil, em Coimbra, para atuar em conjunto. A colabora\u00e7\u00e3o \u00e9 apresentada como rockabilly, ligando estilos como rock\u2019n\u2019roll cl\u00e1ssico e country\u2019n\u2019roll, promovidos pela dupla. A proposta \u00e9 descrita como uma \u201cm\u00fasica pura, muito honesta\u201d que une a experi\u00eancia de Boorer e a energia de George.\" \/>\n<meta property=\"og:url\" content=\"https:\/\/portaltela.pt\/noticias\/2026\/03\/13\/explosao-em-coimbra-envolve-boz-boorer-e-sonny-george-no-rockabilly\/\" \/>\n<meta property=\"og:site_name\" content=\"Portal Tela Portugal\" \/>\n<meta property=\"article:published_time\" content=\"2026-03-13T09:00:00+00:00\" \/>\n<meta name=\"author\" content=\"Telinha\" \/>\n<meta name=\"twitter:card\" content=\"summary_large_image\" \/>\n<meta name=\"twitter:label1\" content=\"Escrito por\" \/>\n\t<meta name=\"twitter:data1\" content=\"Telinha\" \/>\n\t<meta name=\"twitter:label2\" content=\"Tempo estimado de leitura\" \/>\n\t<meta name=\"twitter:data2\" content=\"1 minuto\" \/>\n<script type=\"application\/ld+json\" class=\"yoast-schema-graph\">{\"@context\":\"https:\/\/schema.org\",\"@graph\":[{\"@type\":\"Article\",\"@id\":\"https:\/\/portaltela.pt\/noticias\/2026\/03\/13\/explosao-em-coimbra-envolve-boz-boorer-e-sonny-george-no-rockabilly\/#article\",\"isPartOf\":{\"@id\":\"https:\/\/portaltela.pt\/noticias\/2026\/03\/13\/explosao-em-coimbra-envolve-boz-boorer-e-sonny-george-no-rockabilly\/\"},\"author\":{\"name\":\"Telinha\",\"@id\":\"https:\/\/portaltela.pt\/#\/schema\/person\/c4278d4a6028830caff9ee44b42d32ed\"},\"headline\":\"Explos\u00e3o em Coimbra envolve Boz Boorer e Sonny George no rockabilly\",\"datePublished\":\"2026-03-13T09:00:00+00:00\",\"mainEntityOfPage\":{\"@id\":\"https:\/\/portaltela.pt\/noticias\/2026\/03\/13\/explosao-em-coimbra-envolve-boz-boorer-e-sonny-george-no-rockabilly\/\"},\"wordCount\":208,\"image\":{\"@id\":\"https:\/\/portaltela.pt\/noticias\/2026\/03\/13\/explosao-em-coimbra-envolve-boz-boorer-e-sonny-george-no-rockabilly\/#primaryimage\"},\"thumbnailUrl\":\"https:\/\/portaltela.pt\/s.01k8rhncp4jt1\/2026\/03\/2073656.jpg\",\"keywords\":[\"artistas internacionais\",\"Coimbra\",\"concertos\",\"guitarra\",\"m\u00fasica\"],\"articleSection\":[\"M\u00fasica\"],\"inLanguage\":\"pt-PT\"},{\"@type\":\"WebPage\",\"@id\":\"https:\/\/portaltela.pt\/noticias\/2026\/03\/13\/explosao-em-coimbra-envolve-boz-boorer-e-sonny-george-no-rockabilly\/\",\"url\":\"https:\/\/portaltela.pt\/noticias\/2026\/03\/13\/explosao-em-coimbra-envolve-boz-boorer-e-sonny-george-no-rockabilly\/\",\"name\":\"Explos\u00e3o em Coimbra envolve Boz Boorer e Sonny George no rockabilly - Portal Tela Portugal\",\"isPartOf\":{\"@id\":\"https:\/\/portaltela.pt\/#website\"},\"primaryImageOfPage\":{\"@id\":\"https:\/\/portaltela.pt\/noticias\/2026\/03\/13\/explosao-em-coimbra-envolve-boz-boorer-e-sonny-george-no-rockabilly\/#primaryimage\"},\"image\":{\"@id\":\"https:\/\/portaltela.pt\/noticias\/2026\/03\/13\/explosao-em-coimbra-envolve-boz-boorer-e-sonny-george-no-rockabilly\/#primaryimage\"},\"thumbnailUrl\":\"https:\/\/portaltela.pt\/s.01k8rhncp4jt1\/2026\/03\/2073656.jpg\",\"datePublished\":\"2026-03-13T09:00:00+00:00\",\"author\":{\"@id\":\"https:\/\/portaltela.pt\/#\/schema\/person\/c4278d4a6028830caff9ee44b42d32ed\"},\"breadcrumb\":{\"@id\":\"https:\/\/portaltela.pt\/noticias\/2026\/03\/13\/explosao-em-coimbra-envolve-boz-boorer-e-sonny-george-no-rockabilly\/#breadcrumb\"},\"inLanguage\":\"pt-PT\",\"potentialAction\":[{\"@type\":\"ReadAction\",\"target\":[\"https:\/\/portaltela.pt\/noticias\/2026\/03\/13\/explosao-em-coimbra-envolve-boz-boorer-e-sonny-george-no-rockabilly\/\"]}]},{\"@type\":\"ImageObject\",\"inLanguage\":\"pt-PT\",\"@id\":\"https:\/\/portaltela.pt\/noticias\/2026\/03\/13\/explosao-em-coimbra-envolve-boz-boorer-e-sonny-george-no-rockabilly\/#primaryimage\",\"url\":\"https:\/\/portaltela.pt\/s.01k8rhncp4jt1\/2026\/03\/2073656.jpg\",\"contentUrl\":\"https:\/\/portaltela.pt\/s.01k8rhncp4jt1\/2026\/03\/2073656.jpg\",\"width\":796,\"height\":448,\"caption\":\"O americano Sonny George e o ingl\u00eas Boz Boorer, unidos pela \\\"m\u00fasica pura, muito honesta\\\" a que chamam rockabilly\"},{\"@type\":\"BreadcrumbList\",\"@id\":\"https:\/\/portaltela.pt\/noticias\/2026\/03\/13\/explosao-em-coimbra-envolve-boz-boorer-e-sonny-george-no-rockabilly\/#breadcrumb\",\"itemListElement\":[{\"@type\":\"ListItem\",\"position\":1,\"name\":\"In\u00edcio\",\"item\":\"https:\/\/portaltela.pt\/\"},{\"@type\":\"ListItem\",\"position\":2,\"name\":\"Explos\u00e3o em Coimbra envolve Boz Boorer e Sonny George no rockabilly\"}]},{\"@type\":\"WebSite\",\"@id\":\"https:\/\/portaltela.pt\/#website\",\"url\":\"https:\/\/portaltela.pt\/\",\"name\":\"Portal Tela Portugal\",\"description\":\"\",\"potentialAction\":[{\"@type\":\"SearchAction\",\"target\":{\"@type\":\"EntryPoint\",\"urlTemplate\":\"https:\/\/portaltela.pt\/?s={search_term_string}\"},\"query-input\":{\"@type\":\"PropertyValueSpecification\",\"valueRequired\":true,\"valueName\":\"search_term_string\"}}],\"inLanguage\":\"pt-PT\"},{\"@type\":\"Person\",\"@id\":\"https:\/\/portaltela.pt\/#\/schema\/person\/c4278d4a6028830caff9ee44b42d32ed\",\"name\":\"Telinha\",\"image\":{\"@type\":\"ImageObject\",\"inLanguage\":\"pt-PT\",\"@id\":\"https:\/\/portaltela.pt\/s.01k8rhncp4jt1\/2025\/11\/talking-bot-125x125.png\",\"url\":\"https:\/\/portaltela.pt\/s.01k8rhncp4jt1\/2025\/11\/talking-bot-125x125.png\",\"contentUrl\":\"https:\/\/portaltela.pt\/s.01k8rhncp4jt1\/2025\/11\/talking-bot-125x125.png\",\"caption\":\"Telinha\"},\"sameAs\":[\"https:\/\/portaltela.pt\/\"],\"url\":\"https:\/\/portaltela.pt\/por\/367410592786\/\"}]}<\/script>\n<!-- \/ Yoast SEO plugin. -->","yoast_head_json":{"title":"Explos\u00e3o em Coimbra envolve Boz Boorer e Sonny George no rockabilly - Portal Tela Portugal","robots":{"index":"index","follow":"follow","max-snippet":"max-snippet:-1","max-image-preview":"max-image-preview:large","max-video-preview":"max-video-preview:-1"},"og_locale":"pt_PT","og_type":"article","og_title":"Explos\u00e3o em Coimbra envolve Boz Boorer e Sonny George no rockabilly - Portal Tela Portugal","og_description":"Boz Boorer, guitarrista ingl\u00eas com carreira nos Polecats, foi diretor musical de Morrissey durante tr\u00eas d\u00e9cadas e colaborou com artistas como Adam Ant, Kristy MacColl e Edwyn Collins. Sonny George, m\u00fasico americano do Sudeste dos Estados Unidos, \u00e9 vocalista dos Planet Rockers e tem uma poderosa voz de bar\u00edtono; \u00e9 tamb\u00e9m camionista. Os dois juntam-se nesta quinta e sexta-feira no Sal\u00e3o Brazil, em Coimbra, para atuar em conjunto. A colabora\u00e7\u00e3o \u00e9 apresentada como rockabilly, ligando estilos como rock\u2019n\u2019roll cl\u00e1ssico e country\u2019n\u2019roll, promovidos pela dupla. A proposta \u00e9 descrita como uma \u201cm\u00fasica pura, muito honesta\u201d que une a experi\u00eancia de Boorer e a energia de George.","og_url":"https:\/\/portaltela.pt\/noticias\/2026\/03\/13\/explosao-em-coimbra-envolve-boz-boorer-e-sonny-george-no-rockabilly\/","og_site_name":"Portal Tela Portugal","article_published_time":"2026-03-13T09:00:00+00:00","author":"Telinha","twitter_card":"summary_large_image","twitter_misc":{"Escrito por":"Telinha","Tempo estimado de leitura":"1 minuto"},"schema":{"@context":"https:\/\/schema.org","@graph":[{"@type":"Article","@id":"https:\/\/portaltela.pt\/noticias\/2026\/03\/13\/explosao-em-coimbra-envolve-boz-boorer-e-sonny-george-no-rockabilly\/#article","isPartOf":{"@id":"https:\/\/portaltela.pt\/noticias\/2026\/03\/13\/explosao-em-coimbra-envolve-boz-boorer-e-sonny-george-no-rockabilly\/"},"author":{"name":"Telinha","@id":"https:\/\/portaltela.pt\/#\/schema\/person\/c4278d4a6028830caff9ee44b42d32ed"},"headline":"Explos\u00e3o em Coimbra envolve Boz Boorer e Sonny George no rockabilly","datePublished":"2026-03-13T09:00:00+00:00","mainEntityOfPage":{"@id":"https:\/\/portaltela.pt\/noticias\/2026\/03\/13\/explosao-em-coimbra-envolve-boz-boorer-e-sonny-george-no-rockabilly\/"},"wordCount":208,"image":{"@id":"https:\/\/portaltela.pt\/noticias\/2026\/03\/13\/explosao-em-coimbra-envolve-boz-boorer-e-sonny-george-no-rockabilly\/#primaryimage"},"thumbnailUrl":"https:\/\/portaltela.pt\/s.01k8rhncp4jt1\/2026\/03\/2073656.jpg","keywords":["artistas internacionais","Coimbra","concertos","guitarra","m\u00fasica"],"articleSection":["M\u00fasica"],"inLanguage":"pt-PT"},{"@type":"WebPage","@id":"https:\/\/portaltela.pt\/noticias\/2026\/03\/13\/explosao-em-coimbra-envolve-boz-boorer-e-sonny-george-no-rockabilly\/","url":"https:\/\/portaltela.pt\/noticias\/2026\/03\/13\/explosao-em-coimbra-envolve-boz-boorer-e-sonny-george-no-rockabilly\/","name":"Explos\u00e3o em Coimbra envolve Boz Boorer e Sonny George no rockabilly - Portal Tela Portugal","isPartOf":{"@id":"https:\/\/portaltela.pt\/#website"},"primaryImageOfPage":{"@id":"https:\/\/portaltela.pt\/noticias\/2026\/03\/13\/explosao-em-coimbra-envolve-boz-boorer-e-sonny-george-no-rockabilly\/#primaryimage"},"image":{"@id":"https:\/\/portaltela.pt\/noticias\/2026\/03\/13\/explosao-em-coimbra-envolve-boz-boorer-e-sonny-george-no-rockabilly\/#primaryimage"},"thumbnailUrl":"https:\/\/portaltela.pt\/s.01k8rhncp4jt1\/2026\/03\/2073656.jpg","datePublished":"2026-03-13T09:00:00+00:00","author":{"@id":"https:\/\/portaltela.pt\/#\/schema\/person\/c4278d4a6028830caff9ee44b42d32ed"},"breadcrumb":{"@id":"https:\/\/portaltela.pt\/noticias\/2026\/03\/13\/explosao-em-coimbra-envolve-boz-boorer-e-sonny-george-no-rockabilly\/#breadcrumb"},"inLanguage":"pt-PT","potentialAction":[{"@type":"ReadAction","target":["https:\/\/portaltela.pt\/noticias\/2026\/03\/13\/explosao-em-coimbra-envolve-boz-boorer-e-sonny-george-no-rockabilly\/"]}]},{"@type":"ImageObject","inLanguage":"pt-PT","@id":"https:\/\/portaltela.pt\/noticias\/2026\/03\/13\/explosao-em-coimbra-envolve-boz-boorer-e-sonny-george-no-rockabilly\/#primaryimage","url":"https:\/\/portaltela.pt\/s.01k8rhncp4jt1\/2026\/03\/2073656.jpg","contentUrl":"https:\/\/portaltela.pt\/s.01k8rhncp4jt1\/2026\/03\/2073656.jpg","width":796,"height":448,"caption":"O americano Sonny George e o ingl\u00eas Boz Boorer, unidos pela \"m\u00fasica pura, muito honesta\" a que chamam rockabilly"},{"@type":"BreadcrumbList","@id":"https:\/\/portaltela.pt\/noticias\/2026\/03\/13\/explosao-em-coimbra-envolve-boz-boorer-e-sonny-george-no-rockabilly\/#breadcrumb","itemListElement":[{"@type":"ListItem","position":1,"name":"In\u00edcio","item":"https:\/\/portaltela.pt\/"},{"@type":"ListItem","position":2,"name":"Explos\u00e3o em Coimbra envolve Boz Boorer e Sonny George no rockabilly"}]},{"@type":"WebSite","@id":"https:\/\/portaltela.pt\/#website","url":"https:\/\/portaltela.pt\/","name":"Portal Tela Portugal","description":"","potentialAction":[{"@type":"SearchAction","target":{"@type":"EntryPoint","urlTemplate":"https:\/\/portaltela.pt\/?s={search_term_string}"},"query-input":{"@type":"PropertyValueSpecification","valueRequired":true,"valueName":"search_term_string"}}],"inLanguage":"pt-PT"},{"@type":"Person","@id":"https:\/\/portaltela.pt\/#\/schema\/person\/c4278d4a6028830caff9ee44b42d32ed","name":"Telinha","image":{"@type":"ImageObject","inLanguage":"pt-PT","@id":"https:\/\/portaltela.pt\/s.01k8rhncp4jt1\/2025\/11\/talking-bot-125x125.png","url":"https:\/\/portaltela.pt\/s.01k8rhncp4jt1\/2025\/11\/talking-bot-125x125.png","contentUrl":"https:\/\/portaltela.pt\/s.01k8rhncp4jt1\/2025\/11\/talking-bot-125x125.png","caption":"Telinha"},"sameAs":["https:\/\/portaltela.pt\/"],"url":"https:\/\/portaltela.pt\/por\/367410592786\/"}]}},"_links":{"self":[{"href":"https:\/\/portaltela.pt\/api\/wp\/v2\/posts\/408510","targetHints":{"allow":["GET"]}}],"collection":[{"href":"https:\/\/portaltela.pt\/api\/wp\/v2\/posts"}],"about":[{"href":"https:\/\/portaltela.pt\/api\/wp\/v2\/types\/post"}],"author":[{"embeddable":true,"href":"https:\/\/portaltela.pt\/api\/wp\/v2\/users\/2"}],"replies":[{"embeddable":true,"href":"https:\/\/portaltela.pt\/api\/wp\/v2\/comments?post=408510"}],"version-history":[{"count":0,"href":"https:\/\/portaltela.pt\/api\/wp\/v2\/posts\/408510\/revisions"}],"wp:featuredmedia":[{"embeddable":true,"href":"https:\/\/portaltela.pt\/api\/wp\/v2\/media\/408512"}],"wp:attachment":[{"href":"https:\/\/portaltela.pt\/api\/wp\/v2\/media?parent=408510"}],"wp:term":[{"taxonomy":"category","embeddable":true,"href":"https:\/\/portaltela.pt\/api\/wp\/v2\/categories?post=408510"},{"taxonomy":"post_tag","embeddable":true,"href":"https:\/\/portaltela.pt\/api\/wp\/v2\/tags?post=408510"}],"curies":[{"name":"wp","href":"https:\/\/api.w.org\/{rel}","templated":true}]}}