{"id":408498,"date":"2026-03-13T06:18:14","date_gmt":"2026-03-13T09:18:14","guid":{"rendered":"https:\/\/portaltela.pt\/noticias\/2026\/03\/13\/casal-condenado-a-prisao-por-rapto-e-extorsao-de-empresario-de-vale-de-cambra\/"},"modified":"2026-03-13T06:18:14","modified_gmt":"2026-03-13T09:18:14","slug":"casal-condenado-a-prisao-por-rapto-e-extorsao-de-empresario-de-vale-de-cambra","status":"publish","type":"post","link":"https:\/\/portaltela.pt\/justica\/2026\/03\/13\/casal-condenado-a-prisao-por-rapto-e-extorsao-de-empresario-de-vale-de-cambra\/","title":{"rendered":"Casal condenado \u00e0 pris\u00e3o por rapto e extors\u00e3o de empres\u00e1rio de Vale de Cambra"},"content":{"rendered":"<p>Um casal foi condenado a pris\u00e3o efetiva pelo rapto e extors\u00e3o de um intermedi\u00e1rio financeiro de Vale de Cambra. O ac\u00f3rd\u00e3o do Tribunal da Feira, no distrito de Aveiro, foi divulgado esta sexta-feira pela Lusa. As penas totalizam mais de cinco anos de cadeia para cada arguido.<\/p>\n<p>A mulher, empres\u00e1ria angolana de 42 anos, ficou com a pena mais gravosa: cinco anos e oito meses. O homem, brasileiro, foi condenado a cinco anos e quatro meses. As senten\u00e7as resultam do c\u00famulo de crimes de rapto, extors\u00e3o e uso de cart\u00e3o de garantia ou dados de pagamento.<\/p>\n<p>A ac\u00e7\u00e3o incluiu ainda uma condena\u00e7\u00e3o pela coa\u00e7\u00e3o na forma tentada. O ac\u00f3rd\u00e3o, de 9 de fevereiro, determina indemniza\u00e7\u00f5es solid\u00e1rias no valor de quase 50 mil euros ao ofendido e a duas empresas. Ambos os arguidos continuam em pris\u00e3o preventiva.<\/p>\n<p>Durante o julgamento, a empres\u00e1ria negou as acusa\u00e7\u00f5es, dizendo ter sido iludida pelo ofendido, que alegava ser diretor de banco, e por um s\u00f3cio. Garantiu ter pago 40 mil euros para obter um empr\u00e9stimo de 3 milh\u00f5es.<\/p>\n","protected":false},"excerpt":{"rendered":"<ul>\n<li>Casal condenado a pris\u00e3o efetiva pelo rapto e extors\u00e3o de um intermedi\u00e1rio financeiro de Vale de Cambra, no Tribunal da Feira, Aveiro.<\/li>\n<li>Mulher, empres\u00e1ria de nacionalidade angolana, recebeu cinco anos e oito meses de pris\u00e3o; homem, de nacionalidade brasileira, cinco anos e quatro meses.<\/li>\n<li>Penas resultam do c\u00famulo jur\u00eddico por crimes de rapto, extors\u00e3o e abuso de cart\u00e3o de garantia ou de dados de pagamento; a mulher foi ainda condenada por coa\u00e7\u00e3o na forma tentada.<\/li>\n<li>Indemniza\u00e7\u00e3o solid\u00e1ria de quase cinquenta mil euros ao ofendido e a duas empresas; arguidos permanecem em pris\u00e3o preventiva.<\/li>\n<li>Fatos incluem pagamento de vinte mil euros para obter uma garantia banc\u00e1ria, encontro de neg\u00f3cios em S\u00e3o Jo\u00e3o da Madeira em fevereiro de dois mil e vinte e tr\u00eas, rapto com arma de fogo e agress\u00f5es, levantamento de mais de quarenta e cinco mil euros e liberta\u00e7\u00e3o oito horas depois com exig\u00eancia de cem mil euros em oito dias.<\/li>\n<\/ul>\n","protected":false},"author":2,"featured_media":408505,"comment_status":"closed","ping_status":"closed","sticky":false,"template":"","format":"standard","meta":{"footnotes":""},"categories":[6907,6815],"tags":[1059,6122,4068,2745,1170,6208],"class_list":["post-408498","post","type-post","status-publish","format-standard","has-post-thumbnail","hentry","category-crime","category-justica","tag-aveiro","tag-cartoes","tag-extorsao","tag-indenizacoes","tag-sequestro","tag-tribunais"],"yoast_head":"<!-- This site is optimized with the Yoast SEO plugin v27.2 - https:\/\/yoast.com\/product\/yoast-seo-wordpress\/ -->\n<title>Casal condenado \u00e0 pris\u00e3o por rapto e extors\u00e3o de empres\u00e1rio de Vale de Cambra - Portal Tela Portugal<\/title>\n<meta name=\"robots\" content=\"index, follow, max-snippet:-1, max-image-preview:large, max-video-preview:-1\" \/>\n<meta property=\"og:locale\" content=\"pt_PT\" \/>\n<meta property=\"og:type\" content=\"article\" \/>\n<meta property=\"og:title\" content=\"Casal condenado \u00e0 pris\u00e3o por rapto e extors\u00e3o de empres\u00e1rio de Vale de Cambra - Portal Tela Portugal\" \/>\n<meta property=\"og:description\" content=\"Casal condenado a pris\u00e3o efetiva pelo rapto e extors\u00e3o de um intermedi\u00e1rio financeiro de Vale de Cambra, no Tribunal da Feira, Aveiro. Mulher, empres\u00e1ria de nacionalidade angolana, recebeu cinco anos e oito meses de pris\u00e3o; homem, de nacionalidade brasileira, cinco anos e quatro meses. Penas resultam do c\u00famulo jur\u00eddico por crimes de rapto, extors\u00e3o e abuso de cart\u00e3o de garantia ou de dados de pagamento; a mulher foi ainda condenada por coa\u00e7\u00e3o na forma tentada. Indemniza\u00e7\u00e3o solid\u00e1ria de quase cinquenta mil euros ao ofendido e a duas empresas; arguidos permanecem em pris\u00e3o preventiva. Fatos incluem pagamento de vinte mil euros para obter uma garantia banc\u00e1ria, encontro de neg\u00f3cios em S\u00e3o Jo\u00e3o da Madeira em fevereiro de dois mil e vinte e tr\u00eas, rapto com arma de fogo e agress\u00f5es, levantamento de mais de quarenta e cinco mil euros e liberta\u00e7\u00e3o oito horas depois com exig\u00eancia de cem mil euros em oito dias.\" \/>\n<meta property=\"og:url\" content=\"https:\/\/portaltela.pt\/noticias\/2026\/03\/13\/casal-condenado-a-prisao-por-rapto-e-extorsao-de-empresario-de-vale-de-cambra\/\" \/>\n<meta property=\"og:site_name\" content=\"Portal Tela Portugal\" \/>\n<meta property=\"article:published_time\" content=\"2026-03-13T09:18:14+00:00\" \/>\n<meta name=\"author\" content=\"Telinha\" \/>\n<meta name=\"twitter:card\" content=\"summary_large_image\" \/>\n<meta name=\"twitter:label1\" content=\"Escrito por\" \/>\n\t<meta name=\"twitter:data1\" content=\"Telinha\" \/>\n\t<meta name=\"twitter:label2\" content=\"Tempo estimado de leitura\" \/>\n\t<meta name=\"twitter:data2\" content=\"1 minuto\" \/>\n<script type=\"application\/ld+json\" class=\"yoast-schema-graph\">{\"@context\":\"https:\/\/schema.org\",\"@graph\":[{\"@type\":\"Article\",\"@id\":\"https:\/\/portaltela.pt\/noticias\/2026\/03\/13\/casal-condenado-a-prisao-por-rapto-e-extorsao-de-empresario-de-vale-de-cambra\/#article\",\"isPartOf\":{\"@id\":\"https:\/\/portaltela.pt\/noticias\/2026\/03\/13\/casal-condenado-a-prisao-por-rapto-e-extorsao-de-empresario-de-vale-de-cambra\/\"},\"author\":{\"name\":\"Telinha\",\"@id\":\"https:\/\/portaltela.pt\/#\/schema\/person\/c4278d4a6028830caff9ee44b42d32ed\"},\"headline\":\"Casal condenado \u00e0 pris\u00e3o por rapto e extors\u00e3o de empres\u00e1rio de Vale de Cambra\",\"datePublished\":\"2026-03-13T09:18:14+00:00\",\"mainEntityOfPage\":{\"@id\":\"https:\/\/portaltela.pt\/noticias\/2026\/03\/13\/casal-condenado-a-prisao-por-rapto-e-extorsao-de-empresario-de-vale-de-cambra\/\"},\"wordCount\":207,\"image\":{\"@id\":\"https:\/\/portaltela.pt\/noticias\/2026\/03\/13\/casal-condenado-a-prisao-por-rapto-e-extorsao-de-empresario-de-vale-de-cambra\/#primaryimage\"},\"thumbnailUrl\":\"https:\/\/portaltela.pt\/s.01k8rhncp4jt1\/2026\/03\/img_1500x1000uu2023-04-14-12-42-19-1324458.jpg\",\"keywords\":[\"Aveiro\",\"cart\u00f5es\",\"extors\u00e3o\",\"indeniza\u00e7\u00f5es\",\"sequestro\",\"Tribunais\"],\"articleSection\":[\"Crime\",\"Justi\u00e7a\"],\"inLanguage\":\"pt-PT\"},{\"@type\":\"WebPage\",\"@id\":\"https:\/\/portaltela.pt\/noticias\/2026\/03\/13\/casal-condenado-a-prisao-por-rapto-e-extorsao-de-empresario-de-vale-de-cambra\/\",\"url\":\"https:\/\/portaltela.pt\/noticias\/2026\/03\/13\/casal-condenado-a-prisao-por-rapto-e-extorsao-de-empresario-de-vale-de-cambra\/\",\"name\":\"Casal condenado \u00e0 pris\u00e3o por rapto e extors\u00e3o de empres\u00e1rio de Vale de Cambra - Portal Tela Portugal\",\"isPartOf\":{\"@id\":\"https:\/\/portaltela.pt\/#website\"},\"primaryImageOfPage\":{\"@id\":\"https:\/\/portaltela.pt\/noticias\/2026\/03\/13\/casal-condenado-a-prisao-por-rapto-e-extorsao-de-empresario-de-vale-de-cambra\/#primaryimage\"},\"image\":{\"@id\":\"https:\/\/portaltela.pt\/noticias\/2026\/03\/13\/casal-condenado-a-prisao-por-rapto-e-extorsao-de-empresario-de-vale-de-cambra\/#primaryimage\"},\"thumbnailUrl\":\"https:\/\/portaltela.pt\/s.01k8rhncp4jt1\/2026\/03\/img_1500x1000uu2023-04-14-12-42-19-1324458.jpg\",\"datePublished\":\"2026-03-13T09:18:14+00:00\",\"author\":{\"@id\":\"https:\/\/portaltela.pt\/#\/schema\/person\/c4278d4a6028830caff9ee44b42d32ed\"},\"breadcrumb\":{\"@id\":\"https:\/\/portaltela.pt\/noticias\/2026\/03\/13\/casal-condenado-a-prisao-por-rapto-e-extorsao-de-empresario-de-vale-de-cambra\/#breadcrumb\"},\"inLanguage\":\"pt-PT\",\"potentialAction\":[{\"@type\":\"ReadAction\",\"target\":[\"https:\/\/portaltela.pt\/noticias\/2026\/03\/13\/casal-condenado-a-prisao-por-rapto-e-extorsao-de-empresario-de-vale-de-cambra\/\"]}]},{\"@type\":\"ImageObject\",\"inLanguage\":\"pt-PT\",\"@id\":\"https:\/\/portaltela.pt\/noticias\/2026\/03\/13\/casal-condenado-a-prisao-por-rapto-e-extorsao-de-empresario-de-vale-de-cambra\/#primaryimage\",\"url\":\"https:\/\/portaltela.pt\/s.01k8rhncp4jt1\/2026\/03\/img_1500x1000uu2023-04-14-12-42-19-1324458.jpg\",\"contentUrl\":\"https:\/\/portaltela.pt\/s.01k8rhncp4jt1\/2026\/03\/img_1500x1000uu2023-04-14-12-42-19-1324458.jpg\",\"width\":796,\"height\":448,\"caption\":\"Tribunal Santa Maria da Feira\"},{\"@type\":\"BreadcrumbList\",\"@id\":\"https:\/\/portaltela.pt\/noticias\/2026\/03\/13\/casal-condenado-a-prisao-por-rapto-e-extorsao-de-empresario-de-vale-de-cambra\/#breadcrumb\",\"itemListElement\":[{\"@type\":\"ListItem\",\"position\":1,\"name\":\"In\u00edcio\",\"item\":\"https:\/\/portaltela.pt\/\"},{\"@type\":\"ListItem\",\"position\":2,\"name\":\"Casal condenado \u00e0 pris\u00e3o por rapto e extors\u00e3o de empres\u00e1rio de Vale de Cambra\"}]},{\"@type\":\"WebSite\",\"@id\":\"https:\/\/portaltela.pt\/#website\",\"url\":\"https:\/\/portaltela.pt\/\",\"name\":\"Portal Tela Portugal\",\"description\":\"\",\"potentialAction\":[{\"@type\":\"SearchAction\",\"target\":{\"@type\":\"EntryPoint\",\"urlTemplate\":\"https:\/\/portaltela.pt\/?s={search_term_string}\"},\"query-input\":{\"@type\":\"PropertyValueSpecification\",\"valueRequired\":true,\"valueName\":\"search_term_string\"}}],\"inLanguage\":\"pt-PT\"},{\"@type\":\"Person\",\"@id\":\"https:\/\/portaltela.pt\/#\/schema\/person\/c4278d4a6028830caff9ee44b42d32ed\",\"name\":\"Telinha\",\"image\":{\"@type\":\"ImageObject\",\"inLanguage\":\"pt-PT\",\"@id\":\"https:\/\/portaltela.pt\/s.01k8rhncp4jt1\/2025\/11\/talking-bot-125x125.png\",\"url\":\"https:\/\/portaltela.pt\/s.01k8rhncp4jt1\/2025\/11\/talking-bot-125x125.png\",\"contentUrl\":\"https:\/\/portaltela.pt\/s.01k8rhncp4jt1\/2025\/11\/talking-bot-125x125.png\",\"caption\":\"Telinha\"},\"sameAs\":[\"https:\/\/portaltela.pt\/\"],\"url\":\"https:\/\/portaltela.pt\/por\/367410592786\/\"}]}<\/script>\n<!-- \/ Yoast SEO plugin. -->","yoast_head_json":{"title":"Casal condenado \u00e0 pris\u00e3o por rapto e extors\u00e3o de empres\u00e1rio de Vale de Cambra - Portal Tela Portugal","robots":{"index":"index","follow":"follow","max-snippet":"max-snippet:-1","max-image-preview":"max-image-preview:large","max-video-preview":"max-video-preview:-1"},"og_locale":"pt_PT","og_type":"article","og_title":"Casal condenado \u00e0 pris\u00e3o por rapto e extors\u00e3o de empres\u00e1rio de Vale de Cambra - Portal Tela Portugal","og_description":"Casal condenado a pris\u00e3o efetiva pelo rapto e extors\u00e3o de um intermedi\u00e1rio financeiro de Vale de Cambra, no Tribunal da Feira, Aveiro. Mulher, empres\u00e1ria de nacionalidade angolana, recebeu cinco anos e oito meses de pris\u00e3o; homem, de nacionalidade brasileira, cinco anos e quatro meses. Penas resultam do c\u00famulo jur\u00eddico por crimes de rapto, extors\u00e3o e abuso de cart\u00e3o de garantia ou de dados de pagamento; a mulher foi ainda condenada por coa\u00e7\u00e3o na forma tentada. Indemniza\u00e7\u00e3o solid\u00e1ria de quase cinquenta mil euros ao ofendido e a duas empresas; arguidos permanecem em pris\u00e3o preventiva. Fatos incluem pagamento de vinte mil euros para obter uma garantia banc\u00e1ria, encontro de neg\u00f3cios em S\u00e3o Jo\u00e3o da Madeira em fevereiro de dois mil e vinte e tr\u00eas, rapto com arma de fogo e agress\u00f5es, levantamento de mais de quarenta e cinco mil euros e liberta\u00e7\u00e3o oito horas depois com exig\u00eancia de cem mil euros em oito dias.","og_url":"https:\/\/portaltela.pt\/noticias\/2026\/03\/13\/casal-condenado-a-prisao-por-rapto-e-extorsao-de-empresario-de-vale-de-cambra\/","og_site_name":"Portal Tela Portugal","article_published_time":"2026-03-13T09:18:14+00:00","author":"Telinha","twitter_card":"summary_large_image","twitter_misc":{"Escrito por":"Telinha","Tempo estimado de leitura":"1 minuto"},"schema":{"@context":"https:\/\/schema.org","@graph":[{"@type":"Article","@id":"https:\/\/portaltela.pt\/noticias\/2026\/03\/13\/casal-condenado-a-prisao-por-rapto-e-extorsao-de-empresario-de-vale-de-cambra\/#article","isPartOf":{"@id":"https:\/\/portaltela.pt\/noticias\/2026\/03\/13\/casal-condenado-a-prisao-por-rapto-e-extorsao-de-empresario-de-vale-de-cambra\/"},"author":{"name":"Telinha","@id":"https:\/\/portaltela.pt\/#\/schema\/person\/c4278d4a6028830caff9ee44b42d32ed"},"headline":"Casal condenado \u00e0 pris\u00e3o por rapto e extors\u00e3o de empres\u00e1rio de Vale de Cambra","datePublished":"2026-03-13T09:18:14+00:00","mainEntityOfPage":{"@id":"https:\/\/portaltela.pt\/noticias\/2026\/03\/13\/casal-condenado-a-prisao-por-rapto-e-extorsao-de-empresario-de-vale-de-cambra\/"},"wordCount":207,"image":{"@id":"https:\/\/portaltela.pt\/noticias\/2026\/03\/13\/casal-condenado-a-prisao-por-rapto-e-extorsao-de-empresario-de-vale-de-cambra\/#primaryimage"},"thumbnailUrl":"https:\/\/portaltela.pt\/s.01k8rhncp4jt1\/2026\/03\/img_1500x1000uu2023-04-14-12-42-19-1324458.jpg","keywords":["Aveiro","cart\u00f5es","extors\u00e3o","indeniza\u00e7\u00f5es","sequestro","Tribunais"],"articleSection":["Crime","Justi\u00e7a"],"inLanguage":"pt-PT"},{"@type":"WebPage","@id":"https:\/\/portaltela.pt\/noticias\/2026\/03\/13\/casal-condenado-a-prisao-por-rapto-e-extorsao-de-empresario-de-vale-de-cambra\/","url":"https:\/\/portaltela.pt\/noticias\/2026\/03\/13\/casal-condenado-a-prisao-por-rapto-e-extorsao-de-empresario-de-vale-de-cambra\/","name":"Casal condenado \u00e0 pris\u00e3o por rapto e extors\u00e3o de empres\u00e1rio de Vale de Cambra - Portal Tela Portugal","isPartOf":{"@id":"https:\/\/portaltela.pt\/#website"},"primaryImageOfPage":{"@id":"https:\/\/portaltela.pt\/noticias\/2026\/03\/13\/casal-condenado-a-prisao-por-rapto-e-extorsao-de-empresario-de-vale-de-cambra\/#primaryimage"},"image":{"@id":"https:\/\/portaltela.pt\/noticias\/2026\/03\/13\/casal-condenado-a-prisao-por-rapto-e-extorsao-de-empresario-de-vale-de-cambra\/#primaryimage"},"thumbnailUrl":"https:\/\/portaltela.pt\/s.01k8rhncp4jt1\/2026\/03\/img_1500x1000uu2023-04-14-12-42-19-1324458.jpg","datePublished":"2026-03-13T09:18:14+00:00","author":{"@id":"https:\/\/portaltela.pt\/#\/schema\/person\/c4278d4a6028830caff9ee44b42d32ed"},"breadcrumb":{"@id":"https:\/\/portaltela.pt\/noticias\/2026\/03\/13\/casal-condenado-a-prisao-por-rapto-e-extorsao-de-empresario-de-vale-de-cambra\/#breadcrumb"},"inLanguage":"pt-PT","potentialAction":[{"@type":"ReadAction","target":["https:\/\/portaltela.pt\/noticias\/2026\/03\/13\/casal-condenado-a-prisao-por-rapto-e-extorsao-de-empresario-de-vale-de-cambra\/"]}]},{"@type":"ImageObject","inLanguage":"pt-PT","@id":"https:\/\/portaltela.pt\/noticias\/2026\/03\/13\/casal-condenado-a-prisao-por-rapto-e-extorsao-de-empresario-de-vale-de-cambra\/#primaryimage","url":"https:\/\/portaltela.pt\/s.01k8rhncp4jt1\/2026\/03\/img_1500x1000uu2023-04-14-12-42-19-1324458.jpg","contentUrl":"https:\/\/portaltela.pt\/s.01k8rhncp4jt1\/2026\/03\/img_1500x1000uu2023-04-14-12-42-19-1324458.jpg","width":796,"height":448,"caption":"Tribunal Santa Maria da Feira"},{"@type":"BreadcrumbList","@id":"https:\/\/portaltela.pt\/noticias\/2026\/03\/13\/casal-condenado-a-prisao-por-rapto-e-extorsao-de-empresario-de-vale-de-cambra\/#breadcrumb","itemListElement":[{"@type":"ListItem","position":1,"name":"In\u00edcio","item":"https:\/\/portaltela.pt\/"},{"@type":"ListItem","position":2,"name":"Casal condenado \u00e0 pris\u00e3o por rapto e extors\u00e3o de empres\u00e1rio de Vale de Cambra"}]},{"@type":"WebSite","@id":"https:\/\/portaltela.pt\/#website","url":"https:\/\/portaltela.pt\/","name":"Portal Tela Portugal","description":"","potentialAction":[{"@type":"SearchAction","target":{"@type":"EntryPoint","urlTemplate":"https:\/\/portaltela.pt\/?s={search_term_string}"},"query-input":{"@type":"PropertyValueSpecification","valueRequired":true,"valueName":"search_term_string"}}],"inLanguage":"pt-PT"},{"@type":"Person","@id":"https:\/\/portaltela.pt\/#\/schema\/person\/c4278d4a6028830caff9ee44b42d32ed","name":"Telinha","image":{"@type":"ImageObject","inLanguage":"pt-PT","@id":"https:\/\/portaltela.pt\/s.01k8rhncp4jt1\/2025\/11\/talking-bot-125x125.png","url":"https:\/\/portaltela.pt\/s.01k8rhncp4jt1\/2025\/11\/talking-bot-125x125.png","contentUrl":"https:\/\/portaltela.pt\/s.01k8rhncp4jt1\/2025\/11\/talking-bot-125x125.png","caption":"Telinha"},"sameAs":["https:\/\/portaltela.pt\/"],"url":"https:\/\/portaltela.pt\/por\/367410592786\/"}]}},"_links":{"self":[{"href":"https:\/\/portaltela.pt\/api\/wp\/v2\/posts\/408498","targetHints":{"allow":["GET"]}}],"collection":[{"href":"https:\/\/portaltela.pt\/api\/wp\/v2\/posts"}],"about":[{"href":"https:\/\/portaltela.pt\/api\/wp\/v2\/types\/post"}],"author":[{"embeddable":true,"href":"https:\/\/portaltela.pt\/api\/wp\/v2\/users\/2"}],"replies":[{"embeddable":true,"href":"https:\/\/portaltela.pt\/api\/wp\/v2\/comments?post=408498"}],"version-history":[{"count":0,"href":"https:\/\/portaltela.pt\/api\/wp\/v2\/posts\/408498\/revisions"}],"wp:featuredmedia":[{"embeddable":true,"href":"https:\/\/portaltela.pt\/api\/wp\/v2\/media\/408505"}],"wp:attachment":[{"href":"https:\/\/portaltela.pt\/api\/wp\/v2\/media?parent=408498"}],"wp:term":[{"taxonomy":"category","embeddable":true,"href":"https:\/\/portaltela.pt\/api\/wp\/v2\/categories?post=408498"},{"taxonomy":"post_tag","embeddable":true,"href":"https:\/\/portaltela.pt\/api\/wp\/v2\/tags?post=408498"}],"curies":[{"name":"wp","href":"https:\/\/api.w.org\/{rel}","templated":true}]}}