{"id":408495,"date":"2026-03-13T06:32:15","date_gmt":"2026-03-13T09:32:15","guid":{"rendered":"https:\/\/portaltela.pt\/noticias\/2026\/03\/13\/custos-de-combustivel-elevados-impulsionam-procura-por-carros-eletricos\/"},"modified":"2026-03-13T06:32:15","modified_gmt":"2026-03-13T09:32:15","slug":"custos-de-combustivel-elevados-impulsionam-procura-por-carros-eletricos","status":"publish","type":"post","link":"https:\/\/portaltela.pt\/noticias\/2026\/03\/13\/custos-de-combustivel-elevados-impulsionam-procura-por-carros-eletricos\/","title":{"rendered":"Custos de combust\u00edvel elevados impulsionam procura por carros el\u00e9tricos"},"content":{"rendered":"<p>O aumento dos pre\u00e7os dos combust\u00edveis est\u00e1 a estimular o interesse em ve\u00edculos el\u00e9tricos. Especialistas apontam que per\u00edodos prolongados de custos elevados podem acelerar a procura, especialmente entre condutores a gas\u00f3leo ou gasolina que n\u00e3o pretendem suportar crises no pre\u00e7o da energia.<\/p>\n<p>A situa\u00e7\u00e3o ocorre num contexto global de conflitos que perturba o fornecimento de petr\u00f3leo. Em Detroit, um propriet\u00e1rio de SUV el\u00e9trico, que j\u00e1 conduzia um modelo de 2026, afirma estar satisfeito por n\u00e3o precisar abastecer constantemente. Analistas destacam que a eletricidade, regulada, tende a ser menos vol\u00e1til que a gasolina.<\/p>\n<h3>Pre\u00e7os da gasolina e eletricidade<\/h3>\n<p>Na Uni\u00e3o Europeia, o pre\u00e7o m\u00e9dio do litro de gasolina subiu para 1,77 euros, face a dezembro, com aumento significativo nas \u00faltimas 12 semanas. Nos EUA, o pre\u00e7o m\u00e9dio por gal\u00e3o atingiu 3,57 d\u00f3lares, ante 2,94 d\u00f3lares h\u00e1 um m\u00eas, segundo a AAA.<\/p>\n<p>J\u00e1 o custo da eletricidade para uso dom\u00e9stico permanece relativamente est\u00e1vel e regulado, o que reduz o impacto direto sobre propriet\u00e1rios de ve\u00edculos el\u00e9tricos. Alguns especialistas alertam para infla\u00e7\u00e3o paralela na rede el\u00e9trica devido a fatores como data centers e demanda energ\u00e9tica.<\/p>\n<h3>Impactos na procura de VE<\/h3>\n<p>Estudos de mercado indicam que o interesse por h\u00edbridos e ve\u00edculos el\u00e9tricos aumentou ap\u00f3s o in\u00edcio da crise, com a procura a superar d\u00e9cadas anteriores em determinadas semanas. A decis\u00e3o de compra, no entanto, depende de poupan\u00e7as futuras, n\u00e3o apenas do custo imediato de energia.<\/p>\n<p>Pesquisadores destacam que uma subida acentuada na procura pode, por si s\u00f3, pressionar os pre\u00e7os dos el\u00e9tricos. A discuss\u00e3o permanece sobre se governos devem incentivar fiscalmente a eletrifica\u00e7\u00e3o para reduzir a depend\u00eancia de combust\u00edveis f\u00f3sseis.<\/p>\n<h3>Considera\u00e7\u00f5es econ\u00f3micas e estrat\u00e9gicas<\/h3>\n<p>O custo de um ve\u00edculo el\u00e9trico novo continua acima do de um autom\u00f3vel a combust\u00e3o, ainda que as poupan\u00e7as em combust\u00edvel sejam significativas ao longo da vida \u00fatil. A disponibilidade de subs\u00eddios e incentivos varia, afetando a decis\u00e3o de compra.<\/p>\n<p>Especialistas apontam que a transi\u00e7\u00e3o para energia limpa, aliada \u00e0 electrifica\u00e7\u00e3o, pode aumentar a seguran\u00e7a energ\u00e9tica. A incerteza sobre custos futuros da eletricidade complica a previs\u00e3o de comportamento dos consumidores.<\/p>\n","protected":false},"excerpt":{"rendered":"<ul>\n<li>Pre\u00e7os elevados dos combust\u00edveis, impulsionados pela guerra no Ir\u00e3o, podem aumentar o interesse e as vendas de ve\u00edculos el\u00e9tricos, especialmente se a eletricidade n\u00e3o subir tanto.<\/li>\n<li>Na Uni\u00e3o Europeia, o pre\u00e7o m\u00e9dio da gasolina subiu para 1,77 euros por litro; nos Estados Unidos, o pre\u00e7o m\u00e9dio de um gal\u00e3o ficou em 3,57 d\u00f3lares. A eletricidade \u00e9 menos vol\u00e1til e, por isso, os propriet\u00e1rios de EVs sentem menos os choques petrol\u00edferos.<\/li>\n<li>Especialistas dizem que a eletricidade depende da mistura de fontes de energia; varia\u00e7\u00f5es de custo s\u00e3o geralmente menores do que as do petr\u00f3leo, embora a guerra possa elevar faturas no futuro.<\/li>\n<li>A combina\u00e7\u00e3o de energia limpa e eletrifica\u00e7\u00e3o \u00e9 apresentada como forma de maior seguran\u00e7a energ\u00e9tica, com press\u00e3o para acelerar a transi\u00e7\u00e3o para renov\u00e1veis.<\/li>\n<li>Embora os EVs possam gerar poupan\u00e7as de combust\u00edvel a longo prazo, o custo inicial continua elevado e incentivos federais foram reduzidos, o que pode influenciar a decis\u00e3o de compra.<\/li>\n<\/ul>\n","protected":false},"author":2,"featured_media":408504,"comment_status":"closed","ping_status":"closed","sticky":false,"template":"","format":"standard","meta":{"footnotes":""},"categories":[6806,1],"tags":[28,174,4542,2729,3263,6622],"class_list":["post-408495","post","type-post","status-publish","format-standard","has-post-thumbnail","hentry","category-energia","category-noticias","tag-economia","tag-energia","tag-energia-electrica","tag-energia-renovavel","tag-mobilidade-urbana","tag-veiculos"],"yoast_head":"<!-- This site is optimized with the Yoast SEO plugin v27.2 - https:\/\/yoast.com\/product\/yoast-seo-wordpress\/ -->\n<title>Custos de combust\u00edvel elevados impulsionam procura por carros el\u00e9tricos - Portal Tela Portugal<\/title>\n<meta name=\"robots\" content=\"index, follow, max-snippet:-1, max-image-preview:large, max-video-preview:-1\" \/>\n<meta property=\"og:locale\" content=\"pt_PT\" \/>\n<meta property=\"og:type\" content=\"article\" \/>\n<meta property=\"og:title\" content=\"Custos de combust\u00edvel elevados impulsionam procura por carros el\u00e9tricos - Portal Tela Portugal\" \/>\n<meta property=\"og:description\" content=\"Pre\u00e7os elevados dos combust\u00edveis, impulsionados pela guerra no Ir\u00e3o, podem aumentar o interesse e as vendas de ve\u00edculos el\u00e9tricos, especialmente se a eletricidade n\u00e3o subir tanto. Na Uni\u00e3o Europeia, o pre\u00e7o m\u00e9dio da gasolina subiu para 1,77 euros por litro; nos Estados Unidos, o pre\u00e7o m\u00e9dio de um gal\u00e3o ficou em 3,57 d\u00f3lares. A eletricidade \u00e9 menos vol\u00e1til e, por isso, os propriet\u00e1rios de EVs sentem menos os choques petrol\u00edferos. Especialistas dizem que a eletricidade depende da mistura de fontes de energia; varia\u00e7\u00f5es de custo s\u00e3o geralmente menores do que as do petr\u00f3leo, embora a guerra possa elevar faturas no futuro. A combina\u00e7\u00e3o de energia limpa e eletrifica\u00e7\u00e3o \u00e9 apresentada como forma de maior seguran\u00e7a energ\u00e9tica, com press\u00e3o para acelerar a transi\u00e7\u00e3o para renov\u00e1veis. Embora os EVs possam gerar poupan\u00e7as de combust\u00edvel a longo prazo, o custo inicial continua elevado e incentivos federais foram reduzidos, o que pode influenciar a decis\u00e3o de compra.\" \/>\n<meta property=\"og:url\" content=\"https:\/\/portaltela.pt\/noticias\/2026\/03\/13\/custos-de-combustivel-elevados-impulsionam-procura-por-carros-eletricos\/\" \/>\n<meta property=\"og:site_name\" content=\"Portal Tela Portugal\" \/>\n<meta property=\"article:published_time\" content=\"2026-03-13T09:32:15+00:00\" \/>\n<meta name=\"author\" content=\"Telinha\" \/>\n<meta name=\"twitter:card\" content=\"summary_large_image\" \/>\n<meta name=\"twitter:label1\" content=\"Escrito por\" \/>\n\t<meta name=\"twitter:data1\" content=\"Telinha\" \/>\n\t<meta name=\"twitter:label2\" content=\"Tempo estimado de leitura\" \/>\n\t<meta name=\"twitter:data2\" content=\"2 minutos\" \/>\n<script type=\"application\/ld+json\" class=\"yoast-schema-graph\">{\"@context\":\"https:\/\/schema.org\",\"@graph\":[{\"@type\":\"Article\",\"@id\":\"https:\/\/portaltela.pt\/noticias\/2026\/03\/13\/custos-de-combustivel-elevados-impulsionam-procura-por-carros-eletricos\/#article\",\"isPartOf\":{\"@id\":\"https:\/\/portaltela.pt\/noticias\/2026\/03\/13\/custos-de-combustivel-elevados-impulsionam-procura-por-carros-eletricos\/\"},\"author\":{\"name\":\"Telinha\",\"@id\":\"https:\/\/portaltela.pt\/#\/schema\/person\/c4278d4a6028830caff9ee44b42d32ed\"},\"headline\":\"Custos de combust\u00edvel elevados impulsionam procura por carros el\u00e9tricos\",\"datePublished\":\"2026-03-13T09:32:15+00:00\",\"mainEntityOfPage\":{\"@id\":\"https:\/\/portaltela.pt\/noticias\/2026\/03\/13\/custos-de-combustivel-elevados-impulsionam-procura-por-carros-eletricos\/\"},\"wordCount\":410,\"image\":{\"@id\":\"https:\/\/portaltela.pt\/noticias\/2026\/03\/13\/custos-de-combustivel-elevados-impulsionam-procura-por-carros-eletricos\/#primaryimage\"},\"thumbnailUrl\":\"https:\/\/portaltela.pt\/s.01k8rhncp4jt1\/2026\/03\/1536x864_cmsv2_a55046a3-96fc-5674-a8c7-aae595a7cb29-9683468.jpg\",\"keywords\":[\"economia\",\"energia\",\"energia el\u00e9ctrica\",\"energia renov\u00e1vel\",\"mobilidade urbana\",\"ve\u00edculos\"],\"articleSection\":[\"Energia\",\"Not\u00edcias\"],\"inLanguage\":\"pt-PT\"},{\"@type\":\"WebPage\",\"@id\":\"https:\/\/portaltela.pt\/noticias\/2026\/03\/13\/custos-de-combustivel-elevados-impulsionam-procura-por-carros-eletricos\/\",\"url\":\"https:\/\/portaltela.pt\/noticias\/2026\/03\/13\/custos-de-combustivel-elevados-impulsionam-procura-por-carros-eletricos\/\",\"name\":\"Custos de combust\u00edvel elevados impulsionam procura por carros el\u00e9tricos - Portal Tela Portugal\",\"isPartOf\":{\"@id\":\"https:\/\/portaltela.pt\/#website\"},\"primaryImageOfPage\":{\"@id\":\"https:\/\/portaltela.pt\/noticias\/2026\/03\/13\/custos-de-combustivel-elevados-impulsionam-procura-por-carros-eletricos\/#primaryimage\"},\"image\":{\"@id\":\"https:\/\/portaltela.pt\/noticias\/2026\/03\/13\/custos-de-combustivel-elevados-impulsionam-procura-por-carros-eletricos\/#primaryimage\"},\"thumbnailUrl\":\"https:\/\/portaltela.pt\/s.01k8rhncp4jt1\/2026\/03\/1536x864_cmsv2_a55046a3-96fc-5674-a8c7-aae595a7cb29-9683468.jpg\",\"datePublished\":\"2026-03-13T09:32:15+00:00\",\"author\":{\"@id\":\"https:\/\/portaltela.pt\/#\/schema\/person\/c4278d4a6028830caff9ee44b42d32ed\"},\"breadcrumb\":{\"@id\":\"https:\/\/portaltela.pt\/noticias\/2026\/03\/13\/custos-de-combustivel-elevados-impulsionam-procura-por-carros-eletricos\/#breadcrumb\"},\"inLanguage\":\"pt-PT\",\"potentialAction\":[{\"@type\":\"ReadAction\",\"target\":[\"https:\/\/portaltela.pt\/noticias\/2026\/03\/13\/custos-de-combustivel-elevados-impulsionam-procura-por-carros-eletricos\/\"]}]},{\"@type\":\"ImageObject\",\"inLanguage\":\"pt-PT\",\"@id\":\"https:\/\/portaltela.pt\/noticias\/2026\/03\/13\/custos-de-combustivel-elevados-impulsionam-procura-por-carros-eletricos\/#primaryimage\",\"url\":\"https:\/\/portaltela.pt\/s.01k8rhncp4jt1\/2026\/03\/1536x864_cmsv2_a55046a3-96fc-5674-a8c7-aae595a7cb29-9683468.jpg\",\"contentUrl\":\"https:\/\/portaltela.pt\/s.01k8rhncp4jt1\/2026\/03\/1536x864_cmsv2_a55046a3-96fc-5674-a8c7-aae595a7cb29-9683468.jpg\",\"width\":796,\"height\":448,\"caption\":\"Um ve\u00edculo el\u00e9trico carrega numa esta\u00e7\u00e3o, quarta-feira, 11 de mar\u00e7o de 2026, em Lincolnwood, Illinois.\"},{\"@type\":\"BreadcrumbList\",\"@id\":\"https:\/\/portaltela.pt\/noticias\/2026\/03\/13\/custos-de-combustivel-elevados-impulsionam-procura-por-carros-eletricos\/#breadcrumb\",\"itemListElement\":[{\"@type\":\"ListItem\",\"position\":1,\"name\":\"In\u00edcio\",\"item\":\"https:\/\/portaltela.pt\/\"},{\"@type\":\"ListItem\",\"position\":2,\"name\":\"Custos de combust\u00edvel elevados impulsionam procura por carros el\u00e9tricos\"}]},{\"@type\":\"WebSite\",\"@id\":\"https:\/\/portaltela.pt\/#website\",\"url\":\"https:\/\/portaltela.pt\/\",\"name\":\"Portal Tela Portugal\",\"description\":\"\",\"potentialAction\":[{\"@type\":\"SearchAction\",\"target\":{\"@type\":\"EntryPoint\",\"urlTemplate\":\"https:\/\/portaltela.pt\/?s={search_term_string}\"},\"query-input\":{\"@type\":\"PropertyValueSpecification\",\"valueRequired\":true,\"valueName\":\"search_term_string\"}}],\"inLanguage\":\"pt-PT\"},{\"@type\":\"Person\",\"@id\":\"https:\/\/portaltela.pt\/#\/schema\/person\/c4278d4a6028830caff9ee44b42d32ed\",\"name\":\"Telinha\",\"image\":{\"@type\":\"ImageObject\",\"inLanguage\":\"pt-PT\",\"@id\":\"https:\/\/portaltela.pt\/s.01k8rhncp4jt1\/2025\/11\/talking-bot-125x125.png\",\"url\":\"https:\/\/portaltela.pt\/s.01k8rhncp4jt1\/2025\/11\/talking-bot-125x125.png\",\"contentUrl\":\"https:\/\/portaltela.pt\/s.01k8rhncp4jt1\/2025\/11\/talking-bot-125x125.png\",\"caption\":\"Telinha\"},\"sameAs\":[\"https:\/\/portaltela.pt\/\"],\"url\":\"https:\/\/portaltela.pt\/por\/367410592786\/\"}]}<\/script>\n<!-- \/ Yoast SEO plugin. -->","yoast_head_json":{"title":"Custos de combust\u00edvel elevados impulsionam procura por carros el\u00e9tricos - Portal Tela Portugal","robots":{"index":"index","follow":"follow","max-snippet":"max-snippet:-1","max-image-preview":"max-image-preview:large","max-video-preview":"max-video-preview:-1"},"og_locale":"pt_PT","og_type":"article","og_title":"Custos de combust\u00edvel elevados impulsionam procura por carros el\u00e9tricos - Portal Tela Portugal","og_description":"Pre\u00e7os elevados dos combust\u00edveis, impulsionados pela guerra no Ir\u00e3o, podem aumentar o interesse e as vendas de ve\u00edculos el\u00e9tricos, especialmente se a eletricidade n\u00e3o subir tanto. Na Uni\u00e3o Europeia, o pre\u00e7o m\u00e9dio da gasolina subiu para 1,77 euros por litro; nos Estados Unidos, o pre\u00e7o m\u00e9dio de um gal\u00e3o ficou em 3,57 d\u00f3lares. A eletricidade \u00e9 menos vol\u00e1til e, por isso, os propriet\u00e1rios de EVs sentem menos os choques petrol\u00edferos. Especialistas dizem que a eletricidade depende da mistura de fontes de energia; varia\u00e7\u00f5es de custo s\u00e3o geralmente menores do que as do petr\u00f3leo, embora a guerra possa elevar faturas no futuro. A combina\u00e7\u00e3o de energia limpa e eletrifica\u00e7\u00e3o \u00e9 apresentada como forma de maior seguran\u00e7a energ\u00e9tica, com press\u00e3o para acelerar a transi\u00e7\u00e3o para renov\u00e1veis. Embora os EVs possam gerar poupan\u00e7as de combust\u00edvel a longo prazo, o custo inicial continua elevado e incentivos federais foram reduzidos, o que pode influenciar a decis\u00e3o de compra.","og_url":"https:\/\/portaltela.pt\/noticias\/2026\/03\/13\/custos-de-combustivel-elevados-impulsionam-procura-por-carros-eletricos\/","og_site_name":"Portal Tela Portugal","article_published_time":"2026-03-13T09:32:15+00:00","author":"Telinha","twitter_card":"summary_large_image","twitter_misc":{"Escrito por":"Telinha","Tempo estimado de leitura":"2 minutos"},"schema":{"@context":"https:\/\/schema.org","@graph":[{"@type":"Article","@id":"https:\/\/portaltela.pt\/noticias\/2026\/03\/13\/custos-de-combustivel-elevados-impulsionam-procura-por-carros-eletricos\/#article","isPartOf":{"@id":"https:\/\/portaltela.pt\/noticias\/2026\/03\/13\/custos-de-combustivel-elevados-impulsionam-procura-por-carros-eletricos\/"},"author":{"name":"Telinha","@id":"https:\/\/portaltela.pt\/#\/schema\/person\/c4278d4a6028830caff9ee44b42d32ed"},"headline":"Custos de combust\u00edvel elevados impulsionam procura por carros el\u00e9tricos","datePublished":"2026-03-13T09:32:15+00:00","mainEntityOfPage":{"@id":"https:\/\/portaltela.pt\/noticias\/2026\/03\/13\/custos-de-combustivel-elevados-impulsionam-procura-por-carros-eletricos\/"},"wordCount":410,"image":{"@id":"https:\/\/portaltela.pt\/noticias\/2026\/03\/13\/custos-de-combustivel-elevados-impulsionam-procura-por-carros-eletricos\/#primaryimage"},"thumbnailUrl":"https:\/\/portaltela.pt\/s.01k8rhncp4jt1\/2026\/03\/1536x864_cmsv2_a55046a3-96fc-5674-a8c7-aae595a7cb29-9683468.jpg","keywords":["economia","energia","energia el\u00e9ctrica","energia renov\u00e1vel","mobilidade urbana","ve\u00edculos"],"articleSection":["Energia","Not\u00edcias"],"inLanguage":"pt-PT"},{"@type":"WebPage","@id":"https:\/\/portaltela.pt\/noticias\/2026\/03\/13\/custos-de-combustivel-elevados-impulsionam-procura-por-carros-eletricos\/","url":"https:\/\/portaltela.pt\/noticias\/2026\/03\/13\/custos-de-combustivel-elevados-impulsionam-procura-por-carros-eletricos\/","name":"Custos de combust\u00edvel elevados impulsionam procura por carros el\u00e9tricos - Portal Tela Portugal","isPartOf":{"@id":"https:\/\/portaltela.pt\/#website"},"primaryImageOfPage":{"@id":"https:\/\/portaltela.pt\/noticias\/2026\/03\/13\/custos-de-combustivel-elevados-impulsionam-procura-por-carros-eletricos\/#primaryimage"},"image":{"@id":"https:\/\/portaltela.pt\/noticias\/2026\/03\/13\/custos-de-combustivel-elevados-impulsionam-procura-por-carros-eletricos\/#primaryimage"},"thumbnailUrl":"https:\/\/portaltela.pt\/s.01k8rhncp4jt1\/2026\/03\/1536x864_cmsv2_a55046a3-96fc-5674-a8c7-aae595a7cb29-9683468.jpg","datePublished":"2026-03-13T09:32:15+00:00","author":{"@id":"https:\/\/portaltela.pt\/#\/schema\/person\/c4278d4a6028830caff9ee44b42d32ed"},"breadcrumb":{"@id":"https:\/\/portaltela.pt\/noticias\/2026\/03\/13\/custos-de-combustivel-elevados-impulsionam-procura-por-carros-eletricos\/#breadcrumb"},"inLanguage":"pt-PT","potentialAction":[{"@type":"ReadAction","target":["https:\/\/portaltela.pt\/noticias\/2026\/03\/13\/custos-de-combustivel-elevados-impulsionam-procura-por-carros-eletricos\/"]}]},{"@type":"ImageObject","inLanguage":"pt-PT","@id":"https:\/\/portaltela.pt\/noticias\/2026\/03\/13\/custos-de-combustivel-elevados-impulsionam-procura-por-carros-eletricos\/#primaryimage","url":"https:\/\/portaltela.pt\/s.01k8rhncp4jt1\/2026\/03\/1536x864_cmsv2_a55046a3-96fc-5674-a8c7-aae595a7cb29-9683468.jpg","contentUrl":"https:\/\/portaltela.pt\/s.01k8rhncp4jt1\/2026\/03\/1536x864_cmsv2_a55046a3-96fc-5674-a8c7-aae595a7cb29-9683468.jpg","width":796,"height":448,"caption":"Um ve\u00edculo el\u00e9trico carrega numa esta\u00e7\u00e3o, quarta-feira, 11 de mar\u00e7o de 2026, em Lincolnwood, Illinois."},{"@type":"BreadcrumbList","@id":"https:\/\/portaltela.pt\/noticias\/2026\/03\/13\/custos-de-combustivel-elevados-impulsionam-procura-por-carros-eletricos\/#breadcrumb","itemListElement":[{"@type":"ListItem","position":1,"name":"In\u00edcio","item":"https:\/\/portaltela.pt\/"},{"@type":"ListItem","position":2,"name":"Custos de combust\u00edvel elevados impulsionam procura por carros el\u00e9tricos"}]},{"@type":"WebSite","@id":"https:\/\/portaltela.pt\/#website","url":"https:\/\/portaltela.pt\/","name":"Portal Tela Portugal","description":"","potentialAction":[{"@type":"SearchAction","target":{"@type":"EntryPoint","urlTemplate":"https:\/\/portaltela.pt\/?s={search_term_string}"},"query-input":{"@type":"PropertyValueSpecification","valueRequired":true,"valueName":"search_term_string"}}],"inLanguage":"pt-PT"},{"@type":"Person","@id":"https:\/\/portaltela.pt\/#\/schema\/person\/c4278d4a6028830caff9ee44b42d32ed","name":"Telinha","image":{"@type":"ImageObject","inLanguage":"pt-PT","@id":"https:\/\/portaltela.pt\/s.01k8rhncp4jt1\/2025\/11\/talking-bot-125x125.png","url":"https:\/\/portaltela.pt\/s.01k8rhncp4jt1\/2025\/11\/talking-bot-125x125.png","contentUrl":"https:\/\/portaltela.pt\/s.01k8rhncp4jt1\/2025\/11\/talking-bot-125x125.png","caption":"Telinha"},"sameAs":["https:\/\/portaltela.pt\/"],"url":"https:\/\/portaltela.pt\/por\/367410592786\/"}]}},"_links":{"self":[{"href":"https:\/\/portaltela.pt\/api\/wp\/v2\/posts\/408495","targetHints":{"allow":["GET"]}}],"collection":[{"href":"https:\/\/portaltela.pt\/api\/wp\/v2\/posts"}],"about":[{"href":"https:\/\/portaltela.pt\/api\/wp\/v2\/types\/post"}],"author":[{"embeddable":true,"href":"https:\/\/portaltela.pt\/api\/wp\/v2\/users\/2"}],"replies":[{"embeddable":true,"href":"https:\/\/portaltela.pt\/api\/wp\/v2\/comments?post=408495"}],"version-history":[{"count":0,"href":"https:\/\/portaltela.pt\/api\/wp\/v2\/posts\/408495\/revisions"}],"wp:featuredmedia":[{"embeddable":true,"href":"https:\/\/portaltela.pt\/api\/wp\/v2\/media\/408504"}],"wp:attachment":[{"href":"https:\/\/portaltela.pt\/api\/wp\/v2\/media?parent=408495"}],"wp:term":[{"taxonomy":"category","embeddable":true,"href":"https:\/\/portaltela.pt\/api\/wp\/v2\/categories?post=408495"},{"taxonomy":"post_tag","embeddable":true,"href":"https:\/\/portaltela.pt\/api\/wp\/v2\/tags?post=408495"}],"curies":[{"name":"wp","href":"https:\/\/api.w.org\/{rel}","templated":true}]}}