{"id":408494,"date":"2026-03-13T06:18:44","date_gmt":"2026-03-13T09:18:44","guid":{"rendered":"https:\/\/portaltela.pt\/noticias\/2026\/03\/13\/adjunto-de-abel-ferreira-critica-o-relvado-de-sao-januario\/"},"modified":"2026-03-13T06:18:44","modified_gmt":"2026-03-13T09:18:44","slug":"adjunto-de-abel-ferreira-critica-o-relvado-de-sao-januario","status":"publish","type":"post","link":"https:\/\/portaltela.pt\/desporto\/futebol\/2026\/03\/13\/adjunto-de-abel-ferreira-critica-o-relvado-de-sao-januario\/","title":{"rendered":"Adjunto de Abel Ferreira critica o relvado de S\u00e3o Janu\u00e1rio"},"content":{"rendered":"<p>O adjunto do Palmeiras, Jo\u00e3o Martins, comandou a equipa na visita ao S\u00e3o Janu\u00e1rio, devido \u00e0 suspens\u00e3o de Abel Ferreira. O jogo terminou com a primeira derrota do Verd\u00e3o no Brasileir\u00e3o 2026. Local: Est\u00e1dio de S\u00e3o Janu\u00e1rio, no Rio de Janeiro; a equipa jogou a partir do regresso ao campeonato.<\/p>\n<p>Segundo Martins, o relvado do recinto da Ferrovia, casa do Vasco da Gama, apresentava m\u00e1s condi\u00e7\u00f5es. O auxiliar descreveu o piso como se tivesse batatas plantadas debaixo do campo, sugerindo impacto negativo na qualidade do jogo. A observa\u00e7\u00e3o gerou debate entre f\u00e3s nas redes sociais.<\/p>\n<p>A derrota gerou rea\u00e7\u00e3o entre adeptos de ambos os clubes e ganhou notoriedade no meio desportivo. O Vasco da Gama ascendeu no ranking, enquanto o Palmeiras mant\u00e9m-se com uma s\u00e9rie de resultados menos positivos no atual campeonato. A not\u00edcia foi divulgada pela imprensa desportiva portuguesa.<\/p>\n","protected":false},"excerpt":{"rendered":"<ul>\n<li>O adjunto Jo\u00e3o Martins apresentou o Palmeiras no jogo frente ao Vasco da Gama no est\u00e1dio de S\u00e3o Janu\u00e1rio, devido \u00e0 suspens\u00e3o de Abel Ferreira.<\/li>\n<li>A partida, que terminou com a primeira derrota do Palmeiras no Brasileir\u00e3o de 2026, ocorreu no est\u00e1dio do Vasco da Gama.<\/li>\n<li>Jo\u00e3o Martins criticou o relvado, afirmando que parecia que tinham plantado batatas debaixo do campo.<\/li>\n<li>As declara\u00e7\u00f5es ganharam repercuss\u00e3o r\u00e1pida nas redes sociais, principalmente entre adeptos do Palmeiras e do Vasco.<\/li>\n<li>A not\u00edcia ressalta que o coment\u00e1rio ficou associado ao estado do relvado durante o jogo.<\/li>\n<\/ul>\n","protected":false},"author":2,"featured_media":408503,"comment_status":"closed","ping_status":"closed","sticky":false,"template":"","format":"standard","meta":{"footnotes":""},"categories":[21,24],"tags":[2533,99,123,152,32,787],"class_list":["post-408494","post","type-post","status-publish","format-standard","has-post-thumbnail","hentry","category-desporto","category-futebol","tag-adeptos","tag-campeonato-brasileiro","tag-desportivos","tag-desporto","tag-futebol","tag-observacao"],"yoast_head":"<!-- This site is optimized with the Yoast SEO plugin v27.2 - https:\/\/yoast.com\/product\/yoast-seo-wordpress\/ -->\n<title>Adjunto de Abel Ferreira critica o relvado de S\u00e3o Janu\u00e1rio - Portal Tela Portugal<\/title>\n<meta name=\"robots\" content=\"index, follow, max-snippet:-1, max-image-preview:large, max-video-preview:-1\" \/>\n<meta property=\"og:locale\" content=\"pt_PT\" \/>\n<meta property=\"og:type\" content=\"article\" \/>\n<meta property=\"og:title\" content=\"Adjunto de Abel Ferreira critica o relvado de S\u00e3o Janu\u00e1rio - Portal Tela Portugal\" \/>\n<meta property=\"og:description\" content=\"O adjunto Jo\u00e3o Martins apresentou o Palmeiras no jogo frente ao Vasco da Gama no est\u00e1dio de S\u00e3o Janu\u00e1rio, devido \u00e0 suspens\u00e3o de Abel Ferreira. A partida, que terminou com a primeira derrota do Palmeiras no Brasileir\u00e3o de 2026, ocorreu no est\u00e1dio do Vasco da Gama. Jo\u00e3o Martins criticou o relvado, afirmando que parecia que tinham plantado batatas debaixo do campo. As declara\u00e7\u00f5es ganharam repercuss\u00e3o r\u00e1pida nas redes sociais, principalmente entre adeptos do Palmeiras e do Vasco. A not\u00edcia ressalta que o coment\u00e1rio ficou associado ao estado do relvado durante o jogo.\" \/>\n<meta property=\"og:url\" content=\"https:\/\/portaltela.pt\/noticias\/2026\/03\/13\/adjunto-de-abel-ferreira-critica-o-relvado-de-sao-januario\/\" \/>\n<meta property=\"og:site_name\" content=\"Portal Tela Portugal\" \/>\n<meta property=\"article:published_time\" content=\"2026-03-13T09:18:44+00:00\" \/>\n<meta name=\"author\" content=\"Telinha\" \/>\n<meta name=\"twitter:card\" content=\"summary_large_image\" \/>\n<meta name=\"twitter:label1\" content=\"Escrito por\" \/>\n\t<meta name=\"twitter:data1\" content=\"Telinha\" \/>\n\t<meta name=\"twitter:label2\" content=\"Tempo estimado de leitura\" \/>\n\t<meta name=\"twitter:data2\" content=\"1 minuto\" \/>\n<script type=\"application\/ld+json\" class=\"yoast-schema-graph\">{\"@context\":\"https:\/\/schema.org\",\"@graph\":[{\"@type\":\"Article\",\"@id\":\"https:\/\/portaltela.pt\/noticias\/2026\/03\/13\/adjunto-de-abel-ferreira-critica-o-relvado-de-sao-januario\/#article\",\"isPartOf\":{\"@id\":\"https:\/\/portaltela.pt\/noticias\/2026\/03\/13\/adjunto-de-abel-ferreira-critica-o-relvado-de-sao-januario\/\"},\"author\":{\"name\":\"Telinha\",\"@id\":\"https:\/\/portaltela.pt\/#\/schema\/person\/c4278d4a6028830caff9ee44b42d32ed\"},\"headline\":\"Adjunto de Abel Ferreira critica o relvado de S\u00e3o Janu\u00e1rio\",\"datePublished\":\"2026-03-13T09:18:44+00:00\",\"mainEntityOfPage\":{\"@id\":\"https:\/\/portaltela.pt\/noticias\/2026\/03\/13\/adjunto-de-abel-ferreira-critica-o-relvado-de-sao-januario\/\"},\"wordCount\":167,\"image\":{\"@id\":\"https:\/\/portaltela.pt\/noticias\/2026\/03\/13\/adjunto-de-abel-ferreira-critica-o-relvado-de-sao-januario\/#primaryimage\"},\"thumbnailUrl\":\"https:\/\/portaltela.pt\/s.01k8rhncp4jt1\/2026\/03\/img_1200x721uu2026-03-13-09-18-01-2426629.jpg\",\"keywords\":[\"adeptos\",\"campeonato brasileiro\",\"desportivos\",\"desporto\",\"futebol\",\"observa\u00e7\u00e3o\"],\"articleSection\":[\"Desporto\",\"Futebol\"],\"inLanguage\":\"pt-PT\"},{\"@type\":\"WebPage\",\"@id\":\"https:\/\/portaltela.pt\/noticias\/2026\/03\/13\/adjunto-de-abel-ferreira-critica-o-relvado-de-sao-januario\/\",\"url\":\"https:\/\/portaltela.pt\/noticias\/2026\/03\/13\/adjunto-de-abel-ferreira-critica-o-relvado-de-sao-januario\/\",\"name\":\"Adjunto de Abel Ferreira critica o relvado de S\u00e3o Janu\u00e1rio - Portal Tela Portugal\",\"isPartOf\":{\"@id\":\"https:\/\/portaltela.pt\/#website\"},\"primaryImageOfPage\":{\"@id\":\"https:\/\/portaltela.pt\/noticias\/2026\/03\/13\/adjunto-de-abel-ferreira-critica-o-relvado-de-sao-januario\/#primaryimage\"},\"image\":{\"@id\":\"https:\/\/portaltela.pt\/noticias\/2026\/03\/13\/adjunto-de-abel-ferreira-critica-o-relvado-de-sao-januario\/#primaryimage\"},\"thumbnailUrl\":\"https:\/\/portaltela.pt\/s.01k8rhncp4jt1\/2026\/03\/img_1200x721uu2026-03-13-09-18-01-2426629.jpg\",\"datePublished\":\"2026-03-13T09:18:44+00:00\",\"author\":{\"@id\":\"https:\/\/portaltela.pt\/#\/schema\/person\/c4278d4a6028830caff9ee44b42d32ed\"},\"breadcrumb\":{\"@id\":\"https:\/\/portaltela.pt\/noticias\/2026\/03\/13\/adjunto-de-abel-ferreira-critica-o-relvado-de-sao-januario\/#breadcrumb\"},\"inLanguage\":\"pt-PT\",\"potentialAction\":[{\"@type\":\"ReadAction\",\"target\":[\"https:\/\/portaltela.pt\/noticias\/2026\/03\/13\/adjunto-de-abel-ferreira-critica-o-relvado-de-sao-januario\/\"]}]},{\"@type\":\"ImageObject\",\"inLanguage\":\"pt-PT\",\"@id\":\"https:\/\/portaltela.pt\/noticias\/2026\/03\/13\/adjunto-de-abel-ferreira-critica-o-relvado-de-sao-januario\/#primaryimage\",\"url\":\"https:\/\/portaltela.pt\/s.01k8rhncp4jt1\/2026\/03\/img_1200x721uu2026-03-13-09-18-01-2426629.jpg\",\"contentUrl\":\"https:\/\/portaltela.pt\/s.01k8rhncp4jt1\/2026\/03\/img_1200x721uu2026-03-13-09-18-01-2426629.jpg\",\"width\":796,\"height\":448,\"caption\":\"Adjunto de Abel Ferreira critica relvado do S\u00e3o Janu\u00e1rio: \u00abParece que plantaram batatas debaixo do campo\u00bb\"},{\"@type\":\"BreadcrumbList\",\"@id\":\"https:\/\/portaltela.pt\/noticias\/2026\/03\/13\/adjunto-de-abel-ferreira-critica-o-relvado-de-sao-januario\/#breadcrumb\",\"itemListElement\":[{\"@type\":\"ListItem\",\"position\":1,\"name\":\"In\u00edcio\",\"item\":\"https:\/\/portaltela.pt\/\"},{\"@type\":\"ListItem\",\"position\":2,\"name\":\"Adjunto de Abel Ferreira critica o relvado de S\u00e3o Janu\u00e1rio\"}]},{\"@type\":\"WebSite\",\"@id\":\"https:\/\/portaltela.pt\/#website\",\"url\":\"https:\/\/portaltela.pt\/\",\"name\":\"Portal Tela Portugal\",\"description\":\"\",\"potentialAction\":[{\"@type\":\"SearchAction\",\"target\":{\"@type\":\"EntryPoint\",\"urlTemplate\":\"https:\/\/portaltela.pt\/?s={search_term_string}\"},\"query-input\":{\"@type\":\"PropertyValueSpecification\",\"valueRequired\":true,\"valueName\":\"search_term_string\"}}],\"inLanguage\":\"pt-PT\"},{\"@type\":\"Person\",\"@id\":\"https:\/\/portaltela.pt\/#\/schema\/person\/c4278d4a6028830caff9ee44b42d32ed\",\"name\":\"Telinha\",\"image\":{\"@type\":\"ImageObject\",\"inLanguage\":\"pt-PT\",\"@id\":\"https:\/\/portaltela.pt\/s.01k8rhncp4jt1\/2025\/11\/talking-bot-125x125.png\",\"url\":\"https:\/\/portaltela.pt\/s.01k8rhncp4jt1\/2025\/11\/talking-bot-125x125.png\",\"contentUrl\":\"https:\/\/portaltela.pt\/s.01k8rhncp4jt1\/2025\/11\/talking-bot-125x125.png\",\"caption\":\"Telinha\"},\"sameAs\":[\"https:\/\/portaltela.pt\/\"],\"url\":\"https:\/\/portaltela.pt\/por\/367410592786\/\"}]}<\/script>\n<!-- \/ Yoast SEO plugin. -->","yoast_head_json":{"title":"Adjunto de Abel Ferreira critica o relvado de S\u00e3o Janu\u00e1rio - Portal Tela Portugal","robots":{"index":"index","follow":"follow","max-snippet":"max-snippet:-1","max-image-preview":"max-image-preview:large","max-video-preview":"max-video-preview:-1"},"og_locale":"pt_PT","og_type":"article","og_title":"Adjunto de Abel Ferreira critica o relvado de S\u00e3o Janu\u00e1rio - Portal Tela Portugal","og_description":"O adjunto Jo\u00e3o Martins apresentou o Palmeiras no jogo frente ao Vasco da Gama no est\u00e1dio de S\u00e3o Janu\u00e1rio, devido \u00e0 suspens\u00e3o de Abel Ferreira. A partida, que terminou com a primeira derrota do Palmeiras no Brasileir\u00e3o de 2026, ocorreu no est\u00e1dio do Vasco da Gama. Jo\u00e3o Martins criticou o relvado, afirmando que parecia que tinham plantado batatas debaixo do campo. As declara\u00e7\u00f5es ganharam repercuss\u00e3o r\u00e1pida nas redes sociais, principalmente entre adeptos do Palmeiras e do Vasco. A not\u00edcia ressalta que o coment\u00e1rio ficou associado ao estado do relvado durante o jogo.","og_url":"https:\/\/portaltela.pt\/noticias\/2026\/03\/13\/adjunto-de-abel-ferreira-critica-o-relvado-de-sao-januario\/","og_site_name":"Portal Tela Portugal","article_published_time":"2026-03-13T09:18:44+00:00","author":"Telinha","twitter_card":"summary_large_image","twitter_misc":{"Escrito por":"Telinha","Tempo estimado de leitura":"1 minuto"},"schema":{"@context":"https:\/\/schema.org","@graph":[{"@type":"Article","@id":"https:\/\/portaltela.pt\/noticias\/2026\/03\/13\/adjunto-de-abel-ferreira-critica-o-relvado-de-sao-januario\/#article","isPartOf":{"@id":"https:\/\/portaltela.pt\/noticias\/2026\/03\/13\/adjunto-de-abel-ferreira-critica-o-relvado-de-sao-januario\/"},"author":{"name":"Telinha","@id":"https:\/\/portaltela.pt\/#\/schema\/person\/c4278d4a6028830caff9ee44b42d32ed"},"headline":"Adjunto de Abel Ferreira critica o relvado de S\u00e3o Janu\u00e1rio","datePublished":"2026-03-13T09:18:44+00:00","mainEntityOfPage":{"@id":"https:\/\/portaltela.pt\/noticias\/2026\/03\/13\/adjunto-de-abel-ferreira-critica-o-relvado-de-sao-januario\/"},"wordCount":167,"image":{"@id":"https:\/\/portaltela.pt\/noticias\/2026\/03\/13\/adjunto-de-abel-ferreira-critica-o-relvado-de-sao-januario\/#primaryimage"},"thumbnailUrl":"https:\/\/portaltela.pt\/s.01k8rhncp4jt1\/2026\/03\/img_1200x721uu2026-03-13-09-18-01-2426629.jpg","keywords":["adeptos","campeonato brasileiro","desportivos","desporto","futebol","observa\u00e7\u00e3o"],"articleSection":["Desporto","Futebol"],"inLanguage":"pt-PT"},{"@type":"WebPage","@id":"https:\/\/portaltela.pt\/noticias\/2026\/03\/13\/adjunto-de-abel-ferreira-critica-o-relvado-de-sao-januario\/","url":"https:\/\/portaltela.pt\/noticias\/2026\/03\/13\/adjunto-de-abel-ferreira-critica-o-relvado-de-sao-januario\/","name":"Adjunto de Abel Ferreira critica o relvado de S\u00e3o Janu\u00e1rio - Portal Tela Portugal","isPartOf":{"@id":"https:\/\/portaltela.pt\/#website"},"primaryImageOfPage":{"@id":"https:\/\/portaltela.pt\/noticias\/2026\/03\/13\/adjunto-de-abel-ferreira-critica-o-relvado-de-sao-januario\/#primaryimage"},"image":{"@id":"https:\/\/portaltela.pt\/noticias\/2026\/03\/13\/adjunto-de-abel-ferreira-critica-o-relvado-de-sao-januario\/#primaryimage"},"thumbnailUrl":"https:\/\/portaltela.pt\/s.01k8rhncp4jt1\/2026\/03\/img_1200x721uu2026-03-13-09-18-01-2426629.jpg","datePublished":"2026-03-13T09:18:44+00:00","author":{"@id":"https:\/\/portaltela.pt\/#\/schema\/person\/c4278d4a6028830caff9ee44b42d32ed"},"breadcrumb":{"@id":"https:\/\/portaltela.pt\/noticias\/2026\/03\/13\/adjunto-de-abel-ferreira-critica-o-relvado-de-sao-januario\/#breadcrumb"},"inLanguage":"pt-PT","potentialAction":[{"@type":"ReadAction","target":["https:\/\/portaltela.pt\/noticias\/2026\/03\/13\/adjunto-de-abel-ferreira-critica-o-relvado-de-sao-januario\/"]}]},{"@type":"ImageObject","inLanguage":"pt-PT","@id":"https:\/\/portaltela.pt\/noticias\/2026\/03\/13\/adjunto-de-abel-ferreira-critica-o-relvado-de-sao-januario\/#primaryimage","url":"https:\/\/portaltela.pt\/s.01k8rhncp4jt1\/2026\/03\/img_1200x721uu2026-03-13-09-18-01-2426629.jpg","contentUrl":"https:\/\/portaltela.pt\/s.01k8rhncp4jt1\/2026\/03\/img_1200x721uu2026-03-13-09-18-01-2426629.jpg","width":796,"height":448,"caption":"Adjunto de Abel Ferreira critica relvado do S\u00e3o Janu\u00e1rio: \u00abParece que plantaram batatas debaixo do campo\u00bb"},{"@type":"BreadcrumbList","@id":"https:\/\/portaltela.pt\/noticias\/2026\/03\/13\/adjunto-de-abel-ferreira-critica-o-relvado-de-sao-januario\/#breadcrumb","itemListElement":[{"@type":"ListItem","position":1,"name":"In\u00edcio","item":"https:\/\/portaltela.pt\/"},{"@type":"ListItem","position":2,"name":"Adjunto de Abel Ferreira critica o relvado de S\u00e3o Janu\u00e1rio"}]},{"@type":"WebSite","@id":"https:\/\/portaltela.pt\/#website","url":"https:\/\/portaltela.pt\/","name":"Portal Tela Portugal","description":"","potentialAction":[{"@type":"SearchAction","target":{"@type":"EntryPoint","urlTemplate":"https:\/\/portaltela.pt\/?s={search_term_string}"},"query-input":{"@type":"PropertyValueSpecification","valueRequired":true,"valueName":"search_term_string"}}],"inLanguage":"pt-PT"},{"@type":"Person","@id":"https:\/\/portaltela.pt\/#\/schema\/person\/c4278d4a6028830caff9ee44b42d32ed","name":"Telinha","image":{"@type":"ImageObject","inLanguage":"pt-PT","@id":"https:\/\/portaltela.pt\/s.01k8rhncp4jt1\/2025\/11\/talking-bot-125x125.png","url":"https:\/\/portaltela.pt\/s.01k8rhncp4jt1\/2025\/11\/talking-bot-125x125.png","contentUrl":"https:\/\/portaltela.pt\/s.01k8rhncp4jt1\/2025\/11\/talking-bot-125x125.png","caption":"Telinha"},"sameAs":["https:\/\/portaltela.pt\/"],"url":"https:\/\/portaltela.pt\/por\/367410592786\/"}]}},"_links":{"self":[{"href":"https:\/\/portaltela.pt\/api\/wp\/v2\/posts\/408494","targetHints":{"allow":["GET"]}}],"collection":[{"href":"https:\/\/portaltela.pt\/api\/wp\/v2\/posts"}],"about":[{"href":"https:\/\/portaltela.pt\/api\/wp\/v2\/types\/post"}],"author":[{"embeddable":true,"href":"https:\/\/portaltela.pt\/api\/wp\/v2\/users\/2"}],"replies":[{"embeddable":true,"href":"https:\/\/portaltela.pt\/api\/wp\/v2\/comments?post=408494"}],"version-history":[{"count":0,"href":"https:\/\/portaltela.pt\/api\/wp\/v2\/posts\/408494\/revisions"}],"wp:featuredmedia":[{"embeddable":true,"href":"https:\/\/portaltela.pt\/api\/wp\/v2\/media\/408503"}],"wp:attachment":[{"href":"https:\/\/portaltela.pt\/api\/wp\/v2\/media?parent=408494"}],"wp:term":[{"taxonomy":"category","embeddable":true,"href":"https:\/\/portaltela.pt\/api\/wp\/v2\/categories?post=408494"},{"taxonomy":"post_tag","embeddable":true,"href":"https:\/\/portaltela.pt\/api\/wp\/v2\/tags?post=408494"}],"curies":[{"name":"wp","href":"https:\/\/api.w.org\/{rel}","templated":true}]}}