{"id":408492,"date":"2026-03-13T06:32:10","date_gmt":"2026-03-13T09:32:10","guid":{"rendered":"https:\/\/portaltela.pt\/noticias\/2026\/03\/13\/ue-x-de-elon-musk-propoe-ajuste-na-verificacao-para-pagar-multa-de-120-m\/"},"modified":"2026-03-13T06:32:10","modified_gmt":"2026-03-13T09:32:10","slug":"ue-x-de-elon-musk-propoe-ajuste-na-verificacao-para-pagar-multa-de-120-m","status":"publish","type":"post","link":"https:\/\/portaltela.pt\/tecnologia\/2026\/03\/13\/ue-x-de-elon-musk-propoe-ajuste-na-verificacao-para-pagar-multa-de-120-m\/","title":{"rendered":"UE: X de Elon Musk prop\u00f5e ajuste na verifica\u00e7\u00e3o para pagar multa de 120 M\u20ac"},"content":{"rendered":"<p>A Uni\u00e3o Europeia anunciou que a rede social X, de Elon Musk, aceitou alterar o sistema de verifica\u00e7\u00e3o de utilizadores na UE. A decis\u00e3o surge ap\u00f3s uma coima de 120 milh\u00f5es de euros aplicada recentemente \u00e0 plataforma pela viola\u00e7\u00e3o da Lei dos Servi\u00e7os Digitais. A altera\u00e7\u00e3o visa evitar que o visto azul crie a impress\u00e3o de fiabilidade desnecess\u00e1ria entre contas verificadas.<\/p>\n<p>Segundo o porta-voz da Comiss\u00e3o Europeia, Thomas Regnier, a X apresentou solu\u00e7\u00f5es para o sistema de verifica\u00e7\u00e3o, ap\u00f3s a san\u00e7\u00e3o de dezembro. A Bloomberg informou que as mudan\u00e7as giram em torno do processo de verifica\u00e7\u00e3o pago utilizado pela empresa desde a aquisi\u00e7\u00e3o do Twitter em 2022.<\/p>\n<p>A decis\u00e3o da UE exige que a X pague a multa ou forne\u00e7a uma garantia financeira. A medida gerou cr\u00edticas de Washington, com representantes da administra\u00e7\u00e3o de Donald Trump a alegarem censura. A Euronews Next contactou a X e a Comiss\u00e3o para obter respostas, sem sucesso at\u00e9 ao momento da publica\u00e7\u00e3o.<\/p>\n<h3>Mudan\u00e7a no sistema de verifica\u00e7\u00e3o<\/h3>\n<p>A Comiss\u00e3o Europeia sustenta que o atual modelo pode induzir utilizadores a confundir contas verificadas com entidades oficiais. Tamb\u00e9m aponta a aus\u00eancia de registo atualizado de anunciantes, o que complica a identifica\u00e7\u00e3o da origem de mensagens durante campanhas eleitorais.<\/p>\n<p>A X afirma que as altera\u00e7\u00f5es visam aumentar a clareza sobre a verifica\u00e7\u00e3o. N\u00e3o foram divulgados detalhes t\u00e9cnicos adicionais nem prazos para a implementa\u00e7\u00e3o completa. A institui\u00e7\u00e3o europeia continua a monitorizar o cumprimento da decis\u00e3o.<\/p>\n","protected":false},"excerpt":{"rendered":"<ul>\n<li>A Uni\u00e3o Europeia multou a rede social X de Elon Musk em 120 milh\u00f5es de euros por viola\u00e7\u00e3o da Lei dos Servi\u00e7os Digitais, alegando que o sistema de verifica\u00e7\u00e3o pago induz os utilizadores a crer que contas verificadas s\u00e3o fi\u00e1veis.<\/li>\n<li>Depois da multa, a X aceitou alterar o sistema de verifica\u00e7\u00e3o na Uni\u00e3o Europeia e apresentou solu\u00e7\u00f5es para o visto azul usado para confirmar contas.<\/li>\n<li>A decis\u00e3o da UE exige que a X pague a multa ou apresente uma garantia financeira.<\/li>\n<li>A medida gerou uma disputa diplom\u00e1tica entre Bruxelas e Washington, com a administra\u00e7\u00e3o norte-americana a acusar a UE de censura.<\/li>\n<li>A Euronews Next contactou a X e a Comiss\u00e3o Europeia, sem obter resposta at\u00e9 \u00e0 publica\u00e7\u00e3o.<\/li>\n<\/ul>\n","protected":false},"author":2,"featured_media":408502,"comment_status":"closed","ping_status":"closed","sticky":false,"template":"","format":"standard","meta":{"footnotes":""},"categories":[6716],"tags":[28,5547,4487,3562,2377,2055],"class_list":["post-408492","post","type-post","status-publish","format-standard","has-post-thumbnail","hentry","category-tecnologia","tag-economia","tag-informacao-internacional","tag-lei-dos-servicos-digitais","tag-privacidade","tag-regulacao-internacional","tag-uniao-europeia"],"yoast_head":"<!-- This site is optimized with the Yoast SEO plugin v27.2 - https:\/\/yoast.com\/product\/yoast-seo-wordpress\/ -->\n<title>UE: X de Elon Musk prop\u00f5e ajuste na verifica\u00e7\u00e3o para pagar multa de 120 M\u20ac - Portal Tela Portugal<\/title>\n<meta name=\"robots\" content=\"index, follow, max-snippet:-1, max-image-preview:large, max-video-preview:-1\" \/>\n<meta property=\"og:locale\" content=\"pt_PT\" \/>\n<meta property=\"og:type\" content=\"article\" \/>\n<meta property=\"og:title\" content=\"UE: X de Elon Musk prop\u00f5e ajuste na verifica\u00e7\u00e3o para pagar multa de 120 M\u20ac - Portal Tela Portugal\" \/>\n<meta property=\"og:description\" content=\"A Uni\u00e3o Europeia multou a rede social X de Elon Musk em 120 milh\u00f5es de euros por viola\u00e7\u00e3o da Lei dos Servi\u00e7os Digitais, alegando que o sistema de verifica\u00e7\u00e3o pago induz os utilizadores a crer que contas verificadas s\u00e3o fi\u00e1veis. Depois da multa, a X aceitou alterar o sistema de verifica\u00e7\u00e3o na Uni\u00e3o Europeia e apresentou solu\u00e7\u00f5es para o visto azul usado para confirmar contas. A decis\u00e3o da UE exige que a X pague a multa ou apresente uma garantia financeira. A medida gerou uma disputa diplom\u00e1tica entre Bruxelas e Washington, com a administra\u00e7\u00e3o norte-americana a acusar a UE de censura. A Euronews Next contactou a X e a Comiss\u00e3o Europeia, sem obter resposta at\u00e9 \u00e0 publica\u00e7\u00e3o.\" \/>\n<meta property=\"og:url\" content=\"https:\/\/portaltela.pt\/noticias\/2026\/03\/13\/ue-x-de-elon-musk-propoe-ajuste-na-verificacao-para-pagar-multa-de-120-m\/\" \/>\n<meta property=\"og:site_name\" content=\"Portal Tela Portugal\" \/>\n<meta property=\"article:published_time\" content=\"2026-03-13T09:32:10+00:00\" \/>\n<meta name=\"author\" content=\"Telinha\" \/>\n<meta name=\"twitter:card\" content=\"summary_large_image\" \/>\n<meta name=\"twitter:label1\" content=\"Escrito por\" \/>\n\t<meta name=\"twitter:data1\" content=\"Telinha\" \/>\n\t<meta name=\"twitter:label2\" content=\"Tempo estimado de leitura\" \/>\n\t<meta name=\"twitter:data2\" content=\"1 minuto\" \/>\n<script type=\"application\/ld+json\" class=\"yoast-schema-graph\">{\"@context\":\"https:\/\/schema.org\",\"@graph\":[{\"@type\":\"Article\",\"@id\":\"https:\/\/portaltela.pt\/noticias\/2026\/03\/13\/ue-x-de-elon-musk-propoe-ajuste-na-verificacao-para-pagar-multa-de-120-m\/#article\",\"isPartOf\":{\"@id\":\"https:\/\/portaltela.pt\/noticias\/2026\/03\/13\/ue-x-de-elon-musk-propoe-ajuste-na-verificacao-para-pagar-multa-de-120-m\/\"},\"author\":{\"name\":\"Telinha\",\"@id\":\"https:\/\/portaltela.pt\/#\/schema\/person\/c4278d4a6028830caff9ee44b42d32ed\"},\"headline\":\"UE: X de Elon Musk prop\u00f5e ajuste na verifica\u00e7\u00e3o para pagar multa de 120 M\u20ac\",\"datePublished\":\"2026-03-13T09:32:10+00:00\",\"mainEntityOfPage\":{\"@id\":\"https:\/\/portaltela.pt\/noticias\/2026\/03\/13\/ue-x-de-elon-musk-propoe-ajuste-na-verificacao-para-pagar-multa-de-120-m\/\"},\"wordCount\":287,\"image\":{\"@id\":\"https:\/\/portaltela.pt\/noticias\/2026\/03\/13\/ue-x-de-elon-musk-propoe-ajuste-na-verificacao-para-pagar-multa-de-120-m\/#primaryimage\"},\"thumbnailUrl\":\"https:\/\/portaltela.pt\/s.01k8rhncp4jt1\/2026\/03\/1536x864_cmsv2_69594c29-efa3-502b-8282-418f00f5dc69-9684478.jpg\",\"keywords\":[\"economia\",\"informa\u00e7\u00e3o internacional\",\"Lei dos Servi\u00e7os Digitais\",\"privacidade\",\"regula\u00e7\u00e3o internacional\",\"Uni\u00e3o Europeia\"],\"articleSection\":[\"Tecnologia\"],\"inLanguage\":\"pt-PT\"},{\"@type\":\"WebPage\",\"@id\":\"https:\/\/portaltela.pt\/noticias\/2026\/03\/13\/ue-x-de-elon-musk-propoe-ajuste-na-verificacao-para-pagar-multa-de-120-m\/\",\"url\":\"https:\/\/portaltela.pt\/noticias\/2026\/03\/13\/ue-x-de-elon-musk-propoe-ajuste-na-verificacao-para-pagar-multa-de-120-m\/\",\"name\":\"UE: X de Elon Musk prop\u00f5e ajuste na verifica\u00e7\u00e3o para pagar multa de 120 M\u20ac - Portal Tela Portugal\",\"isPartOf\":{\"@id\":\"https:\/\/portaltela.pt\/#website\"},\"primaryImageOfPage\":{\"@id\":\"https:\/\/portaltela.pt\/noticias\/2026\/03\/13\/ue-x-de-elon-musk-propoe-ajuste-na-verificacao-para-pagar-multa-de-120-m\/#primaryimage\"},\"image\":{\"@id\":\"https:\/\/portaltela.pt\/noticias\/2026\/03\/13\/ue-x-de-elon-musk-propoe-ajuste-na-verificacao-para-pagar-multa-de-120-m\/#primaryimage\"},\"thumbnailUrl\":\"https:\/\/portaltela.pt\/s.01k8rhncp4jt1\/2026\/03\/1536x864_cmsv2_69594c29-efa3-502b-8282-418f00f5dc69-9684478.jpg\",\"datePublished\":\"2026-03-13T09:32:10+00:00\",\"author\":{\"@id\":\"https:\/\/portaltela.pt\/#\/schema\/person\/c4278d4a6028830caff9ee44b42d32ed\"},\"breadcrumb\":{\"@id\":\"https:\/\/portaltela.pt\/noticias\/2026\/03\/13\/ue-x-de-elon-musk-propoe-ajuste-na-verificacao-para-pagar-multa-de-120-m\/#breadcrumb\"},\"inLanguage\":\"pt-PT\",\"potentialAction\":[{\"@type\":\"ReadAction\",\"target\":[\"https:\/\/portaltela.pt\/noticias\/2026\/03\/13\/ue-x-de-elon-musk-propoe-ajuste-na-verificacao-para-pagar-multa-de-120-m\/\"]}]},{\"@type\":\"ImageObject\",\"inLanguage\":\"pt-PT\",\"@id\":\"https:\/\/portaltela.pt\/noticias\/2026\/03\/13\/ue-x-de-elon-musk-propoe-ajuste-na-verificacao-para-pagar-multa-de-120-m\/#primaryimage\",\"url\":\"https:\/\/portaltela.pt\/s.01k8rhncp4jt1\/2026\/03\/1536x864_cmsv2_69594c29-efa3-502b-8282-418f00f5dc69-9684478.jpg\",\"contentUrl\":\"https:\/\/portaltela.pt\/s.01k8rhncp4jt1\/2026\/03\/1536x864_cmsv2_69594c29-efa3-502b-8282-418f00f5dc69-9684478.jpg\",\"width\":796,\"height\":448,\"caption\":\"ARQUIVO - Elon Musk participa na reuni\u00e3o anual do F\u00f3rum Econ\u00f3mico Mundial em Davos, Su\u00ed\u00e7a, 22 de janeiro de 2026\"},{\"@type\":\"BreadcrumbList\",\"@id\":\"https:\/\/portaltela.pt\/noticias\/2026\/03\/13\/ue-x-de-elon-musk-propoe-ajuste-na-verificacao-para-pagar-multa-de-120-m\/#breadcrumb\",\"itemListElement\":[{\"@type\":\"ListItem\",\"position\":1,\"name\":\"In\u00edcio\",\"item\":\"https:\/\/portaltela.pt\/\"},{\"@type\":\"ListItem\",\"position\":2,\"name\":\"UE: X de Elon Musk prop\u00f5e ajuste na verifica\u00e7\u00e3o para pagar multa de 120 M\u20ac\"}]},{\"@type\":\"WebSite\",\"@id\":\"https:\/\/portaltela.pt\/#website\",\"url\":\"https:\/\/portaltela.pt\/\",\"name\":\"Portal Tela Portugal\",\"description\":\"\",\"potentialAction\":[{\"@type\":\"SearchAction\",\"target\":{\"@type\":\"EntryPoint\",\"urlTemplate\":\"https:\/\/portaltela.pt\/?s={search_term_string}\"},\"query-input\":{\"@type\":\"PropertyValueSpecification\",\"valueRequired\":true,\"valueName\":\"search_term_string\"}}],\"inLanguage\":\"pt-PT\"},{\"@type\":\"Person\",\"@id\":\"https:\/\/portaltela.pt\/#\/schema\/person\/c4278d4a6028830caff9ee44b42d32ed\",\"name\":\"Telinha\",\"image\":{\"@type\":\"ImageObject\",\"inLanguage\":\"pt-PT\",\"@id\":\"https:\/\/portaltela.pt\/s.01k8rhncp4jt1\/2025\/11\/talking-bot-125x125.png\",\"url\":\"https:\/\/portaltela.pt\/s.01k8rhncp4jt1\/2025\/11\/talking-bot-125x125.png\",\"contentUrl\":\"https:\/\/portaltela.pt\/s.01k8rhncp4jt1\/2025\/11\/talking-bot-125x125.png\",\"caption\":\"Telinha\"},\"sameAs\":[\"https:\/\/portaltela.pt\/\"],\"url\":\"https:\/\/portaltela.pt\/por\/367410592786\/\"}]}<\/script>\n<!-- \/ Yoast SEO plugin. -->","yoast_head_json":{"title":"UE: X de Elon Musk prop\u00f5e ajuste na verifica\u00e7\u00e3o para pagar multa de 120 M\u20ac - Portal Tela Portugal","robots":{"index":"index","follow":"follow","max-snippet":"max-snippet:-1","max-image-preview":"max-image-preview:large","max-video-preview":"max-video-preview:-1"},"og_locale":"pt_PT","og_type":"article","og_title":"UE: X de Elon Musk prop\u00f5e ajuste na verifica\u00e7\u00e3o para pagar multa de 120 M\u20ac - Portal Tela Portugal","og_description":"A Uni\u00e3o Europeia multou a rede social X de Elon Musk em 120 milh\u00f5es de euros por viola\u00e7\u00e3o da Lei dos Servi\u00e7os Digitais, alegando que o sistema de verifica\u00e7\u00e3o pago induz os utilizadores a crer que contas verificadas s\u00e3o fi\u00e1veis. Depois da multa, a X aceitou alterar o sistema de verifica\u00e7\u00e3o na Uni\u00e3o Europeia e apresentou solu\u00e7\u00f5es para o visto azul usado para confirmar contas. A decis\u00e3o da UE exige que a X pague a multa ou apresente uma garantia financeira. A medida gerou uma disputa diplom\u00e1tica entre Bruxelas e Washington, com a administra\u00e7\u00e3o norte-americana a acusar a UE de censura. A Euronews Next contactou a X e a Comiss\u00e3o Europeia, sem obter resposta at\u00e9 \u00e0 publica\u00e7\u00e3o.","og_url":"https:\/\/portaltela.pt\/noticias\/2026\/03\/13\/ue-x-de-elon-musk-propoe-ajuste-na-verificacao-para-pagar-multa-de-120-m\/","og_site_name":"Portal Tela Portugal","article_published_time":"2026-03-13T09:32:10+00:00","author":"Telinha","twitter_card":"summary_large_image","twitter_misc":{"Escrito por":"Telinha","Tempo estimado de leitura":"1 minuto"},"schema":{"@context":"https:\/\/schema.org","@graph":[{"@type":"Article","@id":"https:\/\/portaltela.pt\/noticias\/2026\/03\/13\/ue-x-de-elon-musk-propoe-ajuste-na-verificacao-para-pagar-multa-de-120-m\/#article","isPartOf":{"@id":"https:\/\/portaltela.pt\/noticias\/2026\/03\/13\/ue-x-de-elon-musk-propoe-ajuste-na-verificacao-para-pagar-multa-de-120-m\/"},"author":{"name":"Telinha","@id":"https:\/\/portaltela.pt\/#\/schema\/person\/c4278d4a6028830caff9ee44b42d32ed"},"headline":"UE: X de Elon Musk prop\u00f5e ajuste na verifica\u00e7\u00e3o para pagar multa de 120 M\u20ac","datePublished":"2026-03-13T09:32:10+00:00","mainEntityOfPage":{"@id":"https:\/\/portaltela.pt\/noticias\/2026\/03\/13\/ue-x-de-elon-musk-propoe-ajuste-na-verificacao-para-pagar-multa-de-120-m\/"},"wordCount":287,"image":{"@id":"https:\/\/portaltela.pt\/noticias\/2026\/03\/13\/ue-x-de-elon-musk-propoe-ajuste-na-verificacao-para-pagar-multa-de-120-m\/#primaryimage"},"thumbnailUrl":"https:\/\/portaltela.pt\/s.01k8rhncp4jt1\/2026\/03\/1536x864_cmsv2_69594c29-efa3-502b-8282-418f00f5dc69-9684478.jpg","keywords":["economia","informa\u00e7\u00e3o internacional","Lei dos Servi\u00e7os Digitais","privacidade","regula\u00e7\u00e3o internacional","Uni\u00e3o Europeia"],"articleSection":["Tecnologia"],"inLanguage":"pt-PT"},{"@type":"WebPage","@id":"https:\/\/portaltela.pt\/noticias\/2026\/03\/13\/ue-x-de-elon-musk-propoe-ajuste-na-verificacao-para-pagar-multa-de-120-m\/","url":"https:\/\/portaltela.pt\/noticias\/2026\/03\/13\/ue-x-de-elon-musk-propoe-ajuste-na-verificacao-para-pagar-multa-de-120-m\/","name":"UE: X de Elon Musk prop\u00f5e ajuste na verifica\u00e7\u00e3o para pagar multa de 120 M\u20ac - Portal Tela Portugal","isPartOf":{"@id":"https:\/\/portaltela.pt\/#website"},"primaryImageOfPage":{"@id":"https:\/\/portaltela.pt\/noticias\/2026\/03\/13\/ue-x-de-elon-musk-propoe-ajuste-na-verificacao-para-pagar-multa-de-120-m\/#primaryimage"},"image":{"@id":"https:\/\/portaltela.pt\/noticias\/2026\/03\/13\/ue-x-de-elon-musk-propoe-ajuste-na-verificacao-para-pagar-multa-de-120-m\/#primaryimage"},"thumbnailUrl":"https:\/\/portaltela.pt\/s.01k8rhncp4jt1\/2026\/03\/1536x864_cmsv2_69594c29-efa3-502b-8282-418f00f5dc69-9684478.jpg","datePublished":"2026-03-13T09:32:10+00:00","author":{"@id":"https:\/\/portaltela.pt\/#\/schema\/person\/c4278d4a6028830caff9ee44b42d32ed"},"breadcrumb":{"@id":"https:\/\/portaltela.pt\/noticias\/2026\/03\/13\/ue-x-de-elon-musk-propoe-ajuste-na-verificacao-para-pagar-multa-de-120-m\/#breadcrumb"},"inLanguage":"pt-PT","potentialAction":[{"@type":"ReadAction","target":["https:\/\/portaltela.pt\/noticias\/2026\/03\/13\/ue-x-de-elon-musk-propoe-ajuste-na-verificacao-para-pagar-multa-de-120-m\/"]}]},{"@type":"ImageObject","inLanguage":"pt-PT","@id":"https:\/\/portaltela.pt\/noticias\/2026\/03\/13\/ue-x-de-elon-musk-propoe-ajuste-na-verificacao-para-pagar-multa-de-120-m\/#primaryimage","url":"https:\/\/portaltela.pt\/s.01k8rhncp4jt1\/2026\/03\/1536x864_cmsv2_69594c29-efa3-502b-8282-418f00f5dc69-9684478.jpg","contentUrl":"https:\/\/portaltela.pt\/s.01k8rhncp4jt1\/2026\/03\/1536x864_cmsv2_69594c29-efa3-502b-8282-418f00f5dc69-9684478.jpg","width":796,"height":448,"caption":"ARQUIVO - Elon Musk participa na reuni\u00e3o anual do F\u00f3rum Econ\u00f3mico Mundial em Davos, Su\u00ed\u00e7a, 22 de janeiro de 2026"},{"@type":"BreadcrumbList","@id":"https:\/\/portaltela.pt\/noticias\/2026\/03\/13\/ue-x-de-elon-musk-propoe-ajuste-na-verificacao-para-pagar-multa-de-120-m\/#breadcrumb","itemListElement":[{"@type":"ListItem","position":1,"name":"In\u00edcio","item":"https:\/\/portaltela.pt\/"},{"@type":"ListItem","position":2,"name":"UE: X de Elon Musk prop\u00f5e ajuste na verifica\u00e7\u00e3o para pagar multa de 120 M\u20ac"}]},{"@type":"WebSite","@id":"https:\/\/portaltela.pt\/#website","url":"https:\/\/portaltela.pt\/","name":"Portal Tela Portugal","description":"","potentialAction":[{"@type":"SearchAction","target":{"@type":"EntryPoint","urlTemplate":"https:\/\/portaltela.pt\/?s={search_term_string}"},"query-input":{"@type":"PropertyValueSpecification","valueRequired":true,"valueName":"search_term_string"}}],"inLanguage":"pt-PT"},{"@type":"Person","@id":"https:\/\/portaltela.pt\/#\/schema\/person\/c4278d4a6028830caff9ee44b42d32ed","name":"Telinha","image":{"@type":"ImageObject","inLanguage":"pt-PT","@id":"https:\/\/portaltela.pt\/s.01k8rhncp4jt1\/2025\/11\/talking-bot-125x125.png","url":"https:\/\/portaltela.pt\/s.01k8rhncp4jt1\/2025\/11\/talking-bot-125x125.png","contentUrl":"https:\/\/portaltela.pt\/s.01k8rhncp4jt1\/2025\/11\/talking-bot-125x125.png","caption":"Telinha"},"sameAs":["https:\/\/portaltela.pt\/"],"url":"https:\/\/portaltela.pt\/por\/367410592786\/"}]}},"_links":{"self":[{"href":"https:\/\/portaltela.pt\/api\/wp\/v2\/posts\/408492","targetHints":{"allow":["GET"]}}],"collection":[{"href":"https:\/\/portaltela.pt\/api\/wp\/v2\/posts"}],"about":[{"href":"https:\/\/portaltela.pt\/api\/wp\/v2\/types\/post"}],"author":[{"embeddable":true,"href":"https:\/\/portaltela.pt\/api\/wp\/v2\/users\/2"}],"replies":[{"embeddable":true,"href":"https:\/\/portaltela.pt\/api\/wp\/v2\/comments?post=408492"}],"version-history":[{"count":0,"href":"https:\/\/portaltela.pt\/api\/wp\/v2\/posts\/408492\/revisions"}],"wp:featuredmedia":[{"embeddable":true,"href":"https:\/\/portaltela.pt\/api\/wp\/v2\/media\/408502"}],"wp:attachment":[{"href":"https:\/\/portaltela.pt\/api\/wp\/v2\/media?parent=408492"}],"wp:term":[{"taxonomy":"category","embeddable":true,"href":"https:\/\/portaltela.pt\/api\/wp\/v2\/categories?post=408492"},{"taxonomy":"post_tag","embeddable":true,"href":"https:\/\/portaltela.pt\/api\/wp\/v2\/tags?post=408492"}],"curies":[{"name":"wp","href":"https:\/\/api.w.org\/{rel}","templated":true}]}}