{"id":408488,"date":"2026-03-13T06:18:35","date_gmt":"2026-03-13T09:18:35","guid":{"rendered":"https:\/\/portaltela.pt\/noticias\/2026\/03\/13\/mourinho-pretendia-provocar-o-banco-do-fc-porto-diz-nuno-encarnacao\/"},"modified":"2026-03-13T06:18:35","modified_gmt":"2026-03-13T09:18:35","slug":"mourinho-pretendia-provocar-o-banco-do-fc-porto-diz-nuno-encarnacao","status":"publish","type":"post","link":"https:\/\/portaltela.pt\/desporto\/futebol\/2026\/03\/13\/mourinho-pretendia-provocar-o-banco-do-fc-porto-diz-nuno-encarnacao\/","title":{"rendered":"Mourinho pretendia provocar o banco do FC Porto, diz Nuno Encarna\u00e7\u00e3o"},"content":{"rendered":"<p>Jos\u00e9 Mourinho foi suspenso por um jogo de castigo e por 11 dias no total, ap\u00f3s o cl\u00e1ssico entre Benfica e FC Porto. A decis\u00e3o foi publicada pelo Conselho de Disciplina da Federa\u00e7\u00e3o Portuguesa de Futebol na quinta-feira.<\/p>\n<p>Segundo o mapa de castigos, o treinador do Benfica fica impedido de atuar por um jogo devido ao cart\u00e3o vermelho observado nesse encontro, depois de pontapear uma bola na dire\u00e7\u00e3o da bancada ap\u00f3s o golo do empate a dois.<\/p>\n<p>Al\u00e9m disso, a mesma decis\u00e3o aplica 11 dias de suspens\u00e3o por causa da alterca\u00e7\u00e3o com Lucho Gonz\u00e1lez, ocorrida ap\u00f3s a expuls\u00e3o. A medida visa regularizar a conduta do treinador no per\u00edodo disciplinar definido.<\/p>\n<h3>Decis\u00e3o do Conselho de Disciplina<\/h3>\n<ul>\n<li>O que aconteceu: expuls\u00e3o de Mourinho no cl\u00e1ssico Benfica vs FC Porto.<\/li>\n<li>Quem est\u00e1 envolvido: Jos\u00e9 Mourinho, Lucho Gonz\u00e1lez e o clube Benfica.<\/li>\n<li>Quando: an\u00fancio na quinta-feira; puni\u00e7\u00f5es aplicadas ao per\u00edodo seguinte ao jogo.<\/li>\n<li>Onde: no contexto do cl\u00e1ssico disputado entre as duas equipes em Portugal.<\/li>\n<li>Por qu\u00ea: cumprimento de san\u00e7\u00f5es por comportamento durante e ap\u00f3s a partida.<\/li>\n<\/ul>\n","protected":false},"excerpt":{"rendered":"<ul>\n<li>Jos\u00e9 Mourinho foi suspenso por um jogo de castigo pelo cart\u00e3o vermelho visto no cl\u00e1ssico entre Benfica e FC Porto.<\/li>\n<li>Al\u00e9m disso, o treinador benfiquista fica obrigado a cumprir 11 dias de suspens\u00e3o devido \u00e0 alterca\u00e7\u00e3o com Lucho Gonz\u00e1lez ap\u00f3s a expuls\u00e3o.<\/li>\n<li>O an\u00fancio foi feito pelo Conselho de Disciplina da Federa\u00e7\u00e3o Portuguesa de Futebol, no mapa de castigos divulgado nesta quinta-feira.<\/li>\n<li>A san\u00e7\u00e3o ao treinador resulta da resposta com pontapear a bola na dire\u00e7\u00e3o da bancada ap\u00f3s o golo do empate a dois.<\/li>\n<\/ul>\n","protected":false},"author":2,"featured_media":408491,"comment_status":"closed","ping_status":"closed","sticky":false,"template":"","format":"standard","meta":{"footnotes":""},"categories":[21,24],"tags":[1946,6698,2028,32,6929,6697],"class_list":["post-408488","post","type-post","status-publish","format-standard","has-post-thumbnail","hentry","category-desporto","category-futebol","tag-benfica","tag-conselho-de-disciplina","tag-fc-porto","tag-futebol","tag-lucho-gonzalez","tag-punicoes"],"yoast_head":"<!-- This site is optimized with the Yoast SEO plugin v27.2 - https:\/\/yoast.com\/product\/yoast-seo-wordpress\/ -->\n<title>Mourinho pretendia provocar o banco do FC Porto, diz Nuno Encarna\u00e7\u00e3o - Portal Tela Portugal<\/title>\n<meta name=\"robots\" content=\"index, follow, max-snippet:-1, max-image-preview:large, max-video-preview:-1\" \/>\n<meta property=\"og:locale\" content=\"pt_PT\" \/>\n<meta property=\"og:type\" content=\"article\" \/>\n<meta property=\"og:title\" content=\"Mourinho pretendia provocar o banco do FC Porto, diz Nuno Encarna\u00e7\u00e3o - Portal Tela Portugal\" \/>\n<meta property=\"og:description\" content=\"Jos\u00e9 Mourinho foi suspenso por um jogo de castigo pelo cart\u00e3o vermelho visto no cl\u00e1ssico entre Benfica e FC Porto. Al\u00e9m disso, o treinador benfiquista fica obrigado a cumprir 11 dias de suspens\u00e3o devido \u00e0 alterca\u00e7\u00e3o com Lucho Gonz\u00e1lez ap\u00f3s a expuls\u00e3o. O an\u00fancio foi feito pelo Conselho de Disciplina da Federa\u00e7\u00e3o Portuguesa de Futebol, no mapa de castigos divulgado nesta quinta-feira. A san\u00e7\u00e3o ao treinador resulta da resposta com pontapear a bola na dire\u00e7\u00e3o da bancada ap\u00f3s o golo do empate a dois.\" \/>\n<meta property=\"og:url\" content=\"https:\/\/portaltela.pt\/noticias\/2026\/03\/13\/mourinho-pretendia-provocar-o-banco-do-fc-porto-diz-nuno-encarnacao\/\" \/>\n<meta property=\"og:site_name\" content=\"Portal Tela Portugal\" \/>\n<meta property=\"article:published_time\" content=\"2026-03-13T09:18:35+00:00\" \/>\n<meta name=\"author\" content=\"Telinha\" \/>\n<meta name=\"twitter:card\" content=\"summary_large_image\" \/>\n<meta name=\"twitter:label1\" content=\"Escrito por\" \/>\n\t<meta name=\"twitter:data1\" content=\"Telinha\" \/>\n\t<meta name=\"twitter:label2\" content=\"Tempo estimado de leitura\" \/>\n\t<meta name=\"twitter:data2\" content=\"1 minuto\" \/>\n<script type=\"application\/ld+json\" class=\"yoast-schema-graph\">{\"@context\":\"https:\/\/schema.org\",\"@graph\":[{\"@type\":\"Article\",\"@id\":\"https:\/\/portaltela.pt\/noticias\/2026\/03\/13\/mourinho-pretendia-provocar-o-banco-do-fc-porto-diz-nuno-encarnacao\/#article\",\"isPartOf\":{\"@id\":\"https:\/\/portaltela.pt\/noticias\/2026\/03\/13\/mourinho-pretendia-provocar-o-banco-do-fc-porto-diz-nuno-encarnacao\/\"},\"author\":{\"name\":\"Telinha\",\"@id\":\"https:\/\/portaltela.pt\/#\/schema\/person\/c4278d4a6028830caff9ee44b42d32ed\"},\"headline\":\"Mourinho pretendia provocar o banco do FC Porto, diz Nuno Encarna\u00e7\u00e3o\",\"datePublished\":\"2026-03-13T09:18:35+00:00\",\"mainEntityOfPage\":{\"@id\":\"https:\/\/portaltela.pt\/noticias\/2026\/03\/13\/mourinho-pretendia-provocar-o-banco-do-fc-porto-diz-nuno-encarnacao\/\"},\"wordCount\":208,\"image\":{\"@id\":\"https:\/\/portaltela.pt\/noticias\/2026\/03\/13\/mourinho-pretendia-provocar-o-banco-do-fc-porto-diz-nuno-encarnacao\/#primaryimage\"},\"thumbnailUrl\":\"https:\/\/portaltela.pt\/s.01k8rhncp4jt1\/2026\/03\/img_1200x721uu2026-03-13-09-13-15-2426628.jpg\",\"keywords\":[\"Benfica\",\"Conselho de Disciplina\",\"FC Porto\",\"futebol\",\"Lucho Gonz\u00e1lez\",\"puni\u00e7\u00f5es\"],\"articleSection\":[\"Desporto\",\"Futebol\"],\"inLanguage\":\"pt-PT\"},{\"@type\":\"WebPage\",\"@id\":\"https:\/\/portaltela.pt\/noticias\/2026\/03\/13\/mourinho-pretendia-provocar-o-banco-do-fc-porto-diz-nuno-encarnacao\/\",\"url\":\"https:\/\/portaltela.pt\/noticias\/2026\/03\/13\/mourinho-pretendia-provocar-o-banco-do-fc-porto-diz-nuno-encarnacao\/\",\"name\":\"Mourinho pretendia provocar o banco do FC Porto, diz Nuno Encarna\u00e7\u00e3o - Portal Tela Portugal\",\"isPartOf\":{\"@id\":\"https:\/\/portaltela.pt\/#website\"},\"primaryImageOfPage\":{\"@id\":\"https:\/\/portaltela.pt\/noticias\/2026\/03\/13\/mourinho-pretendia-provocar-o-banco-do-fc-porto-diz-nuno-encarnacao\/#primaryimage\"},\"image\":{\"@id\":\"https:\/\/portaltela.pt\/noticias\/2026\/03\/13\/mourinho-pretendia-provocar-o-banco-do-fc-porto-diz-nuno-encarnacao\/#primaryimage\"},\"thumbnailUrl\":\"https:\/\/portaltela.pt\/s.01k8rhncp4jt1\/2026\/03\/img_1200x721uu2026-03-13-09-13-15-2426628.jpg\",\"datePublished\":\"2026-03-13T09:18:35+00:00\",\"author\":{\"@id\":\"https:\/\/portaltela.pt\/#\/schema\/person\/c4278d4a6028830caff9ee44b42d32ed\"},\"breadcrumb\":{\"@id\":\"https:\/\/portaltela.pt\/noticias\/2026\/03\/13\/mourinho-pretendia-provocar-o-banco-do-fc-porto-diz-nuno-encarnacao\/#breadcrumb\"},\"inLanguage\":\"pt-PT\",\"potentialAction\":[{\"@type\":\"ReadAction\",\"target\":[\"https:\/\/portaltela.pt\/noticias\/2026\/03\/13\/mourinho-pretendia-provocar-o-banco-do-fc-porto-diz-nuno-encarnacao\/\"]}]},{\"@type\":\"ImageObject\",\"inLanguage\":\"pt-PT\",\"@id\":\"https:\/\/portaltela.pt\/noticias\/2026\/03\/13\/mourinho-pretendia-provocar-o-banco-do-fc-porto-diz-nuno-encarnacao\/#primaryimage\",\"url\":\"https:\/\/portaltela.pt\/s.01k8rhncp4jt1\/2026\/03\/img_1200x721uu2026-03-13-09-13-15-2426628.jpg\",\"contentUrl\":\"https:\/\/portaltela.pt\/s.01k8rhncp4jt1\/2026\/03\/img_1200x721uu2026-03-13-09-13-15-2426628.jpg\",\"width\":796,\"height\":448,\"caption\":\"Photo\"},{\"@type\":\"BreadcrumbList\",\"@id\":\"https:\/\/portaltela.pt\/noticias\/2026\/03\/13\/mourinho-pretendia-provocar-o-banco-do-fc-porto-diz-nuno-encarnacao\/#breadcrumb\",\"itemListElement\":[{\"@type\":\"ListItem\",\"position\":1,\"name\":\"In\u00edcio\",\"item\":\"https:\/\/portaltela.pt\/\"},{\"@type\":\"ListItem\",\"position\":2,\"name\":\"Mourinho pretendia provocar o banco do FC Porto, diz Nuno Encarna\u00e7\u00e3o\"}]},{\"@type\":\"WebSite\",\"@id\":\"https:\/\/portaltela.pt\/#website\",\"url\":\"https:\/\/portaltela.pt\/\",\"name\":\"Portal Tela Portugal\",\"description\":\"\",\"potentialAction\":[{\"@type\":\"SearchAction\",\"target\":{\"@type\":\"EntryPoint\",\"urlTemplate\":\"https:\/\/portaltela.pt\/?s={search_term_string}\"},\"query-input\":{\"@type\":\"PropertyValueSpecification\",\"valueRequired\":true,\"valueName\":\"search_term_string\"}}],\"inLanguage\":\"pt-PT\"},{\"@type\":\"Person\",\"@id\":\"https:\/\/portaltela.pt\/#\/schema\/person\/c4278d4a6028830caff9ee44b42d32ed\",\"name\":\"Telinha\",\"image\":{\"@type\":\"ImageObject\",\"inLanguage\":\"pt-PT\",\"@id\":\"https:\/\/portaltela.pt\/s.01k8rhncp4jt1\/2025\/11\/talking-bot-125x125.png\",\"url\":\"https:\/\/portaltela.pt\/s.01k8rhncp4jt1\/2025\/11\/talking-bot-125x125.png\",\"contentUrl\":\"https:\/\/portaltela.pt\/s.01k8rhncp4jt1\/2025\/11\/talking-bot-125x125.png\",\"caption\":\"Telinha\"},\"sameAs\":[\"https:\/\/portaltela.pt\/\"],\"url\":\"https:\/\/portaltela.pt\/por\/367410592786\/\"}]}<\/script>\n<!-- \/ Yoast SEO plugin. -->","yoast_head_json":{"title":"Mourinho pretendia provocar o banco do FC Porto, diz Nuno Encarna\u00e7\u00e3o - Portal Tela Portugal","robots":{"index":"index","follow":"follow","max-snippet":"max-snippet:-1","max-image-preview":"max-image-preview:large","max-video-preview":"max-video-preview:-1"},"og_locale":"pt_PT","og_type":"article","og_title":"Mourinho pretendia provocar o banco do FC Porto, diz Nuno Encarna\u00e7\u00e3o - Portal Tela Portugal","og_description":"Jos\u00e9 Mourinho foi suspenso por um jogo de castigo pelo cart\u00e3o vermelho visto no cl\u00e1ssico entre Benfica e FC Porto. Al\u00e9m disso, o treinador benfiquista fica obrigado a cumprir 11 dias de suspens\u00e3o devido \u00e0 alterca\u00e7\u00e3o com Lucho Gonz\u00e1lez ap\u00f3s a expuls\u00e3o. O an\u00fancio foi feito pelo Conselho de Disciplina da Federa\u00e7\u00e3o Portuguesa de Futebol, no mapa de castigos divulgado nesta quinta-feira. A san\u00e7\u00e3o ao treinador resulta da resposta com pontapear a bola na dire\u00e7\u00e3o da bancada ap\u00f3s o golo do empate a dois.","og_url":"https:\/\/portaltela.pt\/noticias\/2026\/03\/13\/mourinho-pretendia-provocar-o-banco-do-fc-porto-diz-nuno-encarnacao\/","og_site_name":"Portal Tela Portugal","article_published_time":"2026-03-13T09:18:35+00:00","author":"Telinha","twitter_card":"summary_large_image","twitter_misc":{"Escrito por":"Telinha","Tempo estimado de leitura":"1 minuto"},"schema":{"@context":"https:\/\/schema.org","@graph":[{"@type":"Article","@id":"https:\/\/portaltela.pt\/noticias\/2026\/03\/13\/mourinho-pretendia-provocar-o-banco-do-fc-porto-diz-nuno-encarnacao\/#article","isPartOf":{"@id":"https:\/\/portaltela.pt\/noticias\/2026\/03\/13\/mourinho-pretendia-provocar-o-banco-do-fc-porto-diz-nuno-encarnacao\/"},"author":{"name":"Telinha","@id":"https:\/\/portaltela.pt\/#\/schema\/person\/c4278d4a6028830caff9ee44b42d32ed"},"headline":"Mourinho pretendia provocar o banco do FC Porto, diz Nuno Encarna\u00e7\u00e3o","datePublished":"2026-03-13T09:18:35+00:00","mainEntityOfPage":{"@id":"https:\/\/portaltela.pt\/noticias\/2026\/03\/13\/mourinho-pretendia-provocar-o-banco-do-fc-porto-diz-nuno-encarnacao\/"},"wordCount":208,"image":{"@id":"https:\/\/portaltela.pt\/noticias\/2026\/03\/13\/mourinho-pretendia-provocar-o-banco-do-fc-porto-diz-nuno-encarnacao\/#primaryimage"},"thumbnailUrl":"https:\/\/portaltela.pt\/s.01k8rhncp4jt1\/2026\/03\/img_1200x721uu2026-03-13-09-13-15-2426628.jpg","keywords":["Benfica","Conselho de Disciplina","FC Porto","futebol","Lucho Gonz\u00e1lez","puni\u00e7\u00f5es"],"articleSection":["Desporto","Futebol"],"inLanguage":"pt-PT"},{"@type":"WebPage","@id":"https:\/\/portaltela.pt\/noticias\/2026\/03\/13\/mourinho-pretendia-provocar-o-banco-do-fc-porto-diz-nuno-encarnacao\/","url":"https:\/\/portaltela.pt\/noticias\/2026\/03\/13\/mourinho-pretendia-provocar-o-banco-do-fc-porto-diz-nuno-encarnacao\/","name":"Mourinho pretendia provocar o banco do FC Porto, diz Nuno Encarna\u00e7\u00e3o - Portal Tela Portugal","isPartOf":{"@id":"https:\/\/portaltela.pt\/#website"},"primaryImageOfPage":{"@id":"https:\/\/portaltela.pt\/noticias\/2026\/03\/13\/mourinho-pretendia-provocar-o-banco-do-fc-porto-diz-nuno-encarnacao\/#primaryimage"},"image":{"@id":"https:\/\/portaltela.pt\/noticias\/2026\/03\/13\/mourinho-pretendia-provocar-o-banco-do-fc-porto-diz-nuno-encarnacao\/#primaryimage"},"thumbnailUrl":"https:\/\/portaltela.pt\/s.01k8rhncp4jt1\/2026\/03\/img_1200x721uu2026-03-13-09-13-15-2426628.jpg","datePublished":"2026-03-13T09:18:35+00:00","author":{"@id":"https:\/\/portaltela.pt\/#\/schema\/person\/c4278d4a6028830caff9ee44b42d32ed"},"breadcrumb":{"@id":"https:\/\/portaltela.pt\/noticias\/2026\/03\/13\/mourinho-pretendia-provocar-o-banco-do-fc-porto-diz-nuno-encarnacao\/#breadcrumb"},"inLanguage":"pt-PT","potentialAction":[{"@type":"ReadAction","target":["https:\/\/portaltela.pt\/noticias\/2026\/03\/13\/mourinho-pretendia-provocar-o-banco-do-fc-porto-diz-nuno-encarnacao\/"]}]},{"@type":"ImageObject","inLanguage":"pt-PT","@id":"https:\/\/portaltela.pt\/noticias\/2026\/03\/13\/mourinho-pretendia-provocar-o-banco-do-fc-porto-diz-nuno-encarnacao\/#primaryimage","url":"https:\/\/portaltela.pt\/s.01k8rhncp4jt1\/2026\/03\/img_1200x721uu2026-03-13-09-13-15-2426628.jpg","contentUrl":"https:\/\/portaltela.pt\/s.01k8rhncp4jt1\/2026\/03\/img_1200x721uu2026-03-13-09-13-15-2426628.jpg","width":796,"height":448,"caption":"Photo"},{"@type":"BreadcrumbList","@id":"https:\/\/portaltela.pt\/noticias\/2026\/03\/13\/mourinho-pretendia-provocar-o-banco-do-fc-porto-diz-nuno-encarnacao\/#breadcrumb","itemListElement":[{"@type":"ListItem","position":1,"name":"In\u00edcio","item":"https:\/\/portaltela.pt\/"},{"@type":"ListItem","position":2,"name":"Mourinho pretendia provocar o banco do FC Porto, diz Nuno Encarna\u00e7\u00e3o"}]},{"@type":"WebSite","@id":"https:\/\/portaltela.pt\/#website","url":"https:\/\/portaltela.pt\/","name":"Portal Tela Portugal","description":"","potentialAction":[{"@type":"SearchAction","target":{"@type":"EntryPoint","urlTemplate":"https:\/\/portaltela.pt\/?s={search_term_string}"},"query-input":{"@type":"PropertyValueSpecification","valueRequired":true,"valueName":"search_term_string"}}],"inLanguage":"pt-PT"},{"@type":"Person","@id":"https:\/\/portaltela.pt\/#\/schema\/person\/c4278d4a6028830caff9ee44b42d32ed","name":"Telinha","image":{"@type":"ImageObject","inLanguage":"pt-PT","@id":"https:\/\/portaltela.pt\/s.01k8rhncp4jt1\/2025\/11\/talking-bot-125x125.png","url":"https:\/\/portaltela.pt\/s.01k8rhncp4jt1\/2025\/11\/talking-bot-125x125.png","contentUrl":"https:\/\/portaltela.pt\/s.01k8rhncp4jt1\/2025\/11\/talking-bot-125x125.png","caption":"Telinha"},"sameAs":["https:\/\/portaltela.pt\/"],"url":"https:\/\/portaltela.pt\/por\/367410592786\/"}]}},"_links":{"self":[{"href":"https:\/\/portaltela.pt\/api\/wp\/v2\/posts\/408488","targetHints":{"allow":["GET"]}}],"collection":[{"href":"https:\/\/portaltela.pt\/api\/wp\/v2\/posts"}],"about":[{"href":"https:\/\/portaltela.pt\/api\/wp\/v2\/types\/post"}],"author":[{"embeddable":true,"href":"https:\/\/portaltela.pt\/api\/wp\/v2\/users\/2"}],"replies":[{"embeddable":true,"href":"https:\/\/portaltela.pt\/api\/wp\/v2\/comments?post=408488"}],"version-history":[{"count":0,"href":"https:\/\/portaltela.pt\/api\/wp\/v2\/posts\/408488\/revisions"}],"wp:featuredmedia":[{"embeddable":true,"href":"https:\/\/portaltela.pt\/api\/wp\/v2\/media\/408491"}],"wp:attachment":[{"href":"https:\/\/portaltela.pt\/api\/wp\/v2\/media?parent=408488"}],"wp:term":[{"taxonomy":"category","embeddable":true,"href":"https:\/\/portaltela.pt\/api\/wp\/v2\/categories?post=408488"},{"taxonomy":"post_tag","embeddable":true,"href":"https:\/\/portaltela.pt\/api\/wp\/v2\/tags?post=408488"}],"curies":[{"name":"wp","href":"https:\/\/api.w.org\/{rel}","templated":true}]}}