{"id":408482,"date":"2026-03-13T06:00:00","date_gmt":"2026-03-13T09:00:00","guid":{"rendered":"https:\/\/portaltela.pt\/noticias\/2026\/03\/13\/desigualdades-na-literacia-alimentar-afetam-idosos-e-familias-carenciadas-2\/"},"modified":"2026-03-13T06:00:00","modified_gmt":"2026-03-13T09:00:00","slug":"desigualdades-na-literacia-alimentar-afetam-idosos-e-familias-carenciadas-2","status":"publish","type":"post","link":"https:\/\/portaltela.pt\/noticias\/2026\/03\/13\/desigualdades-na-literacia-alimentar-afetam-idosos-e-familias-carenciadas-2\/","title":{"rendered":"Desigualdades na literacia alimentar afetam idosos e fam\u00edlias carenciadas"},"content":{"rendered":"<p>A literacia alimentar em Portugal mant\u00e9m desigualdades relevantes, aponta um estudo da Associa\u00e7\u00e3o Portuguesa de Nutri\u00e7\u00e3o (APN). O relat\u00f3rio analisa o n\u00edvel de compreens\u00e3o e aplica\u00e7\u00e3o de informa\u00e7\u00e3o nutricional pela popula\u00e7\u00e3o adulta.<\/p>\n<p>O Estudo Nacional de Avalia\u00e7\u00e3o da Literacia Alimentar em Adulto aponta um score global de 57,5%. Apesar do f\u00e1cil acesso \u00e0 informa\u00e7\u00e3o, persiste a dificuldade em transformar o conhecimento em escolhas alimentares equilibradas.<\/p>\n<p>A APN sublinha que jovens adultos, pessoas empregadas e agregados com rendimentos acima da m\u00e9dia apresentam n\u00edveis mais elevados de literacia alimentar, contrastando com idosos, desempregados e fam\u00edlias com rendimentos insuficientes.<\/p>\n<h3>Desigualdades entre grupos<\/h3>\n<p>Distinguem-se diferen\u00e7as significativas entre grupos et\u00e1rios e econ\u00f3micos, com impacto direto na capacidade de aceder, compreender, avaliar e aplicar o conhecimento sobre alimenta\u00e7\u00e3o.<\/p>\n<p>A an\u00e1lise revela ainda que, embora haja facilidade em entender r\u00f3tulos, datas de validade e recomenda\u00e7\u00f5es, a transposi\u00e7\u00e3o desse conhecimento para decis\u00f5es di\u00e1rias continua a ser um desafio.<\/p>\n<p>Dificuldades aparecem em avaliar selos nutricionais, compreender alega\u00e7\u00f5es, identificar al\u00e9rgenos e escolher alimentos mais equilibrados ou adaptar receitas, conforme a APN.<\/p>\n<h3>Consumo e impacto<\/h3>\n<p>A \u00e1rea de Consumo surge como a com menor score, 54,7%, indicando dificuldades em perceber o impacto social, econ\u00f3mico e ambiental das escolhas alimentares.<\/p>\n<p>Perceber o efeito das op\u00e7\u00f5es na biodiversidade e aceder a informa\u00e7\u00e3o que ajude a alterar h\u00e1bitos s\u00e3o outros pontos problem\u00e1ticos identificados pelo estudo.<\/p>\n<p>A APN conclui que \u00e9 preciso traduzir informa\u00e7\u00e3o complexa em decis\u00f5es simples e promover linguagem pr\u00e1tica para sustentabilidade alimentar, bem como criar oportunidades e ferramentas para capacitar a popula\u00e7\u00e3o.<\/p>\n<p>O estudo, apoiado pelo Continente e realizado pela Pitag\u00f3rica, decorreu entre 16 e 24 de outubro de 2025. A amostra foi de 1.000 adultos em Portugal continental e ilhas, com margem de erro de cerca de 3,2% e n\u00edvel de confian\u00e7a de 95,5%.<\/p>\n","protected":false},"excerpt":{"rendered":"<ul>\n<li>O estudo da Associa\u00e7\u00e3o Portuguesa de Nutri\u00e7\u00e3o revela uma literacia alimentar global de 57,5% entre a popula\u00e7\u00e3o adulta residente em Portugal.<\/li>\n<li>Pessoas idosas, desempregadas e agregados com rendimentos baixos apresentam n\u00edveis mais baixos de literacia alimentar.<\/li>\n<li>A \u00e1rea Consumo registou a pontua\u00e7\u00e3o mais baixa, de 54,7%, com dificuldades em entender o impacto social, econ\u00f3mico e ambiental das escolhas alimentares.<\/li>\n<li>Mant\u00e9m-se a diferen\u00e7a entre saber e saber fazer, com desafios na tradu\u00e7\u00e3o do conhecimento em decis\u00f5es di\u00e1rias de alimenta\u00e7\u00e3o.<\/li>\n<li>A an\u00e1lise foi realizada entre 16 e 24 de outubro de 2025, com 1.000 participantes, apoiada pelo Continente e conduzida pela Pitag\u00f3rica.<\/li>\n<\/ul>\n","protected":false},"author":2,"featured_media":408486,"comment_status":"closed","ping_status":"closed","sticky":false,"template":"","format":"standard","meta":{"footnotes":""},"categories":[1],"tags":[4991,5437,4995,2736,4869,915],"class_list":["post-408482","post","type-post","status-publish","format-standard","has-post-thumbnail","hentry","category-noticias","tag-consumo","tag-desigualdades-sociais","tag-educacao-alimentar","tag-idosos","tag-literacia-alimentar","tag-nutricao"],"yoast_head":"<!-- This site is optimized with the Yoast SEO plugin v27.2 - https:\/\/yoast.com\/product\/yoast-seo-wordpress\/ -->\n<title>Desigualdades na literacia alimentar afetam idosos e fam\u00edlias carenciadas - Portal Tela Portugal<\/title>\n<meta name=\"robots\" content=\"index, follow, max-snippet:-1, max-image-preview:large, max-video-preview:-1\" \/>\n<meta property=\"og:locale\" content=\"pt_PT\" \/>\n<meta property=\"og:type\" content=\"article\" \/>\n<meta property=\"og:title\" content=\"Desigualdades na literacia alimentar afetam idosos e fam\u00edlias carenciadas - Portal Tela Portugal\" \/>\n<meta property=\"og:description\" content=\"O estudo da Associa\u00e7\u00e3o Portuguesa de Nutri\u00e7\u00e3o revela uma literacia alimentar global de 57,5% entre a popula\u00e7\u00e3o adulta residente em Portugal. Pessoas idosas, desempregadas e agregados com rendimentos baixos apresentam n\u00edveis mais baixos de literacia alimentar. A \u00e1rea Consumo registou a pontua\u00e7\u00e3o mais baixa, de 54,7%, com dificuldades em entender o impacto social, econ\u00f3mico e ambiental das escolhas alimentares. Mant\u00e9m-se a diferen\u00e7a entre saber e saber fazer, com desafios na tradu\u00e7\u00e3o do conhecimento em decis\u00f5es di\u00e1rias de alimenta\u00e7\u00e3o. A an\u00e1lise foi realizada entre 16 e 24 de outubro de 2025, com 1.000 participantes, apoiada pelo Continente e conduzida pela Pitag\u00f3rica.\" \/>\n<meta property=\"og:url\" content=\"https:\/\/portaltela.pt\/noticias\/2026\/03\/13\/desigualdades-na-literacia-alimentar-afetam-idosos-e-familias-carenciadas-2\/\" \/>\n<meta property=\"og:site_name\" content=\"Portal Tela Portugal\" \/>\n<meta property=\"article:published_time\" content=\"2026-03-13T09:00:00+00:00\" \/>\n<meta name=\"author\" content=\"Telinha\" \/>\n<meta name=\"twitter:card\" content=\"summary_large_image\" \/>\n<meta name=\"twitter:label1\" content=\"Escrito por\" \/>\n\t<meta name=\"twitter:data1\" content=\"Telinha\" \/>\n\t<meta name=\"twitter:label2\" content=\"Tempo estimado de leitura\" \/>\n\t<meta name=\"twitter:data2\" content=\"2 minutos\" \/>\n<script type=\"application\/ld+json\" class=\"yoast-schema-graph\">{\"@context\":\"https:\/\/schema.org\",\"@graph\":[{\"@type\":\"Article\",\"@id\":\"https:\/\/portaltela.pt\/noticias\/2026\/03\/13\/desigualdades-na-literacia-alimentar-afetam-idosos-e-familias-carenciadas-2\/#article\",\"isPartOf\":{\"@id\":\"https:\/\/portaltela.pt\/noticias\/2026\/03\/13\/desigualdades-na-literacia-alimentar-afetam-idosos-e-familias-carenciadas-2\/\"},\"author\":{\"name\":\"Telinha\",\"@id\":\"https:\/\/portaltela.pt\/#\/schema\/person\/c4278d4a6028830caff9ee44b42d32ed\"},\"headline\":\"Desigualdades na literacia alimentar afetam idosos e fam\u00edlias carenciadas\",\"datePublished\":\"2026-03-13T09:00:00+00:00\",\"mainEntityOfPage\":{\"@id\":\"https:\/\/portaltela.pt\/noticias\/2026\/03\/13\/desigualdades-na-literacia-alimentar-afetam-idosos-e-familias-carenciadas-2\/\"},\"wordCount\":333,\"image\":{\"@id\":\"https:\/\/portaltela.pt\/noticias\/2026\/03\/13\/desigualdades-na-literacia-alimentar-afetam-idosos-e-familias-carenciadas-2\/#primaryimage\"},\"thumbnailUrl\":\"https:\/\/portaltela.pt\/s.01k8rhncp4jt1\/2026\/03\/image-837.jpg\",\"keywords\":[\"consumo\",\"desigualdades sociais\",\"educa\u00e7\u00e3o alimentar\",\"idosos\",\"literacia alimentar\",\"nutri\u00e7\u00e3o\"],\"articleSection\":[\"Not\u00edcias\"],\"inLanguage\":\"pt-PT\"},{\"@type\":\"WebPage\",\"@id\":\"https:\/\/portaltela.pt\/noticias\/2026\/03\/13\/desigualdades-na-literacia-alimentar-afetam-idosos-e-familias-carenciadas-2\/\",\"url\":\"https:\/\/portaltela.pt\/noticias\/2026\/03\/13\/desigualdades-na-literacia-alimentar-afetam-idosos-e-familias-carenciadas-2\/\",\"name\":\"Desigualdades na literacia alimentar afetam idosos e fam\u00edlias carenciadas - Portal Tela Portugal\",\"isPartOf\":{\"@id\":\"https:\/\/portaltela.pt\/#website\"},\"primaryImageOfPage\":{\"@id\":\"https:\/\/portaltela.pt\/noticias\/2026\/03\/13\/desigualdades-na-literacia-alimentar-afetam-idosos-e-familias-carenciadas-2\/#primaryimage\"},\"image\":{\"@id\":\"https:\/\/portaltela.pt\/noticias\/2026\/03\/13\/desigualdades-na-literacia-alimentar-afetam-idosos-e-familias-carenciadas-2\/#primaryimage\"},\"thumbnailUrl\":\"https:\/\/portaltela.pt\/s.01k8rhncp4jt1\/2026\/03\/image-837.jpg\",\"datePublished\":\"2026-03-13T09:00:00+00:00\",\"author\":{\"@id\":\"https:\/\/portaltela.pt\/#\/schema\/person\/c4278d4a6028830caff9ee44b42d32ed\"},\"breadcrumb\":{\"@id\":\"https:\/\/portaltela.pt\/noticias\/2026\/03\/13\/desigualdades-na-literacia-alimentar-afetam-idosos-e-familias-carenciadas-2\/#breadcrumb\"},\"inLanguage\":\"pt-PT\",\"potentialAction\":[{\"@type\":\"ReadAction\",\"target\":[\"https:\/\/portaltela.pt\/noticias\/2026\/03\/13\/desigualdades-na-literacia-alimentar-afetam-idosos-e-familias-carenciadas-2\/\"]}]},{\"@type\":\"ImageObject\",\"inLanguage\":\"pt-PT\",\"@id\":\"https:\/\/portaltela.pt\/noticias\/2026\/03\/13\/desigualdades-na-literacia-alimentar-afetam-idosos-e-familias-carenciadas-2\/#primaryimage\",\"url\":\"https:\/\/portaltela.pt\/s.01k8rhncp4jt1\/2026\/03\/image-837.jpg\",\"contentUrl\":\"https:\/\/portaltela.pt\/s.01k8rhncp4jt1\/2026\/03\/image-837.jpg\",\"width\":796,\"height\":448,\"caption\":\"Custo da alimenta\u00e7\u00e3o tem aumentado e pesa nos or\u00e7amentos familiares\"},{\"@type\":\"BreadcrumbList\",\"@id\":\"https:\/\/portaltela.pt\/noticias\/2026\/03\/13\/desigualdades-na-literacia-alimentar-afetam-idosos-e-familias-carenciadas-2\/#breadcrumb\",\"itemListElement\":[{\"@type\":\"ListItem\",\"position\":1,\"name\":\"In\u00edcio\",\"item\":\"https:\/\/portaltela.pt\/\"},{\"@type\":\"ListItem\",\"position\":2,\"name\":\"Desigualdades na literacia alimentar afetam idosos e fam\u00edlias carenciadas\"}]},{\"@type\":\"WebSite\",\"@id\":\"https:\/\/portaltela.pt\/#website\",\"url\":\"https:\/\/portaltela.pt\/\",\"name\":\"Portal Tela Portugal\",\"description\":\"\",\"potentialAction\":[{\"@type\":\"SearchAction\",\"target\":{\"@type\":\"EntryPoint\",\"urlTemplate\":\"https:\/\/portaltela.pt\/?s={search_term_string}\"},\"query-input\":{\"@type\":\"PropertyValueSpecification\",\"valueRequired\":true,\"valueName\":\"search_term_string\"}}],\"inLanguage\":\"pt-PT\"},{\"@type\":\"Person\",\"@id\":\"https:\/\/portaltela.pt\/#\/schema\/person\/c4278d4a6028830caff9ee44b42d32ed\",\"name\":\"Telinha\",\"image\":{\"@type\":\"ImageObject\",\"inLanguage\":\"pt-PT\",\"@id\":\"https:\/\/portaltela.pt\/s.01k8rhncp4jt1\/2025\/11\/talking-bot-125x125.png\",\"url\":\"https:\/\/portaltela.pt\/s.01k8rhncp4jt1\/2025\/11\/talking-bot-125x125.png\",\"contentUrl\":\"https:\/\/portaltela.pt\/s.01k8rhncp4jt1\/2025\/11\/talking-bot-125x125.png\",\"caption\":\"Telinha\"},\"sameAs\":[\"https:\/\/portaltela.pt\/\"],\"url\":\"https:\/\/portaltela.pt\/por\/367410592786\/\"}]}<\/script>\n<!-- \/ Yoast SEO plugin. -->","yoast_head_json":{"title":"Desigualdades na literacia alimentar afetam idosos e fam\u00edlias carenciadas - Portal Tela Portugal","robots":{"index":"index","follow":"follow","max-snippet":"max-snippet:-1","max-image-preview":"max-image-preview:large","max-video-preview":"max-video-preview:-1"},"og_locale":"pt_PT","og_type":"article","og_title":"Desigualdades na literacia alimentar afetam idosos e fam\u00edlias carenciadas - Portal Tela Portugal","og_description":"O estudo da Associa\u00e7\u00e3o Portuguesa de Nutri\u00e7\u00e3o revela uma literacia alimentar global de 57,5% entre a popula\u00e7\u00e3o adulta residente em Portugal. Pessoas idosas, desempregadas e agregados com rendimentos baixos apresentam n\u00edveis mais baixos de literacia alimentar. A \u00e1rea Consumo registou a pontua\u00e7\u00e3o mais baixa, de 54,7%, com dificuldades em entender o impacto social, econ\u00f3mico e ambiental das escolhas alimentares. Mant\u00e9m-se a diferen\u00e7a entre saber e saber fazer, com desafios na tradu\u00e7\u00e3o do conhecimento em decis\u00f5es di\u00e1rias de alimenta\u00e7\u00e3o. A an\u00e1lise foi realizada entre 16 e 24 de outubro de 2025, com 1.000 participantes, apoiada pelo Continente e conduzida pela Pitag\u00f3rica.","og_url":"https:\/\/portaltela.pt\/noticias\/2026\/03\/13\/desigualdades-na-literacia-alimentar-afetam-idosos-e-familias-carenciadas-2\/","og_site_name":"Portal Tela Portugal","article_published_time":"2026-03-13T09:00:00+00:00","author":"Telinha","twitter_card":"summary_large_image","twitter_misc":{"Escrito por":"Telinha","Tempo estimado de leitura":"2 minutos"},"schema":{"@context":"https:\/\/schema.org","@graph":[{"@type":"Article","@id":"https:\/\/portaltela.pt\/noticias\/2026\/03\/13\/desigualdades-na-literacia-alimentar-afetam-idosos-e-familias-carenciadas-2\/#article","isPartOf":{"@id":"https:\/\/portaltela.pt\/noticias\/2026\/03\/13\/desigualdades-na-literacia-alimentar-afetam-idosos-e-familias-carenciadas-2\/"},"author":{"name":"Telinha","@id":"https:\/\/portaltela.pt\/#\/schema\/person\/c4278d4a6028830caff9ee44b42d32ed"},"headline":"Desigualdades na literacia alimentar afetam idosos e fam\u00edlias carenciadas","datePublished":"2026-03-13T09:00:00+00:00","mainEntityOfPage":{"@id":"https:\/\/portaltela.pt\/noticias\/2026\/03\/13\/desigualdades-na-literacia-alimentar-afetam-idosos-e-familias-carenciadas-2\/"},"wordCount":333,"image":{"@id":"https:\/\/portaltela.pt\/noticias\/2026\/03\/13\/desigualdades-na-literacia-alimentar-afetam-idosos-e-familias-carenciadas-2\/#primaryimage"},"thumbnailUrl":"https:\/\/portaltela.pt\/s.01k8rhncp4jt1\/2026\/03\/image-837.jpg","keywords":["consumo","desigualdades sociais","educa\u00e7\u00e3o alimentar","idosos","literacia alimentar","nutri\u00e7\u00e3o"],"articleSection":["Not\u00edcias"],"inLanguage":"pt-PT"},{"@type":"WebPage","@id":"https:\/\/portaltela.pt\/noticias\/2026\/03\/13\/desigualdades-na-literacia-alimentar-afetam-idosos-e-familias-carenciadas-2\/","url":"https:\/\/portaltela.pt\/noticias\/2026\/03\/13\/desigualdades-na-literacia-alimentar-afetam-idosos-e-familias-carenciadas-2\/","name":"Desigualdades na literacia alimentar afetam idosos e fam\u00edlias carenciadas - Portal Tela Portugal","isPartOf":{"@id":"https:\/\/portaltela.pt\/#website"},"primaryImageOfPage":{"@id":"https:\/\/portaltela.pt\/noticias\/2026\/03\/13\/desigualdades-na-literacia-alimentar-afetam-idosos-e-familias-carenciadas-2\/#primaryimage"},"image":{"@id":"https:\/\/portaltela.pt\/noticias\/2026\/03\/13\/desigualdades-na-literacia-alimentar-afetam-idosos-e-familias-carenciadas-2\/#primaryimage"},"thumbnailUrl":"https:\/\/portaltela.pt\/s.01k8rhncp4jt1\/2026\/03\/image-837.jpg","datePublished":"2026-03-13T09:00:00+00:00","author":{"@id":"https:\/\/portaltela.pt\/#\/schema\/person\/c4278d4a6028830caff9ee44b42d32ed"},"breadcrumb":{"@id":"https:\/\/portaltela.pt\/noticias\/2026\/03\/13\/desigualdades-na-literacia-alimentar-afetam-idosos-e-familias-carenciadas-2\/#breadcrumb"},"inLanguage":"pt-PT","potentialAction":[{"@type":"ReadAction","target":["https:\/\/portaltela.pt\/noticias\/2026\/03\/13\/desigualdades-na-literacia-alimentar-afetam-idosos-e-familias-carenciadas-2\/"]}]},{"@type":"ImageObject","inLanguage":"pt-PT","@id":"https:\/\/portaltela.pt\/noticias\/2026\/03\/13\/desigualdades-na-literacia-alimentar-afetam-idosos-e-familias-carenciadas-2\/#primaryimage","url":"https:\/\/portaltela.pt\/s.01k8rhncp4jt1\/2026\/03\/image-837.jpg","contentUrl":"https:\/\/portaltela.pt\/s.01k8rhncp4jt1\/2026\/03\/image-837.jpg","width":796,"height":448,"caption":"Custo da alimenta\u00e7\u00e3o tem aumentado e pesa nos or\u00e7amentos familiares"},{"@type":"BreadcrumbList","@id":"https:\/\/portaltela.pt\/noticias\/2026\/03\/13\/desigualdades-na-literacia-alimentar-afetam-idosos-e-familias-carenciadas-2\/#breadcrumb","itemListElement":[{"@type":"ListItem","position":1,"name":"In\u00edcio","item":"https:\/\/portaltela.pt\/"},{"@type":"ListItem","position":2,"name":"Desigualdades na literacia alimentar afetam idosos e fam\u00edlias carenciadas"}]},{"@type":"WebSite","@id":"https:\/\/portaltela.pt\/#website","url":"https:\/\/portaltela.pt\/","name":"Portal Tela Portugal","description":"","potentialAction":[{"@type":"SearchAction","target":{"@type":"EntryPoint","urlTemplate":"https:\/\/portaltela.pt\/?s={search_term_string}"},"query-input":{"@type":"PropertyValueSpecification","valueRequired":true,"valueName":"search_term_string"}}],"inLanguage":"pt-PT"},{"@type":"Person","@id":"https:\/\/portaltela.pt\/#\/schema\/person\/c4278d4a6028830caff9ee44b42d32ed","name":"Telinha","image":{"@type":"ImageObject","inLanguage":"pt-PT","@id":"https:\/\/portaltela.pt\/s.01k8rhncp4jt1\/2025\/11\/talking-bot-125x125.png","url":"https:\/\/portaltela.pt\/s.01k8rhncp4jt1\/2025\/11\/talking-bot-125x125.png","contentUrl":"https:\/\/portaltela.pt\/s.01k8rhncp4jt1\/2025\/11\/talking-bot-125x125.png","caption":"Telinha"},"sameAs":["https:\/\/portaltela.pt\/"],"url":"https:\/\/portaltela.pt\/por\/367410592786\/"}]}},"_links":{"self":[{"href":"https:\/\/portaltela.pt\/api\/wp\/v2\/posts\/408482","targetHints":{"allow":["GET"]}}],"collection":[{"href":"https:\/\/portaltela.pt\/api\/wp\/v2\/posts"}],"about":[{"href":"https:\/\/portaltela.pt\/api\/wp\/v2\/types\/post"}],"author":[{"embeddable":true,"href":"https:\/\/portaltela.pt\/api\/wp\/v2\/users\/2"}],"replies":[{"embeddable":true,"href":"https:\/\/portaltela.pt\/api\/wp\/v2\/comments?post=408482"}],"version-history":[{"count":0,"href":"https:\/\/portaltela.pt\/api\/wp\/v2\/posts\/408482\/revisions"}],"wp:featuredmedia":[{"embeddable":true,"href":"https:\/\/portaltela.pt\/api\/wp\/v2\/media\/408486"}],"wp:attachment":[{"href":"https:\/\/portaltela.pt\/api\/wp\/v2\/media?parent=408482"}],"wp:term":[{"taxonomy":"category","embeddable":true,"href":"https:\/\/portaltela.pt\/api\/wp\/v2\/categories?post=408482"},{"taxonomy":"post_tag","embeddable":true,"href":"https:\/\/portaltela.pt\/api\/wp\/v2\/tags?post=408482"}],"curies":[{"name":"wp","href":"https:\/\/api.w.org\/{rel}","templated":true}]}}