{"id":408481,"date":"2026-03-13T06:05:15","date_gmt":"2026-03-13T09:05:15","guid":{"rendered":"https:\/\/portaltela.pt\/noticias\/2026\/03\/13\/drones-matam-oito-estudantes-e-um-profissional-de-saude-no-sudao\/"},"modified":"2026-03-13T06:05:15","modified_gmt":"2026-03-13T09:05:15","slug":"drones-matam-oito-estudantes-e-um-profissional-de-saude-no-sudao","status":"publish","type":"post","link":"https:\/\/portaltela.pt\/guerra\/2026\/03\/13\/drones-matam-oito-estudantes-e-um-profissional-de-saude-no-sudao\/","title":{"rendered":"Drones matam oito estudantes e um profissional de sa\u00fade no Sud\u00e3o"},"content":{"rendered":"<p>Oito estudantes e um profissional de sa\u00fade morreram num ataque com drones contra uma escola e um centro de sa\u00fade na cidade sudanesa de Shukairi, na quarta-feira. O ataque causou ainda v\u00e1rios feridos e levou ao encerramento de todas as escolas na cidade.<\/p>\n<p>A UNICEF confirmou as v\u00edtimas, incluindo quatro estudantes menores de idade. O organismo destacou que o ataque REPRESENTA uma grave viola\u00e7\u00e3o do direito das crian\u00e7as \u00e0 seguran\u00e7a e prote\u00e7\u00e3o e evidencia o impacto brutal do conflito sobre a popula\u00e7\u00e3o civil.<\/p>\n<p>As autoridades locais ainda n\u00e3o divulgaram todos os detalhes sobre o incidente. O ataque ocorreu num momento de intensifica\u00e7\u00e3o de confrontos na regi\u00e3o, agravando a crise humanit\u00e1ria e o acesso a servi\u00e7os b\u00e1sicos para a popula\u00e7\u00e3o de Shukairi.<\/p>\n<h3>Contexto humanit\u00e1rio<\/h3>\n<p>Com a interrup\u00e7\u00e3o das atividades escolares, milhares de jovens ficam sem acompanhamento educativo, enquanto profissionais de sa\u00fade enfrentam riscos acrescidos no exerc\u00edcio das suas fun\u00e7\u00f5es. Organiza\u00e7\u00f5es internacionais apelam aCls medidas para prote\u00e7\u00e3o de civis e acesso a ajuda humanit\u00e1ria.<\/p>\n<p>As autoridades sudanesas n\u00e3o divulgaram n\u00fameros oficiais adicionais nem responsabilidades at\u00e9 ao momento. A situa\u00e7\u00e3o em Shukairi permanece tensa, com receios de novas a\u00e7\u00f5es que afetem institui\u00e7\u00f5es civis e servi\u00e7os essenciais.<\/p>\n","protected":false},"excerpt":{"rendered":"<ul>\n<li>Ataque com drones atingiu uma escola e um centro de sa\u00fade na cidade sudanesa de Shukairi, na quarta-feira.<\/li>\n<li>Pelo menos oito estudantes morreram, quatro deles menores, e um profissional de sa\u00fade.<\/li>\n<li>Muitos outros civis ficaram feridos e todas as escolas da cidade foram encerradas.<\/li>\n<li>UNICEF lamenta a viola\u00e7\u00e3o do direito das crian\u00e7as \u00e0 seguran\u00e7a e prote\u00e7\u00e3o.<\/li>\n<li>O representante da UNICEF no Sud\u00e3o, Sheldon Yett, alerta para o impacto do conflito nas crian\u00e7as.<\/li>\n<\/ul>\n","protected":false},"author":2,"featured_media":408484,"comment_status":"closed","ping_status":"closed","sticky":false,"template":"","format":"standard","meta":{"footnotes":""},"categories":[6790,6804],"tags":[2198,3081,2633,2153,5252,4832],"class_list":["post-408481","post","type-post","status-publish","format-standard","has-post-thumbnail","hentry","category-conflitos","category-guerra","tag-conflitos-internacionais","tag-crimes-internacionais","tag-direitos-humanos","tag-educacao-escolar","tag-sudao","tag-unicef-portugal"],"yoast_head":"<!-- This site is optimized with the Yoast SEO plugin v27.2 - https:\/\/yoast.com\/product\/yoast-seo-wordpress\/ -->\n<title>Drones matam oito estudantes e um profissional de sa\u00fade no Sud\u00e3o - Portal Tela Portugal<\/title>\n<meta name=\"robots\" content=\"index, follow, max-snippet:-1, max-image-preview:large, max-video-preview:-1\" \/>\n<meta property=\"og:locale\" content=\"pt_PT\" \/>\n<meta property=\"og:type\" content=\"article\" \/>\n<meta property=\"og:title\" content=\"Drones matam oito estudantes e um profissional de sa\u00fade no Sud\u00e3o - Portal Tela Portugal\" \/>\n<meta property=\"og:description\" content=\"Ataque com drones atingiu uma escola e um centro de sa\u00fade na cidade sudanesa de Shukairi, na quarta-feira. Pelo menos oito estudantes morreram, quatro deles menores, e um profissional de sa\u00fade. Muitos outros civis ficaram feridos e todas as escolas da cidade foram encerradas. UNICEF lamenta a viola\u00e7\u00e3o do direito das crian\u00e7as \u00e0 seguran\u00e7a e prote\u00e7\u00e3o. O representante da UNICEF no Sud\u00e3o, Sheldon Yett, alerta para o impacto do conflito nas crian\u00e7as.\" \/>\n<meta property=\"og:url\" content=\"https:\/\/portaltela.pt\/noticias\/2026\/03\/13\/drones-matam-oito-estudantes-e-um-profissional-de-saude-no-sudao\/\" \/>\n<meta property=\"og:site_name\" content=\"Portal Tela Portugal\" \/>\n<meta property=\"article:published_time\" content=\"2026-03-13T09:05:15+00:00\" \/>\n<meta name=\"author\" content=\"Telinha\" \/>\n<meta name=\"twitter:card\" content=\"summary_large_image\" \/>\n<meta name=\"twitter:label1\" content=\"Escrito por\" \/>\n\t<meta name=\"twitter:data1\" content=\"Telinha\" \/>\n\t<meta name=\"twitter:label2\" content=\"Tempo estimado de leitura\" \/>\n\t<meta name=\"twitter:data2\" content=\"1 minuto\" \/>\n<script type=\"application\/ld+json\" class=\"yoast-schema-graph\">{\"@context\":\"https:\/\/schema.org\",\"@graph\":[{\"@type\":\"Article\",\"@id\":\"https:\/\/portaltela.pt\/noticias\/2026\/03\/13\/drones-matam-oito-estudantes-e-um-profissional-de-saude-no-sudao\/#article\",\"isPartOf\":{\"@id\":\"https:\/\/portaltela.pt\/noticias\/2026\/03\/13\/drones-matam-oito-estudantes-e-um-profissional-de-saude-no-sudao\/\"},\"author\":{\"name\":\"Telinha\",\"@id\":\"https:\/\/portaltela.pt\/#\/schema\/person\/c4278d4a6028830caff9ee44b42d32ed\"},\"headline\":\"Drones matam oito estudantes e um profissional de sa\u00fade no Sud\u00e3o\",\"datePublished\":\"2026-03-13T09:05:15+00:00\",\"mainEntityOfPage\":{\"@id\":\"https:\/\/portaltela.pt\/noticias\/2026\/03\/13\/drones-matam-oito-estudantes-e-um-profissional-de-saude-no-sudao\/\"},\"wordCount\":235,\"image\":{\"@id\":\"https:\/\/portaltela.pt\/noticias\/2026\/03\/13\/drones-matam-oito-estudantes-e-um-profissional-de-saude-no-sudao\/#primaryimage\"},\"thumbnailUrl\":\"https:\/\/portaltela.pt\/s.01k8rhncp4jt1\/2026\/03\/img_1500x1000uu2025-11-23-09-21-50-2249848.jpg\",\"keywords\":[\"conflitos internacionais\",\"crimes internacionais\",\"direitos humanos\",\"educa\u00e7\u00e3o escolar\",\"Sud\u00e3o\",\"UNICEF Portugal\"],\"articleSection\":[\"Conflitos\",\"Guerra\"],\"inLanguage\":\"pt-PT\"},{\"@type\":\"WebPage\",\"@id\":\"https:\/\/portaltela.pt\/noticias\/2026\/03\/13\/drones-matam-oito-estudantes-e-um-profissional-de-saude-no-sudao\/\",\"url\":\"https:\/\/portaltela.pt\/noticias\/2026\/03\/13\/drones-matam-oito-estudantes-e-um-profissional-de-saude-no-sudao\/\",\"name\":\"Drones matam oito estudantes e um profissional de sa\u00fade no Sud\u00e3o - Portal Tela Portugal\",\"isPartOf\":{\"@id\":\"https:\/\/portaltela.pt\/#website\"},\"primaryImageOfPage\":{\"@id\":\"https:\/\/portaltela.pt\/noticias\/2026\/03\/13\/drones-matam-oito-estudantes-e-um-profissional-de-saude-no-sudao\/#primaryimage\"},\"image\":{\"@id\":\"https:\/\/portaltela.pt\/noticias\/2026\/03\/13\/drones-matam-oito-estudantes-e-um-profissional-de-saude-no-sudao\/#primaryimage\"},\"thumbnailUrl\":\"https:\/\/portaltela.pt\/s.01k8rhncp4jt1\/2026\/03\/img_1500x1000uu2025-11-23-09-21-50-2249848.jpg\",\"datePublished\":\"2026-03-13T09:05:15+00:00\",\"author\":{\"@id\":\"https:\/\/portaltela.pt\/#\/schema\/person\/c4278d4a6028830caff9ee44b42d32ed\"},\"breadcrumb\":{\"@id\":\"https:\/\/portaltela.pt\/noticias\/2026\/03\/13\/drones-matam-oito-estudantes-e-um-profissional-de-saude-no-sudao\/#breadcrumb\"},\"inLanguage\":\"pt-PT\",\"potentialAction\":[{\"@type\":\"ReadAction\",\"target\":[\"https:\/\/portaltela.pt\/noticias\/2026\/03\/13\/drones-matam-oito-estudantes-e-um-profissional-de-saude-no-sudao\/\"]}]},{\"@type\":\"ImageObject\",\"inLanguage\":\"pt-PT\",\"@id\":\"https:\/\/portaltela.pt\/noticias\/2026\/03\/13\/drones-matam-oito-estudantes-e-um-profissional-de-saude-no-sudao\/#primaryimage\",\"url\":\"https:\/\/portaltela.pt\/s.01k8rhncp4jt1\/2026\/03\/img_1500x1000uu2025-11-23-09-21-50-2249848.jpg\",\"contentUrl\":\"https:\/\/portaltela.pt\/s.01k8rhncp4jt1\/2026\/03\/img_1500x1000uu2025-11-23-09-21-50-2249848.jpg\",\"width\":796,\"height\":448,\"caption\":\"Drones motivam encerramento de aeroporto nos Pa\u00edses Baixos e retomada do tr\u00e1fego a\u00e9reo\"},{\"@type\":\"BreadcrumbList\",\"@id\":\"https:\/\/portaltela.pt\/noticias\/2026\/03\/13\/drones-matam-oito-estudantes-e-um-profissional-de-saude-no-sudao\/#breadcrumb\",\"itemListElement\":[{\"@type\":\"ListItem\",\"position\":1,\"name\":\"In\u00edcio\",\"item\":\"https:\/\/portaltela.pt\/\"},{\"@type\":\"ListItem\",\"position\":2,\"name\":\"Drones matam oito estudantes e um profissional de sa\u00fade no Sud\u00e3o\"}]},{\"@type\":\"WebSite\",\"@id\":\"https:\/\/portaltela.pt\/#website\",\"url\":\"https:\/\/portaltela.pt\/\",\"name\":\"Portal Tela Portugal\",\"description\":\"\",\"potentialAction\":[{\"@type\":\"SearchAction\",\"target\":{\"@type\":\"EntryPoint\",\"urlTemplate\":\"https:\/\/portaltela.pt\/?s={search_term_string}\"},\"query-input\":{\"@type\":\"PropertyValueSpecification\",\"valueRequired\":true,\"valueName\":\"search_term_string\"}}],\"inLanguage\":\"pt-PT\"},{\"@type\":\"Person\",\"@id\":\"https:\/\/portaltela.pt\/#\/schema\/person\/c4278d4a6028830caff9ee44b42d32ed\",\"name\":\"Telinha\",\"image\":{\"@type\":\"ImageObject\",\"inLanguage\":\"pt-PT\",\"@id\":\"https:\/\/portaltela.pt\/s.01k8rhncp4jt1\/2025\/11\/talking-bot-125x125.png\",\"url\":\"https:\/\/portaltela.pt\/s.01k8rhncp4jt1\/2025\/11\/talking-bot-125x125.png\",\"contentUrl\":\"https:\/\/portaltela.pt\/s.01k8rhncp4jt1\/2025\/11\/talking-bot-125x125.png\",\"caption\":\"Telinha\"},\"sameAs\":[\"https:\/\/portaltela.pt\/\"],\"url\":\"https:\/\/portaltela.pt\/por\/367410592786\/\"}]}<\/script>\n<!-- \/ Yoast SEO plugin. -->","yoast_head_json":{"title":"Drones matam oito estudantes e um profissional de sa\u00fade no Sud\u00e3o - Portal Tela Portugal","robots":{"index":"index","follow":"follow","max-snippet":"max-snippet:-1","max-image-preview":"max-image-preview:large","max-video-preview":"max-video-preview:-1"},"og_locale":"pt_PT","og_type":"article","og_title":"Drones matam oito estudantes e um profissional de sa\u00fade no Sud\u00e3o - Portal Tela Portugal","og_description":"Ataque com drones atingiu uma escola e um centro de sa\u00fade na cidade sudanesa de Shukairi, na quarta-feira. Pelo menos oito estudantes morreram, quatro deles menores, e um profissional de sa\u00fade. Muitos outros civis ficaram feridos e todas as escolas da cidade foram encerradas. UNICEF lamenta a viola\u00e7\u00e3o do direito das crian\u00e7as \u00e0 seguran\u00e7a e prote\u00e7\u00e3o. O representante da UNICEF no Sud\u00e3o, Sheldon Yett, alerta para o impacto do conflito nas crian\u00e7as.","og_url":"https:\/\/portaltela.pt\/noticias\/2026\/03\/13\/drones-matam-oito-estudantes-e-um-profissional-de-saude-no-sudao\/","og_site_name":"Portal Tela Portugal","article_published_time":"2026-03-13T09:05:15+00:00","author":"Telinha","twitter_card":"summary_large_image","twitter_misc":{"Escrito por":"Telinha","Tempo estimado de leitura":"1 minuto"},"schema":{"@context":"https:\/\/schema.org","@graph":[{"@type":"Article","@id":"https:\/\/portaltela.pt\/noticias\/2026\/03\/13\/drones-matam-oito-estudantes-e-um-profissional-de-saude-no-sudao\/#article","isPartOf":{"@id":"https:\/\/portaltela.pt\/noticias\/2026\/03\/13\/drones-matam-oito-estudantes-e-um-profissional-de-saude-no-sudao\/"},"author":{"name":"Telinha","@id":"https:\/\/portaltela.pt\/#\/schema\/person\/c4278d4a6028830caff9ee44b42d32ed"},"headline":"Drones matam oito estudantes e um profissional de sa\u00fade no Sud\u00e3o","datePublished":"2026-03-13T09:05:15+00:00","mainEntityOfPage":{"@id":"https:\/\/portaltela.pt\/noticias\/2026\/03\/13\/drones-matam-oito-estudantes-e-um-profissional-de-saude-no-sudao\/"},"wordCount":235,"image":{"@id":"https:\/\/portaltela.pt\/noticias\/2026\/03\/13\/drones-matam-oito-estudantes-e-um-profissional-de-saude-no-sudao\/#primaryimage"},"thumbnailUrl":"https:\/\/portaltela.pt\/s.01k8rhncp4jt1\/2026\/03\/img_1500x1000uu2025-11-23-09-21-50-2249848.jpg","keywords":["conflitos internacionais","crimes internacionais","direitos humanos","educa\u00e7\u00e3o escolar","Sud\u00e3o","UNICEF Portugal"],"articleSection":["Conflitos","Guerra"],"inLanguage":"pt-PT"},{"@type":"WebPage","@id":"https:\/\/portaltela.pt\/noticias\/2026\/03\/13\/drones-matam-oito-estudantes-e-um-profissional-de-saude-no-sudao\/","url":"https:\/\/portaltela.pt\/noticias\/2026\/03\/13\/drones-matam-oito-estudantes-e-um-profissional-de-saude-no-sudao\/","name":"Drones matam oito estudantes e um profissional de sa\u00fade no Sud\u00e3o - Portal Tela Portugal","isPartOf":{"@id":"https:\/\/portaltela.pt\/#website"},"primaryImageOfPage":{"@id":"https:\/\/portaltela.pt\/noticias\/2026\/03\/13\/drones-matam-oito-estudantes-e-um-profissional-de-saude-no-sudao\/#primaryimage"},"image":{"@id":"https:\/\/portaltela.pt\/noticias\/2026\/03\/13\/drones-matam-oito-estudantes-e-um-profissional-de-saude-no-sudao\/#primaryimage"},"thumbnailUrl":"https:\/\/portaltela.pt\/s.01k8rhncp4jt1\/2026\/03\/img_1500x1000uu2025-11-23-09-21-50-2249848.jpg","datePublished":"2026-03-13T09:05:15+00:00","author":{"@id":"https:\/\/portaltela.pt\/#\/schema\/person\/c4278d4a6028830caff9ee44b42d32ed"},"breadcrumb":{"@id":"https:\/\/portaltela.pt\/noticias\/2026\/03\/13\/drones-matam-oito-estudantes-e-um-profissional-de-saude-no-sudao\/#breadcrumb"},"inLanguage":"pt-PT","potentialAction":[{"@type":"ReadAction","target":["https:\/\/portaltela.pt\/noticias\/2026\/03\/13\/drones-matam-oito-estudantes-e-um-profissional-de-saude-no-sudao\/"]}]},{"@type":"ImageObject","inLanguage":"pt-PT","@id":"https:\/\/portaltela.pt\/noticias\/2026\/03\/13\/drones-matam-oito-estudantes-e-um-profissional-de-saude-no-sudao\/#primaryimage","url":"https:\/\/portaltela.pt\/s.01k8rhncp4jt1\/2026\/03\/img_1500x1000uu2025-11-23-09-21-50-2249848.jpg","contentUrl":"https:\/\/portaltela.pt\/s.01k8rhncp4jt1\/2026\/03\/img_1500x1000uu2025-11-23-09-21-50-2249848.jpg","width":796,"height":448,"caption":"Drones motivam encerramento de aeroporto nos Pa\u00edses Baixos e retomada do tr\u00e1fego a\u00e9reo"},{"@type":"BreadcrumbList","@id":"https:\/\/portaltela.pt\/noticias\/2026\/03\/13\/drones-matam-oito-estudantes-e-um-profissional-de-saude-no-sudao\/#breadcrumb","itemListElement":[{"@type":"ListItem","position":1,"name":"In\u00edcio","item":"https:\/\/portaltela.pt\/"},{"@type":"ListItem","position":2,"name":"Drones matam oito estudantes e um profissional de sa\u00fade no Sud\u00e3o"}]},{"@type":"WebSite","@id":"https:\/\/portaltela.pt\/#website","url":"https:\/\/portaltela.pt\/","name":"Portal Tela Portugal","description":"","potentialAction":[{"@type":"SearchAction","target":{"@type":"EntryPoint","urlTemplate":"https:\/\/portaltela.pt\/?s={search_term_string}"},"query-input":{"@type":"PropertyValueSpecification","valueRequired":true,"valueName":"search_term_string"}}],"inLanguage":"pt-PT"},{"@type":"Person","@id":"https:\/\/portaltela.pt\/#\/schema\/person\/c4278d4a6028830caff9ee44b42d32ed","name":"Telinha","image":{"@type":"ImageObject","inLanguage":"pt-PT","@id":"https:\/\/portaltela.pt\/s.01k8rhncp4jt1\/2025\/11\/talking-bot-125x125.png","url":"https:\/\/portaltela.pt\/s.01k8rhncp4jt1\/2025\/11\/talking-bot-125x125.png","contentUrl":"https:\/\/portaltela.pt\/s.01k8rhncp4jt1\/2025\/11\/talking-bot-125x125.png","caption":"Telinha"},"sameAs":["https:\/\/portaltela.pt\/"],"url":"https:\/\/portaltela.pt\/por\/367410592786\/"}]}},"_links":{"self":[{"href":"https:\/\/portaltela.pt\/api\/wp\/v2\/posts\/408481","targetHints":{"allow":["GET"]}}],"collection":[{"href":"https:\/\/portaltela.pt\/api\/wp\/v2\/posts"}],"about":[{"href":"https:\/\/portaltela.pt\/api\/wp\/v2\/types\/post"}],"author":[{"embeddable":true,"href":"https:\/\/portaltela.pt\/api\/wp\/v2\/users\/2"}],"replies":[{"embeddable":true,"href":"https:\/\/portaltela.pt\/api\/wp\/v2\/comments?post=408481"}],"version-history":[{"count":0,"href":"https:\/\/portaltela.pt\/api\/wp\/v2\/posts\/408481\/revisions"}],"wp:featuredmedia":[{"embeddable":true,"href":"https:\/\/portaltela.pt\/api\/wp\/v2\/media\/408484"}],"wp:attachment":[{"href":"https:\/\/portaltela.pt\/api\/wp\/v2\/media?parent=408481"}],"wp:term":[{"taxonomy":"category","embeddable":true,"href":"https:\/\/portaltela.pt\/api\/wp\/v2\/categories?post=408481"},{"taxonomy":"post_tag","embeddable":true,"href":"https:\/\/portaltela.pt\/api\/wp\/v2\/tags?post=408481"}],"curies":[{"name":"wp","href":"https:\/\/api.w.org\/{rel}","templated":true}]}}