{"id":408436,"date":"2026-03-13T05:14:01","date_gmt":"2026-03-13T08:14:01","guid":{"rendered":"https:\/\/portaltela.pt\/noticias\/2026\/03\/13\/tribunal-reverte-decisao-e-absolve-tania-laranjo\/"},"modified":"2026-03-13T05:14:01","modified_gmt":"2026-03-13T08:14:01","slug":"tribunal-reverte-decisao-e-absolve-tania-laranjo","status":"publish","type":"post","link":"https:\/\/portaltela.pt\/noticias\/2026\/03\/13\/tribunal-reverte-decisao-e-absolve-tania-laranjo\/","title":{"rendered":"Tribunal reverte decis\u00e3o e absolve T\u00e2nia Laranjo"},"content":{"rendered":"<p>O Tribunal da Rela\u00e7\u00e3o de Lisboa absolveu a jornalista T\u00e2nia Laranjo, da CMTV, do crime de desobedi\u00eancia, revogando a condena\u00e7\u00e3o resultante da divulga\u00e7\u00e3o do interrogat\u00f3rio do ex-ministro da Administra\u00e7\u00e3o Interna Miguel Macedo no processo dos Vistos Gold.<\/p>\n<p>A decis\u00e3o ocorreu no \u00e2mbito de um recurso extraordin\u00e1rio de revis\u00e3o apresentado pela defesa, depois de um ac\u00f3rd\u00e3o do Tribunal Europeu dos Direitos do Homem. Este tribunal explicou que os tribunais nacionais n\u00e3o detalharam suficientemente como a transmiss\u00e3o do interrogat\u00f3rio abusou dos direitos de Macedo.<\/p>\n<p>Segundo o recurso, a transmiss\u00e3o ocorreu num processo com ampla cobertura medi\u00e1tica, o que, segundo o ECtHR, n\u00e3o pode servir de base para justificar a condena\u00e7\u00e3o sem fundamenta\u00e7\u00e3o adequada.<\/p>\n<p>A decis\u00e3o reaberta os elementos do caso e determina a absolvi\u00e7\u00e3o de Laranjo, mantendo o foco na atua\u00e7\u00e3o jornal\u00edstica e na prote\u00e7\u00e3o dos direitos processuais, conforme o entendimento europeu. Informa\u00e7\u00e3o adicional foi publicada pelo Correio da Manh\u00e3.<\/p>\n","protected":false},"excerpt":{"rendered":"<ul>\n<li>O Tribunal da Rela\u00e7\u00e3o de Lisboa absolveu a jornalista da CMTV T\u00e2nia Laranjo do crime de desobedi\u00eancia.<\/li>\n<li>A absolvi\u00e7\u00e3o resulta da revoga\u00e7\u00e3o da condena\u00e7\u00e3o anterior, no \u00e2mbito de um recurso extraordin\u00e1rio de revis\u00e3o apresentado pela defesa.<\/li>\n<li>O recurso seguiu a decis\u00e3o do Tribunal Europeu dos Direitos do Homem, que considerou n\u00e3o suficientemente demonstrado como a transmiss\u00e3o do interrogat\u00f3rio prejudicou Miguel Macedo ou a integridade do processo.<\/li>\n<li>O caso envolve o interrogat\u00f3rio do antigo ministro da Administra\u00e7\u00e3o Interna Miguel Macedo no processo dos Vistos Gold.<\/li>\n<li>O Tribunal Europeu entendeu que houve ampla cobertura medi\u00e1tica e que os tribunais portugueses n\u00e3o fundamentaram adequadamente o dano alegado.<\/li>\n<\/ul>\n","protected":false},"author":2,"featured_media":408440,"comment_status":"closed","ping_status":"closed","sticky":false,"template":"","format":"standard","meta":{"footnotes":""},"categories":[6815,1],"tags":[6453,2633,5707,3512,6208,52],"class_list":["post-408436","post","type-post","status-publish","format-standard","has-post-thumbnail","hentry","category-justica","category-noticias","tag-desobedicao","tag-direitos-humanos","tag-jornalistas","tag-liberdade-de-imprensa","tag-tribunais","tag-tribunal"],"yoast_head":"<!-- This site is optimized with the Yoast SEO plugin v27.2 - https:\/\/yoast.com\/product\/yoast-seo-wordpress\/ -->\n<title>Tribunal reverte decis\u00e3o e absolve T\u00e2nia Laranjo - Portal Tela Portugal<\/title>\n<meta name=\"robots\" content=\"index, follow, max-snippet:-1, max-image-preview:large, max-video-preview:-1\" \/>\n<meta property=\"og:locale\" content=\"pt_PT\" \/>\n<meta property=\"og:type\" content=\"article\" \/>\n<meta property=\"og:title\" content=\"Tribunal reverte decis\u00e3o e absolve T\u00e2nia Laranjo - Portal Tela Portugal\" \/>\n<meta property=\"og:description\" content=\"O Tribunal da Rela\u00e7\u00e3o de Lisboa absolveu a jornalista da CMTV T\u00e2nia Laranjo do crime de desobedi\u00eancia. A absolvi\u00e7\u00e3o resulta da revoga\u00e7\u00e3o da condena\u00e7\u00e3o anterior, no \u00e2mbito de um recurso extraordin\u00e1rio de revis\u00e3o apresentado pela defesa. O recurso seguiu a decis\u00e3o do Tribunal Europeu dos Direitos do Homem, que considerou n\u00e3o suficientemente demonstrado como a transmiss\u00e3o do interrogat\u00f3rio prejudicou Miguel Macedo ou a integridade do processo. O caso envolve o interrogat\u00f3rio do antigo ministro da Administra\u00e7\u00e3o Interna Miguel Macedo no processo dos Vistos Gold. O Tribunal Europeu entendeu que houve ampla cobertura medi\u00e1tica e que os tribunais portugueses n\u00e3o fundamentaram adequadamente o dano alegado.\" \/>\n<meta property=\"og:url\" content=\"https:\/\/portaltela.pt\/noticias\/2026\/03\/13\/tribunal-reverte-decisao-e-absolve-tania-laranjo\/\" \/>\n<meta property=\"og:site_name\" content=\"Portal Tela Portugal\" \/>\n<meta property=\"article:published_time\" content=\"2026-03-13T08:14:01+00:00\" \/>\n<meta name=\"author\" content=\"Telinha\" \/>\n<meta name=\"twitter:card\" content=\"summary_large_image\" \/>\n<meta name=\"twitter:label1\" content=\"Escrito por\" \/>\n\t<meta name=\"twitter:data1\" content=\"Telinha\" \/>\n\t<meta name=\"twitter:label2\" content=\"Tempo estimado de leitura\" \/>\n\t<meta name=\"twitter:data2\" content=\"1 minuto\" \/>\n<script type=\"application\/ld+json\" class=\"yoast-schema-graph\">{\"@context\":\"https:\/\/schema.org\",\"@graph\":[{\"@type\":\"Article\",\"@id\":\"https:\/\/portaltela.pt\/noticias\/2026\/03\/13\/tribunal-reverte-decisao-e-absolve-tania-laranjo\/#article\",\"isPartOf\":{\"@id\":\"https:\/\/portaltela.pt\/noticias\/2026\/03\/13\/tribunal-reverte-decisao-e-absolve-tania-laranjo\/\"},\"author\":{\"name\":\"Telinha\",\"@id\":\"https:\/\/portaltela.pt\/#\/schema\/person\/c4278d4a6028830caff9ee44b42d32ed\"},\"headline\":\"Tribunal reverte decis\u00e3o e absolve T\u00e2nia Laranjo\",\"datePublished\":\"2026-03-13T08:14:01+00:00\",\"mainEntityOfPage\":{\"@id\":\"https:\/\/portaltela.pt\/noticias\/2026\/03\/13\/tribunal-reverte-decisao-e-absolve-tania-laranjo\/\"},\"wordCount\":183,\"image\":{\"@id\":\"https:\/\/portaltela.pt\/noticias\/2026\/03\/13\/tribunal-reverte-decisao-e-absolve-tania-laranjo\/#primaryimage\"},\"thumbnailUrl\":\"https:\/\/portaltela.pt\/s.01k8rhncp4jt1\/2026\/03\/img_920x518uu2026-03-13-08-13-41-2426622.jpg\",\"keywords\":[\"desobedi\u00e7\u00e3o\",\"direitos humanos\",\"jornalistas\",\"liberdade de imprensa\",\"Tribunais\",\"tribunal\"],\"articleSection\":[\"Justi\u00e7a\",\"Not\u00edcias\"],\"inLanguage\":\"pt-PT\"},{\"@type\":\"WebPage\",\"@id\":\"https:\/\/portaltela.pt\/noticias\/2026\/03\/13\/tribunal-reverte-decisao-e-absolve-tania-laranjo\/\",\"url\":\"https:\/\/portaltela.pt\/noticias\/2026\/03\/13\/tribunal-reverte-decisao-e-absolve-tania-laranjo\/\",\"name\":\"Tribunal reverte decis\u00e3o e absolve T\u00e2nia Laranjo - Portal Tela Portugal\",\"isPartOf\":{\"@id\":\"https:\/\/portaltela.pt\/#website\"},\"primaryImageOfPage\":{\"@id\":\"https:\/\/portaltela.pt\/noticias\/2026\/03\/13\/tribunal-reverte-decisao-e-absolve-tania-laranjo\/#primaryimage\"},\"image\":{\"@id\":\"https:\/\/portaltela.pt\/noticias\/2026\/03\/13\/tribunal-reverte-decisao-e-absolve-tania-laranjo\/#primaryimage\"},\"thumbnailUrl\":\"https:\/\/portaltela.pt\/s.01k8rhncp4jt1\/2026\/03\/img_920x518uu2026-03-13-08-13-41-2426622.jpg\",\"datePublished\":\"2026-03-13T08:14:01+00:00\",\"author\":{\"@id\":\"https:\/\/portaltela.pt\/#\/schema\/person\/c4278d4a6028830caff9ee44b42d32ed\"},\"breadcrumb\":{\"@id\":\"https:\/\/portaltela.pt\/noticias\/2026\/03\/13\/tribunal-reverte-decisao-e-absolve-tania-laranjo\/#breadcrumb\"},\"inLanguage\":\"pt-PT\",\"potentialAction\":[{\"@type\":\"ReadAction\",\"target\":[\"https:\/\/portaltela.pt\/noticias\/2026\/03\/13\/tribunal-reverte-decisao-e-absolve-tania-laranjo\/\"]}]},{\"@type\":\"ImageObject\",\"inLanguage\":\"pt-PT\",\"@id\":\"https:\/\/portaltela.pt\/noticias\/2026\/03\/13\/tribunal-reverte-decisao-e-absolve-tania-laranjo\/#primaryimage\",\"url\":\"https:\/\/portaltela.pt\/s.01k8rhncp4jt1\/2026\/03\/img_920x518uu2026-03-13-08-13-41-2426622.jpg\",\"contentUrl\":\"https:\/\/portaltela.pt\/s.01k8rhncp4jt1\/2026\/03\/img_920x518uu2026-03-13-08-13-41-2426622.jpg\",\"width\":796,\"height\":448,\"caption\":\"T\u00e2nia Laranjo\"},{\"@type\":\"BreadcrumbList\",\"@id\":\"https:\/\/portaltela.pt\/noticias\/2026\/03\/13\/tribunal-reverte-decisao-e-absolve-tania-laranjo\/#breadcrumb\",\"itemListElement\":[{\"@type\":\"ListItem\",\"position\":1,\"name\":\"In\u00edcio\",\"item\":\"https:\/\/portaltela.pt\/\"},{\"@type\":\"ListItem\",\"position\":2,\"name\":\"Tribunal reverte decis\u00e3o e absolve T\u00e2nia Laranjo\"}]},{\"@type\":\"WebSite\",\"@id\":\"https:\/\/portaltela.pt\/#website\",\"url\":\"https:\/\/portaltela.pt\/\",\"name\":\"Portal Tela Portugal\",\"description\":\"\",\"potentialAction\":[{\"@type\":\"SearchAction\",\"target\":{\"@type\":\"EntryPoint\",\"urlTemplate\":\"https:\/\/portaltela.pt\/?s={search_term_string}\"},\"query-input\":{\"@type\":\"PropertyValueSpecification\",\"valueRequired\":true,\"valueName\":\"search_term_string\"}}],\"inLanguage\":\"pt-PT\"},{\"@type\":\"Person\",\"@id\":\"https:\/\/portaltela.pt\/#\/schema\/person\/c4278d4a6028830caff9ee44b42d32ed\",\"name\":\"Telinha\",\"image\":{\"@type\":\"ImageObject\",\"inLanguage\":\"pt-PT\",\"@id\":\"https:\/\/portaltela.pt\/s.01k8rhncp4jt1\/2025\/11\/talking-bot-125x125.png\",\"url\":\"https:\/\/portaltela.pt\/s.01k8rhncp4jt1\/2025\/11\/talking-bot-125x125.png\",\"contentUrl\":\"https:\/\/portaltela.pt\/s.01k8rhncp4jt1\/2025\/11\/talking-bot-125x125.png\",\"caption\":\"Telinha\"},\"sameAs\":[\"https:\/\/portaltela.pt\/\"],\"url\":\"https:\/\/portaltela.pt\/por\/367410592786\/\"}]}<\/script>\n<!-- \/ Yoast SEO plugin. -->","yoast_head_json":{"title":"Tribunal reverte decis\u00e3o e absolve T\u00e2nia Laranjo - Portal Tela Portugal","robots":{"index":"index","follow":"follow","max-snippet":"max-snippet:-1","max-image-preview":"max-image-preview:large","max-video-preview":"max-video-preview:-1"},"og_locale":"pt_PT","og_type":"article","og_title":"Tribunal reverte decis\u00e3o e absolve T\u00e2nia Laranjo - Portal Tela Portugal","og_description":"O Tribunal da Rela\u00e7\u00e3o de Lisboa absolveu a jornalista da CMTV T\u00e2nia Laranjo do crime de desobedi\u00eancia. A absolvi\u00e7\u00e3o resulta da revoga\u00e7\u00e3o da condena\u00e7\u00e3o anterior, no \u00e2mbito de um recurso extraordin\u00e1rio de revis\u00e3o apresentado pela defesa. O recurso seguiu a decis\u00e3o do Tribunal Europeu dos Direitos do Homem, que considerou n\u00e3o suficientemente demonstrado como a transmiss\u00e3o do interrogat\u00f3rio prejudicou Miguel Macedo ou a integridade do processo. O caso envolve o interrogat\u00f3rio do antigo ministro da Administra\u00e7\u00e3o Interna Miguel Macedo no processo dos Vistos Gold. O Tribunal Europeu entendeu que houve ampla cobertura medi\u00e1tica e que os tribunais portugueses n\u00e3o fundamentaram adequadamente o dano alegado.","og_url":"https:\/\/portaltela.pt\/noticias\/2026\/03\/13\/tribunal-reverte-decisao-e-absolve-tania-laranjo\/","og_site_name":"Portal Tela Portugal","article_published_time":"2026-03-13T08:14:01+00:00","author":"Telinha","twitter_card":"summary_large_image","twitter_misc":{"Escrito por":"Telinha","Tempo estimado de leitura":"1 minuto"},"schema":{"@context":"https:\/\/schema.org","@graph":[{"@type":"Article","@id":"https:\/\/portaltela.pt\/noticias\/2026\/03\/13\/tribunal-reverte-decisao-e-absolve-tania-laranjo\/#article","isPartOf":{"@id":"https:\/\/portaltela.pt\/noticias\/2026\/03\/13\/tribunal-reverte-decisao-e-absolve-tania-laranjo\/"},"author":{"name":"Telinha","@id":"https:\/\/portaltela.pt\/#\/schema\/person\/c4278d4a6028830caff9ee44b42d32ed"},"headline":"Tribunal reverte decis\u00e3o e absolve T\u00e2nia Laranjo","datePublished":"2026-03-13T08:14:01+00:00","mainEntityOfPage":{"@id":"https:\/\/portaltela.pt\/noticias\/2026\/03\/13\/tribunal-reverte-decisao-e-absolve-tania-laranjo\/"},"wordCount":183,"image":{"@id":"https:\/\/portaltela.pt\/noticias\/2026\/03\/13\/tribunal-reverte-decisao-e-absolve-tania-laranjo\/#primaryimage"},"thumbnailUrl":"https:\/\/portaltela.pt\/s.01k8rhncp4jt1\/2026\/03\/img_920x518uu2026-03-13-08-13-41-2426622.jpg","keywords":["desobedi\u00e7\u00e3o","direitos humanos","jornalistas","liberdade de imprensa","Tribunais","tribunal"],"articleSection":["Justi\u00e7a","Not\u00edcias"],"inLanguage":"pt-PT"},{"@type":"WebPage","@id":"https:\/\/portaltela.pt\/noticias\/2026\/03\/13\/tribunal-reverte-decisao-e-absolve-tania-laranjo\/","url":"https:\/\/portaltela.pt\/noticias\/2026\/03\/13\/tribunal-reverte-decisao-e-absolve-tania-laranjo\/","name":"Tribunal reverte decis\u00e3o e absolve T\u00e2nia Laranjo - Portal Tela Portugal","isPartOf":{"@id":"https:\/\/portaltela.pt\/#website"},"primaryImageOfPage":{"@id":"https:\/\/portaltela.pt\/noticias\/2026\/03\/13\/tribunal-reverte-decisao-e-absolve-tania-laranjo\/#primaryimage"},"image":{"@id":"https:\/\/portaltela.pt\/noticias\/2026\/03\/13\/tribunal-reverte-decisao-e-absolve-tania-laranjo\/#primaryimage"},"thumbnailUrl":"https:\/\/portaltela.pt\/s.01k8rhncp4jt1\/2026\/03\/img_920x518uu2026-03-13-08-13-41-2426622.jpg","datePublished":"2026-03-13T08:14:01+00:00","author":{"@id":"https:\/\/portaltela.pt\/#\/schema\/person\/c4278d4a6028830caff9ee44b42d32ed"},"breadcrumb":{"@id":"https:\/\/portaltela.pt\/noticias\/2026\/03\/13\/tribunal-reverte-decisao-e-absolve-tania-laranjo\/#breadcrumb"},"inLanguage":"pt-PT","potentialAction":[{"@type":"ReadAction","target":["https:\/\/portaltela.pt\/noticias\/2026\/03\/13\/tribunal-reverte-decisao-e-absolve-tania-laranjo\/"]}]},{"@type":"ImageObject","inLanguage":"pt-PT","@id":"https:\/\/portaltela.pt\/noticias\/2026\/03\/13\/tribunal-reverte-decisao-e-absolve-tania-laranjo\/#primaryimage","url":"https:\/\/portaltela.pt\/s.01k8rhncp4jt1\/2026\/03\/img_920x518uu2026-03-13-08-13-41-2426622.jpg","contentUrl":"https:\/\/portaltela.pt\/s.01k8rhncp4jt1\/2026\/03\/img_920x518uu2026-03-13-08-13-41-2426622.jpg","width":796,"height":448,"caption":"T\u00e2nia Laranjo"},{"@type":"BreadcrumbList","@id":"https:\/\/portaltela.pt\/noticias\/2026\/03\/13\/tribunal-reverte-decisao-e-absolve-tania-laranjo\/#breadcrumb","itemListElement":[{"@type":"ListItem","position":1,"name":"In\u00edcio","item":"https:\/\/portaltela.pt\/"},{"@type":"ListItem","position":2,"name":"Tribunal reverte decis\u00e3o e absolve T\u00e2nia Laranjo"}]},{"@type":"WebSite","@id":"https:\/\/portaltela.pt\/#website","url":"https:\/\/portaltela.pt\/","name":"Portal Tela Portugal","description":"","potentialAction":[{"@type":"SearchAction","target":{"@type":"EntryPoint","urlTemplate":"https:\/\/portaltela.pt\/?s={search_term_string}"},"query-input":{"@type":"PropertyValueSpecification","valueRequired":true,"valueName":"search_term_string"}}],"inLanguage":"pt-PT"},{"@type":"Person","@id":"https:\/\/portaltela.pt\/#\/schema\/person\/c4278d4a6028830caff9ee44b42d32ed","name":"Telinha","image":{"@type":"ImageObject","inLanguage":"pt-PT","@id":"https:\/\/portaltela.pt\/s.01k8rhncp4jt1\/2025\/11\/talking-bot-125x125.png","url":"https:\/\/portaltela.pt\/s.01k8rhncp4jt1\/2025\/11\/talking-bot-125x125.png","contentUrl":"https:\/\/portaltela.pt\/s.01k8rhncp4jt1\/2025\/11\/talking-bot-125x125.png","caption":"Telinha"},"sameAs":["https:\/\/portaltela.pt\/"],"url":"https:\/\/portaltela.pt\/por\/367410592786\/"}]}},"_links":{"self":[{"href":"https:\/\/portaltela.pt\/api\/wp\/v2\/posts\/408436","targetHints":{"allow":["GET"]}}],"collection":[{"href":"https:\/\/portaltela.pt\/api\/wp\/v2\/posts"}],"about":[{"href":"https:\/\/portaltela.pt\/api\/wp\/v2\/types\/post"}],"author":[{"embeddable":true,"href":"https:\/\/portaltela.pt\/api\/wp\/v2\/users\/2"}],"replies":[{"embeddable":true,"href":"https:\/\/portaltela.pt\/api\/wp\/v2\/comments?post=408436"}],"version-history":[{"count":0,"href":"https:\/\/portaltela.pt\/api\/wp\/v2\/posts\/408436\/revisions"}],"wp:featuredmedia":[{"embeddable":true,"href":"https:\/\/portaltela.pt\/api\/wp\/v2\/media\/408440"}],"wp:attachment":[{"href":"https:\/\/portaltela.pt\/api\/wp\/v2\/media?parent=408436"}],"wp:term":[{"taxonomy":"category","embeddable":true,"href":"https:\/\/portaltela.pt\/api\/wp\/v2\/categories?post=408436"},{"taxonomy":"post_tag","embeddable":true,"href":"https:\/\/portaltela.pt\/api\/wp\/v2\/tags?post=408436"}],"curies":[{"name":"wp","href":"https:\/\/api.w.org\/{rel}","templated":true}]}}